{"id":10298,"date":"2022-06-13T14:34:28","date_gmt":"2022-06-13T12:34:28","guid":{"rendered":"https:\/\/www.karibiandescanso.com\/?p=10298"},"modified":"2024-07-18T09:26:23","modified_gmt":"2024-07-18T07:26:23","slug":"60-salone-del-mobile-milano","status":"publish","type":"post","link":"https:\/\/karibiandescanso.com\/en\/60-salone-del-mobile-milano\/","title":{"rendered":"60TH SALONE DEL MOBILE MILANO"},"content":{"rendered":"<p>[vc_row css_animation=&#8221;&#8221; row_type=&#8221;row&#8221; use_row_as_full_screen_section=&#8221;no&#8221; type=&#8221;full_width&#8221; angled_section=&#8221;no&#8221; text_align=&#8221;left&#8221; background_image_as_pattern=&#8221;without_pattern&#8221;][vc_column][vc_column_text]<\/p>\n<p style=\"text-align: justify;\">Last week, Karibian Descanso took part in the 60<sup>th<\/sup> <a href=\"https:\/\/www.salonemilano.it\/en\">Salone del Mobile Milano<\/a>, held from <b>7 to 12 June<\/b> in Milan, Italy. After a two-year hiatus, this international exhibition opened its doors again as a meeting point for the world\u2019s leading manufacturers, brands and professionals.<\/p>\n<p>[\/vc_column_text][vc_empty_space][vc_single_image image=&#8221;10305&#8243; img_size=&#8221;full&#8221; alignment=&#8221;center&#8221; qode_css_animation=&#8221;&#8221; css=&#8221;.vc_custom_1655121890538{margin-bottom: 80px !important;}&#8221;][vc_column_text]<\/p>\n<p style=\"text-align: justify;\">In 2022, international furniture and design trade fairs have returned to their usual schedule. Design Week is back on the calendar with renewed strength and high expectations. And naturally, Karibian Descanso is once again proving itself to be an innovative company, renewing its engagement and commitment and exhibiting at this important event.<\/p>\n<p style=\"text-align: justify;\">The <b>Salone del Mobile in Milan<\/b> had a total of 20 halls spread out over 200,000 square metres, which served as the showcase for latest furniture trends and products in classic, modern and cutting-edge styles. According to official sources, this edition has been a great success, boasting 2,175 exhibiting companies and over 260,000 visitors from 173 countries.<\/p>\n<p style=\"text-align: justify;\">Karibian&#8217;s most modern and innovative sleep models were on display at an attractive and welcoming stand, together with <span style=\"text-align: justify;\">a <\/span><a style=\"text-align: justify;\" href=\"https:\/\/koalabeds.net\">Koala Beds<\/a>. There, an exclusive selection of new comfort models was presented for the first time.<\/p>\n<p>[\/vc_column_text][\/vc_column][\/vc_row][vc_row row_type=&#8221;expandable&#8221; text_align=&#8221;center&#8221; button_position=&#8221;center&#8221; more_button_label=&#8221;CHECK OUT OUR STAND B35 (HALL 14)&#8221; less_button_label=&#8221;Contraer&#8221; hover_color=&#8221;#a5a5a5&#8243; css=&#8221;.vc_custom_1582651899453{margin-top: 80px !important;}&#8221;][vc_column width=&#8221;1\/2&#8243;][vc_single_image image=&#8221;10306&#8243; img_size=&#8221;full&#8221; qode_css_animation=&#8221;&#8221;][vc_empty_space][vc_single_image image=&#8221;10317&#8243; img_size=&#8221;full&#8221; qode_css_animation=&#8221;&#8221;][\/vc_column][vc_column width=&#8221;1\/2&#8243;][vc_single_image image=&#8221;10309&#8243; img_size=&#8221;full&#8221; qode_css_animation=&#8221;&#8221;][vc_empty_space][vc_single_image image=&#8221;10318&#8243; img_size=&#8221;full&#8221; qode_css_animation=&#8221;&#8221;][\/vc_column][\/vc_row][vc_row css_animation=&#8221;&#8221; row_type=&#8221;row&#8221; use_row_as_full_screen_section=&#8221;no&#8221; type=&#8221;full_width&#8221; angled_section=&#8221;no&#8221; text_align=&#8221;left&#8221; background_image_as_pattern=&#8221;without_pattern&#8221;][vc_column][vc_empty_space][\/vc_column][\/vc_row][vc_row css_animation=&#8221;&#8221; row_type=&#8221;row&#8221; use_row_as_full_screen_section=&#8221;no&#8221; type=&#8221;full_width&#8221; angled_section=&#8221;no&#8221; text_align=&#8221;left&#8221; background_image_as_pattern=&#8221;without_pattern&#8221;][vc_column][vc_empty_space][vc_column_text]<\/p>\n<h3 style=\"text-align: center;\">Join the design wave<\/h3>\n<p>&nbsp;<\/p>\n<p>[\/vc_column_text][vc_empty_space height=&#8221;60px&#8221;][\/vc_column][\/vc_row][vc_row css_animation=&#8221;&#8221; row_type=&#8221;row&#8221; use_row_as_full_screen_section=&#8221;no&#8221; type=&#8221;full_width&#8221; angled_section=&#8221;no&#8221; text_align=&#8221;left&#8221; background_image_as_pattern=&#8221;without_pattern&#8221; css=&#8221;.vc_custom_1609225272285{padding-right: 75px !important;padding-left: 75px !important;}&#8221; z_index=&#8221;&#8221;][vc_column width=&#8221;1\/2&#8243;][vc_single_image image=&#8221;10322&#8243; img_size=&#8221;full&#8221; alignment=&#8221;center&#8221; qode_css_animation=&#8221;&#8221; css=&#8221;.vc_custom_1655134438458{padding-left: 0px !important;}&#8221;][vc_empty_space height=&#8221;30px&#8221;][\/vc_column][vc_column width=&#8221;1\/2&#8243;][vc_empty_space height=&#8221;295px&#8221;][vc_separator css_animation=&#8221;top-to-bottom&#8221; type=&#8221;normal&#8221;][vc_empty_space height=&#8221;30px&#8221;][vc_column_text css=&#8221;.vc_custom_1666087014595{padding-right: 0px !important;padding-left: 0px !important;}&#8221;]<\/p>\n<h3 style=\"text-align: center;\">This new edition was the ideal setting to present the new sleep collections, all of them manufactured with our trademark quality and design.<\/h3>\n<p>[\/vc_column_text][vc_empty_space height=&#8221;30px&#8221;][vc_separator css_animation=&#8221;top-to-bottom&#8221; type=&#8221;normal&#8221;][vc_empty_space height=&#8221;30px&#8221;][\/vc_column][\/vc_row][vc_row css_animation=&#8221;&#8221; row_type=&#8221;row&#8221; use_row_as_full_screen_section=&#8221;no&#8221; type=&#8221;full_width&#8221; angled_section=&#8221;no&#8221; text_align=&#8221;left&#8221; background_image_as_pattern=&#8221;without_pattern&#8221; css=&#8221;.vc_custom_1609225272285{padding-right: 75px !important;padding-left: 75px !important;}&#8221; z_index=&#8221;&#8221;][vc_column width=&#8221;1\/2&#8243;][vc_empty_space height=&#8221;275px&#8221;][vc_separator css_animation=&#8221;top-to-bottom&#8221; type=&#8221;normal&#8221;][vc_empty_space height=&#8221;40px&#8221;][vc_column_text css=&#8221;.vc_custom_1666087030949{padding-right: 0px !important;padding-left: 0px !important;}&#8221;]<\/p>\n<h3 style=\"text-align: center;\">Always betting on design and quality and working for people\u2019s well-being as the guiding principle of each of the comfort models presented.<\/h3>\n<p>[\/vc_column_text][vc_empty_space height=&#8221;30px&#8221;][vc_separator css_animation=&#8221;top-to-bottom&#8221; type=&#8221;normal&#8221;][\/vc_column][vc_column width=&#8221;1\/2&#8243;][vc_single_image image=&#8221;10324&#8243; img_size=&#8221;full&#8221; alignment=&#8221;center&#8221; qode_css_animation=&#8221;&#8221; css=&#8221;.vc_custom_1655135093458{padding-left: 0px !important;}&#8221;][vc_empty_space height=&#8221;30px&#8221;][\/vc_column][\/vc_row][vc_row css_animation=&#8221;&#8221; row_type=&#8221;row&#8221; use_row_as_full_screen_section=&#8221;no&#8221; type=&#8221;full_width&#8221; angled_section=&#8221;no&#8221; text_align=&#8221;left&#8221; background_image_as_pattern=&#8221;without_pattern&#8221;][vc_column][vc_empty_space height=&#8221;40px&#8221;][vc_column_text]<\/p>\n<p style=\"text-align: justify;\"><b>Karibian Descanso<\/b> would like to thank each of the professionals who visited us (Hall 14 &#8211; Stand B35): customers, industry professionals, designers&#8230; We would also like to congratulate all the organisers of the <strong>Salone del Mobile in Milan<\/strong> for the success of the many popular events and encourage them to continue working on the upcoming 2023 edition.<\/p>\n<p>That\u2019s it for the trade fair circuit for the moment, until after the summer.<\/p>\n<p>Thank you for visiting us![\/vc_column_text][\/vc_column][\/vc_row]<\/p>","protected":false},"excerpt":{"rendered":"<p>Last week, Karibian Descanso took part in the 60th Salone del Mobile Milano, held from 7 to 12 June in Milan, Italy. After a two-year hiatus, this international exhibition opened its doors again as a meeting point for the world\u2019s leading manufacturers, brands and professionals.<\/p>\n","protected":false},"author":2,"featured_media":10622,"comment_status":"open","ping_status":"open","sticky":false,"template":"","format":"standard","meta":{"footnotes":""},"categories":[10,164],"tags":[100,161,167,168,239,240,241,242,25,80,91,97],"class_list":["post-10298","post","type-post","status-publish","format-standard","has-post-thumbnail","hentry","category-noticias","category-ferias","tag-furniture","tag-mueble-de-espana","tag-spain-furniture","tag-spain-interiors","tag-italy","tag-isaloni","tag-salone-mobile-milano","tag-feria-mueble","tag-karibian-descanso","tag-colchon","tag-mattress","tag-europe"],"yoast_head":"<!-- This site is optimized with the Yoast SEO plugin v27.0 - https:\/\/yoast.com\/product\/yoast-seo-wordpress\/ -->\n<title>60TH SALONE DEL MOBILE MILANO - Karibian Descanso<\/title>\n<meta name=\"robots\" content=\"index, follow, max-snippet:-1, max-image-preview:large, max-video-preview:-1\" \/>\n<link rel=\"canonical\" href=\"https:\/\/karibiandescanso.com\/fr\/60-salone-del-mobile-milano\/\" \/>\n<meta property=\"og:locale\" content=\"en_US\" \/>\n<meta property=\"og:type\" content=\"article\" \/>\n<meta property=\"og:title\" content=\"[:es]60 SALONE DEL MOBILE MILANO[:en]60TH SALONE DEL MOBILE MILANO[:fr]60 SALONE DEL MOBILE MILANO[:ru]60 SALONE MOBILE MILANO[:pl]60 EDYCJA SALONE DEL MOBILE MILAN[:] - Karibian Descanso\" \/>\n<meta property=\"og:description\" content=\"[:es]La semana pasada, Karibian Descanso particip\u00f3 en el 60\u00ba Salone del Mobile de Milano, que tuvo lugar del 7 al 12 de junio en Mil\u00e1n (Italia). Despu\u00e9s de una pausa de dos a\u00f1os, el Certamen ha vuelto a abrir sus puertas.[:en]Last week, Karibian Descanso took part in the 60th Salone del Mobile Milano, held from 7 to 12 June in Milan, Italy. After a two-year hiatus, this international exhibition opened its doors again as a meeting point for the world\u2019s leading manufacturers, brands and professionals.[:fr] Karibian Descanso a particip\u00e9 au 60e Salone del Mobile de Milan, qui s&#039;est tenu du 7 au 12 juin \u00e0 Milan (Italie). Les mod\u00e8les de literie les plus actuels et innovants de Karibian ont \u00e9t\u00e9 pr\u00e9sent\u00e9s dans un stand attrayant et accueillant, aux c\u00f4t\u00e9s des lits Koala.[:ru]\u041d\u0430 \u043f\u0440\u043e\u0448\u043b\u043e\u0439 \u043d\u0435\u0434\u0435\u043b\u0435 Karibian Descanso \u043f\u0440\u0438\u043d\u044f\u043b\u0430 \u0443\u0447\u0430\u0441\u0442\u0438\u0435 \u0432 60 Salone del Mobile de Milano, \u043a\u043e\u0442\u043e\u0440\u044b\u0439 \u043f\u0440\u043e\u0445\u043e\u0434\u0438\u043b \u0441 7 \u043f\u043e 12 \u0438\u044e\u043d\u044f \u0432 \u041c\u0438\u043b\u0430\u043d\u0435 (\u0418\u0442\u0430\u043b\u0438\u044f). \u041f\u043e\u0441\u043b\u0435 \u0434\u0432\u0443\u0445\u043b\u0435\u0442\u043d\u0435\u0433\u043e \u043f\u0435\u0440\u0435\u0440\u044b\u0432\u0430 \u044d\u0442\u043e \u043c\u0435\u0436\u0434\u0443\u043d\u0430\u0440\u043e\u0434\u043d\u043e\u0435[:pl]W zesz\u0142ym tygodniu Karibian Descanso wzi\u0119\u0142a udzia\u0142 w 60. Salone del Mobile de Milano, kt\u00f3re odby\u0142o si\u0119 w dniach 7-12 czerwca w Mediolanie (W\u0142ochy). Po dwuletniej przerwie Mi\u0119dzynarodowy Konkurs zosta\u0142 ponownie otwarty.[:]\" \/>\n<meta property=\"og:url\" content=\"https:\/\/karibiandescanso.com\/fr\/60-salone-del-mobile-milano\/\" \/>\n<meta property=\"og:site_name\" content=\"Karibian Descanso\" \/>\n<meta property=\"article:published_time\" content=\"2022-06-13T12:34:28+00:00\" \/>\n<meta property=\"article:modified_time\" content=\"2024-07-18T07:26:23+00:00\" \/>\n<meta property=\"og:image\" content=\"https:\/\/karibiandescanso.com\/wp-content\/uploads\/2022\/06\/ISALONI-KARIBIAN-1.jpg\" \/>\n\t<meta property=\"og:image:width\" content=\"2024\" \/>\n\t<meta property=\"og:image:height\" content=\"1146\" \/>\n\t<meta property=\"og:image:type\" content=\"image\/jpeg\" \/>\n<meta name=\"author\" content=\"Karibian Descanso\" \/>\n<meta name=\"twitter:card\" content=\"summary_large_image\" \/>\n<meta name=\"twitter:label1\" content=\"Written by\" \/>\n\t<meta name=\"twitter:data1\" content=\"Karibian Descanso\" \/>\n\t<meta name=\"twitter:label2\" content=\"Est. reading time\" \/>\n\t<meta name=\"twitter:data2\" content=\"3 minutes\" \/>\n<script type=\"application\/ld+json\" class=\"yoast-schema-graph\">{\"@context\":\"https:\/\/schema.org\",\"@graph\":[{\"@type\":\"Article\",\"@id\":\"https:\/\/karibiandescanso.com\/fr\/60-salone-del-mobile-milano\/#article\",\"isPartOf\":{\"@id\":\"https:\/\/karibiandescanso.com\/fr\/60-salone-del-mobile-milano\/\"},\"author\":{\"name\":\"Karibian Descanso\",\"@id\":\"https:\/\/karibiandescanso.com\/#\/schema\/person\/23be63b9b19bd8da8980c8eecdd69d30\"},\"headline\":\"60TH SALONE DEL MOBILE MILANO\",\"datePublished\":\"2022-06-13T12:34:28+00:00\",\"dateModified\":\"2024-07-18T07:26:23+00:00\",\"mainEntityOfPage\":{\"@id\":\"https:\/\/karibiandescanso.com\/fr\/60-salone-del-mobile-milano\/\"},\"wordCount\":4410,\"commentCount\":0,\"image\":{\"@id\":\"https:\/\/karibiandescanso.com\/fr\/60-salone-del-mobile-milano\/#primaryimage\"},\"thumbnailUrl\":\"https:\/\/karibiandescanso.com\/wp-content\/uploads\/2022\/06\/ISALONI-KARIBIAN-1.jpg\",\"keywords\":[\"Furniture\",\"Mueble de Espa\u00f1a\",\"Spain Furniture\",\"Spain Interiors\",\"Italy\",\"ISaloni\",\"Salone Mobile Milano\",\"Feria Mueble\",\"karibian descanso\",\"Colchon\",\"Mattress\",\"Europe\"],\"articleSection\":[\"news\",\"Ferias\"],\"inLanguage\":\"en-US\",\"potentialAction\":[{\"@type\":\"CommentAction\",\"name\":\"Comment\",\"target\":[\"https:\/\/karibiandescanso.com\/fr\/60-salone-del-mobile-milano\/#respond\"]}]},{\"@type\":\"WebPage\",\"@id\":\"https:\/\/karibiandescanso.com\/fr\/60-salone-del-mobile-milano\/\",\"url\":\"https:\/\/karibiandescanso.com\/fr\/60-salone-del-mobile-milano\/\",\"name\":\"[:es]60 SALONE DEL MOBILE MILANO[:en]60TH SALONE DEL MOBILE MILANO[:fr]60 SALONE DEL MOBILE MILANO[:ru]60 SALONE MOBILE MILANO[:pl]60 EDYCJA SALONE DEL MOBILE MILAN[:] - Karibian Descanso\",\"isPartOf\":{\"@id\":\"https:\/\/karibiandescanso.com\/#website\"},\"primaryImageOfPage\":{\"@id\":\"https:\/\/karibiandescanso.com\/fr\/60-salone-del-mobile-milano\/#primaryimage\"},\"image\":{\"@id\":\"https:\/\/karibiandescanso.com\/fr\/60-salone-del-mobile-milano\/#primaryimage\"},\"thumbnailUrl\":\"https:\/\/karibiandescanso.com\/wp-content\/uploads\/2022\/06\/ISALONI-KARIBIAN-1.jpg\",\"datePublished\":\"2022-06-13T12:34:28+00:00\",\"dateModified\":\"2024-07-18T07:26:23+00:00\",\"author\":{\"@id\":\"https:\/\/karibiandescanso.com\/#\/schema\/person\/23be63b9b19bd8da8980c8eecdd69d30\"},\"breadcrumb\":{\"@id\":\"https:\/\/karibiandescanso.com\/fr\/60-salone-del-mobile-milano\/#breadcrumb\"},\"inLanguage\":\"en-US\",\"potentialAction\":[{\"@type\":\"ReadAction\",\"target\":[\"https:\/\/karibiandescanso.com\/fr\/60-salone-del-mobile-milano\/\"]}]},{\"@type\":\"ImageObject\",\"inLanguage\":\"en-US\",\"@id\":\"https:\/\/karibiandescanso.com\/fr\/60-salone-del-mobile-milano\/#primaryimage\",\"url\":\"https:\/\/karibiandescanso.com\/wp-content\/uploads\/2022\/06\/ISALONI-KARIBIAN-1.jpg\",\"contentUrl\":\"https:\/\/karibiandescanso.com\/wp-content\/uploads\/2022\/06\/ISALONI-KARIBIAN-1.jpg\",\"width\":2024,\"height\":1146},{\"@type\":\"BreadcrumbList\",\"@id\":\"https:\/\/karibiandescanso.com\/fr\/60-salone-del-mobile-milano\/#breadcrumb\",\"itemListElement\":[{\"@type\":\"ListItem\",\"position\":1,\"name\":\"Portada\",\"item\":\"https:\/\/karibiandescanso.com\/\"},{\"@type\":\"ListItem\",\"position\":2,\"name\":\"60 SALONE DEL MOBILE MILANO\"}]},{\"@type\":\"WebSite\",\"@id\":\"https:\/\/karibiandescanso.com\/#website\",\"url\":\"https:\/\/karibiandescanso.com\/\",\"name\":\"Karibian Descanso\",\"description\":\"Where is rest\",\"potentialAction\":[{\"@type\":\"SearchAction\",\"target\":{\"@type\":\"EntryPoint\",\"urlTemplate\":\"https:\/\/karibiandescanso.com\/?s={search_term_string}\"},\"query-input\":{\"@type\":\"PropertyValueSpecification\",\"valueRequired\":true,\"valueName\":\"search_term_string\"}}],\"inLanguage\":\"en-US\"},{\"@type\":\"Person\",\"@id\":\"https:\/\/karibiandescanso.com\/#\/schema\/person\/23be63b9b19bd8da8980c8eecdd69d30\",\"name\":\"Karibian Descanso\",\"image\":{\"@type\":\"ImageObject\",\"inLanguage\":\"en-US\",\"@id\":\"https:\/\/karibiandescanso.com\/#\/schema\/person\/image\/\",\"url\":\"https:\/\/secure.gravatar.com\/avatar\/2f55039d31e0c8cf55d2c2b6e3bb49113343c35fd46d6d11806620d3c9641ba7?s=96&d=mm&r=g\",\"contentUrl\":\"https:\/\/secure.gravatar.com\/avatar\/2f55039d31e0c8cf55d2c2b6e3bb49113343c35fd46d6d11806620d3c9641ba7?s=96&d=mm&r=g\",\"caption\":\"Karibian Descanso\"},\"url\":\"https:\/\/karibiandescanso.com\/en\/author\/karibian-descanso\/\"}]}<\/script>\n<!-- \/ Yoast SEO plugin. -->","yoast_head_json":{"title":"[:es]60 SALONE DEL MOBILE MILANO[:en]60TH SALONE DEL MOBILE MILANO[:fr]60 SALONE DEL MOBILE MILANO[:ru]60 SALONE MOBILE MILANO[:pl]60 EDYCJA SALONE DEL MOBILE MILAN[:] - Karibian Descanso","robots":{"index":"index","follow":"follow","max-snippet":"max-snippet:-1","max-image-preview":"max-image-preview:large","max-video-preview":"max-video-preview:-1"},"canonical":"https:\/\/karibiandescanso.com\/fr\/60-salone-del-mobile-milano\/","og_locale":"en_US","og_type":"article","og_title":"[:es]60 SALONE DEL MOBILE MILANO[:en]60TH SALONE DEL MOBILE MILANO[:fr]60 SALONE DEL MOBILE MILANO[:ru]60 SALONE MOBILE MILANO[:pl]60 EDYCJA SALONE DEL MOBILE MILAN[:] - Karibian Descanso","og_description":"[:es]La semana pasada, Karibian Descanso particip\u00f3 en el 60\u00ba Salone del Mobile de Milano, que tuvo lugar del 7 al 12 de junio en Mil\u00e1n (Italia). Despu\u00e9s de una pausa de dos a\u00f1os, el Certamen ha vuelto a abrir sus puertas.[:en]Last week, Karibian Descanso took part in the 60th Salone del Mobile Milano, held from 7 to 12 June in Milan, Italy. After a two-year hiatus, this international exhibition opened its doors again as a meeting point for the world\u2019s leading manufacturers, brands and professionals.[:fr] Karibian Descanso a particip\u00e9 au 60e Salone del Mobile de Milan, qui s'est tenu du 7 au 12 juin \u00e0 Milan (Italie). Les mod\u00e8les de literie les plus actuels et innovants de Karibian ont \u00e9t\u00e9 pr\u00e9sent\u00e9s dans un stand attrayant et accueillant, aux c\u00f4t\u00e9s des lits Koala.[:ru]\u041d\u0430 \u043f\u0440\u043e\u0448\u043b\u043e\u0439 \u043d\u0435\u0434\u0435\u043b\u0435 Karibian Descanso \u043f\u0440\u0438\u043d\u044f\u043b\u0430 \u0443\u0447\u0430\u0441\u0442\u0438\u0435 \u0432 60 Salone del Mobile de Milano, \u043a\u043e\u0442\u043e\u0440\u044b\u0439 \u043f\u0440\u043e\u0445\u043e\u0434\u0438\u043b \u0441 7 \u043f\u043e 12 \u0438\u044e\u043d\u044f \u0432 \u041c\u0438\u043b\u0430\u043d\u0435 (\u0418\u0442\u0430\u043b\u0438\u044f). \u041f\u043e\u0441\u043b\u0435 \u0434\u0432\u0443\u0445\u043b\u0435\u0442\u043d\u0435\u0433\u043e \u043f\u0435\u0440\u0435\u0440\u044b\u0432\u0430 \u044d\u0442\u043e \u043c\u0435\u0436\u0434\u0443\u043d\u0430\u0440\u043e\u0434\u043d\u043e\u0435[:pl]W zesz\u0142ym tygodniu Karibian Descanso wzi\u0119\u0142a udzia\u0142 w 60. Salone del Mobile de Milano, kt\u00f3re odby\u0142o si\u0119 w dniach 7-12 czerwca w Mediolanie (W\u0142ochy). Po dwuletniej przerwie Mi\u0119dzynarodowy Konkurs zosta\u0142 ponownie otwarty.[:]","og_url":"https:\/\/karibiandescanso.com\/fr\/60-salone-del-mobile-milano\/","og_site_name":"Karibian Descanso","article_published_time":"2022-06-13T12:34:28+00:00","article_modified_time":"2024-07-18T07:26:23+00:00","og_image":[{"width":2024,"height":1146,"url":"https:\/\/karibiandescanso.com\/wp-content\/uploads\/2022\/06\/ISALONI-KARIBIAN-1.jpg","type":"image\/jpeg"}],"author":"Karibian Descanso","twitter_card":"summary_large_image","twitter_misc":{"Written by":"Karibian Descanso","Est. reading time":"3 minutes"},"schema":{"@context":"https:\/\/schema.org","@graph":[{"@type":"Article","@id":"https:\/\/karibiandescanso.com\/fr\/60-salone-del-mobile-milano\/#article","isPartOf":{"@id":"https:\/\/karibiandescanso.com\/fr\/60-salone-del-mobile-milano\/"},"author":{"name":"Karibian Descanso","@id":"https:\/\/karibiandescanso.com\/#\/schema\/person\/23be63b9b19bd8da8980c8eecdd69d30"},"headline":"60TH SALONE DEL MOBILE MILANO","datePublished":"2022-06-13T12:34:28+00:00","dateModified":"2024-07-18T07:26:23+00:00","mainEntityOfPage":{"@id":"https:\/\/karibiandescanso.com\/fr\/60-salone-del-mobile-milano\/"},"wordCount":4410,"commentCount":0,"image":{"@id":"https:\/\/karibiandescanso.com\/fr\/60-salone-del-mobile-milano\/#primaryimage"},"thumbnailUrl":"https:\/\/karibiandescanso.com\/wp-content\/uploads\/2022\/06\/ISALONI-KARIBIAN-1.jpg","keywords":["Furniture","Mueble de Espa\u00f1a","Spain Furniture","Spain Interiors","Italy","ISaloni","Salone Mobile Milano","Feria Mueble","karibian descanso","Colchon","Mattress","Europe"],"articleSection":["news","Ferias"],"inLanguage":"en-US","potentialAction":[{"@type":"CommentAction","name":"Comment","target":["https:\/\/karibiandescanso.com\/fr\/60-salone-del-mobile-milano\/#respond"]}]},{"@type":"WebPage","@id":"https:\/\/karibiandescanso.com\/fr\/60-salone-del-mobile-milano\/","url":"https:\/\/karibiandescanso.com\/fr\/60-salone-del-mobile-milano\/","name":"[:es]60 SALONE DEL MOBILE MILANO[:en]60TH SALONE DEL MOBILE MILANO[:fr]60 SALONE DEL MOBILE MILANO[:ru]60 SALONE MOBILE MILANO[:pl]60 EDYCJA SALONE DEL MOBILE MILAN[:] - Karibian Descanso","isPartOf":{"@id":"https:\/\/karibiandescanso.com\/#website"},"primaryImageOfPage":{"@id":"https:\/\/karibiandescanso.com\/fr\/60-salone-del-mobile-milano\/#primaryimage"},"image":{"@id":"https:\/\/karibiandescanso.com\/fr\/60-salone-del-mobile-milano\/#primaryimage"},"thumbnailUrl":"https:\/\/karibiandescanso.com\/wp-content\/uploads\/2022\/06\/ISALONI-KARIBIAN-1.jpg","datePublished":"2022-06-13T12:34:28+00:00","dateModified":"2024-07-18T07:26:23+00:00","author":{"@id":"https:\/\/karibiandescanso.com\/#\/schema\/person\/23be63b9b19bd8da8980c8eecdd69d30"},"breadcrumb":{"@id":"https:\/\/karibiandescanso.com\/fr\/60-salone-del-mobile-milano\/#breadcrumb"},"inLanguage":"en-US","potentialAction":[{"@type":"ReadAction","target":["https:\/\/karibiandescanso.com\/fr\/60-salone-del-mobile-milano\/"]}]},{"@type":"ImageObject","inLanguage":"en-US","@id":"https:\/\/karibiandescanso.com\/fr\/60-salone-del-mobile-milano\/#primaryimage","url":"https:\/\/karibiandescanso.com\/wp-content\/uploads\/2022\/06\/ISALONI-KARIBIAN-1.jpg","contentUrl":"https:\/\/karibiandescanso.com\/wp-content\/uploads\/2022\/06\/ISALONI-KARIBIAN-1.jpg","width":2024,"height":1146},{"@type":"BreadcrumbList","@id":"https:\/\/karibiandescanso.com\/fr\/60-salone-del-mobile-milano\/#breadcrumb","itemListElement":[{"@type":"ListItem","position":1,"name":"Portada","item":"https:\/\/karibiandescanso.com\/"},{"@type":"ListItem","position":2,"name":"60 SALONE DEL MOBILE MILANO"}]},{"@type":"WebSite","@id":"https:\/\/karibiandescanso.com\/#website","url":"https:\/\/karibiandescanso.com\/","name":"Karibian Descanso","description":"Where is rest","potentialAction":[{"@type":"SearchAction","target":{"@type":"EntryPoint","urlTemplate":"https:\/\/karibiandescanso.com\/?s={search_term_string}"},"query-input":{"@type":"PropertyValueSpecification","valueRequired":true,"valueName":"search_term_string"}}],"inLanguage":"en-US"},{"@type":"Person","@id":"https:\/\/karibiandescanso.com\/#\/schema\/person\/23be63b9b19bd8da8980c8eecdd69d30","name":"Karibian Descanso","image":{"@type":"ImageObject","inLanguage":"en-US","@id":"https:\/\/karibiandescanso.com\/#\/schema\/person\/image\/","url":"https:\/\/secure.gravatar.com\/avatar\/2f55039d31e0c8cf55d2c2b6e3bb49113343c35fd46d6d11806620d3c9641ba7?s=96&d=mm&r=g","contentUrl":"https:\/\/secure.gravatar.com\/avatar\/2f55039d31e0c8cf55d2c2b6e3bb49113343c35fd46d6d11806620d3c9641ba7?s=96&d=mm&r=g","caption":"Karibian Descanso"},"url":"https:\/\/karibiandescanso.com\/en\/author\/karibian-descanso\/"}]}},"_links":{"self":[{"href":"https:\/\/karibiandescanso.com\/en\/wp-json\/wp\/v2\/posts\/10298","targetHints":{"allow":["GET"]}}],"collection":[{"href":"https:\/\/karibiandescanso.com\/en\/wp-json\/wp\/v2\/posts"}],"about":[{"href":"https:\/\/karibiandescanso.com\/en\/wp-json\/wp\/v2\/types\/post"}],"author":[{"embeddable":true,"href":"https:\/\/karibiandescanso.com\/en\/wp-json\/wp\/v2\/users\/2"}],"replies":[{"embeddable":true,"href":"https:\/\/karibiandescanso.com\/en\/wp-json\/wp\/v2\/comments?post=10298"}],"version-history":[{"count":0,"href":"https:\/\/karibiandescanso.com\/en\/wp-json\/wp\/v2\/posts\/10298\/revisions"}],"wp:featuredmedia":[{"embeddable":true,"href":"https:\/\/karibiandescanso.com\/en\/wp-json\/wp\/v2\/media\/10622"}],"wp:attachment":[{"href":"https:\/\/karibiandescanso.com\/en\/wp-json\/wp\/v2\/media?parent=10298"}],"wp:term":[{"taxonomy":"category","embeddable":true,"href":"https:\/\/karibiandescanso.com\/en\/wp-json\/wp\/v2\/categories?post=10298"},{"taxonomy":"post_tag","embeddable":true,"href":"https:\/\/karibiandescanso.com\/en\/wp-json\/wp\/v2\/tags?post=10298"}],"curies":[{"name":"wp","href":"https:\/\/api.w.org\/{rel}","templated":true}]}}