{"id":12089,"date":"2023-08-03T09:07:27","date_gmt":"2023-08-03T07:07:27","guid":{"rendered":"https:\/\/www.karibiandescanso.com\/?p=12089"},"modified":"2024-07-19T08:29:23","modified_gmt":"2024-07-19T06:29:23","slug":"cumplimos-25-anos","status":"publish","type":"post","link":"https:\/\/karibiandescanso.com\/en\/cumplimos-25-anos\/","title":{"rendered":"WE TURN 25 YEARS"},"content":{"rendered":"<p>[vc_row css_animation=&#8221;&#8221; row_type=&#8221;row&#8221; use_row_as_full_screen_section=&#8221;no&#8221; type=&#8221;full_width&#8221; angled_section=&#8221;no&#8221; text_align=&#8221;left&#8221; background_image_as_pattern=&#8221;without_pattern&#8221;][vc_column][vc_empty_space height=&#8221;15px&#8221;][vc_column_text]<\/p>\n<h3 style=\"text-align: justify;\">It all began with a dream which, after 25 years, has become a reality.<\/h3>\n<p>&nbsp;<\/p>\n<p style=\"text-align: justify;\">Karibian Descanso celebrates in 2023 a quarter century. For us, this anniversary is an expression of pride for everything we have achieved throughout this time and, above all, a way to express gratitude to everyone who has accompanied us and allowed us to get here.<\/p>\n<p style=\"text-align: justify;\">Without our employees\u2019 daily efforts and the trust our customers placed in us, this anniversary would not be possible.<\/p>\n<p>[\/vc_column_text][vc_empty_space height=&#8221;15px&#8221;][vc_single_image image=&#8221;12096&#8243; img_size=&#8221;full&#8221; alignment=&#8221;center&#8221; qode_css_animation=&#8221;&#8221; css=&#8221;.vc_custom_1691048554407{margin-bottom: 80px !important;}&#8221;][\/vc_column][\/vc_row][vc_row css_animation=&#8221;&#8221; row_type=&#8221;row&#8221; use_row_as_full_screen_section=&#8221;no&#8221; type=&#8221;full_width&#8221; angled_section=&#8221;no&#8221; text_align=&#8221;left&#8221; background_image_as_pattern=&#8221;without_pattern&#8221;][vc_column][vc_column_text]<\/p>\n<p style=\"text-align: justify;\">To celebrate this special date, Karibian organised a team-building event including various activities and a dinner party for the company staff \u2014over 100 employees\u2014 in Yecla.<\/p>\n<p style=\"text-align: justify;\">Celebrating a quarter of a century is also a commitment for us: a firm commitment to remain faithful to our essence of constant evolution and self-discipline and a commitment to each and every customer to always offer the best.<span class=\"Apple-converted-space\">\u00a0<\/span><\/p>\n<p>In this celebration, from Karibian wanted to highlight the importance of the work well done and in the words of the partners themselves: &#8220;<strong>We will continue to grow to continue being benchmarks in the sector<\/strong>&#8220;.<\/p>\n<p>An emotional night, where there was music, laughter and companionship.[\/vc_column_text][vc_empty_space][\/vc_column][\/vc_row][vc_row css_animation=&#8221;&#8221; row_type=&#8221;row&#8221; use_row_as_full_screen_section=&#8221;no&#8221; type=&#8221;full_width&#8221; angled_section=&#8221;no&#8221; text_align=&#8221;left&#8221; background_image_as_pattern=&#8221;without_pattern&#8221;][vc_column][vc_single_image image=&#8221;12124&#8243; img_size=&#8221;full&#8221; alignment=&#8221;center&#8221; qode_css_animation=&#8221;&#8221; css=&#8221;.vc_custom_1691391082492{margin-bottom: 80px !important;}&#8221;][vc_empty_space height=&#8221;10px&#8221;][vc_column_text]<\/p>\n<h3 style=\"text-align: center;\">Thank you for being part of us<\/h3>\n<p>[\/vc_column_text][vc_empty_space height=&#8221;20px&#8221;][vc_column_text]<\/p>\n<p style=\"text-align: center;\">We will continue dreaming and growing for a better future that will make a difference in our lives.<\/p>\n<p>[\/vc_column_text][vc_empty_space height=&#8221;20px&#8221;][\/vc_column][\/vc_row]<\/p>","protected":false},"excerpt":{"rendered":"<p>Karibian Descanso celebrates in 2023 a quarter century. For us, this anniversary is an expression of pride for everything we have achieved throughout this time and, above all, a way to express gratitude to everyone who has accompanied us and allowed us to get here.<\/p>\n","protected":false},"author":2,"featured_media":12092,"comment_status":"open","ping_status":"open","sticky":false,"template":"","format":"standard","meta":{"footnotes":""},"categories":[10],"tags":[168,263,264,265,266,25,80,91,110,161,167],"class_list":["post-12089","post","type-post","status-publish","format-standard","has-post-thumbnail","hentry","category-noticias","tag-spain-interiors","tag-25-aniversario","tag-fabricacion","tag-celebracion","tag-equipo-humano","tag-karibian-descanso","tag-colchon","tag-mattress","tag-aniversario","tag-mueble-de-espana","tag-spain-furniture"],"yoast_head":"<!-- This site is optimized with the Yoast SEO plugin v27.0 - https:\/\/yoast.com\/product\/yoast-seo-wordpress\/ -->\n<title>WE TURN 25 YEARS - Karibian Descanso<\/title>\n<meta name=\"robots\" content=\"index, follow, max-snippet:-1, max-image-preview:large, max-video-preview:-1\" \/>\n<link rel=\"canonical\" href=\"https:\/\/karibiandescanso.com\/pl\/cumplimos-25-anos\/\" \/>\n<meta property=\"og:locale\" content=\"en_US\" \/>\n<meta property=\"og:type\" content=\"article\" \/>\n<meta property=\"og:title\" content=\"[:es]CUMPLIMOS 25 A\u00d1OS[:en]WE TURN 25 YEARS[:fr]NOUS AVONS 25 ANS[:ru]\u041d\u0410\u041c 25 \u041b\u0415\u0422[:pl]SKO\u0143CZYLI\u015aMY 25 LAT[:] - Karibian Descanso\" \/>\n<meta property=\"og:description\" content=\"[:es]Karibian celebra su 25 Aniversario. En este a\u00f1o tan especial en el que la firma cumple un cuarto de siglo, queremos agradecer a cada una de las personas que lo han hecho posible. Seguiremos cuidando de tu bienestar durante muchos[:en]Karibian Descanso celebrates in 2023 a quarter century. For us, this anniversary is an expression of pride for everything we have achieved throughout this time and, above all, a way to express gratitude to everyone who has accompanied us and allowed us to get here. [:fr]Karibian Rest J&#039;ai particip\u00e9 au 60e Salone del Mobile de Milan, qui se tient du 7 au 12 juin \u00e0 Milan (Italie). Les mod\u00e8les de literie les plus actuels et innovants de Karibian ont \u00e9t\u00e9 pr\u00e9sent\u00e9s dans un stand attractif et accueillant, aux c\u00f4t\u00e9s des lits Koala.[:ru]\u041a\u043e\u043c\u043f\u0430\u043d\u0438\u044f Karibian \u043f\u0440\u0430\u0437\u0434\u043d\u0443\u0435\u0442 \u0441\u0432\u043e\u0435 25-\u043b\u0435\u0442\u0438\u0435. \u0412 \u044d\u0442\u043e\u0442 \u043e\u0441\u043e\u0431\u0435\u043d\u043d\u044b\u0439 \u0433\u043e\u0434, \u043a\u043e\u0433\u0434\u0430 \u043a\u043e\u043c\u043f\u0430\u043d\u0438\u044f \u043e\u0442\u043c\u0435\u0447\u0430\u0435\u0442 \u0447\u0435\u0442\u0432\u0435\u0440\u0442\u044c \u0432\u0435\u043a\u0430, \u043c\u044b \u0445\u043e\u0442\u0435\u043b\u0438 \u0431\u044b \u043f\u043e\u0431\u043b\u0430\u0433\u043e\u0434\u0430\u0440\u0438\u0442\u044c \u0432\u0441\u0435\u0445 \u0438 \u043a\u0430\u0436\u0434\u043e\u0433\u043e \u0438\u0437 \u0442\u0435\u0445, \u0431\u043b\u0430\u0433\u043e\u0434\u0430\u0440\u044f \u043a\u043e\u043c\u0443 \u044d\u0442\u043e \u0441\u0442\u0430\u043b\u043e \u0432\u043e\u0437\u043c\u043e\u0436\u043d\u044b\u043c. \u041c\u044b \u043f\u0440\u043e\u0434\u043e\u043b\u0436\u0438\u043c \u0437\u0430\u0431\u043e\u0442\u0438\u0442\u044c\u0441\u044f \u043e \u0432\u0430\u0448\u0435\u043c \u0431\u043b\u0430\u0433\u043e\u043f\u043e\u043b\u0443\u0447\u0438\u0438 \u0435\u0449\u0435 \u0434\u043e\u043b\u0433\u0438\u0435 \u0433\u043e\u0434\u044b..[:pl]Karibian \u015bwi\u0119tuje swoje 25-lecie. W tym szczeg\u00f3lnym roku, w kt\u00f3rym firma ko\u0144czy \u0107wier\u0107 wieku, chcemy podzi\u0119kowa\u0107 ka\u017cdej osobie, dzi\u0119ki kt\u00f3rej by\u0142o to mo\u017cliwe. B\u0119dziemy nadal dba\u0107 o Twoje dobre samopoczucie przez wiele lat.[:]\" \/>\n<meta property=\"og:url\" content=\"https:\/\/karibiandescanso.com\/pl\/cumplimos-25-anos\/\" \/>\n<meta property=\"og:site_name\" content=\"Karibian Descanso\" \/>\n<meta property=\"article:published_time\" content=\"2023-08-03T07:07:27+00:00\" \/>\n<meta property=\"article:modified_time\" content=\"2024-07-19T06:29:23+00:00\" \/>\n<meta property=\"og:image\" content=\"https:\/\/karibiandescanso.com\/wp-content\/uploads\/2023\/08\/KARIBIAN-25.jpg\" \/>\n\t<meta property=\"og:image:width\" content=\"1920\" \/>\n\t<meta property=\"og:image:height\" content=\"1087\" \/>\n\t<meta property=\"og:image:type\" content=\"image\/jpeg\" \/>\n<meta name=\"author\" content=\"Karibian Descanso\" \/>\n<meta name=\"twitter:card\" content=\"summary_large_image\" \/>\n<meta name=\"twitter:label1\" content=\"Written by\" \/>\n\t<meta name=\"twitter:data1\" content=\"Karibian Descanso\" \/>\n\t<meta name=\"twitter:label2\" content=\"Est. reading time\" \/>\n\t<meta name=\"twitter:data2\" content=\"3 minutes\" \/>\n<script type=\"application\/ld+json\" class=\"yoast-schema-graph\">{\"@context\":\"https:\/\/schema.org\",\"@graph\":[{\"@type\":\"Article\",\"@id\":\"https:\/\/karibiandescanso.com\/pl\/cumplimos-25-anos\/#article\",\"isPartOf\":{\"@id\":\"https:\/\/karibiandescanso.com\/pl\/cumplimos-25-anos\/\"},\"author\":{\"name\":\"Karibian Descanso\",\"@id\":\"https:\/\/karibiandescanso.com\/#\/schema\/person\/23be63b9b19bd8da8980c8eecdd69d30\"},\"headline\":\"WE TURN 25 YEARS\",\"datePublished\":\"2023-08-03T07:07:27+00:00\",\"dateModified\":\"2024-07-19T06:29:23+00:00\",\"mainEntityOfPage\":{\"@id\":\"https:\/\/karibiandescanso.com\/pl\/cumplimos-25-anos\/\"},\"wordCount\":2174,\"commentCount\":0,\"image\":{\"@id\":\"https:\/\/karibiandescanso.com\/pl\/cumplimos-25-anos\/#primaryimage\"},\"thumbnailUrl\":\"https:\/\/karibiandescanso.com\/wp-content\/uploads\/2023\/08\/KARIBIAN-25.jpg\",\"keywords\":[\"Spain Interiors\",\"25 Aniversario\",\"Fabricaci\u00f3n\",\"Celebraci\u00f3n\",\"Equipo Humano\",\"karibian descanso\",\"Colchon\",\"Mattress\",\"Aniversario\",\"Mueble de Espa\u00f1a\",\"Spain Furniture\"],\"articleSection\":[\"news\"],\"inLanguage\":\"en-US\",\"potentialAction\":[{\"@type\":\"CommentAction\",\"name\":\"Comment\",\"target\":[\"https:\/\/karibiandescanso.com\/pl\/cumplimos-25-anos\/#respond\"]}]},{\"@type\":\"WebPage\",\"@id\":\"https:\/\/karibiandescanso.com\/pl\/cumplimos-25-anos\/\",\"url\":\"https:\/\/karibiandescanso.com\/pl\/cumplimos-25-anos\/\",\"name\":\"[:es]CUMPLIMOS 25 A\u00d1OS[:en]WE TURN 25 YEARS[:fr]NOUS AVONS 25 ANS[:ru]\u041d\u0410\u041c 25 \u041b\u0415\u0422[:pl]SKO\u0143CZYLI\u015aMY 25 LAT[:] - Karibian Descanso\",\"isPartOf\":{\"@id\":\"https:\/\/karibiandescanso.com\/#website\"},\"primaryImageOfPage\":{\"@id\":\"https:\/\/karibiandescanso.com\/pl\/cumplimos-25-anos\/#primaryimage\"},\"image\":{\"@id\":\"https:\/\/karibiandescanso.com\/pl\/cumplimos-25-anos\/#primaryimage\"},\"thumbnailUrl\":\"https:\/\/karibiandescanso.com\/wp-content\/uploads\/2023\/08\/KARIBIAN-25.jpg\",\"datePublished\":\"2023-08-03T07:07:27+00:00\",\"dateModified\":\"2024-07-19T06:29:23+00:00\",\"author\":{\"@id\":\"https:\/\/karibiandescanso.com\/#\/schema\/person\/23be63b9b19bd8da8980c8eecdd69d30\"},\"breadcrumb\":{\"@id\":\"https:\/\/karibiandescanso.com\/pl\/cumplimos-25-anos\/#breadcrumb\"},\"inLanguage\":\"en-US\",\"potentialAction\":[{\"@type\":\"ReadAction\",\"target\":[\"https:\/\/karibiandescanso.com\/pl\/cumplimos-25-anos\/\"]}]},{\"@type\":\"ImageObject\",\"inLanguage\":\"en-US\",\"@id\":\"https:\/\/karibiandescanso.com\/pl\/cumplimos-25-anos\/#primaryimage\",\"url\":\"https:\/\/karibiandescanso.com\/wp-content\/uploads\/2023\/08\/KARIBIAN-25.jpg\",\"contentUrl\":\"https:\/\/karibiandescanso.com\/wp-content\/uploads\/2023\/08\/KARIBIAN-25.jpg\",\"width\":1920,\"height\":1087},{\"@type\":\"BreadcrumbList\",\"@id\":\"https:\/\/karibiandescanso.com\/pl\/cumplimos-25-anos\/#breadcrumb\",\"itemListElement\":[{\"@type\":\"ListItem\",\"position\":1,\"name\":\"Portada\",\"item\":\"https:\/\/karibiandescanso.com\/\"},{\"@type\":\"ListItem\",\"position\":2,\"name\":\"SKO\u0143CZYLI\u015aMY 25 LAT\"}]},{\"@type\":\"WebSite\",\"@id\":\"https:\/\/karibiandescanso.com\/#website\",\"url\":\"https:\/\/karibiandescanso.com\/\",\"name\":\"Karibian Descanso\",\"description\":\"Where is rest\",\"potentialAction\":[{\"@type\":\"SearchAction\",\"target\":{\"@type\":\"EntryPoint\",\"urlTemplate\":\"https:\/\/karibiandescanso.com\/?s={search_term_string}\"},\"query-input\":{\"@type\":\"PropertyValueSpecification\",\"valueRequired\":true,\"valueName\":\"search_term_string\"}}],\"inLanguage\":\"en-US\"},{\"@type\":\"Person\",\"@id\":\"https:\/\/karibiandescanso.com\/#\/schema\/person\/23be63b9b19bd8da8980c8eecdd69d30\",\"name\":\"Karibian Descanso\",\"image\":{\"@type\":\"ImageObject\",\"inLanguage\":\"en-US\",\"@id\":\"https:\/\/karibiandescanso.com\/#\/schema\/person\/image\/\",\"url\":\"https:\/\/secure.gravatar.com\/avatar\/2f55039d31e0c8cf55d2c2b6e3bb49113343c35fd46d6d11806620d3c9641ba7?s=96&d=mm&r=g\",\"contentUrl\":\"https:\/\/secure.gravatar.com\/avatar\/2f55039d31e0c8cf55d2c2b6e3bb49113343c35fd46d6d11806620d3c9641ba7?s=96&d=mm&r=g\",\"caption\":\"Karibian Descanso\"},\"url\":\"https:\/\/karibiandescanso.com\/en\/author\/karibian-descanso\/\"}]}<\/script>\n<!-- \/ Yoast SEO plugin. -->","yoast_head_json":{"title":"[:es]CUMPLIMOS 25 A\u00d1OS[:en]WE TURN 25 YEARS[:fr]NOUS AVONS 25 ANS[:ru]\u041d\u0410\u041c 25 \u041b\u0415\u0422[:pl]SKO\u0143CZYLI\u015aMY 25 LAT[:] - Karibian Descanso","robots":{"index":"index","follow":"follow","max-snippet":"max-snippet:-1","max-image-preview":"max-image-preview:large","max-video-preview":"max-video-preview:-1"},"canonical":"https:\/\/karibiandescanso.com\/pl\/cumplimos-25-anos\/","og_locale":"en_US","og_type":"article","og_title":"[:es]CUMPLIMOS 25 A\u00d1OS[:en]WE TURN 25 YEARS[:fr]NOUS AVONS 25 ANS[:ru]\u041d\u0410\u041c 25 \u041b\u0415\u0422[:pl]SKO\u0143CZYLI\u015aMY 25 LAT[:] - Karibian Descanso","og_description":"[:es]Karibian celebra su 25 Aniversario. En este a\u00f1o tan especial en el que la firma cumple un cuarto de siglo, queremos agradecer a cada una de las personas que lo han hecho posible. Seguiremos cuidando de tu bienestar durante muchos[:en]Karibian Descanso celebrates in 2023 a quarter century. For us, this anniversary is an expression of pride for everything we have achieved throughout this time and, above all, a way to express gratitude to everyone who has accompanied us and allowed us to get here. [:fr]Karibian Rest J'ai particip\u00e9 au 60e Salone del Mobile de Milan, qui se tient du 7 au 12 juin \u00e0 Milan (Italie). Les mod\u00e8les de literie les plus actuels et innovants de Karibian ont \u00e9t\u00e9 pr\u00e9sent\u00e9s dans un stand attractif et accueillant, aux c\u00f4t\u00e9s des lits Koala.[:ru]\u041a\u043e\u043c\u043f\u0430\u043d\u0438\u044f Karibian \u043f\u0440\u0430\u0437\u0434\u043d\u0443\u0435\u0442 \u0441\u0432\u043e\u0435 25-\u043b\u0435\u0442\u0438\u0435. \u0412 \u044d\u0442\u043e\u0442 \u043e\u0441\u043e\u0431\u0435\u043d\u043d\u044b\u0439 \u0433\u043e\u0434, \u043a\u043e\u0433\u0434\u0430 \u043a\u043e\u043c\u043f\u0430\u043d\u0438\u044f \u043e\u0442\u043c\u0435\u0447\u0430\u0435\u0442 \u0447\u0435\u0442\u0432\u0435\u0440\u0442\u044c \u0432\u0435\u043a\u0430, \u043c\u044b \u0445\u043e\u0442\u0435\u043b\u0438 \u0431\u044b \u043f\u043e\u0431\u043b\u0430\u0433\u043e\u0434\u0430\u0440\u0438\u0442\u044c \u0432\u0441\u0435\u0445 \u0438 \u043a\u0430\u0436\u0434\u043e\u0433\u043e \u0438\u0437 \u0442\u0435\u0445, \u0431\u043b\u0430\u0433\u043e\u0434\u0430\u0440\u044f \u043a\u043e\u043c\u0443 \u044d\u0442\u043e \u0441\u0442\u0430\u043b\u043e \u0432\u043e\u0437\u043c\u043e\u0436\u043d\u044b\u043c. \u041c\u044b \u043f\u0440\u043e\u0434\u043e\u043b\u0436\u0438\u043c \u0437\u0430\u0431\u043e\u0442\u0438\u0442\u044c\u0441\u044f \u043e \u0432\u0430\u0448\u0435\u043c \u0431\u043b\u0430\u0433\u043e\u043f\u043e\u043b\u0443\u0447\u0438\u0438 \u0435\u0449\u0435 \u0434\u043e\u043b\u0433\u0438\u0435 \u0433\u043e\u0434\u044b..[:pl]Karibian \u015bwi\u0119tuje swoje 25-lecie. W tym szczeg\u00f3lnym roku, w kt\u00f3rym firma ko\u0144czy \u0107wier\u0107 wieku, chcemy podzi\u0119kowa\u0107 ka\u017cdej osobie, dzi\u0119ki kt\u00f3rej by\u0142o to mo\u017cliwe. B\u0119dziemy nadal dba\u0107 o Twoje dobre samopoczucie przez wiele lat.[:]","og_url":"https:\/\/karibiandescanso.com\/pl\/cumplimos-25-anos\/","og_site_name":"Karibian Descanso","article_published_time":"2023-08-03T07:07:27+00:00","article_modified_time":"2024-07-19T06:29:23+00:00","og_image":[{"width":1920,"height":1087,"url":"https:\/\/karibiandescanso.com\/wp-content\/uploads\/2023\/08\/KARIBIAN-25.jpg","type":"image\/jpeg"}],"author":"Karibian Descanso","twitter_card":"summary_large_image","twitter_misc":{"Written by":"Karibian Descanso","Est. reading time":"3 minutes"},"schema":{"@context":"https:\/\/schema.org","@graph":[{"@type":"Article","@id":"https:\/\/karibiandescanso.com\/pl\/cumplimos-25-anos\/#article","isPartOf":{"@id":"https:\/\/karibiandescanso.com\/pl\/cumplimos-25-anos\/"},"author":{"name":"Karibian Descanso","@id":"https:\/\/karibiandescanso.com\/#\/schema\/person\/23be63b9b19bd8da8980c8eecdd69d30"},"headline":"WE TURN 25 YEARS","datePublished":"2023-08-03T07:07:27+00:00","dateModified":"2024-07-19T06:29:23+00:00","mainEntityOfPage":{"@id":"https:\/\/karibiandescanso.com\/pl\/cumplimos-25-anos\/"},"wordCount":2174,"commentCount":0,"image":{"@id":"https:\/\/karibiandescanso.com\/pl\/cumplimos-25-anos\/#primaryimage"},"thumbnailUrl":"https:\/\/karibiandescanso.com\/wp-content\/uploads\/2023\/08\/KARIBIAN-25.jpg","keywords":["Spain Interiors","25 Aniversario","Fabricaci\u00f3n","Celebraci\u00f3n","Equipo Humano","karibian descanso","Colchon","Mattress","Aniversario","Mueble de Espa\u00f1a","Spain Furniture"],"articleSection":["news"],"inLanguage":"en-US","potentialAction":[{"@type":"CommentAction","name":"Comment","target":["https:\/\/karibiandescanso.com\/pl\/cumplimos-25-anos\/#respond"]}]},{"@type":"WebPage","@id":"https:\/\/karibiandescanso.com\/pl\/cumplimos-25-anos\/","url":"https:\/\/karibiandescanso.com\/pl\/cumplimos-25-anos\/","name":"[:es]CUMPLIMOS 25 A\u00d1OS[:en]WE TURN 25 YEARS[:fr]NOUS AVONS 25 ANS[:ru]\u041d\u0410\u041c 25 \u041b\u0415\u0422[:pl]SKO\u0143CZYLI\u015aMY 25 LAT[:] - Karibian Descanso","isPartOf":{"@id":"https:\/\/karibiandescanso.com\/#website"},"primaryImageOfPage":{"@id":"https:\/\/karibiandescanso.com\/pl\/cumplimos-25-anos\/#primaryimage"},"image":{"@id":"https:\/\/karibiandescanso.com\/pl\/cumplimos-25-anos\/#primaryimage"},"thumbnailUrl":"https:\/\/karibiandescanso.com\/wp-content\/uploads\/2023\/08\/KARIBIAN-25.jpg","datePublished":"2023-08-03T07:07:27+00:00","dateModified":"2024-07-19T06:29:23+00:00","author":{"@id":"https:\/\/karibiandescanso.com\/#\/schema\/person\/23be63b9b19bd8da8980c8eecdd69d30"},"breadcrumb":{"@id":"https:\/\/karibiandescanso.com\/pl\/cumplimos-25-anos\/#breadcrumb"},"inLanguage":"en-US","potentialAction":[{"@type":"ReadAction","target":["https:\/\/karibiandescanso.com\/pl\/cumplimos-25-anos\/"]}]},{"@type":"ImageObject","inLanguage":"en-US","@id":"https:\/\/karibiandescanso.com\/pl\/cumplimos-25-anos\/#primaryimage","url":"https:\/\/karibiandescanso.com\/wp-content\/uploads\/2023\/08\/KARIBIAN-25.jpg","contentUrl":"https:\/\/karibiandescanso.com\/wp-content\/uploads\/2023\/08\/KARIBIAN-25.jpg","width":1920,"height":1087},{"@type":"BreadcrumbList","@id":"https:\/\/karibiandescanso.com\/pl\/cumplimos-25-anos\/#breadcrumb","itemListElement":[{"@type":"ListItem","position":1,"name":"Portada","item":"https:\/\/karibiandescanso.com\/"},{"@type":"ListItem","position":2,"name":"SKO\u0143CZYLI\u015aMY 25 LAT"}]},{"@type":"WebSite","@id":"https:\/\/karibiandescanso.com\/#website","url":"https:\/\/karibiandescanso.com\/","name":"Karibian Descanso","description":"Where is rest","potentialAction":[{"@type":"SearchAction","target":{"@type":"EntryPoint","urlTemplate":"https:\/\/karibiandescanso.com\/?s={search_term_string}"},"query-input":{"@type":"PropertyValueSpecification","valueRequired":true,"valueName":"search_term_string"}}],"inLanguage":"en-US"},{"@type":"Person","@id":"https:\/\/karibiandescanso.com\/#\/schema\/person\/23be63b9b19bd8da8980c8eecdd69d30","name":"Karibian Descanso","image":{"@type":"ImageObject","inLanguage":"en-US","@id":"https:\/\/karibiandescanso.com\/#\/schema\/person\/image\/","url":"https:\/\/secure.gravatar.com\/avatar\/2f55039d31e0c8cf55d2c2b6e3bb49113343c35fd46d6d11806620d3c9641ba7?s=96&d=mm&r=g","contentUrl":"https:\/\/secure.gravatar.com\/avatar\/2f55039d31e0c8cf55d2c2b6e3bb49113343c35fd46d6d11806620d3c9641ba7?s=96&d=mm&r=g","caption":"Karibian Descanso"},"url":"https:\/\/karibiandescanso.com\/en\/author\/karibian-descanso\/"}]}},"_links":{"self":[{"href":"https:\/\/karibiandescanso.com\/en\/wp-json\/wp\/v2\/posts\/12089","targetHints":{"allow":["GET"]}}],"collection":[{"href":"https:\/\/karibiandescanso.com\/en\/wp-json\/wp\/v2\/posts"}],"about":[{"href":"https:\/\/karibiandescanso.com\/en\/wp-json\/wp\/v2\/types\/post"}],"author":[{"embeddable":true,"href":"https:\/\/karibiandescanso.com\/en\/wp-json\/wp\/v2\/users\/2"}],"replies":[{"embeddable":true,"href":"https:\/\/karibiandescanso.com\/en\/wp-json\/wp\/v2\/comments?post=12089"}],"version-history":[{"count":0,"href":"https:\/\/karibiandescanso.com\/en\/wp-json\/wp\/v2\/posts\/12089\/revisions"}],"wp:featuredmedia":[{"embeddable":true,"href":"https:\/\/karibiandescanso.com\/en\/wp-json\/wp\/v2\/media\/12092"}],"wp:attachment":[{"href":"https:\/\/karibiandescanso.com\/en\/wp-json\/wp\/v2\/media?parent=12089"}],"wp:term":[{"taxonomy":"category","embeddable":true,"href":"https:\/\/karibiandescanso.com\/en\/wp-json\/wp\/v2\/categories?post=12089"},{"taxonomy":"post_tag","embeddable":true,"href":"https:\/\/karibiandescanso.com\/en\/wp-json\/wp\/v2\/tags?post=12089"}],"curies":[{"name":"wp","href":"https:\/\/api.w.org\/{rel}","templated":true}]}}