{"id":1393,"date":"2018-01-22T18:25:50","date_gmt":"2018-01-22T17:25:50","guid":{"rendered":"https:\/\/www.karibiandescanso.com\/?p=1393"},"modified":"2019-03-11T08:11:14","modified_gmt":"2019-03-11T07:11:14","slug":"feriamueblezaragoza2018","status":"publish","type":"post","link":"https:\/\/karibiandescanso.com\/en\/feriamueblezaragoza2018\/","title":{"rendered":"6th ZARAGOZA FE2018"},"content":{"rendered":"<p><\/p>\n<h5><img loading=\"lazy\" decoding=\"async\" class=\" wp-image-1394 aligncenter\" src=\"https:\/\/www.karibiandescanso.com\/wp-content\/uploads\/2018\/01\/Mueble-Zaragoza.png\" alt=\"\" width=\"323\" height=\"180\" \/><\/h5>\n<p style=\"text-align: justify;\">The <strong>Zaragoza Furniture Exhibition<\/strong> is getting closer and <strong>Karibian Descanso<\/strong> will be there again this year to present its latest products for 2018 from <strong>24 to 27 January<\/strong>.<\/p>\n<p style=\"text-align: justify;\">On this important date Karibian Descanso will have a smart, modern stand with everything you need to enjoy the perfect night\u2019s sleep. In our continual effort to meet the needs of all our customers we will present 6 new models made from new materials and with modern designs. On the one hand, we will present two new pocketed spring models, a new innovatively designed and different child\u2019s mattress, aimed at the youngest members of the family.<\/p>\n<p><img loading=\"lazy\" decoding=\"async\" class=\"alignleft size-full wp-image-1406\" src=\"https:\/\/www.karibiandescanso.com\/wp-content\/uploads\/2018\/01\/Stand-3d-karibian-descanso-br.png\" alt=\"\" width=\"2953\" height=\"508\" srcset=\"https:\/\/karibiandescanso.com\/wp-content\/uploads\/2018\/01\/Stand-3d-karibian-descanso-br.png 1920w, https:\/\/karibiandescanso.com\/wp-content\/uploads\/2018\/01\/Stand-3d-karibian-descanso-br-300x52.png 300w, https:\/\/karibiandescanso.com\/wp-content\/uploads\/2018\/01\/Stand-3d-karibian-descanso-br-1024x176.png 1024w\" sizes=\"auto, (max-width: 2953px) 100vw, 2953px\" \/><\/p>\n<p style=\"text-align: justify;\">On the other hand, we will present our new innovative Biocare model, made from a fabric with innovative properties that will surprise you. Come and see for yourself! In addition, we will be introducing Spain to our Emmar model, having already been on show at the Espritmeuble Fair in Paris \u2013 it has an innovative core made from the most up-to-date materials on the market.<\/p>\n<p>We hope that you will come along to see us so that we can give you the chance to see, touch and try out our models, and of course to find out your opinions and how it feels when you do try them out.<\/p>\n<p><strong>We\u2019ll see you in Pabell\u00f3n 8 at Stand A1.<\/strong><\/p>\n<p><img loading=\"lazy\" decoding=\"async\" class=\"alignleft size-full wp-image-1404\" src=\"https:\/\/www.karibiandescanso.com\/wp-content\/uploads\/2018\/01\/feria-del-mueble-2018-plano-recinto-4.png\" alt=\"\" width=\"1280\" height=\"1976\" srcset=\"https:\/\/karibiandescanso.com\/wp-content\/uploads\/2018\/01\/feria-del-mueble-2018-plano-recinto-4.png 1244w, https:\/\/karibiandescanso.com\/wp-content\/uploads\/2018\/01\/feria-del-mueble-2018-plano-recinto-4-194x300.png 194w, https:\/\/karibiandescanso.com\/wp-content\/uploads\/2018\/01\/feria-del-mueble-2018-plano-recinto-4-663x1024.png 663w\" sizes=\"auto, (max-width: 1280px) 100vw, 1280px\" \/><\/p>","protected":false},"excerpt":{"rendered":"<p>The Zaragoza Furniture Exhibition is getting closer and Karibian Descanso will be there again this year to present its latest products for 2018 from 24 to 27 January. On this important date Karibian Descanso<\/p>\n","protected":false},"author":2,"featured_media":1411,"comment_status":"open","ping_status":"open","sticky":false,"template":"","format":"standard","meta":{"footnotes":""},"categories":[10],"tags":[25,35,61,62,63,64],"class_list":["post-1393","post","type-post","status-publish","format-standard","has-post-thumbnail","hentry","category-noticias","tag-karibian-descanso","tag-confort","tag-feria","tag-mueble","tag-zaragoza","tag-64"],"yoast_head":"<!-- This site is optimized with the Yoast SEO plugin v27.0 - https:\/\/yoast.com\/product\/yoast-seo-wordpress\/ -->\n<title>6th ZARAGOZA FE2018 - Karibian Descanso<\/title>\n<meta name=\"robots\" content=\"index, follow, max-snippet:-1, max-image-preview:large, max-video-preview:-1\" \/>\n<link rel=\"canonical\" href=\"https:\/\/karibiandescanso.com\/en\/feriamueblezaragoza2018\/\" \/>\n<meta property=\"og:locale\" content=\"en_US\" \/>\n<meta property=\"og:type\" content=\"article\" \/>\n<meta property=\"og:title\" content=\"[:es]6\u00aa FERIA MUEBLE ZARAGOZA 2018[:en]6th ZARAGOZA FE2018[:fr] 6\u00c9ME FOIRE SARAGOSSE 2018[:ru]VI \u041c\u0435\u0431\u0435\u043b\u044c\u043d\u043e\u0439 \u0432\u044b\u0441\u0442\u0430\u0432\u043a\u0435 \u0421\u0430\u0440\u0430\u0433\u043e\u0441\u044b 2018[:] - Karibian Descanso\" \/>\n<meta property=\"og:description\" content=\"[:es]La Feria del Mueble de Zaragoza est\u00e1 cada vez m\u00e1s cerca y Karibian Descanso estar\u00e1 presente un a\u00f1o m\u00e1s del 24 al 27 de Enero, presentando las novedades para este a\u00f1o 2018 y un nuevo stand elegante y moderno.[:en]The Zaragoza Furniture Exhibition is getting closer and Karibian Descanso will be there again this year to present its latest products for 2018 from 24 to 27 January. On this important date Karibian Descanso [:fr]La foire du Meuble de Saragosse est de plus en plus proche et Karibian Descanso sera pr\u00e9sent du 24 au 27 de Janvier, en pr\u00e9sentant les nouveaut\u00e9s pour cette ann\u00e9e 2018. Karibian Descanso pr\u00e9sent un stand \u00e9l\u00e9gant. [:ru]\u0421 24 \u043f\u043e 27 \u044f\u043d\u0432\u0430\u0440\u044f \u043a\u043e\u043c\u043f\u0430\u043d\u0438\u044f Karibian Descanso\u00a0\u043f\u0440\u0438\u043d\u044f\u043b\u0430 \u0443\u0447\u0430\u0441\u0442\u0438\u0435 \u0432 VI \u041c\u0435\u0431\u0435\u043b\u044c\u043d\u043e\u0439 \u0432\u044b\u0441\u0442\u0430\u0432\u043a\u0435 \u0421\u0430\u0440\u0430\u0433\u043e\u0441\u044b 2018, \u0433\u0434\u0435 \u0431\u044b\u043b \u043f\u0440\u0435\u0434\u0441\u0442\u0430\u0432\u043b\u0435\u043d \u0440\u044f\u0434 \u043d\u043e\u0432\u0438\u043d\u043e\u043a \u0438\u0437 \u0447\u0438\u0441\u043b\u0430[:]\" \/>\n<meta property=\"og:url\" content=\"https:\/\/karibiandescanso.com\/en\/feriamueblezaragoza2018\/\" \/>\n<meta property=\"og:site_name\" content=\"Karibian Descanso\" \/>\n<meta property=\"article:published_time\" content=\"2018-01-22T17:25:50+00:00\" \/>\n<meta property=\"article:modified_time\" content=\"2019-03-11T07:11:14+00:00\" \/>\n<meta property=\"og:image\" content=\"https:\/\/karibiandescanso.com\/wp-content\/uploads\/2018\/01\/Blog-portada-feria-zaragoza.png\" \/>\n\t<meta property=\"og:image:width\" content=\"1280\" \/>\n\t<meta property=\"og:image:height\" content=\"720\" \/>\n\t<meta property=\"og:image:type\" content=\"image\/png\" \/>\n<meta name=\"author\" content=\"Karibian Descanso\" \/>\n<meta name=\"twitter:card\" content=\"summary_large_image\" \/>\n<meta name=\"twitter:label1\" content=\"Written by\" \/>\n\t<meta name=\"twitter:data1\" content=\"Karibian Descanso\" \/>\n\t<meta name=\"twitter:label2\" content=\"Est. reading time\" \/>\n\t<meta name=\"twitter:data2\" content=\"3 minutes\" \/>\n<script type=\"application\/ld+json\" class=\"yoast-schema-graph\">{\"@context\":\"https:\/\/schema.org\",\"@graph\":[{\"@type\":\"Article\",\"@id\":\"https:\/\/karibiandescanso.com\/en\/feriamueblezaragoza2018\/#article\",\"isPartOf\":{\"@id\":\"https:\/\/karibiandescanso.com\/en\/feriamueblezaragoza2018\/\"},\"author\":{\"name\":\"Karibian Descanso\",\"@id\":\"https:\/\/karibiandescanso.com\/#\/schema\/person\/23be63b9b19bd8da8980c8eecdd69d30\"},\"headline\":\"6th ZARAGOZA FE2018\",\"datePublished\":\"2018-01-22T17:25:50+00:00\",\"dateModified\":\"2019-03-11T07:11:14+00:00\",\"mainEntityOfPage\":{\"@id\":\"https:\/\/karibiandescanso.com\/en\/feriamueblezaragoza2018\/\"},\"wordCount\":819,\"commentCount\":0,\"image\":{\"@id\":\"https:\/\/karibiandescanso.com\/en\/feriamueblezaragoza2018\/#primaryimage\"},\"thumbnailUrl\":\"https:\/\/karibiandescanso.com\/wp-content\/uploads\/2018\/01\/Blog-portada-feria-zaragoza.png\",\"keywords\":[\"karibian descanso\",\"confort\",\"Feria\",\"Mueble\",\"Zaragoza\",\"2018\"],\"articleSection\":[\"news\"],\"inLanguage\":\"en-US\",\"potentialAction\":[{\"@type\":\"CommentAction\",\"name\":\"Comment\",\"target\":[\"https:\/\/karibiandescanso.com\/en\/feriamueblezaragoza2018\/#respond\"]}]},{\"@type\":\"WebPage\",\"@id\":\"https:\/\/karibiandescanso.com\/en\/feriamueblezaragoza2018\/\",\"url\":\"https:\/\/karibiandescanso.com\/en\/feriamueblezaragoza2018\/\",\"name\":\"[:es]6\u00aa FERIA MUEBLE ZARAGOZA 2018[:en]6th ZARAGOZA FE2018[:fr] 6\u00c9ME FOIRE SARAGOSSE 2018[:ru]VI \u041c\u0435\u0431\u0435\u043b\u044c\u043d\u043e\u0439 \u0432\u044b\u0441\u0442\u0430\u0432\u043a\u0435 \u0421\u0430\u0440\u0430\u0433\u043e\u0441\u044b 2018[:] - Karibian Descanso\",\"isPartOf\":{\"@id\":\"https:\/\/karibiandescanso.com\/#website\"},\"primaryImageOfPage\":{\"@id\":\"https:\/\/karibiandescanso.com\/en\/feriamueblezaragoza2018\/#primaryimage\"},\"image\":{\"@id\":\"https:\/\/karibiandescanso.com\/en\/feriamueblezaragoza2018\/#primaryimage\"},\"thumbnailUrl\":\"https:\/\/karibiandescanso.com\/wp-content\/uploads\/2018\/01\/Blog-portada-feria-zaragoza.png\",\"datePublished\":\"2018-01-22T17:25:50+00:00\",\"dateModified\":\"2019-03-11T07:11:14+00:00\",\"author\":{\"@id\":\"https:\/\/karibiandescanso.com\/#\/schema\/person\/23be63b9b19bd8da8980c8eecdd69d30\"},\"breadcrumb\":{\"@id\":\"https:\/\/karibiandescanso.com\/en\/feriamueblezaragoza2018\/#breadcrumb\"},\"inLanguage\":\"en-US\",\"potentialAction\":[{\"@type\":\"ReadAction\",\"target\":[\"https:\/\/karibiandescanso.com\/en\/feriamueblezaragoza2018\/\"]}]},{\"@type\":\"ImageObject\",\"inLanguage\":\"en-US\",\"@id\":\"https:\/\/karibiandescanso.com\/en\/feriamueblezaragoza2018\/#primaryimage\",\"url\":\"https:\/\/karibiandescanso.com\/wp-content\/uploads\/2018\/01\/Blog-portada-feria-zaragoza.png\",\"contentUrl\":\"https:\/\/karibiandescanso.com\/wp-content\/uploads\/2018\/01\/Blog-portada-feria-zaragoza.png\",\"width\":1280,\"height\":720},{\"@type\":\"BreadcrumbList\",\"@id\":\"https:\/\/karibiandescanso.com\/en\/feriamueblezaragoza2018\/#breadcrumb\",\"itemListElement\":[{\"@type\":\"ListItem\",\"position\":1,\"name\":\"Portada\",\"item\":\"https:\/\/karibiandescanso.com\/\"},{\"@type\":\"ListItem\",\"position\":2,\"name\":\"6th ZARAGOZA FE2018\"}]},{\"@type\":\"WebSite\",\"@id\":\"https:\/\/karibiandescanso.com\/#website\",\"url\":\"https:\/\/karibiandescanso.com\/\",\"name\":\"Karibian Descanso\",\"description\":\"Where is rest\",\"potentialAction\":[{\"@type\":\"SearchAction\",\"target\":{\"@type\":\"EntryPoint\",\"urlTemplate\":\"https:\/\/karibiandescanso.com\/?s={search_term_string}\"},\"query-input\":{\"@type\":\"PropertyValueSpecification\",\"valueRequired\":true,\"valueName\":\"search_term_string\"}}],\"inLanguage\":\"en-US\"},{\"@type\":\"Person\",\"@id\":\"https:\/\/karibiandescanso.com\/#\/schema\/person\/23be63b9b19bd8da8980c8eecdd69d30\",\"name\":\"Karibian Descanso\",\"image\":{\"@type\":\"ImageObject\",\"inLanguage\":\"en-US\",\"@id\":\"https:\/\/karibiandescanso.com\/#\/schema\/person\/image\/\",\"url\":\"https:\/\/secure.gravatar.com\/avatar\/2f55039d31e0c8cf55d2c2b6e3bb49113343c35fd46d6d11806620d3c9641ba7?s=96&d=mm&r=g\",\"contentUrl\":\"https:\/\/secure.gravatar.com\/avatar\/2f55039d31e0c8cf55d2c2b6e3bb49113343c35fd46d6d11806620d3c9641ba7?s=96&d=mm&r=g\",\"caption\":\"Karibian Descanso\"},\"url\":\"https:\/\/karibiandescanso.com\/en\/author\/karibian-descanso\/\"}]}<\/script>\n<!-- \/ Yoast SEO plugin. -->","yoast_head_json":{"title":"[:es]6\u00aa FERIA MUEBLE ZARAGOZA 2018[:en]6th ZARAGOZA FE2018[:fr] 6\u00c9ME FOIRE SARAGOSSE 2018[:ru]VI \u041c\u0435\u0431\u0435\u043b\u044c\u043d\u043e\u0439 \u0432\u044b\u0441\u0442\u0430\u0432\u043a\u0435 \u0421\u0430\u0440\u0430\u0433\u043e\u0441\u044b 2018[:] - Karibian Descanso","robots":{"index":"index","follow":"follow","max-snippet":"max-snippet:-1","max-image-preview":"max-image-preview:large","max-video-preview":"max-video-preview:-1"},"canonical":"https:\/\/karibiandescanso.com\/en\/feriamueblezaragoza2018\/","og_locale":"en_US","og_type":"article","og_title":"[:es]6\u00aa FERIA MUEBLE ZARAGOZA 2018[:en]6th ZARAGOZA FE2018[:fr] 6\u00c9ME FOIRE SARAGOSSE 2018[:ru]VI \u041c\u0435\u0431\u0435\u043b\u044c\u043d\u043e\u0439 \u0432\u044b\u0441\u0442\u0430\u0432\u043a\u0435 \u0421\u0430\u0440\u0430\u0433\u043e\u0441\u044b 2018[:] - Karibian Descanso","og_description":"[:es]La Feria del Mueble de Zaragoza est\u00e1 cada vez m\u00e1s cerca y Karibian Descanso estar\u00e1 presente un a\u00f1o m\u00e1s del 24 al 27 de Enero, presentando las novedades para este a\u00f1o 2018 y un nuevo stand elegante y moderno.[:en]The Zaragoza Furniture Exhibition is getting closer and Karibian Descanso will be there again this year to present its latest products for 2018 from 24 to 27 January. On this important date Karibian Descanso [:fr]La foire du Meuble de Saragosse est de plus en plus proche et Karibian Descanso sera pr\u00e9sent du 24 au 27 de Janvier, en pr\u00e9sentant les nouveaut\u00e9s pour cette ann\u00e9e 2018. Karibian Descanso pr\u00e9sent un stand \u00e9l\u00e9gant. [:ru]\u0421 24 \u043f\u043e 27 \u044f\u043d\u0432\u0430\u0440\u044f \u043a\u043e\u043c\u043f\u0430\u043d\u0438\u044f Karibian Descanso\u00a0\u043f\u0440\u0438\u043d\u044f\u043b\u0430 \u0443\u0447\u0430\u0441\u0442\u0438\u0435 \u0432 VI \u041c\u0435\u0431\u0435\u043b\u044c\u043d\u043e\u0439 \u0432\u044b\u0441\u0442\u0430\u0432\u043a\u0435 \u0421\u0430\u0440\u0430\u0433\u043e\u0441\u044b 2018, \u0433\u0434\u0435 \u0431\u044b\u043b \u043f\u0440\u0435\u0434\u0441\u0442\u0430\u0432\u043b\u0435\u043d \u0440\u044f\u0434 \u043d\u043e\u0432\u0438\u043d\u043e\u043a \u0438\u0437 \u0447\u0438\u0441\u043b\u0430[:]","og_url":"https:\/\/karibiandescanso.com\/en\/feriamueblezaragoza2018\/","og_site_name":"Karibian Descanso","article_published_time":"2018-01-22T17:25:50+00:00","article_modified_time":"2019-03-11T07:11:14+00:00","og_image":[{"width":1280,"height":720,"url":"https:\/\/karibiandescanso.com\/wp-content\/uploads\/2018\/01\/Blog-portada-feria-zaragoza.png","type":"image\/png"}],"author":"Karibian Descanso","twitter_card":"summary_large_image","twitter_misc":{"Written by":"Karibian Descanso","Est. reading time":"3 minutes"},"schema":{"@context":"https:\/\/schema.org","@graph":[{"@type":"Article","@id":"https:\/\/karibiandescanso.com\/en\/feriamueblezaragoza2018\/#article","isPartOf":{"@id":"https:\/\/karibiandescanso.com\/en\/feriamueblezaragoza2018\/"},"author":{"name":"Karibian Descanso","@id":"https:\/\/karibiandescanso.com\/#\/schema\/person\/23be63b9b19bd8da8980c8eecdd69d30"},"headline":"6th ZARAGOZA FE2018","datePublished":"2018-01-22T17:25:50+00:00","dateModified":"2019-03-11T07:11:14+00:00","mainEntityOfPage":{"@id":"https:\/\/karibiandescanso.com\/en\/feriamueblezaragoza2018\/"},"wordCount":819,"commentCount":0,"image":{"@id":"https:\/\/karibiandescanso.com\/en\/feriamueblezaragoza2018\/#primaryimage"},"thumbnailUrl":"https:\/\/karibiandescanso.com\/wp-content\/uploads\/2018\/01\/Blog-portada-feria-zaragoza.png","keywords":["karibian descanso","confort","Feria","Mueble","Zaragoza","2018"],"articleSection":["news"],"inLanguage":"en-US","potentialAction":[{"@type":"CommentAction","name":"Comment","target":["https:\/\/karibiandescanso.com\/en\/feriamueblezaragoza2018\/#respond"]}]},{"@type":"WebPage","@id":"https:\/\/karibiandescanso.com\/en\/feriamueblezaragoza2018\/","url":"https:\/\/karibiandescanso.com\/en\/feriamueblezaragoza2018\/","name":"[:es]6\u00aa FERIA MUEBLE ZARAGOZA 2018[:en]6th ZARAGOZA FE2018[:fr] 6\u00c9ME FOIRE SARAGOSSE 2018[:ru]VI \u041c\u0435\u0431\u0435\u043b\u044c\u043d\u043e\u0439 \u0432\u044b\u0441\u0442\u0430\u0432\u043a\u0435 \u0421\u0430\u0440\u0430\u0433\u043e\u0441\u044b 2018[:] - Karibian Descanso","isPartOf":{"@id":"https:\/\/karibiandescanso.com\/#website"},"primaryImageOfPage":{"@id":"https:\/\/karibiandescanso.com\/en\/feriamueblezaragoza2018\/#primaryimage"},"image":{"@id":"https:\/\/karibiandescanso.com\/en\/feriamueblezaragoza2018\/#primaryimage"},"thumbnailUrl":"https:\/\/karibiandescanso.com\/wp-content\/uploads\/2018\/01\/Blog-portada-feria-zaragoza.png","datePublished":"2018-01-22T17:25:50+00:00","dateModified":"2019-03-11T07:11:14+00:00","author":{"@id":"https:\/\/karibiandescanso.com\/#\/schema\/person\/23be63b9b19bd8da8980c8eecdd69d30"},"breadcrumb":{"@id":"https:\/\/karibiandescanso.com\/en\/feriamueblezaragoza2018\/#breadcrumb"},"inLanguage":"en-US","potentialAction":[{"@type":"ReadAction","target":["https:\/\/karibiandescanso.com\/en\/feriamueblezaragoza2018\/"]}]},{"@type":"ImageObject","inLanguage":"en-US","@id":"https:\/\/karibiandescanso.com\/en\/feriamueblezaragoza2018\/#primaryimage","url":"https:\/\/karibiandescanso.com\/wp-content\/uploads\/2018\/01\/Blog-portada-feria-zaragoza.png","contentUrl":"https:\/\/karibiandescanso.com\/wp-content\/uploads\/2018\/01\/Blog-portada-feria-zaragoza.png","width":1280,"height":720},{"@type":"BreadcrumbList","@id":"https:\/\/karibiandescanso.com\/en\/feriamueblezaragoza2018\/#breadcrumb","itemListElement":[{"@type":"ListItem","position":1,"name":"Portada","item":"https:\/\/karibiandescanso.com\/"},{"@type":"ListItem","position":2,"name":"6th ZARAGOZA FE2018"}]},{"@type":"WebSite","@id":"https:\/\/karibiandescanso.com\/#website","url":"https:\/\/karibiandescanso.com\/","name":"Karibian Descanso","description":"Where is rest","potentialAction":[{"@type":"SearchAction","target":{"@type":"EntryPoint","urlTemplate":"https:\/\/karibiandescanso.com\/?s={search_term_string}"},"query-input":{"@type":"PropertyValueSpecification","valueRequired":true,"valueName":"search_term_string"}}],"inLanguage":"en-US"},{"@type":"Person","@id":"https:\/\/karibiandescanso.com\/#\/schema\/person\/23be63b9b19bd8da8980c8eecdd69d30","name":"Karibian Descanso","image":{"@type":"ImageObject","inLanguage":"en-US","@id":"https:\/\/karibiandescanso.com\/#\/schema\/person\/image\/","url":"https:\/\/secure.gravatar.com\/avatar\/2f55039d31e0c8cf55d2c2b6e3bb49113343c35fd46d6d11806620d3c9641ba7?s=96&d=mm&r=g","contentUrl":"https:\/\/secure.gravatar.com\/avatar\/2f55039d31e0c8cf55d2c2b6e3bb49113343c35fd46d6d11806620d3c9641ba7?s=96&d=mm&r=g","caption":"Karibian Descanso"},"url":"https:\/\/karibiandescanso.com\/en\/author\/karibian-descanso\/"}]}},"_links":{"self":[{"href":"https:\/\/karibiandescanso.com\/en\/wp-json\/wp\/v2\/posts\/1393","targetHints":{"allow":["GET"]}}],"collection":[{"href":"https:\/\/karibiandescanso.com\/en\/wp-json\/wp\/v2\/posts"}],"about":[{"href":"https:\/\/karibiandescanso.com\/en\/wp-json\/wp\/v2\/types\/post"}],"author":[{"embeddable":true,"href":"https:\/\/karibiandescanso.com\/en\/wp-json\/wp\/v2\/users\/2"}],"replies":[{"embeddable":true,"href":"https:\/\/karibiandescanso.com\/en\/wp-json\/wp\/v2\/comments?post=1393"}],"version-history":[{"count":0,"href":"https:\/\/karibiandescanso.com\/en\/wp-json\/wp\/v2\/posts\/1393\/revisions"}],"wp:featuredmedia":[{"embeddable":true,"href":"https:\/\/karibiandescanso.com\/en\/wp-json\/wp\/v2\/media\/1411"}],"wp:attachment":[{"href":"https:\/\/karibiandescanso.com\/en\/wp-json\/wp\/v2\/media?parent=1393"}],"wp:term":[{"taxonomy":"category","embeddable":true,"href":"https:\/\/karibiandescanso.com\/en\/wp-json\/wp\/v2\/categories?post=1393"},{"taxonomy":"post_tag","embeddable":true,"href":"https:\/\/karibiandescanso.com\/en\/wp-json\/wp\/v2\/tags?post=1393"}],"curies":[{"name":"wp","href":"https:\/\/api.w.org\/{rel}","templated":true}]}}