{"id":1416,"date":"2018-02-06T18:21:30","date_gmt":"2018-02-06T17:21:30","guid":{"rendered":"https:\/\/www.karibiandescanso.com\/?p=1416"},"modified":"2020-01-28T16:05:10","modified_gmt":"2020-01-28T15:05:10","slug":"participacionferiamueblezaragoza2018","status":"publish","type":"post","link":"https:\/\/karibiandescanso.com\/en\/participacionferiamueblezaragoza2018\/","title":{"rendered":"PARTICIPATION 6th FMZ2018"},"content":{"rendered":"<p><\/p>\n<h5><img loading=\"lazy\" decoding=\"async\" class=\" wp-image-1394 aligncenter\" src=\"https:\/\/www.karibiandescanso.com\/wp-content\/uploads\/2018\/01\/Mueble-Zaragoza.png\" alt=\"\" width=\"323\" height=\"180\" \/><\/h5>\n<p>From<strong> 24 to 27 January<\/strong>,<strong> Karibian Descanso<\/strong> took part in the 6<sup>th<\/sup>Zaragoza Furniture Exhibition 2018 where we presented our latest products in sleep systems. Our aim is to keep adapting our business to the needs of the market.<\/p>\n<p><img loading=\"lazy\" decoding=\"async\" class=\"alignleft size-full wp-image-1469\" src=\"https:\/\/www.karibiandescanso.com\/wp-content\/uploads\/2018\/02\/Final-Blog-Zaragoza-panoramica-4.png\" alt=\"\" width=\"2531\" height=\"676\" srcset=\"https:\/\/karibiandescanso.com\/wp-content\/uploads\/2018\/02\/Final-Blog-Zaragoza-panoramica-4.png 1920w, https:\/\/karibiandescanso.com\/wp-content\/uploads\/2018\/02\/Final-Blog-Zaragoza-panoramica-4-300x80.png 300w, https:\/\/karibiandescanso.com\/wp-content\/uploads\/2018\/02\/Final-Blog-Zaragoza-panoramica-4-1024x273.png 1024w\" sizes=\"auto, (max-width: 2531px) 100vw, 2531px\" \/><\/p>\n<p style=\"text-align: justify;\">The 6<sup>th<\/sup>Zaragoza Furniture Exhibition exceeded their highest expectations receiving<strong> 48,220 visits<\/strong> from industry professionals, taking place over <strong>4 days<\/strong>, with the participation of professionals from over 50 nationalities and occupying <strong>106,000 square metres of exhibition<\/strong> space spread out over 10 halls. The number of companies that took part in the exhibition reached <strong>645<\/strong>. In other words, the <strong>FMZ2018<\/strong>\u00a0accomplished it mission of becoming the ideal space to exhibit and discover the latest developments in the industry. It is now the fasting growing furniture exhibition.<\/p>\n<p style=\"text-align: justify;\">All of this was possible thanks to the hard work and support of the industry. From the first meeting in 2008 to the most recent one in 2018 there has been a huge step up in terms of quality, design and participation, going from 209 stands to 650, and the surface area more than doubling from 48,000m<sup>2<\/sup>to 106,000m<sup>2<\/sup>.<\/p>\n<p style=\"text-align: justify;\">It was a real pleasure for us to be there at this important event where we were able to reiterate our commitment to design, new lines and more open concepts using fresh materials.<\/p>\n<p style=\"text-align: justify;\"><img loading=\"lazy\" decoding=\"async\" class=\"alignleft size-full wp-image-1482\" src=\"https:\/\/www.karibiandescanso.com\/wp-content\/uploads\/2018\/02\/Shox-System-Spring-Pocket.png\" alt=\"\" width=\"2531\" height=\"688\" srcset=\"https:\/\/karibiandescanso.com\/wp-content\/uploads\/2018\/02\/Shox-System-Spring-Pocket.png 2531w, https:\/\/karibiandescanso.com\/wp-content\/uploads\/2018\/02\/Shox-System-Spring-Pocket-300x82.png 300w, https:\/\/karibiandescanso.com\/wp-content\/uploads\/2018\/02\/Shox-System-Spring-Pocket-1024x278.png 1024w\" sizes=\"auto, (max-width: 2531px) 100vw, 2531px\" \/><\/p>\n<p>&nbsp;<\/p>\n<p style=\"text-align: justify;\">We are very happy with the large number of visits our stand received and appreciate the reception our new products on display enjoyed. Included in these new products were some that we have launched into the market with combinations of high resiliency foams, cores with defined 4-layer edges and 7 rest zones for total adaptability to any body type.<\/p>\n<p style=\"text-align: justify;\">Combinations of 50 and 60kg HR foams with Neroli essential oils; pocketed springs with casing and an especially compact Box designed for all weight ranges; new fabrics like Coolplus which controls and regulates evaporation and which we have integrated with \u2018anti-pilling\u2019 treatment.<\/p>\n<p style=\"text-align: justify;\"><img loading=\"lazy\" decoding=\"async\" class=\"alignleft wp-image-3797 size-full\" src=\"https:\/\/www.karibiandescanso.com\/wp-content\/uploads\/2018\/02\/Nuevas-sensaciones-ingles.png\" alt=\"\" width=\"1920\" height=\"410\" \/><\/p>\n<p>&nbsp;<\/p>\n<p style=\"text-align: justify;\">The <strong>FMZ2018<\/strong> closed its doors after 4 days in which the industry showed its strength and with an attendance which was evaluated as POSITIVE. From Karibian Descanso we would like to send a heart-filled thanks to our customers, representatives and friends for visiting our stand, spending time there and believing in us. We leave you with a video which summaries our participation at the FMZ2018.<\/p>\n<p>https:\/\/www.youtube.com\/watch?v=KyU2egs-034<\/p>","protected":false},"excerpt":{"rendered":"<p>From 24 to 27 January, Karibian Descanso took part in the 6thZaragoza Furniture Exhibition 2018 where we presented our latest products in sleep systems. Our aim is to keep adapting our business to the needs of the market.<\/p>\n","protected":false},"author":2,"featured_media":1498,"comment_status":"open","ping_status":"open","sticky":false,"template":"","format":"standard","meta":{"footnotes":""},"categories":[10],"tags":[25,29,35,61,62,63,64],"class_list":["post-1416","post","type-post","status-publish","format-standard","has-post-thumbnail","hentry","category-noticias","tag-karibian-descanso","tag-descanso","tag-confort","tag-feria","tag-mueble","tag-zaragoza","tag-64"],"yoast_head":"<!-- This site is optimized with the Yoast SEO plugin v27.0 - https:\/\/yoast.com\/product\/yoast-seo-wordpress\/ -->\n<title>PARTICIPATION 6th FMZ2018 - Karibian Descanso<\/title>\n<meta name=\"robots\" content=\"index, follow, max-snippet:-1, max-image-preview:large, max-video-preview:-1\" \/>\n<link rel=\"canonical\" href=\"https:\/\/karibiandescanso.com\/en\/participacionferiamueblezaragoza2018\/\" \/>\n<meta property=\"og:locale\" content=\"en_US\" \/>\n<meta property=\"og:type\" content=\"article\" \/>\n<meta property=\"og:title\" content=\"[:es]PARTICIPACION 6\u00aa FMZ2018[:en]PARTICIPATION 6th FMZ2018[:fr]PARTICIPATION 6\u00e8me FMZ2018[:ru]\u0423\u0427\u0410\u0421\u0422\u0418\u0415 \u0412 VI \u041c\u0435\u0431\u0435\u043b\u044c\u043d\u043e\u0439 \u0432\u044b\u0441\u0442\u0430\u0432\u043a\u0435 \u0421\u0430\u0440\u0430\u0433\u043e\u0441\u044b 2018[:] - Karibian Descanso\" \/>\n<meta property=\"og:description\" content=\"[:es]Del 24 al 27 de Enero\u00a0Karibian Descanso\u00a0particip\u00f3 en la 6\u00aa Feria del Mueble de Zaragoza 2018, presentando diferentes novedades en sistemas del descanso, con el fin de adaptarnos a las necesidades... [:en]From 24 to 27 January, Karibian Descanso took part in the 6thZaragoza Furniture Exhibition 2018 where we presented our latest products in sleep systems. Our aim is to keep adapting our business to the needs of the market.[:fr]Du 24 au 27 de Janvier Karibian Descanso a particip\u00e9 \u00e0 la 6\u00e8me Foire du Meuble de Saragosse 2018, en pr\u00e9sentant diff\u00e9rentes nouveaut\u00e9s en syst\u00e8mes de repos, afin de nous adapter aux besoins du march\u00e9.   [:ru]\u0421 24 \u043f\u043e 27 \u044f\u043d\u0432\u0430\u0440\u044f \u043a\u043e\u043c\u043f\u0430\u043d\u0438\u044f Karibian Descanso\u00a0\u043f\u0440\u0438\u043d\u044f\u043b\u0430 \u0443\u0447\u0430\u0441\u0442\u0438\u0435 \u0432 VI \u041c\u0435\u0431\u0435\u043b\u044c\u043d\u043e\u0439 \u0432\u044b\u0441\u0442\u0430\u0432\u043a\u0435 \u0421\u0430\u0440\u0430\u0433\u043e\u0441\u044b 2018, \u0433\u0434\u0435 \u0431\u044b\u043b \u043f\u0440\u0435\u0434\u0441\u0442\u0430\u0432\u043b\u0435\u043d \u0440\u044f\u0434 \u043d\u043e\u0432\u0438\u043d\u043e\u043a \u0438\u0437 \u0447\u0438\u0441\u043b\u0430[:]\" \/>\n<meta property=\"og:url\" content=\"https:\/\/karibiandescanso.com\/en\/participacionferiamueblezaragoza2018\/\" \/>\n<meta property=\"og:site_name\" content=\"Karibian Descanso\" \/>\n<meta property=\"article:published_time\" content=\"2018-02-06T17:21:30+00:00\" \/>\n<meta property=\"article:modified_time\" content=\"2020-01-28T15:05:10+00:00\" \/>\n<meta property=\"og:image\" content=\"https:\/\/karibiandescanso.com\/wp-content\/uploads\/2018\/02\/Blog-portada-feria-zaragoza1-final.png\" \/>\n\t<meta property=\"og:image:width\" content=\"1280\" \/>\n\t<meta property=\"og:image:height\" content=\"720\" \/>\n\t<meta property=\"og:image:type\" content=\"image\/png\" \/>\n<meta name=\"author\" content=\"Karibian Descanso\" \/>\n<meta name=\"twitter:card\" content=\"summary_large_image\" \/>\n<meta name=\"twitter:label1\" content=\"Written by\" \/>\n\t<meta name=\"twitter:data1\" content=\"Karibian Descanso\" \/>\n\t<meta name=\"twitter:label2\" content=\"Est. reading time\" \/>\n\t<meta name=\"twitter:data2\" content=\"6 minutes\" \/>\n<script type=\"application\/ld+json\" class=\"yoast-schema-graph\">{\"@context\":\"https:\/\/schema.org\",\"@graph\":[{\"@type\":\"Article\",\"@id\":\"https:\/\/karibiandescanso.com\/en\/participacionferiamueblezaragoza2018\/#article\",\"isPartOf\":{\"@id\":\"https:\/\/karibiandescanso.com\/en\/participacionferiamueblezaragoza2018\/\"},\"author\":{\"name\":\"Karibian Descanso\",\"@id\":\"https:\/\/karibiandescanso.com\/#\/schema\/person\/23be63b9b19bd8da8980c8eecdd69d30\"},\"headline\":\"PARTICIPATION 6th FMZ2018\",\"datePublished\":\"2018-02-06T17:21:30+00:00\",\"dateModified\":\"2020-01-28T15:05:10+00:00\",\"mainEntityOfPage\":{\"@id\":\"https:\/\/karibiandescanso.com\/en\/participacionferiamueblezaragoza2018\/\"},\"wordCount\":1500,\"commentCount\":0,\"image\":{\"@id\":\"https:\/\/karibiandescanso.com\/en\/participacionferiamueblezaragoza2018\/#primaryimage\"},\"thumbnailUrl\":\"https:\/\/karibiandescanso.com\/wp-content\/uploads\/2018\/02\/Blog-portada-feria-zaragoza1-final.png\",\"keywords\":[\"karibian descanso\",\"Descanso\",\"confort\",\"Feria\",\"Mueble\",\"Zaragoza\",\"2018\"],\"articleSection\":[\"news\"],\"inLanguage\":\"en-US\",\"potentialAction\":[{\"@type\":\"CommentAction\",\"name\":\"Comment\",\"target\":[\"https:\/\/karibiandescanso.com\/en\/participacionferiamueblezaragoza2018\/#respond\"]}]},{\"@type\":\"WebPage\",\"@id\":\"https:\/\/karibiandescanso.com\/en\/participacionferiamueblezaragoza2018\/\",\"url\":\"https:\/\/karibiandescanso.com\/en\/participacionferiamueblezaragoza2018\/\",\"name\":\"[:es]PARTICIPACION 6\u00aa FMZ2018[:en]PARTICIPATION 6th FMZ2018[:fr]PARTICIPATION 6\u00e8me FMZ2018[:ru]\u0423\u0427\u0410\u0421\u0422\u0418\u0415 \u0412 VI \u041c\u0435\u0431\u0435\u043b\u044c\u043d\u043e\u0439 \u0432\u044b\u0441\u0442\u0430\u0432\u043a\u0435 \u0421\u0430\u0440\u0430\u0433\u043e\u0441\u044b 2018[:] - Karibian Descanso\",\"isPartOf\":{\"@id\":\"https:\/\/karibiandescanso.com\/#website\"},\"primaryImageOfPage\":{\"@id\":\"https:\/\/karibiandescanso.com\/en\/participacionferiamueblezaragoza2018\/#primaryimage\"},\"image\":{\"@id\":\"https:\/\/karibiandescanso.com\/en\/participacionferiamueblezaragoza2018\/#primaryimage\"},\"thumbnailUrl\":\"https:\/\/karibiandescanso.com\/wp-content\/uploads\/2018\/02\/Blog-portada-feria-zaragoza1-final.png\",\"datePublished\":\"2018-02-06T17:21:30+00:00\",\"dateModified\":\"2020-01-28T15:05:10+00:00\",\"author\":{\"@id\":\"https:\/\/karibiandescanso.com\/#\/schema\/person\/23be63b9b19bd8da8980c8eecdd69d30\"},\"breadcrumb\":{\"@id\":\"https:\/\/karibiandescanso.com\/en\/participacionferiamueblezaragoza2018\/#breadcrumb\"},\"inLanguage\":\"en-US\",\"potentialAction\":[{\"@type\":\"ReadAction\",\"target\":[\"https:\/\/karibiandescanso.com\/en\/participacionferiamueblezaragoza2018\/\"]}]},{\"@type\":\"ImageObject\",\"inLanguage\":\"en-US\",\"@id\":\"https:\/\/karibiandescanso.com\/en\/participacionferiamueblezaragoza2018\/#primaryimage\",\"url\":\"https:\/\/karibiandescanso.com\/wp-content\/uploads\/2018\/02\/Blog-portada-feria-zaragoza1-final.png\",\"contentUrl\":\"https:\/\/karibiandescanso.com\/wp-content\/uploads\/2018\/02\/Blog-portada-feria-zaragoza1-final.png\",\"width\":1280,\"height\":720},{\"@type\":\"BreadcrumbList\",\"@id\":\"https:\/\/karibiandescanso.com\/en\/participacionferiamueblezaragoza2018\/#breadcrumb\",\"itemListElement\":[{\"@type\":\"ListItem\",\"position\":1,\"name\":\"Portada\",\"item\":\"https:\/\/karibiandescanso.com\/\"},{\"@type\":\"ListItem\",\"position\":2,\"name\":\"PARTICIPATION 6th FMZ2018\"}]},{\"@type\":\"WebSite\",\"@id\":\"https:\/\/karibiandescanso.com\/#website\",\"url\":\"https:\/\/karibiandescanso.com\/\",\"name\":\"Karibian Descanso\",\"description\":\"Where is rest\",\"potentialAction\":[{\"@type\":\"SearchAction\",\"target\":{\"@type\":\"EntryPoint\",\"urlTemplate\":\"https:\/\/karibiandescanso.com\/?s={search_term_string}\"},\"query-input\":{\"@type\":\"PropertyValueSpecification\",\"valueRequired\":true,\"valueName\":\"search_term_string\"}}],\"inLanguage\":\"en-US\"},{\"@type\":\"Person\",\"@id\":\"https:\/\/karibiandescanso.com\/#\/schema\/person\/23be63b9b19bd8da8980c8eecdd69d30\",\"name\":\"Karibian Descanso\",\"image\":{\"@type\":\"ImageObject\",\"inLanguage\":\"en-US\",\"@id\":\"https:\/\/karibiandescanso.com\/#\/schema\/person\/image\/\",\"url\":\"https:\/\/secure.gravatar.com\/avatar\/2f55039d31e0c8cf55d2c2b6e3bb49113343c35fd46d6d11806620d3c9641ba7?s=96&d=mm&r=g\",\"contentUrl\":\"https:\/\/secure.gravatar.com\/avatar\/2f55039d31e0c8cf55d2c2b6e3bb49113343c35fd46d6d11806620d3c9641ba7?s=96&d=mm&r=g\",\"caption\":\"Karibian Descanso\"},\"url\":\"https:\/\/karibiandescanso.com\/en\/author\/karibian-descanso\/\"}]}<\/script>\n<!-- \/ Yoast SEO plugin. -->","yoast_head_json":{"title":"[:es]PARTICIPACION 6\u00aa FMZ2018[:en]PARTICIPATION 6th FMZ2018[:fr]PARTICIPATION 6\u00e8me FMZ2018[:ru]\u0423\u0427\u0410\u0421\u0422\u0418\u0415 \u0412 VI \u041c\u0435\u0431\u0435\u043b\u044c\u043d\u043e\u0439 \u0432\u044b\u0441\u0442\u0430\u0432\u043a\u0435 \u0421\u0430\u0440\u0430\u0433\u043e\u0441\u044b 2018[:] - Karibian Descanso","robots":{"index":"index","follow":"follow","max-snippet":"max-snippet:-1","max-image-preview":"max-image-preview:large","max-video-preview":"max-video-preview:-1"},"canonical":"https:\/\/karibiandescanso.com\/en\/participacionferiamueblezaragoza2018\/","og_locale":"en_US","og_type":"article","og_title":"[:es]PARTICIPACION 6\u00aa FMZ2018[:en]PARTICIPATION 6th FMZ2018[:fr]PARTICIPATION 6\u00e8me FMZ2018[:ru]\u0423\u0427\u0410\u0421\u0422\u0418\u0415 \u0412 VI \u041c\u0435\u0431\u0435\u043b\u044c\u043d\u043e\u0439 \u0432\u044b\u0441\u0442\u0430\u0432\u043a\u0435 \u0421\u0430\u0440\u0430\u0433\u043e\u0441\u044b 2018[:] - Karibian Descanso","og_description":"[:es]Del 24 al 27 de Enero\u00a0Karibian Descanso\u00a0particip\u00f3 en la 6\u00aa Feria del Mueble de Zaragoza 2018, presentando diferentes novedades en sistemas del descanso, con el fin de adaptarnos a las necesidades... [:en]From 24 to 27 January, Karibian Descanso took part in the 6thZaragoza Furniture Exhibition 2018 where we presented our latest products in sleep systems. Our aim is to keep adapting our business to the needs of the market.[:fr]Du 24 au 27 de Janvier Karibian Descanso a particip\u00e9 \u00e0 la 6\u00e8me Foire du Meuble de Saragosse 2018, en pr\u00e9sentant diff\u00e9rentes nouveaut\u00e9s en syst\u00e8mes de repos, afin de nous adapter aux besoins du march\u00e9.   [:ru]\u0421 24 \u043f\u043e 27 \u044f\u043d\u0432\u0430\u0440\u044f \u043a\u043e\u043c\u043f\u0430\u043d\u0438\u044f Karibian Descanso\u00a0\u043f\u0440\u0438\u043d\u044f\u043b\u0430 \u0443\u0447\u0430\u0441\u0442\u0438\u0435 \u0432 VI \u041c\u0435\u0431\u0435\u043b\u044c\u043d\u043e\u0439 \u0432\u044b\u0441\u0442\u0430\u0432\u043a\u0435 \u0421\u0430\u0440\u0430\u0433\u043e\u0441\u044b 2018, \u0433\u0434\u0435 \u0431\u044b\u043b \u043f\u0440\u0435\u0434\u0441\u0442\u0430\u0432\u043b\u0435\u043d \u0440\u044f\u0434 \u043d\u043e\u0432\u0438\u043d\u043e\u043a \u0438\u0437 \u0447\u0438\u0441\u043b\u0430[:]","og_url":"https:\/\/karibiandescanso.com\/en\/participacionferiamueblezaragoza2018\/","og_site_name":"Karibian Descanso","article_published_time":"2018-02-06T17:21:30+00:00","article_modified_time":"2020-01-28T15:05:10+00:00","og_image":[{"width":1280,"height":720,"url":"https:\/\/karibiandescanso.com\/wp-content\/uploads\/2018\/02\/Blog-portada-feria-zaragoza1-final.png","type":"image\/png"}],"author":"Karibian Descanso","twitter_card":"summary_large_image","twitter_misc":{"Written by":"Karibian Descanso","Est. reading time":"6 minutes"},"schema":{"@context":"https:\/\/schema.org","@graph":[{"@type":"Article","@id":"https:\/\/karibiandescanso.com\/en\/participacionferiamueblezaragoza2018\/#article","isPartOf":{"@id":"https:\/\/karibiandescanso.com\/en\/participacionferiamueblezaragoza2018\/"},"author":{"name":"Karibian Descanso","@id":"https:\/\/karibiandescanso.com\/#\/schema\/person\/23be63b9b19bd8da8980c8eecdd69d30"},"headline":"PARTICIPATION 6th FMZ2018","datePublished":"2018-02-06T17:21:30+00:00","dateModified":"2020-01-28T15:05:10+00:00","mainEntityOfPage":{"@id":"https:\/\/karibiandescanso.com\/en\/participacionferiamueblezaragoza2018\/"},"wordCount":1500,"commentCount":0,"image":{"@id":"https:\/\/karibiandescanso.com\/en\/participacionferiamueblezaragoza2018\/#primaryimage"},"thumbnailUrl":"https:\/\/karibiandescanso.com\/wp-content\/uploads\/2018\/02\/Blog-portada-feria-zaragoza1-final.png","keywords":["karibian descanso","Descanso","confort","Feria","Mueble","Zaragoza","2018"],"articleSection":["news"],"inLanguage":"en-US","potentialAction":[{"@type":"CommentAction","name":"Comment","target":["https:\/\/karibiandescanso.com\/en\/participacionferiamueblezaragoza2018\/#respond"]}]},{"@type":"WebPage","@id":"https:\/\/karibiandescanso.com\/en\/participacionferiamueblezaragoza2018\/","url":"https:\/\/karibiandescanso.com\/en\/participacionferiamueblezaragoza2018\/","name":"[:es]PARTICIPACION 6\u00aa FMZ2018[:en]PARTICIPATION 6th FMZ2018[:fr]PARTICIPATION 6\u00e8me FMZ2018[:ru]\u0423\u0427\u0410\u0421\u0422\u0418\u0415 \u0412 VI \u041c\u0435\u0431\u0435\u043b\u044c\u043d\u043e\u0439 \u0432\u044b\u0441\u0442\u0430\u0432\u043a\u0435 \u0421\u0430\u0440\u0430\u0433\u043e\u0441\u044b 2018[:] - Karibian Descanso","isPartOf":{"@id":"https:\/\/karibiandescanso.com\/#website"},"primaryImageOfPage":{"@id":"https:\/\/karibiandescanso.com\/en\/participacionferiamueblezaragoza2018\/#primaryimage"},"image":{"@id":"https:\/\/karibiandescanso.com\/en\/participacionferiamueblezaragoza2018\/#primaryimage"},"thumbnailUrl":"https:\/\/karibiandescanso.com\/wp-content\/uploads\/2018\/02\/Blog-portada-feria-zaragoza1-final.png","datePublished":"2018-02-06T17:21:30+00:00","dateModified":"2020-01-28T15:05:10+00:00","author":{"@id":"https:\/\/karibiandescanso.com\/#\/schema\/person\/23be63b9b19bd8da8980c8eecdd69d30"},"breadcrumb":{"@id":"https:\/\/karibiandescanso.com\/en\/participacionferiamueblezaragoza2018\/#breadcrumb"},"inLanguage":"en-US","potentialAction":[{"@type":"ReadAction","target":["https:\/\/karibiandescanso.com\/en\/participacionferiamueblezaragoza2018\/"]}]},{"@type":"ImageObject","inLanguage":"en-US","@id":"https:\/\/karibiandescanso.com\/en\/participacionferiamueblezaragoza2018\/#primaryimage","url":"https:\/\/karibiandescanso.com\/wp-content\/uploads\/2018\/02\/Blog-portada-feria-zaragoza1-final.png","contentUrl":"https:\/\/karibiandescanso.com\/wp-content\/uploads\/2018\/02\/Blog-portada-feria-zaragoza1-final.png","width":1280,"height":720},{"@type":"BreadcrumbList","@id":"https:\/\/karibiandescanso.com\/en\/participacionferiamueblezaragoza2018\/#breadcrumb","itemListElement":[{"@type":"ListItem","position":1,"name":"Portada","item":"https:\/\/karibiandescanso.com\/"},{"@type":"ListItem","position":2,"name":"PARTICIPATION 6th FMZ2018"}]},{"@type":"WebSite","@id":"https:\/\/karibiandescanso.com\/#website","url":"https:\/\/karibiandescanso.com\/","name":"Karibian Descanso","description":"Where is rest","potentialAction":[{"@type":"SearchAction","target":{"@type":"EntryPoint","urlTemplate":"https:\/\/karibiandescanso.com\/?s={search_term_string}"},"query-input":{"@type":"PropertyValueSpecification","valueRequired":true,"valueName":"search_term_string"}}],"inLanguage":"en-US"},{"@type":"Person","@id":"https:\/\/karibiandescanso.com\/#\/schema\/person\/23be63b9b19bd8da8980c8eecdd69d30","name":"Karibian Descanso","image":{"@type":"ImageObject","inLanguage":"en-US","@id":"https:\/\/karibiandescanso.com\/#\/schema\/person\/image\/","url":"https:\/\/secure.gravatar.com\/avatar\/2f55039d31e0c8cf55d2c2b6e3bb49113343c35fd46d6d11806620d3c9641ba7?s=96&d=mm&r=g","contentUrl":"https:\/\/secure.gravatar.com\/avatar\/2f55039d31e0c8cf55d2c2b6e3bb49113343c35fd46d6d11806620d3c9641ba7?s=96&d=mm&r=g","caption":"Karibian Descanso"},"url":"https:\/\/karibiandescanso.com\/en\/author\/karibian-descanso\/"}]}},"_links":{"self":[{"href":"https:\/\/karibiandescanso.com\/en\/wp-json\/wp\/v2\/posts\/1416","targetHints":{"allow":["GET"]}}],"collection":[{"href":"https:\/\/karibiandescanso.com\/en\/wp-json\/wp\/v2\/posts"}],"about":[{"href":"https:\/\/karibiandescanso.com\/en\/wp-json\/wp\/v2\/types\/post"}],"author":[{"embeddable":true,"href":"https:\/\/karibiandescanso.com\/en\/wp-json\/wp\/v2\/users\/2"}],"replies":[{"embeddable":true,"href":"https:\/\/karibiandescanso.com\/en\/wp-json\/wp\/v2\/comments?post=1416"}],"version-history":[{"count":0,"href":"https:\/\/karibiandescanso.com\/en\/wp-json\/wp\/v2\/posts\/1416\/revisions"}],"wp:featuredmedia":[{"embeddable":true,"href":"https:\/\/karibiandescanso.com\/en\/wp-json\/wp\/v2\/media\/1498"}],"wp:attachment":[{"href":"https:\/\/karibiandescanso.com\/en\/wp-json\/wp\/v2\/media?parent=1416"}],"wp:term":[{"taxonomy":"category","embeddable":true,"href":"https:\/\/karibiandescanso.com\/en\/wp-json\/wp\/v2\/categories?post=1416"},{"taxonomy":"post_tag","embeddable":true,"href":"https:\/\/karibiandescanso.com\/en\/wp-json\/wp\/v2\/tags?post=1416"}],"curies":[{"name":"wp","href":"https:\/\/api.w.org\/{rel}","templated":true}]}}