{"id":14880,"date":"2024-04-25T11:47:54","date_gmt":"2024-04-25T09:47:54","guid":{"rendered":"https:\/\/www.karibiandescanso.com\/?p=14880"},"modified":"2024-07-18T08:04:46","modified_gmt":"2024-07-18T06:04:46","slug":"milan-design-week","status":"publish","type":"post","link":"https:\/\/karibiandescanso.com\/en\/milan-design-week\/","title":{"rendered":"MILAN DESIGN WEEK"},"content":{"rendered":"<p>[vc_row css_animation=&#8221;&#8221; row_type=&#8221;row&#8221; use_row_as_full_screen_section=&#8221;no&#8221; type=&#8221;full_width&#8221; angled_section=&#8221;no&#8221; text_align=&#8221;left&#8221; background_image_as_pattern=&#8221;without_pattern&#8221;][vc_column][vc_column_text]<\/p>\n<p>[\/vc_column_text][\/vc_column][\/vc_row][vc_row css_animation=&#8221;&#8221; row_type=&#8221;row&#8221; use_row_as_full_screen_section=&#8221;no&#8221; type=&#8221;full_width&#8221; angled_section=&#8221;no&#8221; text_align=&#8221;left&#8221; background_image_as_pattern=&#8221;without_pattern&#8221;][vc_column][vc_column_text]<\/p>\n<p style=\"text-align: justify;\">Last April, Karibian was present at different events in the Italian city of Milan, taking advantage of its Design Week 2024.<\/p>\n<p style=\"text-align: justify;\">The innovative spirit of the firm was represented in different settings, such as the \u00a0<a href=\"https:\/\/www.salonemilano.it\/it\"><strong>Salone del Mobile.Milano<\/strong><\/a> and the <strong><a href=\"https:\/\/www.fuorisalone.it\/\">FuoriSalone<\/a><\/strong>. Attractive spaces designed with great attention to detail, invited attendees to experience a unique experience during this important week in the world of design.<\/p>\n<p>[\/vc_column_text][vc_empty_space height=&#8221;30px&#8221;][vc_column_text]<\/p>\n<h4 style=\"text-align: center;\"><strong>SALONE DEL MOBILE MILANO 2024<\/strong><\/h4>\n<p>[\/vc_column_text][vc_empty_space height=&#8221;30px&#8221;][vc_single_image image=&#8221;14898&#8243; img_size=&#8221;full&#8221; qode_css_animation=&#8221;&#8221;][vc_empty_space height=&#8221;10px&#8221;][vc_single_image image=&#8221;14897&#8243; img_size=&#8221;full&#8221; qode_css_animation=&#8221;&#8221;][vc_empty_space height=&#8221;10px&#8221;][vc_single_image image=&#8221;14894&#8243; img_size=&#8221;full&#8221; qode_css_animation=&#8221;&#8221;][vc_empty_space height=&#8221;30px&#8221;][vc_column_text]<\/p>\n<p style=\"text-align: justify;\">The leading event Salone del Mobile. Milano opened its doors celebrating its 62nd Edition with a great international gathering. From April 16 to 21, 2024, Milan became the center of creativity, trends and style with one of the most important events in the industry.<\/p>\n<p style=\"text-align: justify;\">At the Salone del Mobile 2024, Karibian invited its attendees to discover a universe of design and elegance within its Stand.<\/p>\n<p style=\"text-align: justify;\">New comfort collections that set trends and predefine the concept of rest.<\/p>\n<p>[\/vc_column_text][\/vc_column][\/vc_row][vc_row css_animation=&#8221;&#8221; row_type=&#8221;row&#8221; use_row_as_full_screen_section=&#8221;no&#8221; type=&#8221;full_width&#8221; angled_section=&#8221;no&#8221; text_align=&#8221;left&#8221; background_image_as_pattern=&#8221;without_pattern&#8221;][vc_column][vc_empty_space][vc_column_text]<\/p>\n<h4 style=\"text-align: center;\"><strong>FUORISALONE 2024<\/strong><\/h4>\n<p>[\/vc_column_text][vc_empty_space][vc_single_image image=&#8221;14902&#8243; img_size=&#8221;full&#8221; qode_css_animation=&#8221;&#8221;][vc_empty_space][vc_column_text]<\/p>\n<p style=\"text-align: justify;\">Simultaneously, Karibian exhibited its products at FUORISALONE, specifically at the NHow Hotel Milano, from April 15 to 21. Taking advantage of design week.<\/p>\n<p style=\"text-align: justify;\">An exclusive and unique space, with the firm&#8217;s most innovative models, where attendees learned in first person, a unique experience.<\/p>\n<p>[\/vc_column_text][vc_empty_space][\/vc_column][\/vc_row][vc_row css_animation=&#8221;&#8221; row_type=&#8221;row&#8221; use_row_as_full_screen_section=&#8221;no&#8221; type=&#8221;full_width&#8221; angled_section=&#8221;no&#8221; text_align=&#8221;left&#8221; background_image_as_pattern=&#8221;without_pattern&#8221;][vc_column][vc_video link=&#8221;https:\/\/www.youtube.com\/watch?v=crk8UsaL400&amp;t=8s&#8221; align=&#8221;center&#8221;][vc_empty_space height=&#8221;40px&#8221;][vc_column_text]<\/p>\n<p style=\"text-align: justify;\"><strong>Karibian Descanso<\/strong> would like to thank each of the professionals who visited us: clients, professionals in the sector, designers&#8230; Thank you for contributing to our great success at the Fair and at FuoriSalone. The number of visitors exceeded all our expectations. It has been a pleasure to be part of this edition.<\/p>\n<p style=\"text-align: justify;\">As well as congratulating the entire organization for the success obtained in the different attended events and encouraging them to continue working on the next edition in 2025.<\/p>\n<p>Thank you so much![\/vc_column_text][\/vc_column][\/vc_row][vc_row css_animation=&#8221;&#8221; row_type=&#8221;row&#8221; use_row_as_full_screen_section=&#8221;no&#8221; type=&#8221;full_width&#8221; angled_section=&#8221;no&#8221; text_align=&#8221;left&#8221; background_image_as_pattern=&#8221;without_pattern&#8221;][vc_column][\/vc_column][\/vc_row]<\/p>","protected":false},"excerpt":{"rendered":"<p>Karibian Descanso\u00a0exhibited its new products at Milan Design Week, which was held from April 15 to 21, 2024. The firm presented its models at the Salone del Mobile.Milano and at FuoriSalone.<\/p>\n","protected":false},"author":2,"featured_media":14909,"comment_status":"open","ping_status":"open","sticky":false,"template":"","format":"standard","meta":{"footnotes":""},"categories":[10,164],"tags":[100,161,167,239,240,242,273,274,275,25,80,91,97],"class_list":["post-14880","post","type-post","status-publish","format-standard","has-post-thumbnail","hentry","category-noticias","category-ferias","tag-furniture","tag-mueble-de-espana","tag-spain-furniture","tag-italy","tag-isaloni","tag-feria-mueble","tag-fuorisalone","tag-milan","tag-milanodesignweek","tag-karibian-descanso","tag-colchon","tag-mattress","tag-europe"],"yoast_head":"<!-- This site is optimized with the Yoast SEO plugin v27.0 - https:\/\/yoast.com\/product\/yoast-seo-wordpress\/ -->\n<title>MILAN DESIGN WEEK - Karibian Descanso<\/title>\n<meta name=\"robots\" content=\"index, follow, max-snippet:-1, max-image-preview:large, max-video-preview:-1\" \/>\n<link rel=\"canonical\" href=\"https:\/\/karibiandescanso.com\/en\/milan-design-week\/\" \/>\n<meta property=\"og:locale\" content=\"en_US\" \/>\n<meta property=\"og:type\" content=\"article\" \/>\n<meta property=\"og:title\" content=\"[:es]MIL\u00c1N DESIGN WEEK[:en]MILAN DESIGN WEEK[:fr]MILAN DESIGN WEEK[:ru]MILAN DESIGN WEEK[:pl]MILAN DESIGN WEEK[:] - Karibian Descanso\" \/>\n<meta property=\"og:description\" content=\"[:es]Karibian Descanso\u00a0expuso sus novedades en la Semana del Dise\u00f1o de Mil\u00e1n, que se celebr\u00f3 del 15 al 21 de abril de 2024. La firma present\u00f3 sus modelos en el Salone del Mobile.Milano y en FuoriSalone.[:en]Karibian Descanso\u00a0exhibited its new products at Milan Design Week, which was held from April 15 to 21, 2024. The firm presented its models at the Salone del Mobile.Milano and at FuoriSalone.[:fr]Karibian Descanso\u00a0a expos\u00e9 ses nouveaux produits \u00e0 la Milan Design Week, qui s&#039;est tenue du 15 au 21 avril 2024. La soci\u00e9t\u00e9 a pr\u00e9sent\u00e9 ses mod\u00e8les au Salone del Mobile.Milano et au FuoriSalone.[:ru]Karibian Descanso \u043f\u0440\u0435\u0434\u0441\u0442\u0430\u0432\u0438\u043b\u0430 \u0441\u0432\u043e\u0438 \u043d\u043e\u0432\u0438\u043d\u043a\u0438 \u043d\u0430 \u041c\u0438\u043b\u0430\u043d\u0441\u043a\u043e\u0439 \u043d\u0435\u0434\u0435\u043b\u0435 \u0434\u0438\u0437\u0430\u0439\u043d\u0430, \u043a\u043e\u0442\u043e\u0440\u0430\u044f \u043f\u0440\u043e\u0445\u043e\u0434\u0438\u043b\u0430 \u0441 15 \u043f\u043e 21 \u0430\u043f\u0440\u0435\u043b\u044f 2024 \u0433\u043e\u0434\u0430. \u0424\u0438\u0440\u043c\u0430 \u043f\u0440\u0435\u0434\u0441\u0442\u0430\u0432\u0438\u043b\u0430 \u0441\u0432\u043e\u0438 \u043c\u043e\u0434\u0435\u043b\u0438 \u043d\u0430 Salone del Mobile.Milano \u0438 FuoriSalone.[:pl]Karibian Descanso\u00a0pokazywa\u0142 swoje nowo\u015bci podczas Milan Design Week, kt\u00f3ry odby\u0142 si\u0119 w dniach 15\u201321 kwietnia 2024 r. Firma zaprezentowa\u0142a swoje modele na Salone del Mobile.Milano oraz na FuoriSalone.[:]\" \/>\n<meta property=\"og:url\" content=\"https:\/\/karibiandescanso.com\/en\/milan-design-week\/\" \/>\n<meta property=\"og:site_name\" content=\"Karibian Descanso\" \/>\n<meta property=\"article:published_time\" content=\"2024-04-25T09:47:54+00:00\" \/>\n<meta property=\"article:modified_time\" content=\"2024-07-18T06:04:46+00:00\" \/>\n<meta property=\"og:image\" content=\"https:\/\/karibiandescanso.com\/wp-content\/uploads\/2024\/06\/PORTADA-MILAN.jpg\" \/>\n\t<meta property=\"og:image:width\" content=\"1920\" \/>\n\t<meta property=\"og:image:height\" content=\"1087\" \/>\n\t<meta property=\"og:image:type\" content=\"image\/jpeg\" \/>\n<meta name=\"author\" content=\"Karibian Descanso\" \/>\n<meta name=\"twitter:card\" content=\"summary_large_image\" \/>\n<meta name=\"twitter:label1\" content=\"Written by\" \/>\n\t<meta name=\"twitter:data1\" content=\"Karibian Descanso\" \/>\n\t<meta name=\"twitter:label2\" content=\"Est. reading time\" \/>\n\t<meta name=\"twitter:data2\" content=\"4 minutes\" \/>\n<script type=\"application\/ld+json\" class=\"yoast-schema-graph\">{\"@context\":\"https:\/\/schema.org\",\"@graph\":[{\"@type\":\"Article\",\"@id\":\"https:\/\/karibiandescanso.com\/en\/milan-design-week\/#article\",\"isPartOf\":{\"@id\":\"https:\/\/karibiandescanso.com\/en\/milan-design-week\/\"},\"author\":{\"name\":\"Karibian Descanso\",\"@id\":\"https:\/\/karibiandescanso.com\/#\/schema\/person\/23be63b9b19bd8da8980c8eecdd69d30\"},\"headline\":\"MILAN DESIGN WEEK\",\"datePublished\":\"2024-04-25T09:47:54+00:00\",\"dateModified\":\"2024-07-18T06:04:46+00:00\",\"mainEntityOfPage\":{\"@id\":\"https:\/\/karibiandescanso.com\/en\/milan-design-week\/\"},\"wordCount\":2935,\"commentCount\":0,\"image\":{\"@id\":\"https:\/\/karibiandescanso.com\/en\/milan-design-week\/#primaryimage\"},\"thumbnailUrl\":\"https:\/\/karibiandescanso.com\/wp-content\/uploads\/2024\/06\/PORTADA-MILAN.jpg\",\"keywords\":[\"Furniture\",\"Mueble de Espa\u00f1a\",\"Spain Furniture\",\"Italy\",\"ISaloni\",\"Feria Mueble\",\"FuoriSalone\",\"Milan\",\"MilanoDesignWeek\",\"karibian descanso\",\"Colchon\",\"Mattress\",\"Europe\"],\"articleSection\":[\"news\",\"Ferias\"],\"inLanguage\":\"en-US\",\"potentialAction\":[{\"@type\":\"CommentAction\",\"name\":\"Comment\",\"target\":[\"https:\/\/karibiandescanso.com\/en\/milan-design-week\/#respond\"]}]},{\"@type\":\"WebPage\",\"@id\":\"https:\/\/karibiandescanso.com\/en\/milan-design-week\/\",\"url\":\"https:\/\/karibiandescanso.com\/en\/milan-design-week\/\",\"name\":\"[:es]MIL\u00c1N DESIGN WEEK[:en]MILAN DESIGN WEEK[:fr]MILAN DESIGN WEEK[:ru]MILAN DESIGN WEEK[:pl]MILAN DESIGN WEEK[:] - Karibian Descanso\",\"isPartOf\":{\"@id\":\"https:\/\/karibiandescanso.com\/#website\"},\"primaryImageOfPage\":{\"@id\":\"https:\/\/karibiandescanso.com\/en\/milan-design-week\/#primaryimage\"},\"image\":{\"@id\":\"https:\/\/karibiandescanso.com\/en\/milan-design-week\/#primaryimage\"},\"thumbnailUrl\":\"https:\/\/karibiandescanso.com\/wp-content\/uploads\/2024\/06\/PORTADA-MILAN.jpg\",\"datePublished\":\"2024-04-25T09:47:54+00:00\",\"dateModified\":\"2024-07-18T06:04:46+00:00\",\"author\":{\"@id\":\"https:\/\/karibiandescanso.com\/#\/schema\/person\/23be63b9b19bd8da8980c8eecdd69d30\"},\"breadcrumb\":{\"@id\":\"https:\/\/karibiandescanso.com\/en\/milan-design-week\/#breadcrumb\"},\"inLanguage\":\"en-US\",\"potentialAction\":[{\"@type\":\"ReadAction\",\"target\":[\"https:\/\/karibiandescanso.com\/en\/milan-design-week\/\"]}]},{\"@type\":\"ImageObject\",\"inLanguage\":\"en-US\",\"@id\":\"https:\/\/karibiandescanso.com\/en\/milan-design-week\/#primaryimage\",\"url\":\"https:\/\/karibiandescanso.com\/wp-content\/uploads\/2024\/06\/PORTADA-MILAN.jpg\",\"contentUrl\":\"https:\/\/karibiandescanso.com\/wp-content\/uploads\/2024\/06\/PORTADA-MILAN.jpg\",\"width\":1920,\"height\":1087},{\"@type\":\"BreadcrumbList\",\"@id\":\"https:\/\/karibiandescanso.com\/en\/milan-design-week\/#breadcrumb\",\"itemListElement\":[{\"@type\":\"ListItem\",\"position\":1,\"name\":\"Portada\",\"item\":\"https:\/\/karibiandescanso.com\/\"},{\"@type\":\"ListItem\",\"position\":2,\"name\":\"MILAN DESIGN WEEK\"}]},{\"@type\":\"WebSite\",\"@id\":\"https:\/\/karibiandescanso.com\/#website\",\"url\":\"https:\/\/karibiandescanso.com\/\",\"name\":\"Karibian Descanso\",\"description\":\"Where is rest\",\"potentialAction\":[{\"@type\":\"SearchAction\",\"target\":{\"@type\":\"EntryPoint\",\"urlTemplate\":\"https:\/\/karibiandescanso.com\/?s={search_term_string}\"},\"query-input\":{\"@type\":\"PropertyValueSpecification\",\"valueRequired\":true,\"valueName\":\"search_term_string\"}}],\"inLanguage\":\"en-US\"},{\"@type\":\"Person\",\"@id\":\"https:\/\/karibiandescanso.com\/#\/schema\/person\/23be63b9b19bd8da8980c8eecdd69d30\",\"name\":\"Karibian Descanso\",\"image\":{\"@type\":\"ImageObject\",\"inLanguage\":\"en-US\",\"@id\":\"https:\/\/karibiandescanso.com\/#\/schema\/person\/image\/\",\"url\":\"https:\/\/secure.gravatar.com\/avatar\/2f55039d31e0c8cf55d2c2b6e3bb49113343c35fd46d6d11806620d3c9641ba7?s=96&d=mm&r=g\",\"contentUrl\":\"https:\/\/secure.gravatar.com\/avatar\/2f55039d31e0c8cf55d2c2b6e3bb49113343c35fd46d6d11806620d3c9641ba7?s=96&d=mm&r=g\",\"caption\":\"Karibian Descanso\"},\"url\":\"https:\/\/karibiandescanso.com\/en\/author\/karibian-descanso\/\"}]}<\/script>\n<!-- \/ Yoast SEO plugin. -->","yoast_head_json":{"title":"[:es]MIL\u00c1N DESIGN WEEK[:en]MILAN DESIGN WEEK[:fr]MILAN DESIGN WEEK[:ru]MILAN DESIGN WEEK[:pl]MILAN DESIGN WEEK[:] - Karibian Descanso","robots":{"index":"index","follow":"follow","max-snippet":"max-snippet:-1","max-image-preview":"max-image-preview:large","max-video-preview":"max-video-preview:-1"},"canonical":"https:\/\/karibiandescanso.com\/en\/milan-design-week\/","og_locale":"en_US","og_type":"article","og_title":"[:es]MIL\u00c1N DESIGN WEEK[:en]MILAN DESIGN WEEK[:fr]MILAN DESIGN WEEK[:ru]MILAN DESIGN WEEK[:pl]MILAN DESIGN WEEK[:] - Karibian Descanso","og_description":"[:es]Karibian Descanso\u00a0expuso sus novedades en la Semana del Dise\u00f1o de Mil\u00e1n, que se celebr\u00f3 del 15 al 21 de abril de 2024. La firma present\u00f3 sus modelos en el Salone del Mobile.Milano y en FuoriSalone.[:en]Karibian Descanso\u00a0exhibited its new products at Milan Design Week, which was held from April 15 to 21, 2024. The firm presented its models at the Salone del Mobile.Milano and at FuoriSalone.[:fr]Karibian Descanso\u00a0a expos\u00e9 ses nouveaux produits \u00e0 la Milan Design Week, qui s'est tenue du 15 au 21 avril 2024. La soci\u00e9t\u00e9 a pr\u00e9sent\u00e9 ses mod\u00e8les au Salone del Mobile.Milano et au FuoriSalone.[:ru]Karibian Descanso \u043f\u0440\u0435\u0434\u0441\u0442\u0430\u0432\u0438\u043b\u0430 \u0441\u0432\u043e\u0438 \u043d\u043e\u0432\u0438\u043d\u043a\u0438 \u043d\u0430 \u041c\u0438\u043b\u0430\u043d\u0441\u043a\u043e\u0439 \u043d\u0435\u0434\u0435\u043b\u0435 \u0434\u0438\u0437\u0430\u0439\u043d\u0430, \u043a\u043e\u0442\u043e\u0440\u0430\u044f \u043f\u0440\u043e\u0445\u043e\u0434\u0438\u043b\u0430 \u0441 15 \u043f\u043e 21 \u0430\u043f\u0440\u0435\u043b\u044f 2024 \u0433\u043e\u0434\u0430. \u0424\u0438\u0440\u043c\u0430 \u043f\u0440\u0435\u0434\u0441\u0442\u0430\u0432\u0438\u043b\u0430 \u0441\u0432\u043e\u0438 \u043c\u043e\u0434\u0435\u043b\u0438 \u043d\u0430 Salone del Mobile.Milano \u0438 FuoriSalone.[:pl]Karibian Descanso\u00a0pokazywa\u0142 swoje nowo\u015bci podczas Milan Design Week, kt\u00f3ry odby\u0142 si\u0119 w dniach 15\u201321 kwietnia 2024 r. Firma zaprezentowa\u0142a swoje modele na Salone del Mobile.Milano oraz na FuoriSalone.[:]","og_url":"https:\/\/karibiandescanso.com\/en\/milan-design-week\/","og_site_name":"Karibian Descanso","article_published_time":"2024-04-25T09:47:54+00:00","article_modified_time":"2024-07-18T06:04:46+00:00","og_image":[{"width":1920,"height":1087,"url":"https:\/\/karibiandescanso.com\/wp-content\/uploads\/2024\/06\/PORTADA-MILAN.jpg","type":"image\/jpeg"}],"author":"Karibian Descanso","twitter_card":"summary_large_image","twitter_misc":{"Written by":"Karibian Descanso","Est. reading time":"4 minutes"},"schema":{"@context":"https:\/\/schema.org","@graph":[{"@type":"Article","@id":"https:\/\/karibiandescanso.com\/en\/milan-design-week\/#article","isPartOf":{"@id":"https:\/\/karibiandescanso.com\/en\/milan-design-week\/"},"author":{"name":"Karibian Descanso","@id":"https:\/\/karibiandescanso.com\/#\/schema\/person\/23be63b9b19bd8da8980c8eecdd69d30"},"headline":"MILAN DESIGN WEEK","datePublished":"2024-04-25T09:47:54+00:00","dateModified":"2024-07-18T06:04:46+00:00","mainEntityOfPage":{"@id":"https:\/\/karibiandescanso.com\/en\/milan-design-week\/"},"wordCount":2935,"commentCount":0,"image":{"@id":"https:\/\/karibiandescanso.com\/en\/milan-design-week\/#primaryimage"},"thumbnailUrl":"https:\/\/karibiandescanso.com\/wp-content\/uploads\/2024\/06\/PORTADA-MILAN.jpg","keywords":["Furniture","Mueble de Espa\u00f1a","Spain Furniture","Italy","ISaloni","Feria Mueble","FuoriSalone","Milan","MilanoDesignWeek","karibian descanso","Colchon","Mattress","Europe"],"articleSection":["news","Ferias"],"inLanguage":"en-US","potentialAction":[{"@type":"CommentAction","name":"Comment","target":["https:\/\/karibiandescanso.com\/en\/milan-design-week\/#respond"]}]},{"@type":"WebPage","@id":"https:\/\/karibiandescanso.com\/en\/milan-design-week\/","url":"https:\/\/karibiandescanso.com\/en\/milan-design-week\/","name":"[:es]MIL\u00c1N DESIGN WEEK[:en]MILAN DESIGN WEEK[:fr]MILAN DESIGN WEEK[:ru]MILAN DESIGN WEEK[:pl]MILAN DESIGN WEEK[:] - Karibian Descanso","isPartOf":{"@id":"https:\/\/karibiandescanso.com\/#website"},"primaryImageOfPage":{"@id":"https:\/\/karibiandescanso.com\/en\/milan-design-week\/#primaryimage"},"image":{"@id":"https:\/\/karibiandescanso.com\/en\/milan-design-week\/#primaryimage"},"thumbnailUrl":"https:\/\/karibiandescanso.com\/wp-content\/uploads\/2024\/06\/PORTADA-MILAN.jpg","datePublished":"2024-04-25T09:47:54+00:00","dateModified":"2024-07-18T06:04:46+00:00","author":{"@id":"https:\/\/karibiandescanso.com\/#\/schema\/person\/23be63b9b19bd8da8980c8eecdd69d30"},"breadcrumb":{"@id":"https:\/\/karibiandescanso.com\/en\/milan-design-week\/#breadcrumb"},"inLanguage":"en-US","potentialAction":[{"@type":"ReadAction","target":["https:\/\/karibiandescanso.com\/en\/milan-design-week\/"]}]},{"@type":"ImageObject","inLanguage":"en-US","@id":"https:\/\/karibiandescanso.com\/en\/milan-design-week\/#primaryimage","url":"https:\/\/karibiandescanso.com\/wp-content\/uploads\/2024\/06\/PORTADA-MILAN.jpg","contentUrl":"https:\/\/karibiandescanso.com\/wp-content\/uploads\/2024\/06\/PORTADA-MILAN.jpg","width":1920,"height":1087},{"@type":"BreadcrumbList","@id":"https:\/\/karibiandescanso.com\/en\/milan-design-week\/#breadcrumb","itemListElement":[{"@type":"ListItem","position":1,"name":"Portada","item":"https:\/\/karibiandescanso.com\/"},{"@type":"ListItem","position":2,"name":"MILAN DESIGN WEEK"}]},{"@type":"WebSite","@id":"https:\/\/karibiandescanso.com\/#website","url":"https:\/\/karibiandescanso.com\/","name":"Karibian Descanso","description":"Where is rest","potentialAction":[{"@type":"SearchAction","target":{"@type":"EntryPoint","urlTemplate":"https:\/\/karibiandescanso.com\/?s={search_term_string}"},"query-input":{"@type":"PropertyValueSpecification","valueRequired":true,"valueName":"search_term_string"}}],"inLanguage":"en-US"},{"@type":"Person","@id":"https:\/\/karibiandescanso.com\/#\/schema\/person\/23be63b9b19bd8da8980c8eecdd69d30","name":"Karibian Descanso","image":{"@type":"ImageObject","inLanguage":"en-US","@id":"https:\/\/karibiandescanso.com\/#\/schema\/person\/image\/","url":"https:\/\/secure.gravatar.com\/avatar\/2f55039d31e0c8cf55d2c2b6e3bb49113343c35fd46d6d11806620d3c9641ba7?s=96&d=mm&r=g","contentUrl":"https:\/\/secure.gravatar.com\/avatar\/2f55039d31e0c8cf55d2c2b6e3bb49113343c35fd46d6d11806620d3c9641ba7?s=96&d=mm&r=g","caption":"Karibian Descanso"},"url":"https:\/\/karibiandescanso.com\/en\/author\/karibian-descanso\/"}]}},"_links":{"self":[{"href":"https:\/\/karibiandescanso.com\/en\/wp-json\/wp\/v2\/posts\/14880","targetHints":{"allow":["GET"]}}],"collection":[{"href":"https:\/\/karibiandescanso.com\/en\/wp-json\/wp\/v2\/posts"}],"about":[{"href":"https:\/\/karibiandescanso.com\/en\/wp-json\/wp\/v2\/types\/post"}],"author":[{"embeddable":true,"href":"https:\/\/karibiandescanso.com\/en\/wp-json\/wp\/v2\/users\/2"}],"replies":[{"embeddable":true,"href":"https:\/\/karibiandescanso.com\/en\/wp-json\/wp\/v2\/comments?post=14880"}],"version-history":[{"count":0,"href":"https:\/\/karibiandescanso.com\/en\/wp-json\/wp\/v2\/posts\/14880\/revisions"}],"wp:featuredmedia":[{"embeddable":true,"href":"https:\/\/karibiandescanso.com\/en\/wp-json\/wp\/v2\/media\/14909"}],"wp:attachment":[{"href":"https:\/\/karibiandescanso.com\/en\/wp-json\/wp\/v2\/media?parent=14880"}],"wp:term":[{"taxonomy":"category","embeddable":true,"href":"https:\/\/karibiandescanso.com\/en\/wp-json\/wp\/v2\/categories?post=14880"},{"taxonomy":"post_tag","embeddable":true,"href":"https:\/\/karibiandescanso.com\/en\/wp-json\/wp\/v2\/tags?post=14880"}],"curies":[{"name":"wp","href":"https:\/\/api.w.org\/{rel}","templated":true}]}}