{"id":17173,"date":"2024-10-07T16:29:24","date_gmt":"2024-10-07T14:29:24","guid":{"rendered":"https:\/\/www.karibiandescanso.com\/?p=17173"},"modified":"2025-01-07T16:45:17","modified_gmt":"2025-01-07T15:45:17","slug":"58-feria-habitat-valencia","status":"publish","type":"post","link":"https:\/\/karibiandescanso.com\/en\/58-feria-habitat-valencia\/","title":{"rendered":"58 H\u00c1BITAT VALENCIA FAIR"},"content":{"rendered":"<p>[vc_row css_animation=&#8221;&#8221; row_type=&#8221;row&#8221; use_row_as_full_screen_section=&#8221;no&#8221; type=&#8221;full_width&#8221; angled_section=&#8221;no&#8221; text_align=&#8221;left&#8221; background_image_as_pattern=&#8221;without_pattern&#8221;][vc_column][vc_column_text]<\/p>\n<p id=\"tw-target-text\" class=\"tw-data-text tw-text-large tw-ta\" dir=\"ltr\" data-placeholder=\"Traducci\u00f3n\" data-ved=\"2ahUKEwj5p6yz9OOKAxXmfKQEHYY4K4sQ3ewLegQICRAU\" aria-label=\"Texto traducido: On September 30, a new edition of the H\u00e1bitat 2024 Fair began in Valencia, the main international showcase of the Spanish habitat industry. At this important annual event, Karibian presented its latest novelties in rest. Discover our video summary, below. We close this call with very good feelings.\"><span class=\"Y2IQFc\" lang=\"en\">On September 30, a new edition of the<a href=\"https:\/\/www.feriahabitatvalencia.com\"> H\u00e1bitat 2024 Fair<\/a> began in Valencia, the main international showcase of the Spanish habitat industry. At this important annual event, Karibian presented its latest novelties in rest. Discover our video summary, below. <\/span><\/p>\n<p class=\"tw-data-text tw-text-large tw-ta\" dir=\"ltr\" data-placeholder=\"Traducci\u00f3n\" data-ved=\"2ahUKEwj5p6yz9OOKAxXmfKQEHYY4K4sQ3ewLegQICRAU\" aria-label=\"Texto traducido: On September 30, a new edition of the H\u00e1bitat 2024 Fair began in Valencia, the main international showcase of the Spanish habitat industry. At this important annual event, Karibian presented its latest novelties in rest. Discover our video summary, below. We close this call with very good feelings.\"><span class=\"Y2IQFc\" lang=\"en\">We close this call with very good feelings.<\/span><\/p>\n<p>[\/vc_column_text][vc_empty_space][vc_video link=&#8221;https:\/\/www.youtube.com\/watch?v=KLNQTtSCOyY&#8221;][vc_empty_space][vc_column_text]<\/p>\n<p id=\"tw-target-text\" class=\"tw-data-text tw-text-large tw-ta\" dir=\"ltr\" style=\"text-align: justify;\" data-placeholder=\"Traducci\u00f3n\" data-ved=\"2ahUKEwj5p6yz9OOKAxXmfKQEHYY4K4sQ3ewLegQICRAU\" aria-label=\"Texto traducido: During those days, Valencia became the center of creativity, trends and style with one of the most important events in the industry. From Karibian, we were present at this Contest where we presented new modern and innovative proposals, without losing our essence to create incredible comfort models.\"><span class=\"Y2IQFc\" lang=\"en\">During those days, Valencia became the center of creativity, trends and style with one of the most important events in the industry. From Karibian, we were present at this Contest where we presented new modern and innovative proposals, without losing our essence to create incredible comfort models.<\/span><\/p>\n<p>[\/vc_column_text][\/vc_column][\/vc_row][vc_row css_animation=&#8221;&#8221; row_type=&#8221;row&#8221; use_row_as_full_screen_section=&#8221;no&#8221; type=&#8221;full_width&#8221; angled_section=&#8221;no&#8221; text_align=&#8221;left&#8221; background_image_as_pattern=&#8221;without_pattern&#8221;][vc_column][vc_empty_space][\/vc_column][\/vc_row][vc_row css_animation=&#8221;&#8221; row_type=&#8221;row&#8221; use_row_as_full_screen_section=&#8221;no&#8221; type=&#8221;full_width&#8221; angled_section=&#8221;no&#8221; text_align=&#8221;left&#8221; background_image_as_pattern=&#8221;without_pattern&#8221;][vc_column][vc_single_image image=&#8221;17176&#8243; img_size=&#8221;full&#8221; qode_css_animation=&#8221;&#8221;][vc_empty_space height=&#8221;15px&#8221;][vc_single_image image=&#8221;17177&#8243; img_size=&#8221;full&#8221; qode_css_animation=&#8221;&#8221;][vc_empty_space height=&#8221;15px&#8221;][vc_single_image image=&#8221;17178&#8243; img_size=&#8221;full&#8221; qode_css_animation=&#8221;&#8221;][vc_empty_space height=&#8221;40px&#8221;][vc_column_text]<\/p>\n<p id=\"tw-target-text\" class=\"tw-data-text tw-text-large tw-ta\" dir=\"ltr\" style=\"text-align: justify;\" data-placeholder=\"Traducci\u00f3n\" data-ved=\"2ahUKEwj5p6yz9OOKAxXmfKQEHYY4K4sQ3ewLegQICRAU\" aria-label=\"Texto traducido: In this Contest, #Karibian presented its new rest models at its stand where elegance and nature merged. Also, the incorporation of new technologies. Each of the attendees at Habitat could experience the comfort in first person, making it a unique experience. After a few intense days of meetings and visits, on Karibian's part we only have words of gratitude. We close this call with excellent feelings. We will announce new events very soon. We look forward to seeing you next year!\"><span class=\"Y2IQFc\" lang=\"en\">In this Contest, #Karibian presented its new rest models at its stand where elegance and nature merged. Also, the incorporation of new technologies. Each of the attendees at Habitat could experience the comfort in first person, making it a unique experience. After a few intense days of meetings and visits, on Karibian&#8217;s part we only have words of gratitude. <\/span><\/p>\n<p class=\"tw-data-text tw-text-large tw-ta\" dir=\"ltr\" style=\"text-align: justify;\" data-placeholder=\"Traducci\u00f3n\" data-ved=\"2ahUKEwj5p6yz9OOKAxXmfKQEHYY4K4sQ3ewLegQICRAU\" aria-label=\"Texto traducido: In this Contest, #Karibian presented its new rest models at its stand where elegance and nature merged. Also, the incorporation of new technologies. Each of the attendees at Habitat could experience the comfort in first person, making it a unique experience. After a few intense days of meetings and visits, on Karibian's part we only have words of gratitude. We close this call with excellent feelings. We will announce new events very soon. We look forward to seeing you next year!\"><span class=\"Y2IQFc\" lang=\"en\">We close this call with excellent feelings. We will announce new events very soon. We look forward to seeing you next year!<\/span><\/p>\n<p style=\"text-align: justify;\"><strong>ENJOY YOUR SLEEP<\/strong><\/p>\n<p>[\/vc_column_text][\/vc_column][\/vc_row]<\/p>","protected":false},"excerpt":{"rendered":"<p>Karibian Descanso has participated in the latest edition of the Valencia Habitat Fair, which took place from September 30 to October 3, 2024. A few intense days of activities at the firm&#8217;s Stand<\/p>\n","protected":false},"author":2,"featured_media":17186,"comment_status":"open","ping_status":"open","sticky":false,"template":"","format":"standard","meta":{"footnotes":""},"categories":[10,164],"tags":[25,80,91,97,100,161,167,168,242,246,247],"class_list":["post-17173","post","type-post","status-publish","format-standard","has-post-thumbnail","hentry","category-noticias","category-ferias","tag-karibian-descanso","tag-colchon","tag-mattress","tag-europe","tag-furniture","tag-mueble-de-espana","tag-spain-furniture","tag-spain-interiors","tag-feria-mueble","tag-habitat","tag-valencia"],"yoast_head":"<!-- This site is optimized with the Yoast SEO plugin v27.0 - https:\/\/yoast.com\/product\/yoast-seo-wordpress\/ -->\n<title>58 H\u00c1BITAT VALENCIA FAIR - Karibian Descanso<\/title>\n<meta name=\"robots\" content=\"index, follow, max-snippet:-1, max-image-preview:large, max-video-preview:-1\" \/>\n<link rel=\"canonical\" href=\"https:\/\/karibiandescanso.com\/58-feria-habitat-valencia\/\" \/>\n<meta property=\"og:locale\" content=\"en_US\" \/>\n<meta property=\"og:type\" content=\"article\" \/>\n<meta property=\"og:title\" content=\"[:es]58 FERIA HABITAT VALENCIA[:en]58 H\u00c1BITAT VALENCIA FAIR[:fr]58 H\u00c1BITAT VALENCIA FAIR[:ru]58 H\u00c1BITAT VALENCIA FAIR[:pl]58 H\u00c1BITAT VALENCIA FAIR[:] - Karibian Descanso\" \/>\n<meta property=\"og:description\" content=\"[:es]Karibian Descanso ha participado en la \u00faltima edici\u00f3n de la Feria Habitat de Valencia, que ha tenido lugar del 30 de septiembre, al 3 de octubre 2024. Unos d\u00edas intensos de actividades en el Stand de la firma[:en]Karibian Descanso has participated in the latest edition of the Valencia Habitat Fair, which took place from September 30 to October 3, 2024. A few intense days of activities at the firm&#039;s Stand[:fr]Karibian Descanso a particip\u00e9 \u00e0 la derni\u00e8re \u00e9dition de la Foire de l&#039;Habitat de Valence, qui s&#039;est d\u00e9roul\u00e9e du 30 septembre au 3 octobre 2024. Quelques jours intenses d&#039;activit\u00e9s sur le stand de l&#039;entreprise...[:ru]Karibian Descanso \u043f\u0440\u0438\u043d\u044f\u043b\u0430 \u0443\u0447\u0430\u0441\u0442\u0438\u0435 \u0432 \u043f\u043e\u0441\u043b\u0435\u0434\u043d\u0435\u0439 \u0432\u044b\u0441\u0442\u0430\u0432\u043a\u0435 Valencia Habitat Fair, \u043a\u043e\u0442\u043e\u0440\u0430\u044f \u043f\u0440\u043e\u0445\u043e\u0434\u0438\u043b\u0430 \u0441 30 \u0441\u0435\u043d\u0442\u044f\u0431\u0440\u044f \u043f\u043e 3 \u043e\u043a\u0442\u044f\u0431\u0440\u044f 2024 \u0433\u043e\u0434\u0430. \u041d\u0435\u0441\u043a\u043e\u043b\u044c\u043a\u043e \u043d\u0430\u043f\u0440\u044f\u0436\u0435\u043d\u043d\u044b\u0445 \u0434\u043d\u0435\u0439 \u043d\u0430 \u0441\u0442\u0435\u043d\u0434\u0435 \u0444\u0438\u0440\u043c\u044b[:pl]Karibian Descanso wzi\u0105\u0142 udzia\u0142 w najnowszej edycji Targ\u00f3w Valencia Habitat, kt\u00f3ra odby\u0142a si\u0119 w dniach 30 wrze\u015bnia - 3 pa\u017adziernika 2024. Kilka intensywnych dni zaj\u0119\u0107 na stoisku firmy[:]\" \/>\n<meta property=\"og:url\" content=\"https:\/\/karibiandescanso.com\/58-feria-habitat-valencia\/\" \/>\n<meta property=\"og:site_name\" content=\"Karibian Descanso\" \/>\n<meta property=\"article:published_time\" content=\"2024-10-07T14:29:24+00:00\" \/>\n<meta property=\"article:modified_time\" content=\"2025-01-07T15:45:17+00:00\" \/>\n<meta property=\"og:image\" content=\"https:\/\/karibiandescanso.com\/wp-content\/uploads\/2025\/01\/VALENCIA-PORTADA.jpg\" \/>\n\t<meta property=\"og:image:width\" content=\"1920\" \/>\n\t<meta property=\"og:image:height\" content=\"1087\" \/>\n\t<meta property=\"og:image:type\" content=\"image\/jpeg\" \/>\n<meta name=\"author\" content=\"Karibian Descanso\" \/>\n<meta name=\"twitter:card\" content=\"summary_large_image\" \/>\n<meta name=\"twitter:label1\" content=\"Written by\" \/>\n\t<meta name=\"twitter:data1\" content=\"Karibian Descanso\" \/>\n\t<meta name=\"twitter:label2\" content=\"Est. reading time\" \/>\n\t<meta name=\"twitter:data2\" content=\"2 minutes\" \/>\n<script type=\"application\/ld+json\" class=\"yoast-schema-graph\">{\"@context\":\"https:\/\/schema.org\",\"@graph\":[{\"@type\":\"Article\",\"@id\":\"https:\/\/karibiandescanso.com\/58-feria-habitat-valencia\/#article\",\"isPartOf\":{\"@id\":\"https:\/\/karibiandescanso.com\/58-feria-habitat-valencia\/\"},\"author\":{\"name\":\"Karibian Descanso\",\"@id\":\"https:\/\/karibiandescanso.com\/#\/schema\/person\/23be63b9b19bd8da8980c8eecdd69d30\"},\"headline\":\"58 H\u00c1BITAT VALENCIA FAIR\",\"datePublished\":\"2024-10-07T14:29:24+00:00\",\"dateModified\":\"2025-01-07T15:45:17+00:00\",\"mainEntityOfPage\":{\"@id\":\"https:\/\/karibiandescanso.com\/58-feria-habitat-valencia\/\"},\"wordCount\":1928,\"commentCount\":0,\"image\":{\"@id\":\"https:\/\/karibiandescanso.com\/58-feria-habitat-valencia\/#primaryimage\"},\"thumbnailUrl\":\"https:\/\/karibiandescanso.com\/wp-content\/uploads\/2025\/01\/VALENCIA-PORTADA.jpg\",\"keywords\":[\"karibian descanso\",\"Colchon\",\"Mattress\",\"Europe\",\"Furniture\",\"Mueble de Espa\u00f1a\",\"Spain Furniture\",\"Spain Interiors\",\"Feria Mueble\",\"Habitat\",\"Valencia\"],\"articleSection\":[\"news\",\"Ferias\"],\"inLanguage\":\"en-US\",\"potentialAction\":[{\"@type\":\"CommentAction\",\"name\":\"Comment\",\"target\":[\"https:\/\/karibiandescanso.com\/58-feria-habitat-valencia\/#respond\"]}]},{\"@type\":\"WebPage\",\"@id\":\"https:\/\/karibiandescanso.com\/58-feria-habitat-valencia\/\",\"url\":\"https:\/\/karibiandescanso.com\/58-feria-habitat-valencia\/\",\"name\":\"[:es]58 FERIA HABITAT VALENCIA[:en]58 H\u00c1BITAT VALENCIA FAIR[:fr]58 H\u00c1BITAT VALENCIA FAIR[:ru]58 H\u00c1BITAT VALENCIA FAIR[:pl]58 H\u00c1BITAT VALENCIA FAIR[:] - Karibian Descanso\",\"isPartOf\":{\"@id\":\"https:\/\/karibiandescanso.com\/#website\"},\"primaryImageOfPage\":{\"@id\":\"https:\/\/karibiandescanso.com\/58-feria-habitat-valencia\/#primaryimage\"},\"image\":{\"@id\":\"https:\/\/karibiandescanso.com\/58-feria-habitat-valencia\/#primaryimage\"},\"thumbnailUrl\":\"https:\/\/karibiandescanso.com\/wp-content\/uploads\/2025\/01\/VALENCIA-PORTADA.jpg\",\"datePublished\":\"2024-10-07T14:29:24+00:00\",\"dateModified\":\"2025-01-07T15:45:17+00:00\",\"author\":{\"@id\":\"https:\/\/karibiandescanso.com\/#\/schema\/person\/23be63b9b19bd8da8980c8eecdd69d30\"},\"breadcrumb\":{\"@id\":\"https:\/\/karibiandescanso.com\/58-feria-habitat-valencia\/#breadcrumb\"},\"inLanguage\":\"en-US\",\"potentialAction\":[{\"@type\":\"ReadAction\",\"target\":[\"https:\/\/karibiandescanso.com\/58-feria-habitat-valencia\/\"]}]},{\"@type\":\"ImageObject\",\"inLanguage\":\"en-US\",\"@id\":\"https:\/\/karibiandescanso.com\/58-feria-habitat-valencia\/#primaryimage\",\"url\":\"https:\/\/karibiandescanso.com\/wp-content\/uploads\/2025\/01\/VALENCIA-PORTADA.jpg\",\"contentUrl\":\"https:\/\/karibiandescanso.com\/wp-content\/uploads\/2025\/01\/VALENCIA-PORTADA.jpg\",\"width\":1920,\"height\":1087},{\"@type\":\"BreadcrumbList\",\"@id\":\"https:\/\/karibiandescanso.com\/58-feria-habitat-valencia\/#breadcrumb\",\"itemListElement\":[{\"@type\":\"ListItem\",\"position\":1,\"name\":\"Portada\",\"item\":\"https:\/\/karibiandescanso.com\/\"},{\"@type\":\"ListItem\",\"position\":2,\"name\":\"58 FERIA HABITAT VALENCIA\"}]},{\"@type\":\"WebSite\",\"@id\":\"https:\/\/karibiandescanso.com\/#website\",\"url\":\"https:\/\/karibiandescanso.com\/\",\"name\":\"Karibian Descanso\",\"description\":\"Where is rest\",\"potentialAction\":[{\"@type\":\"SearchAction\",\"target\":{\"@type\":\"EntryPoint\",\"urlTemplate\":\"https:\/\/karibiandescanso.com\/?s={search_term_string}\"},\"query-input\":{\"@type\":\"PropertyValueSpecification\",\"valueRequired\":true,\"valueName\":\"search_term_string\"}}],\"inLanguage\":\"en-US\"},{\"@type\":\"Person\",\"@id\":\"https:\/\/karibiandescanso.com\/#\/schema\/person\/23be63b9b19bd8da8980c8eecdd69d30\",\"name\":\"Karibian Descanso\",\"image\":{\"@type\":\"ImageObject\",\"inLanguage\":\"en-US\",\"@id\":\"https:\/\/karibiandescanso.com\/#\/schema\/person\/image\/\",\"url\":\"https:\/\/secure.gravatar.com\/avatar\/2f55039d31e0c8cf55d2c2b6e3bb49113343c35fd46d6d11806620d3c9641ba7?s=96&d=mm&r=g\",\"contentUrl\":\"https:\/\/secure.gravatar.com\/avatar\/2f55039d31e0c8cf55d2c2b6e3bb49113343c35fd46d6d11806620d3c9641ba7?s=96&d=mm&r=g\",\"caption\":\"Karibian Descanso\"},\"url\":\"https:\/\/karibiandescanso.com\/en\/author\/karibian-descanso\/\"}]}<\/script>\n<!-- \/ Yoast SEO plugin. -->","yoast_head_json":{"title":"[:es]58 FERIA HABITAT VALENCIA[:en]58 H\u00c1BITAT VALENCIA FAIR[:fr]58 H\u00c1BITAT VALENCIA FAIR[:ru]58 H\u00c1BITAT VALENCIA FAIR[:pl]58 H\u00c1BITAT VALENCIA FAIR[:] - Karibian Descanso","robots":{"index":"index","follow":"follow","max-snippet":"max-snippet:-1","max-image-preview":"max-image-preview:large","max-video-preview":"max-video-preview:-1"},"canonical":"https:\/\/karibiandescanso.com\/58-feria-habitat-valencia\/","og_locale":"en_US","og_type":"article","og_title":"[:es]58 FERIA HABITAT VALENCIA[:en]58 H\u00c1BITAT VALENCIA FAIR[:fr]58 H\u00c1BITAT VALENCIA FAIR[:ru]58 H\u00c1BITAT VALENCIA FAIR[:pl]58 H\u00c1BITAT VALENCIA FAIR[:] - Karibian Descanso","og_description":"[:es]Karibian Descanso ha participado en la \u00faltima edici\u00f3n de la Feria Habitat de Valencia, que ha tenido lugar del 30 de septiembre, al 3 de octubre 2024. Unos d\u00edas intensos de actividades en el Stand de la firma[:en]Karibian Descanso has participated in the latest edition of the Valencia Habitat Fair, which took place from September 30 to October 3, 2024. A few intense days of activities at the firm's Stand[:fr]Karibian Descanso a particip\u00e9 \u00e0 la derni\u00e8re \u00e9dition de la Foire de l'Habitat de Valence, qui s'est d\u00e9roul\u00e9e du 30 septembre au 3 octobre 2024. Quelques jours intenses d'activit\u00e9s sur le stand de l'entreprise...[:ru]Karibian Descanso \u043f\u0440\u0438\u043d\u044f\u043b\u0430 \u0443\u0447\u0430\u0441\u0442\u0438\u0435 \u0432 \u043f\u043e\u0441\u043b\u0435\u0434\u043d\u0435\u0439 \u0432\u044b\u0441\u0442\u0430\u0432\u043a\u0435 Valencia Habitat Fair, \u043a\u043e\u0442\u043e\u0440\u0430\u044f \u043f\u0440\u043e\u0445\u043e\u0434\u0438\u043b\u0430 \u0441 30 \u0441\u0435\u043d\u0442\u044f\u0431\u0440\u044f \u043f\u043e 3 \u043e\u043a\u0442\u044f\u0431\u0440\u044f 2024 \u0433\u043e\u0434\u0430. \u041d\u0435\u0441\u043a\u043e\u043b\u044c\u043a\u043e \u043d\u0430\u043f\u0440\u044f\u0436\u0435\u043d\u043d\u044b\u0445 \u0434\u043d\u0435\u0439 \u043d\u0430 \u0441\u0442\u0435\u043d\u0434\u0435 \u0444\u0438\u0440\u043c\u044b[:pl]Karibian Descanso wzi\u0105\u0142 udzia\u0142 w najnowszej edycji Targ\u00f3w Valencia Habitat, kt\u00f3ra odby\u0142a si\u0119 w dniach 30 wrze\u015bnia - 3 pa\u017adziernika 2024. Kilka intensywnych dni zaj\u0119\u0107 na stoisku firmy[:]","og_url":"https:\/\/karibiandescanso.com\/58-feria-habitat-valencia\/","og_site_name":"Karibian Descanso","article_published_time":"2024-10-07T14:29:24+00:00","article_modified_time":"2025-01-07T15:45:17+00:00","og_image":[{"width":1920,"height":1087,"url":"https:\/\/karibiandescanso.com\/wp-content\/uploads\/2025\/01\/VALENCIA-PORTADA.jpg","type":"image\/jpeg"}],"author":"Karibian Descanso","twitter_card":"summary_large_image","twitter_misc":{"Written by":"Karibian Descanso","Est. reading time":"2 minutes"},"schema":{"@context":"https:\/\/schema.org","@graph":[{"@type":"Article","@id":"https:\/\/karibiandescanso.com\/58-feria-habitat-valencia\/#article","isPartOf":{"@id":"https:\/\/karibiandescanso.com\/58-feria-habitat-valencia\/"},"author":{"name":"Karibian Descanso","@id":"https:\/\/karibiandescanso.com\/#\/schema\/person\/23be63b9b19bd8da8980c8eecdd69d30"},"headline":"58 H\u00c1BITAT VALENCIA FAIR","datePublished":"2024-10-07T14:29:24+00:00","dateModified":"2025-01-07T15:45:17+00:00","mainEntityOfPage":{"@id":"https:\/\/karibiandescanso.com\/58-feria-habitat-valencia\/"},"wordCount":1928,"commentCount":0,"image":{"@id":"https:\/\/karibiandescanso.com\/58-feria-habitat-valencia\/#primaryimage"},"thumbnailUrl":"https:\/\/karibiandescanso.com\/wp-content\/uploads\/2025\/01\/VALENCIA-PORTADA.jpg","keywords":["karibian descanso","Colchon","Mattress","Europe","Furniture","Mueble de Espa\u00f1a","Spain Furniture","Spain Interiors","Feria Mueble","Habitat","Valencia"],"articleSection":["news","Ferias"],"inLanguage":"en-US","potentialAction":[{"@type":"CommentAction","name":"Comment","target":["https:\/\/karibiandescanso.com\/58-feria-habitat-valencia\/#respond"]}]},{"@type":"WebPage","@id":"https:\/\/karibiandescanso.com\/58-feria-habitat-valencia\/","url":"https:\/\/karibiandescanso.com\/58-feria-habitat-valencia\/","name":"[:es]58 FERIA HABITAT VALENCIA[:en]58 H\u00c1BITAT VALENCIA FAIR[:fr]58 H\u00c1BITAT VALENCIA FAIR[:ru]58 H\u00c1BITAT VALENCIA FAIR[:pl]58 H\u00c1BITAT VALENCIA FAIR[:] - Karibian Descanso","isPartOf":{"@id":"https:\/\/karibiandescanso.com\/#website"},"primaryImageOfPage":{"@id":"https:\/\/karibiandescanso.com\/58-feria-habitat-valencia\/#primaryimage"},"image":{"@id":"https:\/\/karibiandescanso.com\/58-feria-habitat-valencia\/#primaryimage"},"thumbnailUrl":"https:\/\/karibiandescanso.com\/wp-content\/uploads\/2025\/01\/VALENCIA-PORTADA.jpg","datePublished":"2024-10-07T14:29:24+00:00","dateModified":"2025-01-07T15:45:17+00:00","author":{"@id":"https:\/\/karibiandescanso.com\/#\/schema\/person\/23be63b9b19bd8da8980c8eecdd69d30"},"breadcrumb":{"@id":"https:\/\/karibiandescanso.com\/58-feria-habitat-valencia\/#breadcrumb"},"inLanguage":"en-US","potentialAction":[{"@type":"ReadAction","target":["https:\/\/karibiandescanso.com\/58-feria-habitat-valencia\/"]}]},{"@type":"ImageObject","inLanguage":"en-US","@id":"https:\/\/karibiandescanso.com\/58-feria-habitat-valencia\/#primaryimage","url":"https:\/\/karibiandescanso.com\/wp-content\/uploads\/2025\/01\/VALENCIA-PORTADA.jpg","contentUrl":"https:\/\/karibiandescanso.com\/wp-content\/uploads\/2025\/01\/VALENCIA-PORTADA.jpg","width":1920,"height":1087},{"@type":"BreadcrumbList","@id":"https:\/\/karibiandescanso.com\/58-feria-habitat-valencia\/#breadcrumb","itemListElement":[{"@type":"ListItem","position":1,"name":"Portada","item":"https:\/\/karibiandescanso.com\/"},{"@type":"ListItem","position":2,"name":"58 FERIA HABITAT VALENCIA"}]},{"@type":"WebSite","@id":"https:\/\/karibiandescanso.com\/#website","url":"https:\/\/karibiandescanso.com\/","name":"Karibian Descanso","description":"Where is rest","potentialAction":[{"@type":"SearchAction","target":{"@type":"EntryPoint","urlTemplate":"https:\/\/karibiandescanso.com\/?s={search_term_string}"},"query-input":{"@type":"PropertyValueSpecification","valueRequired":true,"valueName":"search_term_string"}}],"inLanguage":"en-US"},{"@type":"Person","@id":"https:\/\/karibiandescanso.com\/#\/schema\/person\/23be63b9b19bd8da8980c8eecdd69d30","name":"Karibian Descanso","image":{"@type":"ImageObject","inLanguage":"en-US","@id":"https:\/\/karibiandescanso.com\/#\/schema\/person\/image\/","url":"https:\/\/secure.gravatar.com\/avatar\/2f55039d31e0c8cf55d2c2b6e3bb49113343c35fd46d6d11806620d3c9641ba7?s=96&d=mm&r=g","contentUrl":"https:\/\/secure.gravatar.com\/avatar\/2f55039d31e0c8cf55d2c2b6e3bb49113343c35fd46d6d11806620d3c9641ba7?s=96&d=mm&r=g","caption":"Karibian Descanso"},"url":"https:\/\/karibiandescanso.com\/en\/author\/karibian-descanso\/"}]}},"_links":{"self":[{"href":"https:\/\/karibiandescanso.com\/en\/wp-json\/wp\/v2\/posts\/17173","targetHints":{"allow":["GET"]}}],"collection":[{"href":"https:\/\/karibiandescanso.com\/en\/wp-json\/wp\/v2\/posts"}],"about":[{"href":"https:\/\/karibiandescanso.com\/en\/wp-json\/wp\/v2\/types\/post"}],"author":[{"embeddable":true,"href":"https:\/\/karibiandescanso.com\/en\/wp-json\/wp\/v2\/users\/2"}],"replies":[{"embeddable":true,"href":"https:\/\/karibiandescanso.com\/en\/wp-json\/wp\/v2\/comments?post=17173"}],"version-history":[{"count":0,"href":"https:\/\/karibiandescanso.com\/en\/wp-json\/wp\/v2\/posts\/17173\/revisions"}],"wp:featuredmedia":[{"embeddable":true,"href":"https:\/\/karibiandescanso.com\/en\/wp-json\/wp\/v2\/media\/17186"}],"wp:attachment":[{"href":"https:\/\/karibiandescanso.com\/en\/wp-json\/wp\/v2\/media?parent=17173"}],"wp:term":[{"taxonomy":"category","embeddable":true,"href":"https:\/\/karibiandescanso.com\/en\/wp-json\/wp\/v2\/categories?post=17173"},{"taxonomy":"post_tag","embeddable":true,"href":"https:\/\/karibiandescanso.com\/en\/wp-json\/wp\/v2\/tags?post=17173"}],"curies":[{"name":"wp","href":"https:\/\/api.w.org\/{rel}","templated":true}]}}