{"id":18636,"date":"2026-04-28T12:00:34","date_gmt":"2026-04-28T10:00:34","guid":{"rendered":"https:\/\/karibiandescanso.com\/?p=18636"},"modified":"2026-04-28T15:01:35","modified_gmt":"2026-04-28T13:01:35","slug":"salone-del-mobile-milano-2026","status":"publish","type":"post","link":"https:\/\/karibiandescanso.com\/en\/salone-del-mobile-milano-2026\/","title":{"rendered":"SALONE DEL MOBILE MILANO 2026"},"content":{"rendered":"<p>[vc_row css_animation=&#8221;&#8221; row_type=&#8221;row&#8221; use_row_as_full_screen_section=&#8221;no&#8221; type=&#8221;full_width&#8221; angled_section=&#8221;no&#8221; text_align=&#8221;left&#8221; background_image_as_pattern=&#8221;without_pattern&#8221;][vc_column][vc_single_image image=&#8221;18680&#8243; img_size=&#8221;full&#8221; alignment=&#8221;center&#8221; qode_css_animation=&#8221;&#8221;][vc_empty_space height=&#8221;40px&#8221;][vc_column_text]<\/p>\n<h1><strong data-start=\"161\" data-end=\"225\">MILAN FAIR 2026: an edition that inspires us to keep growing<\/strong><\/h1>\n<p>[\/vc_column_text][vc_empty_space height=&#8221;20px&#8221;][vc_column_text]<\/p>\n<p data-start=\"213\" data-end=\"458\">The Milan Fair 2026 has once again become one of the key meeting points for the sleep industry, bringing together innovation, design, and new trends in a single space.<\/p>\n<p data-start=\"213\" data-end=\"458\">For Karibian, this 64th edition has had special significance. It has been an opportunity to showcase our work, share our vision with industry professionals, and continue building relationships that drive the evolution of our products.<\/p>\n<p>[\/vc_column_text][vc_empty_space height=&#8221;40px&#8221;][vc_column_text]<\/p>\n<h2 data-start=\"213\" data-end=\"458\"><strong data-start=\"639\" data-end=\"679\">A key meeting point for the industry<\/strong><\/h2>\n<p>[\/vc_column_text][vc_empty_space height=&#8221;20px&#8221;][vc_column_text]<\/p>\n<p data-start=\"213\" data-end=\"458\">Salone del Mobile is much more than an international event: it is a space where the future of design, materials, and the sleep experience is defined.<\/p>\n<p>[\/vc_column_text][vc_empty_space height=&#8221;20px&#8221;][vc_column_text]<\/p>\n<h3 data-start=\"213\" data-end=\"458\"><a href=\"https:\/\/www.focuspiedra.com\/salone-del-mobile-2026-bate-records-con-316-342-visitantes-y-espana-es-ya-el-tercer-pais-con-mas-expositores\/\">Salone del Mobile 2026 breaks records with 316,342 visitors, and Spain is now the third country with the highest number of exhibitors.<\/a><\/h3>\n<p>[\/vc_column_text][vc_empty_space height=&#8221;20px&#8221;][vc_column_text]<\/p>\n<p data-start=\"213\" data-end=\"458\">Milan once again proves that it remains <strong>the global capital of design.<\/strong><\/p>\n<p data-start=\"213\" data-end=\"458\">The 64th edition of <em>Salone del Mobile.Milano<\/em> closed with an impressive figure: <strong>316,342 visitors<\/strong> from 167 countries, <strong>4.5% more than in 2025,<\/strong> consolidating its position as <strong>the world\u2019s leading trade fair in the sector.<\/strong><\/p>\n<p data-start=\"213\" data-end=\"458\">International participation was once again key: 68% of professional visitors came from abroad, maintaining the same level as in 2025.<\/p>\n<p data-start=\"213\" data-end=\"458\"><strong>With 1,900 brands from 32 countries,<\/strong> the 2026 edition showcased a competitive industrial ecosystem ready to respond to the new challenges of contemporary living.<\/p>\n<p data-start=\"213\" data-end=\"458\">One of the most striking figures was <strong>Spain\u2019s rise<\/strong>, becoming<strong> the third country with the highest number of operators<\/strong>, with an 8.7% increase compared to 2025.<\/p>\n<p>[\/vc_column_text][vc_empty_space height=&#8221;10px&#8221;][vc_column_text]<\/p>\n<p data-start=\"213\" data-end=\"458\">During these days, we have been able to discover first-hand the trends that will shape the coming years and exchange insights with clients, distributors, and professionals who, like us, understand rest as something in constant evolution.<\/p>\n<p>[\/vc_column_text][vc_empty_space height=&#8221;40px&#8221;][vc_column_text]<\/p>\n<h3 data-start=\"213\" data-end=\"458\"><strong data-start=\"1966\" data-end=\"2006\">Innovation, materials, and new ideas<\/strong><\/h3>\n<p>[\/vc_column_text][vc_empty_space height=&#8221;20px&#8221;][vc_column_text]<\/p>\n<p data-start=\"1962\" data-end=\"2124\">These days have also brought us inspiration and new perspectives to continue developing collections that combine:<\/p>\n<ul>\n<li data-start=\"1962\" data-end=\"2124\">Comfort<\/li>\n<li data-section-id=\"1dvqrqh\" data-start=\"2137\" data-end=\"2151\">Technology<\/li>\n<li data-section-id=\"tmd5fe\" data-start=\"2152\" data-end=\"2173\">Quality materials<\/li>\n<li data-section-id=\"6puskb\" data-start=\"2174\" data-end=\"2205\">Design focused on real rest<\/li>\n<\/ul>\n<p>[\/vc_column_text][\/vc_column][\/vc_row][vc_row css_animation=&#8221;&#8221; row_type=&#8221;row&#8221; use_row_as_full_screen_section=&#8221;no&#8221; type=&#8221;full_width&#8221; angled_section=&#8221;no&#8221; text_align=&#8221;left&#8221; background_image_as_pattern=&#8221;without_pattern&#8221;][vc_column][vc_empty_space height=&#8221;40px&#8221;][vc_column_text]<\/p>\n<h2><strong>Our space in Milan<\/strong><\/h2>\n<p>[\/vc_column_text][vc_empty_space height=&#8221;20px&#8221;][vc_column_text]<\/p>\n<p data-start=\"856\" data-end=\"1153\">At this edition, Karibian presented its latest proposals in a stand designed with <strong>special attention to detail,<\/strong> aimed at clearly conveying our way of understanding rest.<\/p>\n<p data-start=\"856\" data-end=\"1153\">A space where every element \u2014from materials to layout\u2014 was designed to create a coherent, refined experience aligned with our values: technology, innovation, and maximum comfort quality.<\/p>\n<p data-start=\"856\" data-end=\"1153\">Through it, we showcased our latest innovations, reaffirming our commitment to well-being and to developing products that not only meet current needs but also <strong>anticipate new ways of resting<\/strong> for the most demanding customers.<\/p>\n<p>[\/vc_column_text][\/vc_column][\/vc_row][vc_row css_animation=&#8221;&#8221; row_type=&#8221;row&#8221; use_row_as_full_screen_section=&#8221;no&#8221; type=&#8221;full_width&#8221; angled_section=&#8221;no&#8221; text_align=&#8221;left&#8221; background_image_as_pattern=&#8221;without_pattern&#8221;][vc_column width=&#8221;3\/4&#8243;][vc_empty_space height=&#8221;120px&#8221;][vc_column_text]<\/p>\n<h2><strong>Thank you for visiting us<\/strong><\/h2>\n<p>[\/vc_column_text][vc_empty_space height=&#8221;20px&#8221;][vc_column_text]<\/p>\n<p data-start=\"856\" data-end=\"1153\">We would like to sincerely thank everyone who visited our space during the fair.<\/p>\n<p data-start=\"856\" data-end=\"1153\">Every conversation, every visit, and every exchange of ideas helps us continue to grow and improve what we do every day.<\/p>\n<p data-start=\"856\" data-end=\"1153\">It was a pleasure to share our latest innovations with you and hear your insights on the market and the future of rest.<\/p>\n<p>[\/vc_column_text][\/vc_column][vc_column width=&#8221;1\/4&#8243;][vc_empty_space height=&#8221;50px&#8221;][vc_gallery interval=&#8221;3&#8243; images=&#8221;18657,18655,18656,18658&#8243;][\/vc_column][\/vc_row][vc_row css_animation=&#8221;&#8221; row_type=&#8221;row&#8221; use_row_as_full_screen_section=&#8221;no&#8221; type=&#8221;full_width&#8221; angled_section=&#8221;no&#8221; text_align=&#8221;left&#8221; background_image_as_pattern=&#8221;without_pattern&#8221;][vc_column][vc_empty_space height=&#8221;50px&#8221;][vc_column_text]<\/p>\n<h2><strong>Relive the experience<\/strong><\/h2>\n<p>[\/vc_column_text][vc_empty_space height=&#8221;20px&#8221;][vc_column_text]<\/p>\n<p data-start=\"1406\" data-end=\"1800\">If you would like to learn more about our participation at the fair and take a closer look at the stand and collections that defined this edition, we invite you to watch this summary video:<\/p>\n<p>[\/vc_column_text][vc_empty_space height=&#8221;15px&#8221;][vc_video link=&#8221;https:\/\/youtu.be\/hIpsCrGZicU&#8221;][\/vc_column][\/vc_row][vc_row css_animation=&#8221;&#8221; row_type=&#8221;row&#8221; use_row_as_full_screen_section=&#8221;no&#8221; type=&#8221;full_width&#8221; angled_section=&#8221;no&#8221; text_align=&#8221;left&#8221; background_image_as_pattern=&#8221;without_pattern&#8221;][vc_column][vc_empty_space height=&#8221;50px&#8221;][vc_column_text]<\/p>\n<h3><span style=\"color: #000000;\"><strong>We keep moving forward<\/strong><\/span><\/h3>\n<p>[\/vc_column_text][vc_empty_space height=&#8221;20px&#8221;][vc_column_text]<\/p>\n<p data-start=\"1406\" data-end=\"1800\">We return from Milan with <strong>renewed motivation<\/strong> and the certainty that we are on the <strong>right path<\/strong>: creating sleep solutions that improve people\u2019s lives. Thank you for being part of this experience.<\/p>\n<p>[\/vc_column_text][\/vc_column][\/vc_row]<\/p>","protected":false},"excerpt":{"rendered":"<p>Discover two ways to rest and find which hybrid mattress suits you best. We compare HR foam and pocket springs to help you choose the ideal mattress.<\/p>\n","protected":false},"author":2,"featured_media":18742,"comment_status":"open","ping_status":"open","sticky":false,"template":"","format":"standard","meta":{"footnotes":""},"categories":[10,164],"tags":[197,201,307,308,309,310,311,312,313,314,315],"class_list":["post-18636","post","type-post","status-publish","format-standard","has-post-thumbnail","hentry","category-noticias","category-ferias","tag-made-in-spain","tag-karibian","tag-feria-de-milan-2026","tag-salone-del-mobile-milano-2026","tag-industria-del-descanso","tag-innovacion-en-colchones","tag-tendencias-del-descanso","tag-diseno-de-colchones","tag-materiales-innovadores","tag-networking","tag-ferias-internacionales"],"yoast_head":"<!-- This site is optimized with the Yoast SEO plugin v27.0 - https:\/\/yoast.com\/product\/yoast-seo-wordpress\/ -->\n<title>SALONE DEL MOBILE MILANO 2026 - Karibian Descanso<\/title>\n<meta name=\"description\" content=\"Descubre c\u00f3mo ha sido esta \u00faltima edici\u00f3n del Salone del Mobile Milano y echa un vistazo a las novedades presentadas por Karibian.\" \/>\n<meta name=\"robots\" content=\"index, follow, max-snippet:-1, max-image-preview:large, max-video-preview:-1\" \/>\n<link rel=\"canonical\" href=\"https:\/\/karibiandescanso.com\/salone-del-mobile-milano-2026\/\" \/>\n<meta property=\"og:locale\" content=\"en_US\" \/>\n<meta property=\"og:type\" content=\"article\" \/>\n<meta property=\"og:title\" content=\"Dos formas de descansar: Hybrid\" \/>\n<meta property=\"og:description\" content=\"Descubre dos formas de descanso y qu\u00e9 colch\u00f3n h\u00edbrido se adapta mejor a ti. Comparamos HR vs muelles ensacados para que elijas el colch\u00f3n ideal.\" \/>\n<meta property=\"og:url\" content=\"https:\/\/karibiandescanso.com\/salone-del-mobile-milano-2026\/\" \/>\n<meta property=\"og:site_name\" content=\"Karibian Descanso\" \/>\n<meta property=\"article:published_time\" content=\"2026-04-28T10:00:34+00:00\" \/>\n<meta property=\"article:modified_time\" content=\"2026-04-28T13:01:35+00:00\" \/>\n<meta property=\"og:image\" content=\"https:\/\/karibiandescanso.com\/wp-content\/uploads\/2026\/03\/2-modos-descanso-hybrid.webp\" \/>\n\t<meta property=\"og:image:width\" content=\"1000\" \/>\n\t<meta property=\"og:image:height\" content=\"566\" \/>\n\t<meta property=\"og:image:type\" content=\"image\/webp\" \/>\n<meta name=\"author\" content=\"Karibian Descanso\" \/>\n<meta name=\"twitter:card\" content=\"summary_large_image\" \/>\n<meta name=\"twitter:title\" content=\"Dos formas de descansar: Hybrid\" \/>\n<meta name=\"twitter:description\" content=\"Descubre dos formas de descanso y qu\u00e9 colch\u00f3n h\u00edbrido se adapta mejor a ti. Comparamos HR vs muelles ensacados para que elijas el colch\u00f3n ideal.\" \/>\n<meta name=\"twitter:image\" content=\"https:\/\/karibiandescanso.com\/wp-content\/uploads\/2026\/03\/2-modos-descanso-hybrid.webp\" \/>\n<meta name=\"twitter:label1\" content=\"Written by\" \/>\n\t<meta name=\"twitter:data1\" content=\"Karibian Descanso\" \/>\n\t<meta name=\"twitter:label2\" content=\"Est. reading time\" \/>\n\t<meta name=\"twitter:data2\" content=\"9 minutes\" \/>\n<script type=\"application\/ld+json\" class=\"yoast-schema-graph\">{\"@context\":\"https:\/\/schema.org\",\"@graph\":[{\"@type\":\"Article\",\"@id\":\"https:\/\/karibiandescanso.com\/salone-del-mobile-milano-2026\/#article\",\"isPartOf\":{\"@id\":\"https:\/\/karibiandescanso.com\/salone-del-mobile-milano-2026\/\"},\"author\":{\"name\":\"Karibian Descanso\",\"@id\":\"https:\/\/karibiandescanso.com\/#\/schema\/person\/23be63b9b19bd8da8980c8eecdd69d30\"},\"headline\":\"SALONE DEL MOBILE MILANO 2026\",\"datePublished\":\"2026-04-28T10:00:34+00:00\",\"dateModified\":\"2026-04-28T13:01:35+00:00\",\"mainEntityOfPage\":{\"@id\":\"https:\/\/karibiandescanso.com\/salone-del-mobile-milano-2026\/\"},\"wordCount\":4920,\"commentCount\":0,\"image\":{\"@id\":\"https:\/\/karibiandescanso.com\/salone-del-mobile-milano-2026\/#primaryimage\"},\"thumbnailUrl\":\"https:\/\/karibiandescanso.com\/wp-content\/uploads\/2026\/03\/milano-portada.jpg\",\"keywords\":[\"Made in Spain\",\"Karibian\",\"Feria de Mil\u00e1n 2026\",\"Salone del Mobile Milano 2026\",\"Industria del descanso\",\"Innovaci\u00f3n en colchones\",\"Tendencias del descanso\",\"Dise\u00f1o de colchones\",\"Materiales innovadores\",\"Networking\",\"Ferias internacionales\"],\"articleSection\":[\"news\",\"Ferias\"],\"inLanguage\":\"en-US\",\"potentialAction\":[{\"@type\":\"CommentAction\",\"name\":\"Comment\",\"target\":[\"https:\/\/karibiandescanso.com\/salone-del-mobile-milano-2026\/#respond\"]}]},{\"@type\":\"WebPage\",\"@id\":\"https:\/\/karibiandescanso.com\/salone-del-mobile-milano-2026\/\",\"url\":\"https:\/\/karibiandescanso.com\/salone-del-mobile-milano-2026\/\",\"name\":\"SALONE DEL MOBILE MILANO 2026 - Karibian Descanso\",\"isPartOf\":{\"@id\":\"https:\/\/karibiandescanso.com\/#website\"},\"primaryImageOfPage\":{\"@id\":\"https:\/\/karibiandescanso.com\/salone-del-mobile-milano-2026\/#primaryimage\"},\"image\":{\"@id\":\"https:\/\/karibiandescanso.com\/salone-del-mobile-milano-2026\/#primaryimage\"},\"thumbnailUrl\":\"https:\/\/karibiandescanso.com\/wp-content\/uploads\/2026\/03\/milano-portada.jpg\",\"datePublished\":\"2026-04-28T10:00:34+00:00\",\"dateModified\":\"2026-04-28T13:01:35+00:00\",\"author\":{\"@id\":\"https:\/\/karibiandescanso.com\/#\/schema\/person\/23be63b9b19bd8da8980c8eecdd69d30\"},\"description\":\"Descubre c\u00f3mo ha sido esta \u00faltima edici\u00f3n del Salone del Mobile Milano y echa un vistazo a las novedades presentadas por Karibian.\",\"breadcrumb\":{\"@id\":\"https:\/\/karibiandescanso.com\/salone-del-mobile-milano-2026\/#breadcrumb\"},\"inLanguage\":\"en-US\",\"potentialAction\":[{\"@type\":\"ReadAction\",\"target\":[\"https:\/\/karibiandescanso.com\/salone-del-mobile-milano-2026\/\"]}]},{\"@type\":\"ImageObject\",\"inLanguage\":\"en-US\",\"@id\":\"https:\/\/karibiandescanso.com\/salone-del-mobile-milano-2026\/#primaryimage\",\"url\":\"https:\/\/karibiandescanso.com\/wp-content\/uploads\/2026\/03\/milano-portada.jpg\",\"contentUrl\":\"https:\/\/karibiandescanso.com\/wp-content\/uploads\/2026\/03\/milano-portada.jpg\",\"width\":1400,\"height\":792},{\"@type\":\"BreadcrumbList\",\"@id\":\"https:\/\/karibiandescanso.com\/salone-del-mobile-milano-2026\/#breadcrumb\",\"itemListElement\":[{\"@type\":\"ListItem\",\"position\":1,\"name\":\"Portada\",\"item\":\"https:\/\/karibiandescanso.com\/\"},{\"@type\":\"ListItem\",\"position\":2,\"name\":\"SALONE DEL MOBILE MILANO 2026\"}]},{\"@type\":\"WebSite\",\"@id\":\"https:\/\/karibiandescanso.com\/#website\",\"url\":\"https:\/\/karibiandescanso.com\/\",\"name\":\"Karibian Descanso\",\"description\":\"Where is rest\",\"potentialAction\":[{\"@type\":\"SearchAction\",\"target\":{\"@type\":\"EntryPoint\",\"urlTemplate\":\"https:\/\/karibiandescanso.com\/?s={search_term_string}\"},\"query-input\":{\"@type\":\"PropertyValueSpecification\",\"valueRequired\":true,\"valueName\":\"search_term_string\"}}],\"inLanguage\":\"en-US\"},{\"@type\":\"Person\",\"@id\":\"https:\/\/karibiandescanso.com\/#\/schema\/person\/23be63b9b19bd8da8980c8eecdd69d30\",\"name\":\"Karibian Descanso\",\"image\":{\"@type\":\"ImageObject\",\"inLanguage\":\"en-US\",\"@id\":\"https:\/\/karibiandescanso.com\/#\/schema\/person\/image\/\",\"url\":\"https:\/\/secure.gravatar.com\/avatar\/2f55039d31e0c8cf55d2c2b6e3bb49113343c35fd46d6d11806620d3c9641ba7?s=96&d=mm&r=g\",\"contentUrl\":\"https:\/\/secure.gravatar.com\/avatar\/2f55039d31e0c8cf55d2c2b6e3bb49113343c35fd46d6d11806620d3c9641ba7?s=96&d=mm&r=g\",\"caption\":\"Karibian Descanso\"},\"url\":\"https:\/\/karibiandescanso.com\/en\/author\/karibian-descanso\/\"}]}<\/script>\n<!-- \/ Yoast SEO plugin. -->","yoast_head_json":{"title":"SALONE DEL MOBILE MILANO 2026 - Karibian Descanso","description":"Descubre c\u00f3mo ha sido esta \u00faltima edici\u00f3n del Salone del Mobile Milano y echa un vistazo a las novedades presentadas por Karibian.","robots":{"index":"index","follow":"follow","max-snippet":"max-snippet:-1","max-image-preview":"max-image-preview:large","max-video-preview":"max-video-preview:-1"},"canonical":"https:\/\/karibiandescanso.com\/salone-del-mobile-milano-2026\/","og_locale":"en_US","og_type":"article","og_title":"Dos formas de descansar: Hybrid","og_description":"Descubre dos formas de descanso y qu\u00e9 colch\u00f3n h\u00edbrido se adapta mejor a ti. Comparamos HR vs muelles ensacados para que elijas el colch\u00f3n ideal.","og_url":"https:\/\/karibiandescanso.com\/salone-del-mobile-milano-2026\/","og_site_name":"Karibian Descanso","article_published_time":"2026-04-28T10:00:34+00:00","article_modified_time":"2026-04-28T13:01:35+00:00","og_image":[{"width":1000,"height":566,"url":"https:\/\/karibiandescanso.com\/wp-content\/uploads\/2026\/03\/2-modos-descanso-hybrid.webp","type":"image\/webp"}],"author":"Karibian Descanso","twitter_card":"summary_large_image","twitter_title":"Dos formas de descansar: Hybrid","twitter_description":"Descubre dos formas de descanso y qu\u00e9 colch\u00f3n h\u00edbrido se adapta mejor a ti. Comparamos HR vs muelles ensacados para que elijas el colch\u00f3n ideal.","twitter_image":"https:\/\/karibiandescanso.com\/wp-content\/uploads\/2026\/03\/2-modos-descanso-hybrid.webp","twitter_misc":{"Written by":"Karibian Descanso","Est. reading time":"9 minutes"},"schema":{"@context":"https:\/\/schema.org","@graph":[{"@type":"Article","@id":"https:\/\/karibiandescanso.com\/salone-del-mobile-milano-2026\/#article","isPartOf":{"@id":"https:\/\/karibiandescanso.com\/salone-del-mobile-milano-2026\/"},"author":{"name":"Karibian Descanso","@id":"https:\/\/karibiandescanso.com\/#\/schema\/person\/23be63b9b19bd8da8980c8eecdd69d30"},"headline":"SALONE DEL MOBILE MILANO 2026","datePublished":"2026-04-28T10:00:34+00:00","dateModified":"2026-04-28T13:01:35+00:00","mainEntityOfPage":{"@id":"https:\/\/karibiandescanso.com\/salone-del-mobile-milano-2026\/"},"wordCount":4920,"commentCount":0,"image":{"@id":"https:\/\/karibiandescanso.com\/salone-del-mobile-milano-2026\/#primaryimage"},"thumbnailUrl":"https:\/\/karibiandescanso.com\/wp-content\/uploads\/2026\/03\/milano-portada.jpg","keywords":["Made in Spain","Karibian","Feria de Mil\u00e1n 2026","Salone del Mobile Milano 2026","Industria del descanso","Innovaci\u00f3n en colchones","Tendencias del descanso","Dise\u00f1o de colchones","Materiales innovadores","Networking","Ferias internacionales"],"articleSection":["news","Ferias"],"inLanguage":"en-US","potentialAction":[{"@type":"CommentAction","name":"Comment","target":["https:\/\/karibiandescanso.com\/salone-del-mobile-milano-2026\/#respond"]}]},{"@type":"WebPage","@id":"https:\/\/karibiandescanso.com\/salone-del-mobile-milano-2026\/","url":"https:\/\/karibiandescanso.com\/salone-del-mobile-milano-2026\/","name":"SALONE DEL MOBILE MILANO 2026 - Karibian Descanso","isPartOf":{"@id":"https:\/\/karibiandescanso.com\/#website"},"primaryImageOfPage":{"@id":"https:\/\/karibiandescanso.com\/salone-del-mobile-milano-2026\/#primaryimage"},"image":{"@id":"https:\/\/karibiandescanso.com\/salone-del-mobile-milano-2026\/#primaryimage"},"thumbnailUrl":"https:\/\/karibiandescanso.com\/wp-content\/uploads\/2026\/03\/milano-portada.jpg","datePublished":"2026-04-28T10:00:34+00:00","dateModified":"2026-04-28T13:01:35+00:00","author":{"@id":"https:\/\/karibiandescanso.com\/#\/schema\/person\/23be63b9b19bd8da8980c8eecdd69d30"},"description":"Descubre c\u00f3mo ha sido esta \u00faltima edici\u00f3n del Salone del Mobile Milano y echa un vistazo a las novedades presentadas por Karibian.","breadcrumb":{"@id":"https:\/\/karibiandescanso.com\/salone-del-mobile-milano-2026\/#breadcrumb"},"inLanguage":"en-US","potentialAction":[{"@type":"ReadAction","target":["https:\/\/karibiandescanso.com\/salone-del-mobile-milano-2026\/"]}]},{"@type":"ImageObject","inLanguage":"en-US","@id":"https:\/\/karibiandescanso.com\/salone-del-mobile-milano-2026\/#primaryimage","url":"https:\/\/karibiandescanso.com\/wp-content\/uploads\/2026\/03\/milano-portada.jpg","contentUrl":"https:\/\/karibiandescanso.com\/wp-content\/uploads\/2026\/03\/milano-portada.jpg","width":1400,"height":792},{"@type":"BreadcrumbList","@id":"https:\/\/karibiandescanso.com\/salone-del-mobile-milano-2026\/#breadcrumb","itemListElement":[{"@type":"ListItem","position":1,"name":"Portada","item":"https:\/\/karibiandescanso.com\/"},{"@type":"ListItem","position":2,"name":"SALONE DEL MOBILE MILANO 2026"}]},{"@type":"WebSite","@id":"https:\/\/karibiandescanso.com\/#website","url":"https:\/\/karibiandescanso.com\/","name":"Karibian Descanso","description":"Where is rest","potentialAction":[{"@type":"SearchAction","target":{"@type":"EntryPoint","urlTemplate":"https:\/\/karibiandescanso.com\/?s={search_term_string}"},"query-input":{"@type":"PropertyValueSpecification","valueRequired":true,"valueName":"search_term_string"}}],"inLanguage":"en-US"},{"@type":"Person","@id":"https:\/\/karibiandescanso.com\/#\/schema\/person\/23be63b9b19bd8da8980c8eecdd69d30","name":"Karibian Descanso","image":{"@type":"ImageObject","inLanguage":"en-US","@id":"https:\/\/karibiandescanso.com\/#\/schema\/person\/image\/","url":"https:\/\/secure.gravatar.com\/avatar\/2f55039d31e0c8cf55d2c2b6e3bb49113343c35fd46d6d11806620d3c9641ba7?s=96&d=mm&r=g","contentUrl":"https:\/\/secure.gravatar.com\/avatar\/2f55039d31e0c8cf55d2c2b6e3bb49113343c35fd46d6d11806620d3c9641ba7?s=96&d=mm&r=g","caption":"Karibian Descanso"},"url":"https:\/\/karibiandescanso.com\/en\/author\/karibian-descanso\/"}]}},"_links":{"self":[{"href":"https:\/\/karibiandescanso.com\/en\/wp-json\/wp\/v2\/posts\/18636","targetHints":{"allow":["GET"]}}],"collection":[{"href":"https:\/\/karibiandescanso.com\/en\/wp-json\/wp\/v2\/posts"}],"about":[{"href":"https:\/\/karibiandescanso.com\/en\/wp-json\/wp\/v2\/types\/post"}],"author":[{"embeddable":true,"href":"https:\/\/karibiandescanso.com\/en\/wp-json\/wp\/v2\/users\/2"}],"replies":[{"embeddable":true,"href":"https:\/\/karibiandescanso.com\/en\/wp-json\/wp\/v2\/comments?post=18636"}],"version-history":[{"count":45,"href":"https:\/\/karibiandescanso.com\/en\/wp-json\/wp\/v2\/posts\/18636\/revisions"}],"predecessor-version":[{"id":18761,"href":"https:\/\/karibiandescanso.com\/en\/wp-json\/wp\/v2\/posts\/18636\/revisions\/18761"}],"wp:featuredmedia":[{"embeddable":true,"href":"https:\/\/karibiandescanso.com\/en\/wp-json\/wp\/v2\/media\/18742"}],"wp:attachment":[{"href":"https:\/\/karibiandescanso.com\/en\/wp-json\/wp\/v2\/media?parent=18636"}],"wp:term":[{"taxonomy":"category","embeddable":true,"href":"https:\/\/karibiandescanso.com\/en\/wp-json\/wp\/v2\/categories?post=18636"},{"taxonomy":"post_tag","embeddable":true,"href":"https:\/\/karibiandescanso.com\/en\/wp-json\/wp\/v2\/tags?post=18636"}],"curies":[{"name":"wp","href":"https:\/\/api.w.org\/{rel}","templated":true}]}}