{"id":2789,"date":"2018-09-25T15:56:33","date_gmt":"2018-09-25T14:56:33","guid":{"rendered":"https:\/\/www.karibiandescanso.com\/?p=2789"},"modified":"2024-07-26T14:38:12","modified_gmt":"2024-07-26T12:38:12","slug":"57-edicion-fmy2018","status":"publish","type":"post","link":"https:\/\/karibiandescanso.com\/en\/57-edicion-fmy2018\/","title":{"rendered":"57TH YECLA FURNITURE FAIR 2018"},"content":{"rendered":"<p><a href=\"https:\/\/www.facebook.com\/FMYecla\/\"><img loading=\"lazy\" decoding=\"async\" class=\"wp-image-2796 aligncenter\" src=\"https:\/\/www.karibiandescanso.com\/wp-content\/uploads\/2018\/09\/FERIA-DE-YECLA-2018-1.jpg\" alt=\"\" width=\"792\" height=\"255\" srcset=\"https:\/\/karibiandescanso.com\/wp-content\/uploads\/2018\/09\/FERIA-DE-YECLA-2018-1.jpg 1920w, https:\/\/karibiandescanso.com\/wp-content\/uploads\/2018\/09\/FERIA-DE-YECLA-2018-1-300x97.jpg 300w, https:\/\/karibiandescanso.com\/wp-content\/uploads\/2018\/09\/FERIA-DE-YECLA-2018-1-1024x330.jpg 1024w\" sizes=\"auto, (max-width: 792px) 100vw, 792px\" \/><\/a><\/p>\n<p class=\"Cuerpo\" style=\"text-align: justify;\"><strong><a href=\"https:\/\/www.karibiandescanso.com\/en\"><span class=\"Hyperlink0\"><span lang=\"EN-GB\">Karibian Descanso<\/span><\/span><\/a><\/strong> <span lang=\"EN-GB\">was present at the latest edition of the <strong><a href=\"http:\/\/www.feriayecla.com\/\">Yecla Furniture Fair<\/a>,<\/strong> <\/span><span lang=\"EN-GB\">\u00a0a meeting point for industry professionals in Spain and beyond. Celebrating its <\/span><span class=\"Ninguno\"><b><span lang=\"EN-GB\">57th Edition<\/span><\/b><\/span><span class=\"Ninguno\"><span lang=\"EN-GB\">, <\/span><\/span><span class=\"Ninguno\"><span lang=\"EN-GB\">this <\/span><\/span><span lang=\"EN-GB\">event was held from <\/span><span class=\"Ninguno\"><b><span lang=\"EN-GB\">17 to 20 September<\/span><\/b><\/span><span lang=\"EN-GB\">.<\/span><\/p>\n<p class=\"Cuerpo\" style=\"text-align: justify;\"><span lang=\"EN-GB\">A must-see for all <\/span><span class=\"Ninguno\"><b><span lang=\"EN-GB\">professionals in the furniture industry<\/span><\/b><\/span><span class=\"Ninguno\"><span lang=\"EN-GB\">,<\/span><\/span><span lang=\"EN-GB\">this event is growing more important year after year thanks to the participation of renowned experts and different companies in the sector. This edition saw new developments such as contemporary furniture trends, professional networking and a boost through new innovations, all of which share a common goal: openness to new growth markets, investment in new positioning and a positive impact on the industry.<\/span><\/p>\n<h5><strong><span lang=\"EN-GB\">WHERE INNOVATION WAS BORN<\/span><\/strong><\/h5>\n<p class=\"Cuerpo\" style=\"text-align: justify;\"><span lang=\"EN-GB\">This powerful headline announced this edition of the oldest furniture expo in Spain, where 130 companies exhibited over nearly 17,000\u00a0m<sup>2<\/sup>of floor space. Amongst the most valued professionals at this type of fair, architects, interior designers and developers now form the profile of the majority of visitors, along with prestigious independent and chain stores.<\/span><\/p>\n<p class=\"Cuerpo\" style=\"text-align: justify;\"><a href=\"https:\/\/www.karibiandescanso.com\/en\"><span class=\"Hyperlink0\"><span lang=\"EN-GB\">Karibian Descanso<\/span><\/span><\/a><span lang=\"EN-GB\">, along with <\/span><a href=\"https:\/\/solopatas.com\/\"><span class=\"Hyperlink1\"><span lang=\"EN-GB\">Nosolopatas<\/span><\/span><\/a><span lang=\"EN-GB\">, presented an innovative, sophisticated and exclusive display, where they exhibited a selection from their range of sleep products. The latest developments include contemporary trends and materials seen on the market, designed to meet the needs of all customers.<\/span><\/p>\n<p class=\"Cuerpo\"><span lang=\"EN-GB\">Below is a sample of images from our stand.<\/span><\/p>\n<p><a href=\"https:\/\/www.karibiandescanso.com\"><img loading=\"lazy\" decoding=\"async\" class=\"alignleft size-full wp-image-2926\" src=\"https:\/\/www.karibiandescanso.com\/wp-content\/uploads\/2018\/09\/PPAL-BLOG-.jpg\" alt=\"\" width=\"1920\" height=\"812\" srcset=\"https:\/\/karibiandescanso.com\/wp-content\/uploads\/2018\/09\/PPAL-BLOG-.jpg 1920w, https:\/\/karibiandescanso.com\/wp-content\/uploads\/2018\/09\/PPAL-BLOG--300x127.jpg 300w, https:\/\/karibiandescanso.com\/wp-content\/uploads\/2018\/09\/PPAL-BLOG--1024x433.jpg 1024w\" sizes=\"auto, (max-width: 1920px) 100vw, 1920px\" \/><\/a><\/p>\n<h5><img loading=\"lazy\" decoding=\"async\" class=\"alignleft size-full wp-image-2924\" src=\"https:\/\/www.karibiandescanso.com\/wp-content\/uploads\/2018\/09\/3-IMAGENES.jpg\" alt=\"\" width=\"1920\" height=\"567\" srcset=\"https:\/\/karibiandescanso.com\/wp-content\/uploads\/2018\/09\/3-IMAGENES.jpg 1920w, https:\/\/karibiandescanso.com\/wp-content\/uploads\/2018\/09\/3-IMAGENES-300x89.jpg 300w, https:\/\/karibiandescanso.com\/wp-content\/uploads\/2018\/09\/3-IMAGENES-1024x302.jpg 1024w\" sizes=\"auto, (max-width: 1920px) 100vw, 1920px\" \/><\/h5>\n<h5 style=\"text-align: justify;\"><\/h5>\n<h5 class=\"Cuerpo\"><span lang=\"EN-GB\">NEW MAXIMUN 2019<\/span><\/h5>\n<p class=\"Cuerpo\" style=\"text-align: justify;\"><span lang=\"EN-GB\">With the 57<sup>th\u00a0<\/sup>Edition of <\/span><span class=\"Ninguno\"><b><span lang=\"EN-GB\">FMY in 2018<\/span><\/b><\/span><span lang=\"EN-GB\">, Karibian Descanso has, as usual, invested in design, new product lines and a more open and innovative design concept. With this in mind, we presented our new model, Maximun 2019, an updated version of one of our most popular models.<\/span><\/p>\n<p class=\"Cuerpo\" style=\"text-align: justify;\"><span class=\"Ninguno\"><b><span lang=\"EN-GB\">Maximun 2019\u00a0<\/span><\/b><\/span><span lang=\"EN-GB\">belongs to our Gold Series and features a unique combination of the best materials on the market: high-resistance, viscoelastic and Gel-Therm fabrics, among which Tencel stands out as a natural, environmentally friendly fibre. This comfort model also incorporates side reinforcement for greater durability. As well, Maximun 2019 is <\/span><a href=\"https:\/\/www.karibiandescanso.com\/en\/oeko-tex\/\"><span class=\"Hyperlink0\"><span lang=\"EN-GB\">OEKO-TEX 2017K1452 AITEX <\/span><\/span><\/a><span lang=\"EN-GB\">certified, which guarantees it to be free of toxic substances harmful to human health. This is true of all Karibian Descanso products.<\/span><\/p>\n<p><a href=\"https:\/\/www.karibiandescanso.com\"><img loading=\"lazy\" decoding=\"async\" class=\"alignleft size-full wp-image-2939\" src=\"https:\/\/www.karibiandescanso.com\/wp-content\/uploads\/2018\/09\/CHICO-.jpg\" alt=\"\" width=\"1920\" height=\"740\" srcset=\"https:\/\/karibiandescanso.com\/wp-content\/uploads\/2018\/09\/CHICO-.jpg 1920w, https:\/\/karibiandescanso.com\/wp-content\/uploads\/2018\/09\/CHICO--300x116.jpg 300w, https:\/\/karibiandescanso.com\/wp-content\/uploads\/2018\/09\/CHICO--1024x395.jpg 1024w\" sizes=\"auto, (max-width: 1920px) 100vw, 1920px\" \/><\/a><\/p>\n<p class=\"Cuerpo\" style=\"text-align: justify;\"><span lang=\"EN-GB\">Last but not least, <\/span><span class=\"Ninguno\"><b><span lang=\"EN-GB\">Karibian Descanso\u00a0<\/span><\/b><\/span><span lang=\"EN-GB\">wants to thank everyone that visited our exhibit: customers, industry professionals, designers and everyone else. We would also like to thank the <\/span><span class=\"Ninguno\"><b><span lang=\"EN-GB\">FMY2018\u00a0<\/span><\/b><\/span><span lang=\"EN-GB\">organising committee and congratulate them on the success of the various events. <\/span><span lang=\"EN-GB\">Keep up the good work for the next edition!<\/span><\/p>\n<p class=\"Cuerpo\"><span lang=\"EN-GB\">Would you like to find out more about our products? <a href=\"https:\/\/www.karibiandescanso.com\/en\">karibiandescanso.com<\/a><\/span><\/p>\n<p><\/p>","protected":false},"excerpt":{"rendered":"<p>Karibian Descanso was present at the latest edition of the Yecla Furniture Fair, \u00a0a meeting point for industry professionals in Spain and beyond. Celebrating its 57th Edition, this event was held from 17 to 20 September.<\/p>\n","protected":false},"author":2,"featured_media":2945,"comment_status":"open","ping_status":"open","sticky":false,"template":"","format":"standard","meta":{"footnotes":""},"categories":[1,10],"tags":[102,103,116,120,22,35,42,91,93,100],"class_list":["post-2789","post","type-post","status-publish","format-standard","has-post-thumbnail","hentry","category-sin-categoria","category-noticias","tag-fmy2018","tag-foiredumeuble","tag-viscoelasticas","tag-ameubement","tag-yecla","tag-confort","tag-karibiandescanso","tag-mattress","tag-feriadelmueble","tag-furniture"],"yoast_head":"<!-- This site is optimized with the Yoast SEO plugin v27.0 - https:\/\/yoast.com\/product\/yoast-seo-wordpress\/ -->\n<title>57TH YECLA FURNITURE FAIR 2018 - Karibian Descanso<\/title>\n<meta name=\"robots\" content=\"index, follow, max-snippet:-1, max-image-preview:large, max-video-preview:-1\" \/>\n<link rel=\"canonical\" href=\"https:\/\/karibiandescanso.com\/pl\/57-edicion-fmy2018\/\" \/>\n<meta property=\"og:locale\" content=\"en_US\" \/>\n<meta property=\"og:type\" content=\"article\" \/>\n<meta property=\"og:title\" content=\"[:es]57 EDICI\u00d3N FMY2018[:en]57TH YECLA FURNITURE FAIR 2018[:fr]57\u00c8ME \u00c9DITION FMY2018[:ru]57 \u041c\u0415\u0411\u0415\u041b\u042c\u041d\u0410\u042f \u0412\u042b\u0421\u0422\u0410\u0412\u041a\u0410 \u0415\u041a\u041b\u042b 2018[:pl] 57 EDYCJA FMY 2018[:] - Karibian Descanso\" \/>\n<meta property=\"og:description\" content=\"[:es]Karibian Descanso particip\u00f3 en la 57 Edici\u00f3n de la Feria del Mueble de Yecla 2018, del 17 al 20 de Septiembre. Presentando un novedoso Stand, en el que se pod\u00edan descubrir distintos modelos de descanso.[:en]Karibian Descanso was present at the latest edition of the Yecla Furniture Fair, \u00a0a meeting point for industry professionals in Spain and beyond. Celebrating its 57th Edition, this event was held from 17 to 20 September.[:fr]Karibian Descanso\u00a0a \u00e9t\u00e9 pr\u00e9sent une ann\u00e9e de plus au Salon du Meuble Yecla 2018. Un point de rencontre pour les professionnels du secteur, tant \u00e0 niveau national qu\u2019international. L\u2019\u00e9v\u00e9nement s\u2019est tenu du 17 au 20 de[:ru]\u041a\u043e\u043c\u043f\u0430\u043d\u0438\u044f Karibian Descanso \u0432 \u043e\u0447\u0435\u0440\u0435\u0434\u043d\u043e\u0439 \u0440\u0430\u0437 \u043f\u0440\u0438\u043d\u044f\u043b\u0430 \u0443\u0447\u0430\u0441\u0442\u0438\u0435 \u0432 \u041c\u0435\u0431\u0435\u043b\u044c\u043d\u043e\u0439 \u0432\u044b\u0441\u0442\u0430\u0432\u043a\u0435 \u0415\u043a\u043b\u044b, \u043a\u043e\u0442\u043e\u0440\u0430\u044f \u0441\u043b\u0443\u0436\u0438\u0442 \u043c\u0435\u0441\u0442\u043e\u043c \u0432\u0441\u0442\u0440\u0435\u0447\u0438 \u0438\u0441\u043f\u0430\u043d\u0441\u043a\u0438\u043c \u0438 \u0438\u043d\u043e\u0441\u0442\u0440\u0430\u043d\u043d\u044b\u043c \u0441\u043f\u0435\u0446\u0438\u0430\u043b\u0438\u0441\u0442\u0430\u043c \u044d\u0442\u043e\u0433\u043e \u0441\u0435\u043a\u0442\u043e\u0440\u0430. 57-\u044f \u0432\u044b\u0441\u0442\u0430\u0432\u043a\u0430 \u043f\u0440\u043e\u0448\u043b\u0430 \u0441 17[:pl]Karibian Descanso wzi\u0105\u0142 udzia\u0142 w 57. Edycji Targ\u00f3w Mebli Yecla 2018, w dniach 17-20 wrze\u015bnia. Przedstawiamy nowe stoisko, na kt\u00f3rym mo\u017cna by\u0142o odkry\u0107 r\u00f3\u017cne modele podstawek.[:]\" \/>\n<meta property=\"og:url\" content=\"https:\/\/karibiandescanso.com\/pl\/57-edicion-fmy2018\/\" \/>\n<meta property=\"og:site_name\" content=\"Karibian Descanso\" \/>\n<meta property=\"article:published_time\" content=\"2018-09-25T14:56:33+00:00\" \/>\n<meta property=\"article:modified_time\" content=\"2024-07-26T12:38:12+00:00\" \/>\n<meta property=\"og:image\" content=\"https:\/\/karibiandescanso.com\/wp-content\/uploads\/2018\/09\/PORTADA-2-.jpg\" \/>\n\t<meta property=\"og:image:width\" content=\"1684\" \/>\n\t<meta property=\"og:image:height\" content=\"950\" \/>\n\t<meta property=\"og:image:type\" content=\"image\/jpeg\" \/>\n<meta name=\"author\" content=\"Karibian Descanso\" \/>\n<meta name=\"twitter:card\" content=\"summary_large_image\" \/>\n<meta name=\"twitter:label1\" content=\"Written by\" \/>\n\t<meta name=\"twitter:data1\" content=\"Karibian Descanso\" \/>\n\t<meta name=\"twitter:label2\" content=\"Est. reading time\" \/>\n\t<meta name=\"twitter:data2\" content=\"3 minutes\" \/>\n<script type=\"application\/ld+json\" class=\"yoast-schema-graph\">{\"@context\":\"https:\/\/schema.org\",\"@graph\":[{\"@type\":\"Article\",\"@id\":\"https:\/\/karibiandescanso.com\/pl\/57-edicion-fmy2018\/#article\",\"isPartOf\":{\"@id\":\"https:\/\/karibiandescanso.com\/pl\/57-edicion-fmy2018\/\"},\"author\":{\"name\":\"Karibian Descanso\",\"@id\":\"https:\/\/karibiandescanso.com\/#\/schema\/person\/23be63b9b19bd8da8980c8eecdd69d30\"},\"headline\":\"57TH YECLA FURNITURE FAIR 2018\",\"datePublished\":\"2018-09-25T14:56:33+00:00\",\"dateModified\":\"2024-07-26T12:38:12+00:00\",\"mainEntityOfPage\":{\"@id\":\"https:\/\/karibiandescanso.com\/pl\/57-edicion-fmy2018\/\"},\"wordCount\":2399,\"commentCount\":0,\"image\":{\"@id\":\"https:\/\/karibiandescanso.com\/pl\/57-edicion-fmy2018\/#primaryimage\"},\"thumbnailUrl\":\"https:\/\/karibiandescanso.com\/wp-content\/uploads\/2018\/09\/PORTADA-2-.jpg\",\"keywords\":[\"FMY2018\",\"Foiredumeuble\",\"Viscoelasticas\",\"Ameubement\",\"yecla\",\"confort\",\"Karibiandescanso\",\"Mattress\",\"Feriadelmueble\",\"Furniture\"],\"articleSection\":[\"Sin categor\u00eda\",\"news\"],\"inLanguage\":\"en-US\",\"potentialAction\":[{\"@type\":\"CommentAction\",\"name\":\"Comment\",\"target\":[\"https:\/\/karibiandescanso.com\/pl\/57-edicion-fmy2018\/#respond\"]}]},{\"@type\":\"WebPage\",\"@id\":\"https:\/\/karibiandescanso.com\/pl\/57-edicion-fmy2018\/\",\"url\":\"https:\/\/karibiandescanso.com\/pl\/57-edicion-fmy2018\/\",\"name\":\"[:es]57 EDICI\u00d3N FMY2018[:en]57TH YECLA FURNITURE FAIR 2018[:fr]57\u00c8ME \u00c9DITION FMY2018[:ru]57 \u041c\u0415\u0411\u0415\u041b\u042c\u041d\u0410\u042f \u0412\u042b\u0421\u0422\u0410\u0412\u041a\u0410 \u0415\u041a\u041b\u042b 2018[:pl] 57 EDYCJA FMY 2018[:] - Karibian Descanso\",\"isPartOf\":{\"@id\":\"https:\/\/karibiandescanso.com\/#website\"},\"primaryImageOfPage\":{\"@id\":\"https:\/\/karibiandescanso.com\/pl\/57-edicion-fmy2018\/#primaryimage\"},\"image\":{\"@id\":\"https:\/\/karibiandescanso.com\/pl\/57-edicion-fmy2018\/#primaryimage\"},\"thumbnailUrl\":\"https:\/\/karibiandescanso.com\/wp-content\/uploads\/2018\/09\/PORTADA-2-.jpg\",\"datePublished\":\"2018-09-25T14:56:33+00:00\",\"dateModified\":\"2024-07-26T12:38:12+00:00\",\"author\":{\"@id\":\"https:\/\/karibiandescanso.com\/#\/schema\/person\/23be63b9b19bd8da8980c8eecdd69d30\"},\"breadcrumb\":{\"@id\":\"https:\/\/karibiandescanso.com\/pl\/57-edicion-fmy2018\/#breadcrumb\"},\"inLanguage\":\"en-US\",\"potentialAction\":[{\"@type\":\"ReadAction\",\"target\":[\"https:\/\/karibiandescanso.com\/pl\/57-edicion-fmy2018\/\"]}]},{\"@type\":\"ImageObject\",\"inLanguage\":\"en-US\",\"@id\":\"https:\/\/karibiandescanso.com\/pl\/57-edicion-fmy2018\/#primaryimage\",\"url\":\"https:\/\/karibiandescanso.com\/wp-content\/uploads\/2018\/09\/PORTADA-2-.jpg\",\"contentUrl\":\"https:\/\/karibiandescanso.com\/wp-content\/uploads\/2018\/09\/PORTADA-2-.jpg\",\"width\":1684,\"height\":950},{\"@type\":\"BreadcrumbList\",\"@id\":\"https:\/\/karibiandescanso.com\/pl\/57-edicion-fmy2018\/#breadcrumb\",\"itemListElement\":[{\"@type\":\"ListItem\",\"position\":1,\"name\":\"Portada\",\"item\":\"https:\/\/karibiandescanso.com\/\"},{\"@type\":\"ListItem\",\"position\":2,\"name\":\"57 EDYCJA FMY 2018\"}]},{\"@type\":\"WebSite\",\"@id\":\"https:\/\/karibiandescanso.com\/#website\",\"url\":\"https:\/\/karibiandescanso.com\/\",\"name\":\"Karibian Descanso\",\"description\":\"Where is rest\",\"potentialAction\":[{\"@type\":\"SearchAction\",\"target\":{\"@type\":\"EntryPoint\",\"urlTemplate\":\"https:\/\/karibiandescanso.com\/?s={search_term_string}\"},\"query-input\":{\"@type\":\"PropertyValueSpecification\",\"valueRequired\":true,\"valueName\":\"search_term_string\"}}],\"inLanguage\":\"en-US\"},{\"@type\":\"Person\",\"@id\":\"https:\/\/karibiandescanso.com\/#\/schema\/person\/23be63b9b19bd8da8980c8eecdd69d30\",\"name\":\"Karibian Descanso\",\"image\":{\"@type\":\"ImageObject\",\"inLanguage\":\"en-US\",\"@id\":\"https:\/\/karibiandescanso.com\/#\/schema\/person\/image\/\",\"url\":\"https:\/\/secure.gravatar.com\/avatar\/2f55039d31e0c8cf55d2c2b6e3bb49113343c35fd46d6d11806620d3c9641ba7?s=96&d=mm&r=g\",\"contentUrl\":\"https:\/\/secure.gravatar.com\/avatar\/2f55039d31e0c8cf55d2c2b6e3bb49113343c35fd46d6d11806620d3c9641ba7?s=96&d=mm&r=g\",\"caption\":\"Karibian Descanso\"},\"url\":\"https:\/\/karibiandescanso.com\/en\/author\/karibian-descanso\/\"}]}<\/script>\n<!-- \/ Yoast SEO plugin. -->","yoast_head_json":{"title":"[:es]57 EDICI\u00d3N FMY2018[:en]57TH YECLA FURNITURE FAIR 2018[:fr]57\u00c8ME \u00c9DITION FMY2018[:ru]57 \u041c\u0415\u0411\u0415\u041b\u042c\u041d\u0410\u042f \u0412\u042b\u0421\u0422\u0410\u0412\u041a\u0410 \u0415\u041a\u041b\u042b 2018[:pl] 57 EDYCJA FMY 2018[:] - Karibian Descanso","robots":{"index":"index","follow":"follow","max-snippet":"max-snippet:-1","max-image-preview":"max-image-preview:large","max-video-preview":"max-video-preview:-1"},"canonical":"https:\/\/karibiandescanso.com\/pl\/57-edicion-fmy2018\/","og_locale":"en_US","og_type":"article","og_title":"[:es]57 EDICI\u00d3N FMY2018[:en]57TH YECLA FURNITURE FAIR 2018[:fr]57\u00c8ME \u00c9DITION FMY2018[:ru]57 \u041c\u0415\u0411\u0415\u041b\u042c\u041d\u0410\u042f \u0412\u042b\u0421\u0422\u0410\u0412\u041a\u0410 \u0415\u041a\u041b\u042b 2018[:pl] 57 EDYCJA FMY 2018[:] - Karibian Descanso","og_description":"[:es]Karibian Descanso particip\u00f3 en la 57 Edici\u00f3n de la Feria del Mueble de Yecla 2018, del 17 al 20 de Septiembre. Presentando un novedoso Stand, en el que se pod\u00edan descubrir distintos modelos de descanso.[:en]Karibian Descanso was present at the latest edition of the Yecla Furniture Fair, \u00a0a meeting point for industry professionals in Spain and beyond. Celebrating its 57th Edition, this event was held from 17 to 20 September.[:fr]Karibian Descanso\u00a0a \u00e9t\u00e9 pr\u00e9sent une ann\u00e9e de plus au Salon du Meuble Yecla 2018. Un point de rencontre pour les professionnels du secteur, tant \u00e0 niveau national qu\u2019international. L\u2019\u00e9v\u00e9nement s\u2019est tenu du 17 au 20 de[:ru]\u041a\u043e\u043c\u043f\u0430\u043d\u0438\u044f Karibian Descanso \u0432 \u043e\u0447\u0435\u0440\u0435\u0434\u043d\u043e\u0439 \u0440\u0430\u0437 \u043f\u0440\u0438\u043d\u044f\u043b\u0430 \u0443\u0447\u0430\u0441\u0442\u0438\u0435 \u0432 \u041c\u0435\u0431\u0435\u043b\u044c\u043d\u043e\u0439 \u0432\u044b\u0441\u0442\u0430\u0432\u043a\u0435 \u0415\u043a\u043b\u044b, \u043a\u043e\u0442\u043e\u0440\u0430\u044f \u0441\u043b\u0443\u0436\u0438\u0442 \u043c\u0435\u0441\u0442\u043e\u043c \u0432\u0441\u0442\u0440\u0435\u0447\u0438 \u0438\u0441\u043f\u0430\u043d\u0441\u043a\u0438\u043c \u0438 \u0438\u043d\u043e\u0441\u0442\u0440\u0430\u043d\u043d\u044b\u043c \u0441\u043f\u0435\u0446\u0438\u0430\u043b\u0438\u0441\u0442\u0430\u043c \u044d\u0442\u043e\u0433\u043e \u0441\u0435\u043a\u0442\u043e\u0440\u0430. 57-\u044f \u0432\u044b\u0441\u0442\u0430\u0432\u043a\u0430 \u043f\u0440\u043e\u0448\u043b\u0430 \u0441 17[:pl]Karibian Descanso wzi\u0105\u0142 udzia\u0142 w 57. Edycji Targ\u00f3w Mebli Yecla 2018, w dniach 17-20 wrze\u015bnia. Przedstawiamy nowe stoisko, na kt\u00f3rym mo\u017cna by\u0142o odkry\u0107 r\u00f3\u017cne modele podstawek.[:]","og_url":"https:\/\/karibiandescanso.com\/pl\/57-edicion-fmy2018\/","og_site_name":"Karibian Descanso","article_published_time":"2018-09-25T14:56:33+00:00","article_modified_time":"2024-07-26T12:38:12+00:00","og_image":[{"width":1684,"height":950,"url":"https:\/\/karibiandescanso.com\/wp-content\/uploads\/2018\/09\/PORTADA-2-.jpg","type":"image\/jpeg"}],"author":"Karibian Descanso","twitter_card":"summary_large_image","twitter_misc":{"Written by":"Karibian Descanso","Est. reading time":"3 minutes"},"schema":{"@context":"https:\/\/schema.org","@graph":[{"@type":"Article","@id":"https:\/\/karibiandescanso.com\/pl\/57-edicion-fmy2018\/#article","isPartOf":{"@id":"https:\/\/karibiandescanso.com\/pl\/57-edicion-fmy2018\/"},"author":{"name":"Karibian Descanso","@id":"https:\/\/karibiandescanso.com\/#\/schema\/person\/23be63b9b19bd8da8980c8eecdd69d30"},"headline":"57TH YECLA FURNITURE FAIR 2018","datePublished":"2018-09-25T14:56:33+00:00","dateModified":"2024-07-26T12:38:12+00:00","mainEntityOfPage":{"@id":"https:\/\/karibiandescanso.com\/pl\/57-edicion-fmy2018\/"},"wordCount":2399,"commentCount":0,"image":{"@id":"https:\/\/karibiandescanso.com\/pl\/57-edicion-fmy2018\/#primaryimage"},"thumbnailUrl":"https:\/\/karibiandescanso.com\/wp-content\/uploads\/2018\/09\/PORTADA-2-.jpg","keywords":["FMY2018","Foiredumeuble","Viscoelasticas","Ameubement","yecla","confort","Karibiandescanso","Mattress","Feriadelmueble","Furniture"],"articleSection":["Sin categor\u00eda","news"],"inLanguage":"en-US","potentialAction":[{"@type":"CommentAction","name":"Comment","target":["https:\/\/karibiandescanso.com\/pl\/57-edicion-fmy2018\/#respond"]}]},{"@type":"WebPage","@id":"https:\/\/karibiandescanso.com\/pl\/57-edicion-fmy2018\/","url":"https:\/\/karibiandescanso.com\/pl\/57-edicion-fmy2018\/","name":"[:es]57 EDICI\u00d3N FMY2018[:en]57TH YECLA FURNITURE FAIR 2018[:fr]57\u00c8ME \u00c9DITION FMY2018[:ru]57 \u041c\u0415\u0411\u0415\u041b\u042c\u041d\u0410\u042f \u0412\u042b\u0421\u0422\u0410\u0412\u041a\u0410 \u0415\u041a\u041b\u042b 2018[:pl] 57 EDYCJA FMY 2018[:] - Karibian Descanso","isPartOf":{"@id":"https:\/\/karibiandescanso.com\/#website"},"primaryImageOfPage":{"@id":"https:\/\/karibiandescanso.com\/pl\/57-edicion-fmy2018\/#primaryimage"},"image":{"@id":"https:\/\/karibiandescanso.com\/pl\/57-edicion-fmy2018\/#primaryimage"},"thumbnailUrl":"https:\/\/karibiandescanso.com\/wp-content\/uploads\/2018\/09\/PORTADA-2-.jpg","datePublished":"2018-09-25T14:56:33+00:00","dateModified":"2024-07-26T12:38:12+00:00","author":{"@id":"https:\/\/karibiandescanso.com\/#\/schema\/person\/23be63b9b19bd8da8980c8eecdd69d30"},"breadcrumb":{"@id":"https:\/\/karibiandescanso.com\/pl\/57-edicion-fmy2018\/#breadcrumb"},"inLanguage":"en-US","potentialAction":[{"@type":"ReadAction","target":["https:\/\/karibiandescanso.com\/pl\/57-edicion-fmy2018\/"]}]},{"@type":"ImageObject","inLanguage":"en-US","@id":"https:\/\/karibiandescanso.com\/pl\/57-edicion-fmy2018\/#primaryimage","url":"https:\/\/karibiandescanso.com\/wp-content\/uploads\/2018\/09\/PORTADA-2-.jpg","contentUrl":"https:\/\/karibiandescanso.com\/wp-content\/uploads\/2018\/09\/PORTADA-2-.jpg","width":1684,"height":950},{"@type":"BreadcrumbList","@id":"https:\/\/karibiandescanso.com\/pl\/57-edicion-fmy2018\/#breadcrumb","itemListElement":[{"@type":"ListItem","position":1,"name":"Portada","item":"https:\/\/karibiandescanso.com\/"},{"@type":"ListItem","position":2,"name":"57 EDYCJA FMY 2018"}]},{"@type":"WebSite","@id":"https:\/\/karibiandescanso.com\/#website","url":"https:\/\/karibiandescanso.com\/","name":"Karibian Descanso","description":"Where is rest","potentialAction":[{"@type":"SearchAction","target":{"@type":"EntryPoint","urlTemplate":"https:\/\/karibiandescanso.com\/?s={search_term_string}"},"query-input":{"@type":"PropertyValueSpecification","valueRequired":true,"valueName":"search_term_string"}}],"inLanguage":"en-US"},{"@type":"Person","@id":"https:\/\/karibiandescanso.com\/#\/schema\/person\/23be63b9b19bd8da8980c8eecdd69d30","name":"Karibian Descanso","image":{"@type":"ImageObject","inLanguage":"en-US","@id":"https:\/\/karibiandescanso.com\/#\/schema\/person\/image\/","url":"https:\/\/secure.gravatar.com\/avatar\/2f55039d31e0c8cf55d2c2b6e3bb49113343c35fd46d6d11806620d3c9641ba7?s=96&d=mm&r=g","contentUrl":"https:\/\/secure.gravatar.com\/avatar\/2f55039d31e0c8cf55d2c2b6e3bb49113343c35fd46d6d11806620d3c9641ba7?s=96&d=mm&r=g","caption":"Karibian Descanso"},"url":"https:\/\/karibiandescanso.com\/en\/author\/karibian-descanso\/"}]}},"_links":{"self":[{"href":"https:\/\/karibiandescanso.com\/en\/wp-json\/wp\/v2\/posts\/2789","targetHints":{"allow":["GET"]}}],"collection":[{"href":"https:\/\/karibiandescanso.com\/en\/wp-json\/wp\/v2\/posts"}],"about":[{"href":"https:\/\/karibiandescanso.com\/en\/wp-json\/wp\/v2\/types\/post"}],"author":[{"embeddable":true,"href":"https:\/\/karibiandescanso.com\/en\/wp-json\/wp\/v2\/users\/2"}],"replies":[{"embeddable":true,"href":"https:\/\/karibiandescanso.com\/en\/wp-json\/wp\/v2\/comments?post=2789"}],"version-history":[{"count":0,"href":"https:\/\/karibiandescanso.com\/en\/wp-json\/wp\/v2\/posts\/2789\/revisions"}],"wp:featuredmedia":[{"embeddable":true,"href":"https:\/\/karibiandescanso.com\/en\/wp-json\/wp\/v2\/media\/2945"}],"wp:attachment":[{"href":"https:\/\/karibiandescanso.com\/en\/wp-json\/wp\/v2\/media?parent=2789"}],"wp:term":[{"taxonomy":"category","embeddable":true,"href":"https:\/\/karibiandescanso.com\/en\/wp-json\/wp\/v2\/categories?post=2789"},{"taxonomy":"post_tag","embeddable":true,"href":"https:\/\/karibiandescanso.com\/en\/wp-json\/wp\/v2\/tags?post=2789"}],"curies":[{"name":"wp","href":"https:\/\/api.w.org\/{rel}","templated":true}]}}