{"id":9614,"date":"2021-10-26T10:30:49","date_gmt":"2021-10-26T08:30:49","guid":{"rendered":"https:\/\/www.karibiandescanso.com\/?p=9614"},"modified":"2024-07-18T09:42:51","modified_gmt":"2024-07-18T07:42:51","slug":"fmy2021","status":"publish","type":"post","link":"https:\/\/karibiandescanso.com\/en\/fmy2021\/","title":{"rendered":"59TH EDITION FMY2021"},"content":{"rendered":"<p>[vc_row css_animation=&#8221;&#8221; row_type=&#8221;row&#8221; use_row_as_full_screen_section=&#8221;no&#8221; type=&#8221;full_width&#8221; angled_section=&#8221;no&#8221; text_align=&#8221;left&#8221; background_image_as_pattern=&#8221;without_pattern&#8221;][vc_column][vc_column_text]<\/p>\n<p style=\"text-align: justify;\">From 20 to 23 October, Karibian presented its newest sleep products at the <b>59<\/b><b><sup>th<\/sup><\/b><b>\u00a0Edition of the<a href=\"https:\/\/feriayecla.com\"> Yecla Furniture Fair<\/a><\/b>, coinciding with the fair\u2019s 60<sup>th<\/sup> anniversary.<\/p>\n<p>[\/vc_column_text][vc_separator type=&#8221;normal&#8221;][vc_single_image image=&#8221;9618&#8243; img_size=&#8221;full&#8221; alignment=&#8221;center&#8221; qode_css_animation=&#8221;&#8221; css=&#8221;.vc_custom_1635247262477{margin-bottom: 80px !important;}&#8221;][vc_column_text]Reconnecting, leisure, business and internationalisation are the keys to this 60<sup>th<\/sup> anniversary.<\/p>\n<p style=\"text-align: justify;\">After busy days full of activities, visits and business meetings at the Yecla Furniture Fair, we at Karibian would like to thank all the professionals, customers, friends and members of the general public who visited us during this 59<sup>th<\/sup> edition.<\/p>\n<p style=\"text-align: justify;\">At this major event in which we once again \u2018Re_Connected\u2019 (this edition\u2019s theme), Karibian presented the latest innovations in the sleep industry. Click below to take a quick tour around our stand.<\/p>\n<p>[\/vc_column_text][\/vc_column][\/vc_row][vc_row row_type=&#8221;expandable&#8221; text_align=&#8221;center&#8221; button_position=&#8221;center&#8221; more_button_label=&#8221;CHECK OUT OUR STAND&#8221; less_button_label=&#8221;Contraer&#8221; hover_color=&#8221;#a5a5a5&#8243; css=&#8221;.vc_custom_1582651899453{margin-top: 80px !important;}&#8221;][vc_column][vc_video link=&#8221;https:\/\/www.youtube.com\/watch?v=kIKLrs1g6DQ&#8221;][\/vc_column][\/vc_row][vc_row css_animation=&#8221;&#8221; row_type=&#8221;row&#8221; use_row_as_full_screen_section=&#8221;no&#8221; type=&#8221;full_width&#8221; angled_section=&#8221;no&#8221; text_align=&#8221;left&#8221; background_image_as_pattern=&#8221;without_pattern&#8221; css=&#8221;.vc_custom_1582651890821{margin-top: 40px !important;}&#8221; z_index=&#8221;&#8221;][vc_column width=&#8221;1\/2&#8243; css=&#8221;.vc_custom_1582704876715{margin-top: 40px !important;margin-bottom: 80px !important;}&#8221;][vc_single_image image=&#8221;10087&#8243; img_size=&#8221;full&#8221; qode_css_animation=&#8221;&#8221;][\/vc_column][vc_column width=&#8221;1\/2&#8243;][vc_empty_space height=&#8221;40px&#8221;][vc_single_image image=&#8221;10086&#8243; img_size=&#8221;full&#8221; qode_css_animation=&#8221;&#8221;][\/vc_column][\/vc_row][vc_row css_animation=&#8221;&#8221; row_type=&#8221;row&#8221; use_row_as_full_screen_section=&#8221;no&#8221; type=&#8221;full_width&#8221; angled_section=&#8221;no&#8221; text_align=&#8221;left&#8221; background_image_as_pattern=&#8221;without_pattern&#8221;][vc_column][vc_empty_space][vc_column_text]<\/p>\n<h3 style=\"text-align: center;\">Re_Conec+a<\/h3>\n<p>[\/vc_column_text][vc_empty_space][\/vc_column][\/vc_row][vc_row css_animation=&#8221;&#8221; row_type=&#8221;row&#8221; use_row_as_full_screen_section=&#8221;no&#8221; type=&#8221;full_width&#8221; angled_section=&#8221;no&#8221; text_align=&#8221;left&#8221; background_image_as_pattern=&#8221;without_pattern&#8221;][vc_column width=&#8221;1\/2&#8243;][vc_column_text]<\/p>\n<p style=\"text-align: justify;\">For six decades, in-person gatherings have made the Yecla trade fair venue a home, a place for community and connection. That\u2019s why the schedule for the industry\u2019s reunion was planned with the goal of creating an ecosystem to facilitate closer, more human connections among professionals. The quality of the furniture was evidenced by the more than 80 exhibiting companies, and other types of experiences, such as parallel activities held outside the venue, enabled customers to visit the production centres to learn about the origin, development and design of the large catalogue of products offered by the exhibiting companies.<\/p>\n<p>[\/vc_column_text][\/vc_column][vc_column width=&#8221;1\/2&#8243;][vc_column_text]<\/p>\n<p style=\"text-align: justify;\">Karibian presented at YECLA: a space that brings together the latest innovations in the industry, always betting on design and quality and working for people\u2019s well-being as the guiding principle of each of the comfort models presented. Always following the latest trends reflected in the mattresses. This 60th anniversary is the symbol of our legacy, our present and future, focused on celebrating the concept of home, of habitat. We closed out the Yecla Furniture Fair with a great feeling and lots of momentum to continue offering the best for our customers. Thank you very much for visiting us!<\/p>\n<p>[\/vc_column_text][\/vc_column][\/vc_row][vc_row css_animation=&#8221;&#8221; row_type=&#8221;row&#8221; use_row_as_full_screen_section=&#8221;no&#8221; type=&#8221;full_width&#8221; angled_section=&#8221;no&#8221; text_align=&#8221;left&#8221; background_image_as_pattern=&#8221;without_pattern&#8221;][vc_column][vc_empty_space height=&#8221;40px&#8221;][vc_video link=&#8221;https:\/\/www.youtube.com\/watch?v=slTwYyTTSJ0&#8243;][\/vc_column][\/vc_row]<\/p>","protected":false},"excerpt":{"rendered":"<p>From 20 to 23 October, Karibian presented its newest sleep products at the 59th\u00a0Edition of the Yecla Furniture Fair, coinciding with the fair\u2019s 60th anniversary. Reconnecting, leisure, business and internationalisation<\/p>\n","protected":false},"author":2,"featured_media":9620,"comment_status":"open","ping_status":"open","sticky":false,"template":"","format":"standard","meta":{"footnotes":""},"categories":[10,164],"tags":[25,80,91,100,161,167,168,227,228,229],"class_list":["post-9614","post","type-post","status-publish","format-standard","has-post-thumbnail","hentry","category-noticias","category-ferias","tag-karibian-descanso","tag-colchon","tag-mattress","tag-furniture","tag-mueble-de-espana","tag-spain-furniture","tag-spain-interiors","tag-feria-mueble-yecla","tag-fmy2021","tag-reconecta"],"yoast_head":"<!-- This site is optimized with the Yoast SEO plugin v27.0 - https:\/\/yoast.com\/product\/yoast-seo-wordpress\/ -->\n<title>59TH EDITION FMY2021  - Karibian Descanso<\/title>\n<meta name=\"robots\" content=\"index, follow, max-snippet:-1, max-image-preview:large, max-video-preview:-1\" \/>\n<link rel=\"canonical\" href=\"https:\/\/karibiandescanso.com\/ru\/fmy2021\/\" \/>\n<meta property=\"og:locale\" content=\"en_US\" \/>\n<meta property=\"og:type\" content=\"article\" \/>\n<meta property=\"og:title\" content=\"[:es]59 EDICI\u00d3N FMY2021[:en]59TH EDITION FMY2021 [:fr]59\u00e8me \u00c9DITION DU SALON DU MEUBLE DE YECLA 2021[:ru]59 FMY2021[:pl]59 EDYCJA FMY2021[:] - Karibian Descanso\" \/>\n<meta property=\"og:description\" content=\"[:es]Karibian Descanso particip\u00f3 en la 59 Feria del Mueble de Yecla 2021. En esta edici\u00f3n se celebr\u00f3 el 60 Aniversario del evento y tuvo lugar del 20 al 23 de octubre. Karibian present\u00f3 las \u00faltimas novedades en modelos de descanso.[:en]From 20 to 23 October, Karibian presented its newest sleep products at the 59th\u00a0Edition of the Yecla Furniture Fair, coinciding with the fair\u2019s 60th anniversary. Reconnecting, leisure, business and internationalisation [:fr]Du 20 au 23 octobre, Karibian a pr\u00e9sent\u00e9 ses derni\u00e8res innovations en mati\u00e8re d&#039;articles de repos lors de la 59e \u00e9dition du Salon du meuble de Yecla, qui co\u00efncide avec son 60e anniversaire.[:ru]\u0421 20 \u043f\u043e 23 \u043e\u043a\u0442\u044f\u0431\u0440\u044f \u043a\u043e\u043c\u043f\u0430\u043d\u0438\u044f Karibian \u043f\u0440\u0435\u0434\u0441\u0442\u0430\u0432\u0438\u043b\u0430 \u0441\u0432\u043e\u0438 \u043f\u043e\u0441\u043b\u0435\u0434\u043d\u0438\u0435 \u043d\u043e\u0432\u0438\u043d\u043a\u0438 \u0432 \u0441\u0444\u0435\u0440\u0435 \u043e\u0442\u0434\u044b\u0445\u0430 \u043d\u0430 59-\u0439 \u0432\u044b\u0441\u0442\u0430\u0432\u043a\u0435 \u043c\u0435\u0431\u0435\u043b\u0438 Yecla, \u043f\u0440\u0438\u0443\u0440\u043e\u0447\u0435\u043d\u043d\u043e\u0439 \u043a \u0435\u0435 60-\u043b\u0435\u0442\u0438\u044e. \u041f\u043e\u0441\u043b\u0435 \u043d\u0435\u0441\u043a\u043e\u043b\u044c\u043a\u0438\u0445 \u043d\u0430\u043f\u0440\u044f\u0436\u0435\u043d\u043d\u044b\u0445 \u0434\u043d\u0435\u0439[:pl]Karibian Descanso wzi\u0105\u0142 udzia\u0142 w 59. Targach Mebli Yecla 2021. Ta edycja obchodzi\u0142a 60. rocznic\u0119 wydarzenia i odby\u0142a si\u0119 w dniach 20-23 pa\u017adziernika. Karibian zaprezentowa\u0142 najnowsze nowo\u015bci w pozosta\u0142ych modelach.[:]\" \/>\n<meta property=\"og:url\" content=\"https:\/\/karibiandescanso.com\/ru\/fmy2021\/\" \/>\n<meta property=\"og:site_name\" content=\"Karibian Descanso\" \/>\n<meta property=\"article:published_time\" content=\"2021-10-26T08:30:49+00:00\" \/>\n<meta property=\"article:modified_time\" content=\"2024-07-18T07:42:51+00:00\" \/>\n<meta property=\"og:image\" content=\"https:\/\/karibiandescanso.com\/wp-content\/uploads\/2021\/10\/FMY-KARIBIAN.jpg\" \/>\n\t<meta property=\"og:image:width\" content=\"583\" \/>\n\t<meta property=\"og:image:height\" content=\"330\" \/>\n\t<meta property=\"og:image:type\" content=\"image\/jpeg\" \/>\n<meta name=\"author\" content=\"Karibian Descanso\" \/>\n<meta name=\"twitter:card\" content=\"summary_large_image\" \/>\n<meta name=\"twitter:label1\" content=\"Written by\" \/>\n\t<meta name=\"twitter:data1\" content=\"Karibian Descanso\" \/>\n\t<meta name=\"twitter:label2\" content=\"Est. reading time\" \/>\n\t<meta name=\"twitter:data2\" content=\"3 minutes\" \/>\n<script type=\"application\/ld+json\" class=\"yoast-schema-graph\">{\"@context\":\"https:\/\/schema.org\",\"@graph\":[{\"@type\":\"Article\",\"@id\":\"https:\/\/karibiandescanso.com\/ru\/fmy2021\/#article\",\"isPartOf\":{\"@id\":\"https:\/\/karibiandescanso.com\/ru\/fmy2021\/\"},\"author\":{\"name\":\"Karibian Descanso\",\"@id\":\"https:\/\/karibiandescanso.com\/#\/schema\/person\/23be63b9b19bd8da8980c8eecdd69d30\"},\"headline\":\"59TH EDITION FMY2021\",\"datePublished\":\"2021-10-26T08:30:49+00:00\",\"dateModified\":\"2024-07-18T07:42:51+00:00\",\"mainEntityOfPage\":{\"@id\":\"https:\/\/karibiandescanso.com\/ru\/fmy2021\/\"},\"wordCount\":3423,\"commentCount\":0,\"image\":{\"@id\":\"https:\/\/karibiandescanso.com\/ru\/fmy2021\/#primaryimage\"},\"thumbnailUrl\":\"https:\/\/karibiandescanso.com\/wp-content\/uploads\/2021\/10\/FMY-KARIBIAN.jpg\",\"keywords\":[\"karibian descanso\",\"Colchon\",\"Mattress\",\"Furniture\",\"Mueble de Espa\u00f1a\",\"Spain Furniture\",\"Spain Interiors\",\"Feria Mueble Yecla\",\"FMY2021\",\"Reconecta\"],\"articleSection\":[\"news\",\"Ferias\"],\"inLanguage\":\"en-US\",\"potentialAction\":[{\"@type\":\"CommentAction\",\"name\":\"Comment\",\"target\":[\"https:\/\/karibiandescanso.com\/ru\/fmy2021\/#respond\"]}]},{\"@type\":\"WebPage\",\"@id\":\"https:\/\/karibiandescanso.com\/ru\/fmy2021\/\",\"url\":\"https:\/\/karibiandescanso.com\/ru\/fmy2021\/\",\"name\":\"[:es]59 EDICI\u00d3N FMY2021[:en]59TH EDITION FMY2021 [:fr]59\u00e8me \u00c9DITION DU SALON DU MEUBLE DE YECLA 2021[:ru]59 FMY2021[:pl]59 EDYCJA FMY2021[:] - Karibian Descanso\",\"isPartOf\":{\"@id\":\"https:\/\/karibiandescanso.com\/#website\"},\"primaryImageOfPage\":{\"@id\":\"https:\/\/karibiandescanso.com\/ru\/fmy2021\/#primaryimage\"},\"image\":{\"@id\":\"https:\/\/karibiandescanso.com\/ru\/fmy2021\/#primaryimage\"},\"thumbnailUrl\":\"https:\/\/karibiandescanso.com\/wp-content\/uploads\/2021\/10\/FMY-KARIBIAN.jpg\",\"datePublished\":\"2021-10-26T08:30:49+00:00\",\"dateModified\":\"2024-07-18T07:42:51+00:00\",\"author\":{\"@id\":\"https:\/\/karibiandescanso.com\/#\/schema\/person\/23be63b9b19bd8da8980c8eecdd69d30\"},\"breadcrumb\":{\"@id\":\"https:\/\/karibiandescanso.com\/ru\/fmy2021\/#breadcrumb\"},\"inLanguage\":\"en-US\",\"potentialAction\":[{\"@type\":\"ReadAction\",\"target\":[\"https:\/\/karibiandescanso.com\/ru\/fmy2021\/\"]}]},{\"@type\":\"ImageObject\",\"inLanguage\":\"en-US\",\"@id\":\"https:\/\/karibiandescanso.com\/ru\/fmy2021\/#primaryimage\",\"url\":\"https:\/\/karibiandescanso.com\/wp-content\/uploads\/2021\/10\/FMY-KARIBIAN.jpg\",\"contentUrl\":\"https:\/\/karibiandescanso.com\/wp-content\/uploads\/2021\/10\/FMY-KARIBIAN.jpg\",\"width\":583,\"height\":330},{\"@type\":\"BreadcrumbList\",\"@id\":\"https:\/\/karibiandescanso.com\/ru\/fmy2021\/#breadcrumb\",\"itemListElement\":[{\"@type\":\"ListItem\",\"position\":1,\"name\":\"Portada\",\"item\":\"https:\/\/karibiandescanso.com\/\"},{\"@type\":\"ListItem\",\"position\":2,\"name\":\"59 FMY2021\"}]},{\"@type\":\"WebSite\",\"@id\":\"https:\/\/karibiandescanso.com\/#website\",\"url\":\"https:\/\/karibiandescanso.com\/\",\"name\":\"Karibian Descanso\",\"description\":\"Where is rest\",\"potentialAction\":[{\"@type\":\"SearchAction\",\"target\":{\"@type\":\"EntryPoint\",\"urlTemplate\":\"https:\/\/karibiandescanso.com\/?s={search_term_string}\"},\"query-input\":{\"@type\":\"PropertyValueSpecification\",\"valueRequired\":true,\"valueName\":\"search_term_string\"}}],\"inLanguage\":\"en-US\"},{\"@type\":\"Person\",\"@id\":\"https:\/\/karibiandescanso.com\/#\/schema\/person\/23be63b9b19bd8da8980c8eecdd69d30\",\"name\":\"Karibian Descanso\",\"image\":{\"@type\":\"ImageObject\",\"inLanguage\":\"en-US\",\"@id\":\"https:\/\/karibiandescanso.com\/#\/schema\/person\/image\/\",\"url\":\"https:\/\/secure.gravatar.com\/avatar\/2f55039d31e0c8cf55d2c2b6e3bb49113343c35fd46d6d11806620d3c9641ba7?s=96&d=mm&r=g\",\"contentUrl\":\"https:\/\/secure.gravatar.com\/avatar\/2f55039d31e0c8cf55d2c2b6e3bb49113343c35fd46d6d11806620d3c9641ba7?s=96&d=mm&r=g\",\"caption\":\"Karibian Descanso\"},\"url\":\"https:\/\/karibiandescanso.com\/en\/author\/karibian-descanso\/\"}]}<\/script>\n<!-- \/ Yoast SEO plugin. -->","yoast_head_json":{"title":"[:es]59 EDICI\u00d3N FMY2021[:en]59TH EDITION FMY2021 [:fr]59\u00e8me \u00c9DITION DU SALON DU MEUBLE DE YECLA 2021[:ru]59 FMY2021[:pl]59 EDYCJA FMY2021[:] - Karibian Descanso","robots":{"index":"index","follow":"follow","max-snippet":"max-snippet:-1","max-image-preview":"max-image-preview:large","max-video-preview":"max-video-preview:-1"},"canonical":"https:\/\/karibiandescanso.com\/ru\/fmy2021\/","og_locale":"en_US","og_type":"article","og_title":"[:es]59 EDICI\u00d3N FMY2021[:en]59TH EDITION FMY2021 [:fr]59\u00e8me \u00c9DITION DU SALON DU MEUBLE DE YECLA 2021[:ru]59 FMY2021[:pl]59 EDYCJA FMY2021[:] - Karibian Descanso","og_description":"[:es]Karibian Descanso particip\u00f3 en la 59 Feria del Mueble de Yecla 2021. En esta edici\u00f3n se celebr\u00f3 el 60 Aniversario del evento y tuvo lugar del 20 al 23 de octubre. Karibian present\u00f3 las \u00faltimas novedades en modelos de descanso.[:en]From 20 to 23 October, Karibian presented its newest sleep products at the 59th\u00a0Edition of the Yecla Furniture Fair, coinciding with the fair\u2019s 60th anniversary. Reconnecting, leisure, business and internationalisation [:fr]Du 20 au 23 octobre, Karibian a pr\u00e9sent\u00e9 ses derni\u00e8res innovations en mati\u00e8re d'articles de repos lors de la 59e \u00e9dition du Salon du meuble de Yecla, qui co\u00efncide avec son 60e anniversaire.[:ru]\u0421 20 \u043f\u043e 23 \u043e\u043a\u0442\u044f\u0431\u0440\u044f \u043a\u043e\u043c\u043f\u0430\u043d\u0438\u044f Karibian \u043f\u0440\u0435\u0434\u0441\u0442\u0430\u0432\u0438\u043b\u0430 \u0441\u0432\u043e\u0438 \u043f\u043e\u0441\u043b\u0435\u0434\u043d\u0438\u0435 \u043d\u043e\u0432\u0438\u043d\u043a\u0438 \u0432 \u0441\u0444\u0435\u0440\u0435 \u043e\u0442\u0434\u044b\u0445\u0430 \u043d\u0430 59-\u0439 \u0432\u044b\u0441\u0442\u0430\u0432\u043a\u0435 \u043c\u0435\u0431\u0435\u043b\u0438 Yecla, \u043f\u0440\u0438\u0443\u0440\u043e\u0447\u0435\u043d\u043d\u043e\u0439 \u043a \u0435\u0435 60-\u043b\u0435\u0442\u0438\u044e. \u041f\u043e\u0441\u043b\u0435 \u043d\u0435\u0441\u043a\u043e\u043b\u044c\u043a\u0438\u0445 \u043d\u0430\u043f\u0440\u044f\u0436\u0435\u043d\u043d\u044b\u0445 \u0434\u043d\u0435\u0439[:pl]Karibian Descanso wzi\u0105\u0142 udzia\u0142 w 59. Targach Mebli Yecla 2021. Ta edycja obchodzi\u0142a 60. rocznic\u0119 wydarzenia i odby\u0142a si\u0119 w dniach 20-23 pa\u017adziernika. Karibian zaprezentowa\u0142 najnowsze nowo\u015bci w pozosta\u0142ych modelach.[:]","og_url":"https:\/\/karibiandescanso.com\/ru\/fmy2021\/","og_site_name":"Karibian Descanso","article_published_time":"2021-10-26T08:30:49+00:00","article_modified_time":"2024-07-18T07:42:51+00:00","og_image":[{"width":583,"height":330,"url":"https:\/\/karibiandescanso.com\/wp-content\/uploads\/2021\/10\/FMY-KARIBIAN.jpg","type":"image\/jpeg"}],"author":"Karibian Descanso","twitter_card":"summary_large_image","twitter_misc":{"Written by":"Karibian Descanso","Est. reading time":"3 minutes"},"schema":{"@context":"https:\/\/schema.org","@graph":[{"@type":"Article","@id":"https:\/\/karibiandescanso.com\/ru\/fmy2021\/#article","isPartOf":{"@id":"https:\/\/karibiandescanso.com\/ru\/fmy2021\/"},"author":{"name":"Karibian Descanso","@id":"https:\/\/karibiandescanso.com\/#\/schema\/person\/23be63b9b19bd8da8980c8eecdd69d30"},"headline":"59TH EDITION FMY2021","datePublished":"2021-10-26T08:30:49+00:00","dateModified":"2024-07-18T07:42:51+00:00","mainEntityOfPage":{"@id":"https:\/\/karibiandescanso.com\/ru\/fmy2021\/"},"wordCount":3423,"commentCount":0,"image":{"@id":"https:\/\/karibiandescanso.com\/ru\/fmy2021\/#primaryimage"},"thumbnailUrl":"https:\/\/karibiandescanso.com\/wp-content\/uploads\/2021\/10\/FMY-KARIBIAN.jpg","keywords":["karibian descanso","Colchon","Mattress","Furniture","Mueble de Espa\u00f1a","Spain Furniture","Spain Interiors","Feria Mueble Yecla","FMY2021","Reconecta"],"articleSection":["news","Ferias"],"inLanguage":"en-US","potentialAction":[{"@type":"CommentAction","name":"Comment","target":["https:\/\/karibiandescanso.com\/ru\/fmy2021\/#respond"]}]},{"@type":"WebPage","@id":"https:\/\/karibiandescanso.com\/ru\/fmy2021\/","url":"https:\/\/karibiandescanso.com\/ru\/fmy2021\/","name":"[:es]59 EDICI\u00d3N FMY2021[:en]59TH EDITION FMY2021 [:fr]59\u00e8me \u00c9DITION DU SALON DU MEUBLE DE YECLA 2021[:ru]59 FMY2021[:pl]59 EDYCJA FMY2021[:] - Karibian Descanso","isPartOf":{"@id":"https:\/\/karibiandescanso.com\/#website"},"primaryImageOfPage":{"@id":"https:\/\/karibiandescanso.com\/ru\/fmy2021\/#primaryimage"},"image":{"@id":"https:\/\/karibiandescanso.com\/ru\/fmy2021\/#primaryimage"},"thumbnailUrl":"https:\/\/karibiandescanso.com\/wp-content\/uploads\/2021\/10\/FMY-KARIBIAN.jpg","datePublished":"2021-10-26T08:30:49+00:00","dateModified":"2024-07-18T07:42:51+00:00","author":{"@id":"https:\/\/karibiandescanso.com\/#\/schema\/person\/23be63b9b19bd8da8980c8eecdd69d30"},"breadcrumb":{"@id":"https:\/\/karibiandescanso.com\/ru\/fmy2021\/#breadcrumb"},"inLanguage":"en-US","potentialAction":[{"@type":"ReadAction","target":["https:\/\/karibiandescanso.com\/ru\/fmy2021\/"]}]},{"@type":"ImageObject","inLanguage":"en-US","@id":"https:\/\/karibiandescanso.com\/ru\/fmy2021\/#primaryimage","url":"https:\/\/karibiandescanso.com\/wp-content\/uploads\/2021\/10\/FMY-KARIBIAN.jpg","contentUrl":"https:\/\/karibiandescanso.com\/wp-content\/uploads\/2021\/10\/FMY-KARIBIAN.jpg","width":583,"height":330},{"@type":"BreadcrumbList","@id":"https:\/\/karibiandescanso.com\/ru\/fmy2021\/#breadcrumb","itemListElement":[{"@type":"ListItem","position":1,"name":"Portada","item":"https:\/\/karibiandescanso.com\/"},{"@type":"ListItem","position":2,"name":"59 FMY2021"}]},{"@type":"WebSite","@id":"https:\/\/karibiandescanso.com\/#website","url":"https:\/\/karibiandescanso.com\/","name":"Karibian Descanso","description":"Where is rest","potentialAction":[{"@type":"SearchAction","target":{"@type":"EntryPoint","urlTemplate":"https:\/\/karibiandescanso.com\/?s={search_term_string}"},"query-input":{"@type":"PropertyValueSpecification","valueRequired":true,"valueName":"search_term_string"}}],"inLanguage":"en-US"},{"@type":"Person","@id":"https:\/\/karibiandescanso.com\/#\/schema\/person\/23be63b9b19bd8da8980c8eecdd69d30","name":"Karibian Descanso","image":{"@type":"ImageObject","inLanguage":"en-US","@id":"https:\/\/karibiandescanso.com\/#\/schema\/person\/image\/","url":"https:\/\/secure.gravatar.com\/avatar\/2f55039d31e0c8cf55d2c2b6e3bb49113343c35fd46d6d11806620d3c9641ba7?s=96&d=mm&r=g","contentUrl":"https:\/\/secure.gravatar.com\/avatar\/2f55039d31e0c8cf55d2c2b6e3bb49113343c35fd46d6d11806620d3c9641ba7?s=96&d=mm&r=g","caption":"Karibian Descanso"},"url":"https:\/\/karibiandescanso.com\/en\/author\/karibian-descanso\/"}]}},"_links":{"self":[{"href":"https:\/\/karibiandescanso.com\/en\/wp-json\/wp\/v2\/posts\/9614","targetHints":{"allow":["GET"]}}],"collection":[{"href":"https:\/\/karibiandescanso.com\/en\/wp-json\/wp\/v2\/posts"}],"about":[{"href":"https:\/\/karibiandescanso.com\/en\/wp-json\/wp\/v2\/types\/post"}],"author":[{"embeddable":true,"href":"https:\/\/karibiandescanso.com\/en\/wp-json\/wp\/v2\/users\/2"}],"replies":[{"embeddable":true,"href":"https:\/\/karibiandescanso.com\/en\/wp-json\/wp\/v2\/comments?post=9614"}],"version-history":[{"count":0,"href":"https:\/\/karibiandescanso.com\/en\/wp-json\/wp\/v2\/posts\/9614\/revisions"}],"wp:featuredmedia":[{"embeddable":true,"href":"https:\/\/karibiandescanso.com\/en\/wp-json\/wp\/v2\/media\/9620"}],"wp:attachment":[{"href":"https:\/\/karibiandescanso.com\/en\/wp-json\/wp\/v2\/media?parent=9614"}],"wp:term":[{"taxonomy":"category","embeddable":true,"href":"https:\/\/karibiandescanso.com\/en\/wp-json\/wp\/v2\/categories?post=9614"},{"taxonomy":"post_tag","embeddable":true,"href":"https:\/\/karibiandescanso.com\/en\/wp-json\/wp\/v2\/tags?post=9614"}],"curies":[{"name":"wp","href":"https:\/\/api.w.org\/{rel}","templated":true}]}}