{"id":972,"date":"2017-10-06T09:47:00","date_gmt":"2017-10-06T08:47:00","guid":{"rendered":"https:\/\/www.karibiandescanso.com\/?p=972"},"modified":"2019-03-11T08:14:31","modified_gmt":"2019-03-11T07:14:31","slug":"56-edicion-fmy-2017","status":"publish","type":"post","link":"https:\/\/karibiandescanso.com\/en\/56-edicion-fmy-2017\/","title":{"rendered":"56th Edition of FMY 2017"},"content":{"rendered":"<p><\/p>\n<h5><img loading=\"lazy\" decoding=\"async\" class=\"alignleft size-full wp-image-954\" src=\"https:\/\/www.karibiandescanso.com\/wp-content\/uploads\/2017\/09\/Intro-Feria.png\" alt=\"\" width=\"1100\" height=\"138\" srcset=\"https:\/\/karibiandescanso.com\/wp-content\/uploads\/2017\/09\/Intro-Feria.png 1100w, https:\/\/karibiandescanso.com\/wp-content\/uploads\/2017\/09\/Intro-Feria-300x38.png 300w, https:\/\/karibiandescanso.com\/wp-content\/uploads\/2017\/09\/Intro-Feria-1024x128.png 1024w\" sizes=\"auto, (max-width: 1100px) 100vw, 1100px\" \/><\/h5>\n<h5><span style=\"color: #99ccff;\">KARIBIAN IN THE 56th EDITION OF THE 2017 FMY<\/span><\/h5>\n<p style=\"text-align: justify;\">One more year <a href=\"https:\/\/www.karibiandescanso.com\/en\/\"><strong>Karibian Descanso<\/strong><\/a> has brought another novelty to the world of relaxation, exhibiting its products from Monday 25th to the 28th of September 2017 at the 56th Yecla Furniture Fair(the 1st Furniture Fair in Spain since 1961). The presentation of a range of exclusive products and designs, shows you the latest innovations, trends and materials with its mattress collection that has been created especially to satisfy the needs of all our customers.<\/p>\n<p style=\"text-align: justify;\">For this reason, we wish to thank you with all our heart for the time you have spent with us, here we will leave you with a few snapshots from the 56th Edition, the 2017 FMY.<\/p>\n<p><iframe loading=\"lazy\" src=\"https:\/\/www.youtube.com\/embed\/TtJp8u0NfFk\" width=\"854\" height=\"480\" frameborder=\"0\" allowfullscreen=\"allowfullscreen\"><\/iframe><\/p>\n<h6>We present some of the exhibited products:<\/h6>\n<p>&nbsp;<\/p>\n<h5><span style=\"color: #99ccff;\">PLATINUM SERIES<\/span><\/h5>\n<p style=\"text-align: justify;\"><strong>KASUAL Y BIOSILK<\/strong> We show you THE BREEZE TECHNOLOGY, microperforated cores for maximum breathability, with first-class materials, which make the perfect combination and provide new sensations in a few mattresses which are unique in their range (measurements 150 \u2013 364 ventilation channels), with reinforced sides which provide this mattress with great consistency and durability and make it suitable for all weights.<img loading=\"lazy\" decoding=\"async\" class=\"alignnone size-full wp-image-938\" src=\"https:\/\/www.karibiandescanso.com\/wp-content\/uploads\/2017\/09\/kasual-y-Biosilk.png\" alt=\"\" width=\"3900\" height=\"695\" srcset=\"https:\/\/karibiandescanso.com\/wp-content\/uploads\/2017\/09\/kasual-y-Biosilk.png 1920w, https:\/\/karibiandescanso.com\/wp-content\/uploads\/2017\/09\/kasual-y-Biosilk-300x53.png 300w, https:\/\/karibiandescanso.com\/wp-content\/uploads\/2017\/09\/kasual-y-Biosilk-1024x182.png 1024w\" sizes=\"auto, (max-width: 3900px) 100vw, 3900px\" \/><\/p>\n<p style=\"text-align: justify;\"><strong>PRIVE<\/strong> An exclusive design which provides total comfort, giving a unique sensation, thanks to our exclusive HIPERFLEX core and Memory 80 with reinforced sides which provide this mattress with great consistency and durability.<\/p>\n<p><img loading=\"lazy\" decoding=\"async\" class=\"alignleft size-full wp-image-942\" src=\"https:\/\/www.karibiandescanso.com\/wp-content\/uploads\/2017\/09\/Priv\u00e9-Blog-2.png\" alt=\"\" width=\"3900\" height=\"695\" srcset=\"https:\/\/karibiandescanso.com\/wp-content\/uploads\/2017\/09\/Priv\u00e9-Blog-2.png 1920w, https:\/\/karibiandescanso.com\/wp-content\/uploads\/2017\/09\/Priv\u00e9-Blog-2-300x53.png 300w, https:\/\/karibiandescanso.com\/wp-content\/uploads\/2017\/09\/Priv\u00e9-Blog-2-1024x182.png 1024w\" sizes=\"auto, (max-width: 3900px) 100vw, 3900px\" \/><\/p>\n<h5><span style=\"color: #99ccff;\">GOLD SERIES<\/span><\/h5>\n<p style=\"text-align: justify;\"><strong>DINAMIC MICROMUELLE<\/strong> We find the perfect balance with different materials and finish structures which make the daily resting experience better. In this model, you choose the type of core; V7 or V5,5 with microsprings and reinforced sides for greater durability.<\/p>\n<p style=\"text-align: justify;\"><strong>MERINO<\/strong> Elegance and softness are part of the MERINO V7 mattress, made with high quality materials, thanks to its shaped core and the soya visco Bio-Memory, we could say comfort is taken to new heights.<\/p>\n<p style=\"text-align: justify;\">Its composition of natural Merino wool, makes it the optimum regulator for heat and dampness and it also gives it a classic and distinguished touch.<\/p>\n<p><img loading=\"lazy\" decoding=\"async\" class=\"alignleft size-full wp-image-944\" src=\"https:\/\/www.karibiandescanso.com\/wp-content\/uploads\/2017\/09\/Dinamic-y-Merino-Blog.png\" alt=\"\" width=\"3900\" height=\"695\" srcset=\"https:\/\/karibiandescanso.com\/wp-content\/uploads\/2017\/09\/Dinamic-y-Merino-Blog.png 1920w, https:\/\/karibiandescanso.com\/wp-content\/uploads\/2017\/09\/Dinamic-y-Merino-Blog-300x53.png 300w, https:\/\/karibiandescanso.com\/wp-content\/uploads\/2017\/09\/Dinamic-y-Merino-Blog-1024x182.png 1024w\" sizes=\"auto, (max-width: 3900px) 100vw, 3900px\" \/><\/p>\n<h5><span style=\"color: #99ccff;\">SILVER SERIES<\/span><\/h5>\n<p style=\"text-align: justify;\"><strong>LINEN<\/strong> Elegance and comfort, in the Silver series, we carry out a wide-range of special treatments to the fabrics, depending on your needs. This series is characterized by its average-high degree of firmness. Linen with a classical aesthetic cut combined with a highly breathable fabric with natural linen.<\/p>\n<h5 style=\"text-align: justify;\"><span style=\"color: #99ccff;\">ADJUSTABLE SERIES<\/span><\/h5>\n<p style=\"text-align: justify;\"><strong>NOVA Y CANNES<\/strong> We present our new series of shaped HR, an extraordinary combination of flexibility and comfort, which make our mattresses unique. We love practicality, so all our mattresses have removable covers and are suitable for all types of bases and adjustable beds.<\/p>\n<p><img loading=\"lazy\" decoding=\"async\" class=\"alignleft size-full wp-image-946\" src=\"https:\/\/www.karibiandescanso.com\/wp-content\/uploads\/2017\/09\/Nova-y-Cannes-Blog.png\" alt=\"\" width=\"3900\" height=\"695\" srcset=\"https:\/\/karibiandescanso.com\/wp-content\/uploads\/2017\/09\/Nova-y-Cannes-Blog.png 1920w, https:\/\/karibiandescanso.com\/wp-content\/uploads\/2017\/09\/Nova-y-Cannes-Blog-300x53.png 300w, https:\/\/karibiandescanso.com\/wp-content\/uploads\/2017\/09\/Nova-y-Cannes-Blog-1024x182.png 1024w\" sizes=\"auto, (max-width: 3900px) 100vw, 3900px\" \/><\/p>\n<h5 style=\"text-align: center;\"><a href=\"https:\/\/www.karibiandescanso.com\/en\/productos\/\" target=\"_blank\" rel=\"noopener noreferrer\"><span style=\"color: #99ccff;\">FIND OUT ABOUT ALL OUR PRODUCTS<\/span><\/a><\/h5>\n<p>&nbsp;<\/p>","protected":false},"excerpt":{"rendered":"<p>One more year Karibian Descanso has brought another novelty to the world of relaxation, exhibiting its products from Monday 25th to the 28th of September 2017 at the 56th Yecla Furniture Fair(the 1st Furniture Fair in Spain)<\/p>\n","protected":false},"author":1,"featured_media":971,"comment_status":"open","ping_status":"open","sticky":false,"template":"","format":"standard","meta":{"footnotes":""},"categories":[10],"tags":[93,22,29,42,90,91,92],"class_list":["post-972","post","type-post","status-publish","format-standard","has-post-thumbnail","hentry","category-noticias","tag-feriadelmueble","tag-yecla","tag-descanso","tag-karibiandescanso","tag-fmy2017","tag-mattress","tag-models"],"yoast_head":"<!-- This site is optimized with the Yoast SEO plugin v27.0 - https:\/\/yoast.com\/product\/yoast-seo-wordpress\/ -->\n<title>56th Edition of FMY 2017 - Karibian Descanso<\/title>\n<meta name=\"robots\" content=\"index, follow, max-snippet:-1, max-image-preview:large, max-video-preview:-1\" \/>\n<link rel=\"canonical\" href=\"https:\/\/karibiandescanso.com\/pl\/56-edicion-fmy-2017\/\" \/>\n<meta property=\"og:locale\" content=\"en_US\" \/>\n<meta property=\"og:type\" content=\"article\" \/>\n<meta property=\"og:title\" content=\"[:es]56 Edici\u00f3n FMY 2017[:en]56th Edition of FMY 2017[:fr]56 edition FMY 2017[:ru]56-\u044f \u041c\u0435\u0431\u0435\u043b\u044c\u043d\u0430\u044f \u0432\u044b\u0441\u0442\u0430\u0432\u043a\u0430 \u0415\u043a\u043b\u044b 2017[:] - Karibian Descanso\" \/>\n<meta property=\"og:description\" content=\"[:es]La clausura de la FMY 2017 ha dejado un buen sabor de boca, una gran afluencia de visitantes y una gran acogida de nuestros productos.  Por ello te queremos agradecer de todo coraz\u00f3n el tiempo que nos habe\u00eds dedicado.[:en]One more year Karibian Descanso has brought another novelty to the world of relaxation, exhibiting its products from Monday 25th to the 28th of September 2017 at the 56th Yecla Furniture Fair(the 1st Furniture Fair in Spain) [:fr]Karibian Descanso r\u00e9v\u00e8le un autre an ses nouveaut\u00e9s destin\u00e9s au monde du repos dans la 56 foire du meuble \u00e0 Yecla (1ere foire du meuble en Espagne depuis 1961) du 25 au 28 septembre 2017.[:ru]\u0413\u043e\u0434 \u0437\u0430 \u0433\u043e\u0434\u043e\u043c Karibian Descanso \u0437\u043d\u0430\u043a\u043e\u043c\u0438\u0442 \u043f\u0443\u0431\u043b\u0438\u043a\u0443 \u0441\u043e \u0441\u0432\u043e\u0438\u043c\u0438 \u043d\u043e\u0432\u0438\u043d\u043a\u0430\u043c\u0438 \u0432 \u0441\u0444\u0435\u0440\u0435 \u0442\u043e\u0432\u0430\u0440\u043e\u0432 \u0434\u043b\u044f \u043e\u0442\u0434\u044b\u0445\u0430. \u0421 25 \u043f\u043e 28 \u0441\u0435\u043d\u0442\u044f\u0431\u0440\u044f 2017 \u0433\u043e\u0434\u0430 \u043a\u043e\u043c\u043f\u0430\u043d\u0438\u044f \u043f\u0440\u0438\u043d\u044f\u043b\u0430 \u0443\u0447\u0430\u0441\u0442\u0438\u0435[:]\" \/>\n<meta property=\"og:url\" content=\"https:\/\/karibiandescanso.com\/pl\/56-edicion-fmy-2017\/\" \/>\n<meta property=\"og:site_name\" content=\"Karibian Descanso\" \/>\n<meta property=\"article:published_time\" content=\"2017-10-06T08:47:00+00:00\" \/>\n<meta property=\"article:modified_time\" content=\"2019-03-11T07:14:31+00:00\" \/>\n<meta property=\"og:image\" content=\"https:\/\/karibiandescanso.com\/wp-content\/uploads\/2017\/09\/Imagen-Chica-feria.jpg\" \/>\n\t<meta property=\"og:image:width\" content=\"800\" \/>\n\t<meta property=\"og:image:height\" content=\"441\" \/>\n\t<meta property=\"og:image:type\" content=\"image\/jpeg\" \/>\n<meta name=\"author\" content=\"Admin\" \/>\n<meta name=\"twitter:card\" content=\"summary_large_image\" \/>\n<meta name=\"twitter:label1\" content=\"Written by\" \/>\n\t<meta name=\"twitter:data1\" content=\"Admin\" \/>\n\t<meta name=\"twitter:label2\" content=\"Est. reading time\" \/>\n\t<meta name=\"twitter:data2\" content=\"7 minutes\" \/>\n<script type=\"application\/ld+json\" class=\"yoast-schema-graph\">{\"@context\":\"https:\/\/schema.org\",\"@graph\":[{\"@type\":\"Article\",\"@id\":\"https:\/\/karibiandescanso.com\/pl\/56-edicion-fmy-2017\/#article\",\"isPartOf\":{\"@id\":\"https:\/\/karibiandescanso.com\/pl\/56-edicion-fmy-2017\/\"},\"author\":{\"name\":\"Admin\",\"@id\":\"https:\/\/karibiandescanso.com\/#\/schema\/person\/68512f1ba7158b3fee336be261f3e9f8\"},\"headline\":\"56th Edition of FMY 2017\",\"datePublished\":\"2017-10-06T08:47:00+00:00\",\"dateModified\":\"2019-03-11T07:14:31+00:00\",\"mainEntityOfPage\":{\"@id\":\"https:\/\/karibiandescanso.com\/pl\/56-edicion-fmy-2017\/\"},\"wordCount\":1735,\"commentCount\":0,\"image\":{\"@id\":\"https:\/\/karibiandescanso.com\/pl\/56-edicion-fmy-2017\/#primaryimage\"},\"thumbnailUrl\":\"https:\/\/karibiandescanso.com\/wp-content\/uploads\/2017\/09\/Imagen-Chica-feria.jpg\",\"keywords\":[\"Feriadelmueble\",\"yecla\",\"Descanso\",\"Karibiandescanso\",\"FMY2017\",\"Mattress\",\"Models\"],\"articleSection\":[\"news\"],\"inLanguage\":\"en-US\",\"potentialAction\":[{\"@type\":\"CommentAction\",\"name\":\"Comment\",\"target\":[\"https:\/\/karibiandescanso.com\/pl\/56-edicion-fmy-2017\/#respond\"]}]},{\"@type\":\"WebPage\",\"@id\":\"https:\/\/karibiandescanso.com\/pl\/56-edicion-fmy-2017\/\",\"url\":\"https:\/\/karibiandescanso.com\/pl\/56-edicion-fmy-2017\/\",\"name\":\"[:es]56 Edici\u00f3n FMY 2017[:en]56th Edition of FMY 2017[:fr]56 edition FMY 2017[:ru]56-\u044f \u041c\u0435\u0431\u0435\u043b\u044c\u043d\u0430\u044f \u0432\u044b\u0441\u0442\u0430\u0432\u043a\u0430 \u0415\u043a\u043b\u044b 2017[:] - Karibian Descanso\",\"isPartOf\":{\"@id\":\"https:\/\/karibiandescanso.com\/#website\"},\"primaryImageOfPage\":{\"@id\":\"https:\/\/karibiandescanso.com\/pl\/56-edicion-fmy-2017\/#primaryimage\"},\"image\":{\"@id\":\"https:\/\/karibiandescanso.com\/pl\/56-edicion-fmy-2017\/#primaryimage\"},\"thumbnailUrl\":\"https:\/\/karibiandescanso.com\/wp-content\/uploads\/2017\/09\/Imagen-Chica-feria.jpg\",\"datePublished\":\"2017-10-06T08:47:00+00:00\",\"dateModified\":\"2019-03-11T07:14:31+00:00\",\"author\":{\"@id\":\"https:\/\/karibiandescanso.com\/#\/schema\/person\/68512f1ba7158b3fee336be261f3e9f8\"},\"breadcrumb\":{\"@id\":\"https:\/\/karibiandescanso.com\/pl\/56-edicion-fmy-2017\/#breadcrumb\"},\"inLanguage\":\"en-US\",\"potentialAction\":[{\"@type\":\"ReadAction\",\"target\":[\"https:\/\/karibiandescanso.com\/pl\/56-edicion-fmy-2017\/\"]}]},{\"@type\":\"ImageObject\",\"inLanguage\":\"en-US\",\"@id\":\"https:\/\/karibiandescanso.com\/pl\/56-edicion-fmy-2017\/#primaryimage\",\"url\":\"https:\/\/karibiandescanso.com\/wp-content\/uploads\/2017\/09\/Imagen-Chica-feria.jpg\",\"contentUrl\":\"https:\/\/karibiandescanso.com\/wp-content\/uploads\/2017\/09\/Imagen-Chica-feria.jpg\",\"width\":800,\"height\":441},{\"@type\":\"BreadcrumbList\",\"@id\":\"https:\/\/karibiandescanso.com\/pl\/56-edicion-fmy-2017\/#breadcrumb\",\"itemListElement\":[{\"@type\":\"ListItem\",\"position\":1,\"name\":\"Portada\",\"item\":\"https:\/\/karibiandescanso.com\/\"},{\"@type\":\"ListItem\",\"position\":2,\"name\":\"(Espa\u00f1ol) 56 Edici\u00f3n FMY 2017\"}]},{\"@type\":\"WebSite\",\"@id\":\"https:\/\/karibiandescanso.com\/#website\",\"url\":\"https:\/\/karibiandescanso.com\/\",\"name\":\"Karibian Descanso\",\"description\":\"Where is rest\",\"potentialAction\":[{\"@type\":\"SearchAction\",\"target\":{\"@type\":\"EntryPoint\",\"urlTemplate\":\"https:\/\/karibiandescanso.com\/?s={search_term_string}\"},\"query-input\":{\"@type\":\"PropertyValueSpecification\",\"valueRequired\":true,\"valueName\":\"search_term_string\"}}],\"inLanguage\":\"en-US\"},{\"@type\":\"Person\",\"@id\":\"https:\/\/karibiandescanso.com\/#\/schema\/person\/68512f1ba7158b3fee336be261f3e9f8\",\"name\":\"Admin\",\"image\":{\"@type\":\"ImageObject\",\"inLanguage\":\"en-US\",\"@id\":\"https:\/\/karibiandescanso.com\/#\/schema\/person\/image\/\",\"url\":\"https:\/\/secure.gravatar.com\/avatar\/869fa3428ab4bd54f426b7a39e907ca00f91d2562708d1631dd607c3e1fc99f6?s=96&d=mm&r=g\",\"contentUrl\":\"https:\/\/secure.gravatar.com\/avatar\/869fa3428ab4bd54f426b7a39e907ca00f91d2562708d1631dd607c3e1fc99f6?s=96&d=mm&r=g\",\"caption\":\"Admin\"},\"url\":\"https:\/\/karibiandescanso.com\/en\/author\/admin\/\"}]}<\/script>\n<!-- \/ Yoast SEO plugin. -->","yoast_head_json":{"title":"[:es]56 Edici\u00f3n FMY 2017[:en]56th Edition of FMY 2017[:fr]56 edition FMY 2017[:ru]56-\u044f \u041c\u0435\u0431\u0435\u043b\u044c\u043d\u0430\u044f \u0432\u044b\u0441\u0442\u0430\u0432\u043a\u0430 \u0415\u043a\u043b\u044b 2017[:] - Karibian Descanso","robots":{"index":"index","follow":"follow","max-snippet":"max-snippet:-1","max-image-preview":"max-image-preview:large","max-video-preview":"max-video-preview:-1"},"canonical":"https:\/\/karibiandescanso.com\/pl\/56-edicion-fmy-2017\/","og_locale":"en_US","og_type":"article","og_title":"[:es]56 Edici\u00f3n FMY 2017[:en]56th Edition of FMY 2017[:fr]56 edition FMY 2017[:ru]56-\u044f \u041c\u0435\u0431\u0435\u043b\u044c\u043d\u0430\u044f \u0432\u044b\u0441\u0442\u0430\u0432\u043a\u0430 \u0415\u043a\u043b\u044b 2017[:] - Karibian Descanso","og_description":"[:es]La clausura de la FMY 2017 ha dejado un buen sabor de boca, una gran afluencia de visitantes y una gran acogida de nuestros productos.  Por ello te queremos agradecer de todo coraz\u00f3n el tiempo que nos habe\u00eds dedicado.[:en]One more year Karibian Descanso has brought another novelty to the world of relaxation, exhibiting its products from Monday 25th to the 28th of September 2017 at the 56th Yecla Furniture Fair(the 1st Furniture Fair in Spain) [:fr]Karibian Descanso r\u00e9v\u00e8le un autre an ses nouveaut\u00e9s destin\u00e9s au monde du repos dans la 56 foire du meuble \u00e0 Yecla (1ere foire du meuble en Espagne depuis 1961) du 25 au 28 septembre 2017.[:ru]\u0413\u043e\u0434 \u0437\u0430 \u0433\u043e\u0434\u043e\u043c Karibian Descanso \u0437\u043d\u0430\u043a\u043e\u043c\u0438\u0442 \u043f\u0443\u0431\u043b\u0438\u043a\u0443 \u0441\u043e \u0441\u0432\u043e\u0438\u043c\u0438 \u043d\u043e\u0432\u0438\u043d\u043a\u0430\u043c\u0438 \u0432 \u0441\u0444\u0435\u0440\u0435 \u0442\u043e\u0432\u0430\u0440\u043e\u0432 \u0434\u043b\u044f \u043e\u0442\u0434\u044b\u0445\u0430. \u0421 25 \u043f\u043e 28 \u0441\u0435\u043d\u0442\u044f\u0431\u0440\u044f 2017 \u0433\u043e\u0434\u0430 \u043a\u043e\u043c\u043f\u0430\u043d\u0438\u044f \u043f\u0440\u0438\u043d\u044f\u043b\u0430 \u0443\u0447\u0430\u0441\u0442\u0438\u0435[:]","og_url":"https:\/\/karibiandescanso.com\/pl\/56-edicion-fmy-2017\/","og_site_name":"Karibian Descanso","article_published_time":"2017-10-06T08:47:00+00:00","article_modified_time":"2019-03-11T07:14:31+00:00","og_image":[{"width":800,"height":441,"url":"https:\/\/karibiandescanso.com\/wp-content\/uploads\/2017\/09\/Imagen-Chica-feria.jpg","type":"image\/jpeg"}],"author":"Admin","twitter_card":"summary_large_image","twitter_misc":{"Written by":"Admin","Est. reading time":"7 minutes"},"schema":{"@context":"https:\/\/schema.org","@graph":[{"@type":"Article","@id":"https:\/\/karibiandescanso.com\/pl\/56-edicion-fmy-2017\/#article","isPartOf":{"@id":"https:\/\/karibiandescanso.com\/pl\/56-edicion-fmy-2017\/"},"author":{"name":"Admin","@id":"https:\/\/karibiandescanso.com\/#\/schema\/person\/68512f1ba7158b3fee336be261f3e9f8"},"headline":"56th Edition of FMY 2017","datePublished":"2017-10-06T08:47:00+00:00","dateModified":"2019-03-11T07:14:31+00:00","mainEntityOfPage":{"@id":"https:\/\/karibiandescanso.com\/pl\/56-edicion-fmy-2017\/"},"wordCount":1735,"commentCount":0,"image":{"@id":"https:\/\/karibiandescanso.com\/pl\/56-edicion-fmy-2017\/#primaryimage"},"thumbnailUrl":"https:\/\/karibiandescanso.com\/wp-content\/uploads\/2017\/09\/Imagen-Chica-feria.jpg","keywords":["Feriadelmueble","yecla","Descanso","Karibiandescanso","FMY2017","Mattress","Models"],"articleSection":["news"],"inLanguage":"en-US","potentialAction":[{"@type":"CommentAction","name":"Comment","target":["https:\/\/karibiandescanso.com\/pl\/56-edicion-fmy-2017\/#respond"]}]},{"@type":"WebPage","@id":"https:\/\/karibiandescanso.com\/pl\/56-edicion-fmy-2017\/","url":"https:\/\/karibiandescanso.com\/pl\/56-edicion-fmy-2017\/","name":"[:es]56 Edici\u00f3n FMY 2017[:en]56th Edition of FMY 2017[:fr]56 edition FMY 2017[:ru]56-\u044f \u041c\u0435\u0431\u0435\u043b\u044c\u043d\u0430\u044f \u0432\u044b\u0441\u0442\u0430\u0432\u043a\u0430 \u0415\u043a\u043b\u044b 2017[:] - Karibian Descanso","isPartOf":{"@id":"https:\/\/karibiandescanso.com\/#website"},"primaryImageOfPage":{"@id":"https:\/\/karibiandescanso.com\/pl\/56-edicion-fmy-2017\/#primaryimage"},"image":{"@id":"https:\/\/karibiandescanso.com\/pl\/56-edicion-fmy-2017\/#primaryimage"},"thumbnailUrl":"https:\/\/karibiandescanso.com\/wp-content\/uploads\/2017\/09\/Imagen-Chica-feria.jpg","datePublished":"2017-10-06T08:47:00+00:00","dateModified":"2019-03-11T07:14:31+00:00","author":{"@id":"https:\/\/karibiandescanso.com\/#\/schema\/person\/68512f1ba7158b3fee336be261f3e9f8"},"breadcrumb":{"@id":"https:\/\/karibiandescanso.com\/pl\/56-edicion-fmy-2017\/#breadcrumb"},"inLanguage":"en-US","potentialAction":[{"@type":"ReadAction","target":["https:\/\/karibiandescanso.com\/pl\/56-edicion-fmy-2017\/"]}]},{"@type":"ImageObject","inLanguage":"en-US","@id":"https:\/\/karibiandescanso.com\/pl\/56-edicion-fmy-2017\/#primaryimage","url":"https:\/\/karibiandescanso.com\/wp-content\/uploads\/2017\/09\/Imagen-Chica-feria.jpg","contentUrl":"https:\/\/karibiandescanso.com\/wp-content\/uploads\/2017\/09\/Imagen-Chica-feria.jpg","width":800,"height":441},{"@type":"BreadcrumbList","@id":"https:\/\/karibiandescanso.com\/pl\/56-edicion-fmy-2017\/#breadcrumb","itemListElement":[{"@type":"ListItem","position":1,"name":"Portada","item":"https:\/\/karibiandescanso.com\/"},{"@type":"ListItem","position":2,"name":"(Espa\u00f1ol) 56 Edici\u00f3n FMY 2017"}]},{"@type":"WebSite","@id":"https:\/\/karibiandescanso.com\/#website","url":"https:\/\/karibiandescanso.com\/","name":"Karibian Descanso","description":"Where is rest","potentialAction":[{"@type":"SearchAction","target":{"@type":"EntryPoint","urlTemplate":"https:\/\/karibiandescanso.com\/?s={search_term_string}"},"query-input":{"@type":"PropertyValueSpecification","valueRequired":true,"valueName":"search_term_string"}}],"inLanguage":"en-US"},{"@type":"Person","@id":"https:\/\/karibiandescanso.com\/#\/schema\/person\/68512f1ba7158b3fee336be261f3e9f8","name":"Admin","image":{"@type":"ImageObject","inLanguage":"en-US","@id":"https:\/\/karibiandescanso.com\/#\/schema\/person\/image\/","url":"https:\/\/secure.gravatar.com\/avatar\/869fa3428ab4bd54f426b7a39e907ca00f91d2562708d1631dd607c3e1fc99f6?s=96&d=mm&r=g","contentUrl":"https:\/\/secure.gravatar.com\/avatar\/869fa3428ab4bd54f426b7a39e907ca00f91d2562708d1631dd607c3e1fc99f6?s=96&d=mm&r=g","caption":"Admin"},"url":"https:\/\/karibiandescanso.com\/en\/author\/admin\/"}]}},"_links":{"self":[{"href":"https:\/\/karibiandescanso.com\/en\/wp-json\/wp\/v2\/posts\/972","targetHints":{"allow":["GET"]}}],"collection":[{"href":"https:\/\/karibiandescanso.com\/en\/wp-json\/wp\/v2\/posts"}],"about":[{"href":"https:\/\/karibiandescanso.com\/en\/wp-json\/wp\/v2\/types\/post"}],"author":[{"embeddable":true,"href":"https:\/\/karibiandescanso.com\/en\/wp-json\/wp\/v2\/users\/1"}],"replies":[{"embeddable":true,"href":"https:\/\/karibiandescanso.com\/en\/wp-json\/wp\/v2\/comments?post=972"}],"version-history":[{"count":0,"href":"https:\/\/karibiandescanso.com\/en\/wp-json\/wp\/v2\/posts\/972\/revisions"}],"wp:featuredmedia":[{"embeddable":true,"href":"https:\/\/karibiandescanso.com\/en\/wp-json\/wp\/v2\/media\/971"}],"wp:attachment":[{"href":"https:\/\/karibiandescanso.com\/en\/wp-json\/wp\/v2\/media?parent=972"}],"wp:term":[{"taxonomy":"category","embeddable":true,"href":"https:\/\/karibiandescanso.com\/en\/wp-json\/wp\/v2\/categories?post=972"},{"taxonomy":"post_tag","embeddable":true,"href":"https:\/\/karibiandescanso.com\/en\/wp-json\/wp\/v2\/tags?post=972"}],"curies":[{"name":"wp","href":"https:\/\/api.w.org\/{rel}","templated":true}]}}