{"id":10108,"date":"2022-03-30T13:12:29","date_gmt":"2022-03-30T11:12:29","guid":{"rendered":"https:\/\/www.karibiandescanso.com\/?p=10108"},"modified":"2024-07-18T09:39:15","modified_gmt":"2024-07-18T07:39:15","slug":"8-feria-mueble-zaragoza","status":"publish","type":"post","link":"https:\/\/karibiandescanso.com\/fr\/8-feria-mueble-zaragoza\/","title":{"rendered":"8EME SALON DU MEUBLE DE SARAGOSSE"},"content":{"rendered":"<p>[vc_row css_animation=&#8221;&#8221; row_type=&#8221;row&#8221; use_row_as_full_screen_section=&#8221;no&#8221; type=&#8221;full_width&#8221; angled_section=&#8221;no&#8221; text_align=&#8221;left&#8221; background_image_as_pattern=&#8221;without_pattern&#8221;][vc_column][vc_column_text]<\/p>\n<p style=\"text-align: justify;\">Du 22 au 25 mars, Karibian Descanso a pr\u00e9sent\u00e9 ses derni\u00e8res innovations en mati\u00e8re d&#8217;articles de repos lors de la <strong><a href=\"https:\/\/www.feriazaragoza.es\/feria-del-mueble-2022\">8e \u00e9dition du Salon du meuble de Saragosse<\/a>.<\/strong> Cet \u00e9v\u00e9nement international rassemble des professionnels du monde entier, sur plus de 48 000 m2 d&#8217;espace d&#8217;exposition, et constitue l&#8217;\u00e9picentre de l&#8217;activit\u00e9 et des affaires entre les fabricants et le canal de vente et de distribution.<\/p>\n<p>[\/vc_column_text][vc_empty_space height=&#8221;25px&#8221;][vc_gallery interval=&#8221;3&#8243; images=&#8221;10116,10117,10118,10119&#8243; img_size=&#8221;full&#8221;][\/vc_column][\/vc_row][vc_row css_animation=&#8221;&#8221; row_type=&#8221;row&#8221; use_row_as_full_screen_section=&#8221;no&#8221; type=&#8221;full_width&#8221; angled_section=&#8221;no&#8221; text_align=&#8221;left&#8221; background_image_as_pattern=&#8221;without_pattern&#8221;][vc_column width=&#8221;1\/2&#8243;][vc_empty_space height=&#8221;50px&#8221;][vc_column_text]<\/p>\n<p style=\"text-align: justify;\">Karibian Descanso est venu \u00e0 Saragosse avec un stand accueillant, au design tr\u00e8s soign\u00e9, \u00e9tant la vitrine id\u00e9ale pour pr\u00e9senter les derniers d\u00e9veloppements. Une s\u00e9lection de mod\u00e8les ont \u00e9t\u00e9 les v\u00e9ritables protagonistes de cet environnement spacieux, refl\u00e9tant le concept et la philosophie caract\u00e9ristique de l&#8217;entreprise. FMZ a toujours \u00e9t\u00e9 un cadre appropri\u00e9 pour la pr\u00e9sentation de nouvelles collections.<\/p>\n<p>[\/vc_column_text][vc_empty_space][\/vc_column][vc_column width=&#8221;1\/2&#8243;][vc_empty_space height=&#8221;50px&#8221;][vc_column_text]<\/p>\n<p style=\"text-align: justify;\">Le <b>Salon du meuble de Saragosse<\/b> est un \u00e9v\u00e9nement incontournable pour les professionnels du secteur du mobilier et de la d\u00e9coration, en raison de son grand prestige international reconnu. \u00c0 cette occasion, l&#8217;\u00e9v\u00e9nement a r\u00e9uni 240 exposants et un grand nombre de visiteurs du monde entier pour aborder quatre axes principaux: le design, l&#8217;internationalit\u00e9, le canal contractuel et la num\u00e9risation.<\/p>\n<p>[\/vc_column_text][vc_empty_space][\/vc_column][\/vc_row][vc_row row_type=&#8221;expandable&#8221; text_align=&#8221;center&#8221; button_position=&#8221;center&#8221; more_button_label=&#8221;D\u00c9COUVREZ NOTRE SEJOUR \u00c0 SARAGOSSE&#8221; less_button_label=&#8221;Contraer&#8221; hover_color=&#8221;#a5a5a5&#8243; css=&#8221;.vc_custom_1582651899453{margin-top: 80px !important;}&#8221;][vc_column][vc_video link=&#8221;https:\/\/www.youtube.com\/watch?v=wkSMm0hueTY&#8221;][\/vc_column][\/vc_row][vc_row css_animation=&#8221;&#8221; row_type=&#8221;row&#8221; use_row_as_full_screen_section=&#8221;no&#8221; type=&#8221;full_width&#8221; angled_section=&#8221;no&#8221; text_align=&#8221;left&#8221; background_image_as_pattern=&#8221;without_pattern&#8221;][vc_column][vc_single_image image=&#8221;10124&#8243; img_size=&#8221;full&#8221; alignment=&#8221;center&#8221; qode_css_animation=&#8221;&#8221;][vc_empty_space][vc_column_text]<\/p>\n<p style=\"text-align: justify;\">Lors de ce premier \u00e9v\u00e9nement national en 2022, Karibian a expos\u00e9, pendant quatre jours, les derniers d\u00e9veloppements con\u00e7us et destin\u00e9s \u00e0 surprendre toutes les visiteuses et tous les visiteurs. Un nouvel emplacement avec un espace plus grand (Hall 5 \/ Rue B-D Stand 11-16) a permis d&#8217;exposer les mod\u00e8les de repos de Karibian, avec une atmosph\u00e8re marqu\u00e9e par la qualit\u00e9, le design et l&#8217;innovation.<\/p>\n<p>[\/vc_column_text][vc_empty_space][vc_column_text]<\/p>\n<h3 style=\"text-align: left;\">SARAGOSSE EST MOBILIER<\/h3>\n<p>[\/vc_column_text][vc_empty_space height=&#8221;20px&#8221;][vc_column_text]<\/p>\n<p style=\"text-align: justify;\">Selon des sources officielles, le Salon de 2022 a r\u00e9uni plus de 36 000 professionnels d&#8217;Espagne et de pays tels que le Portugal, la France, la Pologne, l&#8217;Alg\u00e9rie, le Maroc et la Turquie. Cette foire a rempli son objectif de devenir l&#8217;espace d&#8217;incitation et d&#8217;affaires id\u00e9al o\u00f9 les fabricants, les fournisseurs et les n\u00e9gociants directs pouvaient se rencontrer.<\/p>\n<p>[\/vc_column_text][\/vc_column][\/vc_row][vc_row css_animation=&#8221;&#8221; row_type=&#8221;row&#8221; use_row_as_full_screen_section=&#8221;no&#8221; type=&#8221;full_width&#8221; angled_section=&#8221;no&#8221; text_align=&#8221;left&#8221; background_image_as_pattern=&#8221;without_pattern&#8221;][vc_column][vc_empty_space][vc_column_text]<\/p>\n<p style=\"text-align: justify;\">\u00c0 l&#8217;issue du 8e Salon du meuble de Saragosse, Karibian tient \u00e0 remercier toutes les personnes qui ont visit\u00e9 son stand, ainsi que toute l&#8217;organisation du Salon 2022, en les f\u00e9licitant pour le succ\u00e8s des diff\u00e9rents \u00e9v\u00e9nements et en les encourageant \u00e0 continuer \u00e0 travailler lors de la prochaine \u00e9dition.<\/p>\n<p style=\"text-align: justify;\">Merci beaucoup de nous avoir rejoint une fois de plus, nous continuerons \u00e0 travailler pour vous offrir toujours le meilleur, et \u00e0 bient\u00f4t !<\/p>\n<p>[\/vc_column_text][vc_empty_space][\/vc_column][\/vc_row]<\/p>","protected":false},"excerpt":{"rendered":"<p>Du 22 au 25 mars, Karibian Descanso a pr\u00e9sent\u00e9 ses derni\u00e8res innovations en mati\u00e8re d&#8217;articles de repos lors de la 8e \u00e9dition du Salon du meuble de Saragosse. Cet \u00e9v\u00e9nement international rassemble des professionnels du<\/p>\n","protected":false},"author":2,"featured_media":10110,"comment_status":"open","ping_status":"open","sticky":false,"template":"","format":"standard","meta":{"footnotes":""},"categories":[10,164],"tags":[25,80,91,100,161,162,166,167,168,234,235],"class_list":["post-10108","post","type-post","status-publish","format-standard","has-post-thumbnail","hentry","category-noticias","category-ferias","tag-karibian-descanso","tag-colchon","tag-mattress","tag-furniture","tag-mueble-de-espana","tag-feria-mueble-zaragoza","tag-zaragoza-es-mueble","tag-spain-furniture","tag-spain-interiors","tag-fmz","tag-fmz2022"],"yoast_head":"<!-- This site is optimized with the Yoast SEO plugin v27.0 - https:\/\/yoast.com\/product\/yoast-seo-wordpress\/ -->\n<title>8EME SALON DU MEUBLE DE SARAGOSSE - Karibian Descanso<\/title>\n<meta name=\"robots\" content=\"index, follow, max-snippet:-1, max-image-preview:large, max-video-preview:-1\" \/>\n<link rel=\"canonical\" href=\"https:\/\/karibiandescanso.com\/fr\/8-feria-mueble-zaragoza\/\" \/>\n<meta property=\"og:locale\" content=\"fr_FR\" \/>\n<meta property=\"og:type\" content=\"article\" \/>\n<meta property=\"og:title\" content=\"[:es]8\u00aa FERIA MUEBLE ZARAGOZA[:en]8TH ZARAGOZA FURNITURE FAIR[:fr]8EME SALON DU MEUBLE DE SARAGOSSE[:ru]8\u00aa \u041c\u0415\u0411\u0415\u041b\u042c\u041d\u0410\u042f \u042f\u0420\u041c\u0410\u0420\u041a\u0410 ZARAGOZA[:pl]8. TARGI MEBLOWE SARAGOSSA[:] - Karibian Descanso\" \/>\n<meta property=\"og:description\" content=\"[:es]Karibian present\u00f3 sus \u00faltimas novedades en modelos de descanso, en la 8\u00aa Feria del Mueble de Zaragoza 2022. El evento se celebr\u00f3 del 22 al 25 de marzo y fue todo un acontecimiento profesional.[:en]From 22 to 25 March, Karibian Descanso presented its latest bedding products at the 8th edition of the Zaragoza Furniture Fair (FMZ). This international event brings together professionals from all over the world[:fr]Du 22 au 25 mars, Karibian Descanso a pr\u00e9sent\u00e9 ses derni\u00e8res innovations en mati\u00e8re d&#039;articles de repos lors de la 8e \u00e9dition du Salon du meuble de Saragosse. Cet \u00e9v\u00e9nement international rassemble des professionnels du[:ru]Karibian \u043f\u0440\u0435\u0434\u0441\u0442\u0430\u0432\u0438\u043b\u0430 \u0441\u0432\u043e\u0438 \u043f\u043e\u0441\u043b\u0435\u0434\u043d\u0438\u0435 \u043d\u043e\u0432\u0438\u043d\u043a\u0438 \u0441\u0440\u0435\u0434\u0438 \u043c\u043e\u0434\u0435\u043b\u0435\u0439 \u0434\u043b\u044f \u043e\u0442\u0434\u044b\u0445\u0430 \u043d\u0430 8-\u0439 \u0412\u044b\u0441\u0442\u0430\u0432\u043a\u0435 \u043c\u0435\u0431\u0435\u043b\u0438 \u0432 \u0421\u0430\u0440\u0430\u0433\u043e\u0441\u0435 2022. \u041a\u043e\u043d\u043a\u0443\u0440\u0441 \u043f\u0440\u043e\u0445\u043e\u0434\u0438\u043b \u0441 22 \u043f\u043e 25 \u043c\u0430\u0440\u0442\u0430 \u0438 \u0441\u0442\u0430\u043b \u043f\u0435\u0440\u0432\u044b\u043c \u043f\u0440\u043e\u0444\u0435\u0441\u0441\u0438\u043e\u043d\u0430\u043b\u044c\u043d\u044b\u043c \u043c\u0435\u0440\u043e\u043f\u0440\u0438\u044f\u0442\u0438\u0435\u043c \u0433\u043e\u0434\u0430.[:pl]Karibian zaprezentowa\u0142 swoje najnowsze innowacje w modelach wypoczynkowych na 8. Targach Mebli w Saragossie 2022. Wydarzenie odby\u0142o si\u0119 w dniach 22-25 marca i mia\u0142o charakter profesjonalny.[:]\" \/>\n<meta property=\"og:url\" content=\"https:\/\/karibiandescanso.com\/fr\/8-feria-mueble-zaragoza\/\" \/>\n<meta property=\"og:site_name\" content=\"Karibian Descanso\" \/>\n<meta property=\"article:published_time\" content=\"2022-03-30T11:12:29+00:00\" \/>\n<meta property=\"article:modified_time\" content=\"2024-07-18T07:39:15+00:00\" \/>\n<meta property=\"og:image\" content=\"https:\/\/karibiandescanso.com\/wp-content\/uploads\/2022\/04\/FERIA-ZARAGOZA.jpg\" \/>\n\t<meta property=\"og:image:width\" content=\"583\" \/>\n\t<meta property=\"og:image:height\" content=\"330\" \/>\n\t<meta property=\"og:image:type\" content=\"image\/jpeg\" \/>\n<meta name=\"author\" content=\"Karibian Descanso\" \/>\n<meta name=\"twitter:card\" content=\"summary_large_image\" \/>\n<meta name=\"twitter:label1\" content=\"\u00c9crit par\" \/>\n\t<meta name=\"twitter:data1\" content=\"Karibian Descanso\" \/>\n\t<meta name=\"twitter:label2\" content=\"Dur\u00e9e de lecture estim\u00e9e\" \/>\n\t<meta name=\"twitter:data2\" content=\"5 minutes\" \/>\n<script type=\"application\/ld+json\" class=\"yoast-schema-graph\">{\"@context\":\"https:\/\/schema.org\",\"@graph\":[{\"@type\":\"Article\",\"@id\":\"https:\/\/karibiandescanso.com\/fr\/8-feria-mueble-zaragoza\/#article\",\"isPartOf\":{\"@id\":\"https:\/\/karibiandescanso.com\/fr\/8-feria-mueble-zaragoza\/\"},\"author\":{\"name\":\"Karibian Descanso\",\"@id\":\"https:\/\/karibiandescanso.com\/#\/schema\/person\/23be63b9b19bd8da8980c8eecdd69d30\"},\"headline\":\"8EME SALON DU MEUBLE DE SARAGOSSE\",\"datePublished\":\"2022-03-30T11:12:29+00:00\",\"dateModified\":\"2024-07-18T07:39:15+00:00\",\"mainEntityOfPage\":{\"@id\":\"https:\/\/karibiandescanso.com\/fr\/8-feria-mueble-zaragoza\/\"},\"wordCount\":3306,\"commentCount\":0,\"image\":{\"@id\":\"https:\/\/karibiandescanso.com\/fr\/8-feria-mueble-zaragoza\/#primaryimage\"},\"thumbnailUrl\":\"https:\/\/karibiandescanso.com\/wp-content\/uploads\/2022\/04\/FERIA-ZARAGOZA.jpg\",\"keywords\":[\"karibian descanso\",\"Colchon\",\"Mattress\",\"Furniture\",\"Mueble de Espa\u00f1a\",\"Feria Mueble Zaragoza\",\"Zaragoza es mueble\",\"Spain Furniture\",\"Spain Interiors\",\"FMZ\",\"FMZ2022\"],\"articleSection\":[\"actualit\u00e9s\",\"Ferias\"],\"inLanguage\":\"fr-FR\",\"potentialAction\":[{\"@type\":\"CommentAction\",\"name\":\"Comment\",\"target\":[\"https:\/\/karibiandescanso.com\/fr\/8-feria-mueble-zaragoza\/#respond\"]}]},{\"@type\":\"WebPage\",\"@id\":\"https:\/\/karibiandescanso.com\/fr\/8-feria-mueble-zaragoza\/\",\"url\":\"https:\/\/karibiandescanso.com\/fr\/8-feria-mueble-zaragoza\/\",\"name\":\"[:es]8\u00aa FERIA MUEBLE ZARAGOZA[:en]8TH ZARAGOZA FURNITURE FAIR[:fr]8EME SALON DU MEUBLE DE SARAGOSSE[:ru]8\u00aa \u041c\u0415\u0411\u0415\u041b\u042c\u041d\u0410\u042f \u042f\u0420\u041c\u0410\u0420\u041a\u0410 ZARAGOZA[:pl]8. TARGI MEBLOWE SARAGOSSA[:] - Karibian Descanso\",\"isPartOf\":{\"@id\":\"https:\/\/karibiandescanso.com\/#website\"},\"primaryImageOfPage\":{\"@id\":\"https:\/\/karibiandescanso.com\/fr\/8-feria-mueble-zaragoza\/#primaryimage\"},\"image\":{\"@id\":\"https:\/\/karibiandescanso.com\/fr\/8-feria-mueble-zaragoza\/#primaryimage\"},\"thumbnailUrl\":\"https:\/\/karibiandescanso.com\/wp-content\/uploads\/2022\/04\/FERIA-ZARAGOZA.jpg\",\"datePublished\":\"2022-03-30T11:12:29+00:00\",\"dateModified\":\"2024-07-18T07:39:15+00:00\",\"author\":{\"@id\":\"https:\/\/karibiandescanso.com\/#\/schema\/person\/23be63b9b19bd8da8980c8eecdd69d30\"},\"breadcrumb\":{\"@id\":\"https:\/\/karibiandescanso.com\/fr\/8-feria-mueble-zaragoza\/#breadcrumb\"},\"inLanguage\":\"fr-FR\",\"potentialAction\":[{\"@type\":\"ReadAction\",\"target\":[\"https:\/\/karibiandescanso.com\/fr\/8-feria-mueble-zaragoza\/\"]}]},{\"@type\":\"ImageObject\",\"inLanguage\":\"fr-FR\",\"@id\":\"https:\/\/karibiandescanso.com\/fr\/8-feria-mueble-zaragoza\/#primaryimage\",\"url\":\"https:\/\/karibiandescanso.com\/wp-content\/uploads\/2022\/04\/FERIA-ZARAGOZA.jpg\",\"contentUrl\":\"https:\/\/karibiandescanso.com\/wp-content\/uploads\/2022\/04\/FERIA-ZARAGOZA.jpg\",\"width\":583,\"height\":330},{\"@type\":\"BreadcrumbList\",\"@id\":\"https:\/\/karibiandescanso.com\/fr\/8-feria-mueble-zaragoza\/#breadcrumb\",\"itemListElement\":[{\"@type\":\"ListItem\",\"position\":1,\"name\":\"Portada\",\"item\":\"https:\/\/karibiandescanso.com\/\"},{\"@type\":\"ListItem\",\"position\":2,\"name\":\"8EME SALON DU MEUBLE DE SARAGOSSE\"}]},{\"@type\":\"WebSite\",\"@id\":\"https:\/\/karibiandescanso.com\/#website\",\"url\":\"https:\/\/karibiandescanso.com\/\",\"name\":\"Karibian Descanso\",\"description\":\"O\u00f9 est le repos\",\"potentialAction\":[{\"@type\":\"SearchAction\",\"target\":{\"@type\":\"EntryPoint\",\"urlTemplate\":\"https:\/\/karibiandescanso.com\/?s={search_term_string}\"},\"query-input\":{\"@type\":\"PropertyValueSpecification\",\"valueRequired\":true,\"valueName\":\"search_term_string\"}}],\"inLanguage\":\"fr-FR\"},{\"@type\":\"Person\",\"@id\":\"https:\/\/karibiandescanso.com\/#\/schema\/person\/23be63b9b19bd8da8980c8eecdd69d30\",\"name\":\"Karibian Descanso\",\"image\":{\"@type\":\"ImageObject\",\"inLanguage\":\"fr-FR\",\"@id\":\"https:\/\/karibiandescanso.com\/#\/schema\/person\/image\/\",\"url\":\"https:\/\/secure.gravatar.com\/avatar\/2f55039d31e0c8cf55d2c2b6e3bb49113343c35fd46d6d11806620d3c9641ba7?s=96&d=mm&r=g\",\"contentUrl\":\"https:\/\/secure.gravatar.com\/avatar\/2f55039d31e0c8cf55d2c2b6e3bb49113343c35fd46d6d11806620d3c9641ba7?s=96&d=mm&r=g\",\"caption\":\"Karibian Descanso\"},\"url\":\"https:\/\/karibiandescanso.com\/fr\/author\/karibian-descanso\/\"}]}<\/script>\n<!-- \/ Yoast SEO plugin. -->","yoast_head_json":{"title":"[:es]8\u00aa FERIA MUEBLE ZARAGOZA[:en]8TH ZARAGOZA FURNITURE FAIR[:fr]8EME SALON DU MEUBLE DE SARAGOSSE[:ru]8\u00aa \u041c\u0415\u0411\u0415\u041b\u042c\u041d\u0410\u042f \u042f\u0420\u041c\u0410\u0420\u041a\u0410 ZARAGOZA[:pl]8. TARGI MEBLOWE SARAGOSSA[:] - Karibian Descanso","robots":{"index":"index","follow":"follow","max-snippet":"max-snippet:-1","max-image-preview":"max-image-preview:large","max-video-preview":"max-video-preview:-1"},"canonical":"https:\/\/karibiandescanso.com\/fr\/8-feria-mueble-zaragoza\/","og_locale":"fr_FR","og_type":"article","og_title":"[:es]8\u00aa FERIA MUEBLE ZARAGOZA[:en]8TH ZARAGOZA FURNITURE FAIR[:fr]8EME SALON DU MEUBLE DE SARAGOSSE[:ru]8\u00aa \u041c\u0415\u0411\u0415\u041b\u042c\u041d\u0410\u042f \u042f\u0420\u041c\u0410\u0420\u041a\u0410 ZARAGOZA[:pl]8. TARGI MEBLOWE SARAGOSSA[:] - Karibian Descanso","og_description":"[:es]Karibian present\u00f3 sus \u00faltimas novedades en modelos de descanso, en la 8\u00aa Feria del Mueble de Zaragoza 2022. El evento se celebr\u00f3 del 22 al 25 de marzo y fue todo un acontecimiento profesional.[:en]From 22 to 25 March, Karibian Descanso presented its latest bedding products at the 8th edition of the Zaragoza Furniture Fair (FMZ). This international event brings together professionals from all over the world[:fr]Du 22 au 25 mars, Karibian Descanso a pr\u00e9sent\u00e9 ses derni\u00e8res innovations en mati\u00e8re d'articles de repos lors de la 8e \u00e9dition du Salon du meuble de Saragosse. Cet \u00e9v\u00e9nement international rassemble des professionnels du[:ru]Karibian \u043f\u0440\u0435\u0434\u0441\u0442\u0430\u0432\u0438\u043b\u0430 \u0441\u0432\u043e\u0438 \u043f\u043e\u0441\u043b\u0435\u0434\u043d\u0438\u0435 \u043d\u043e\u0432\u0438\u043d\u043a\u0438 \u0441\u0440\u0435\u0434\u0438 \u043c\u043e\u0434\u0435\u043b\u0435\u0439 \u0434\u043b\u044f \u043e\u0442\u0434\u044b\u0445\u0430 \u043d\u0430 8-\u0439 \u0412\u044b\u0441\u0442\u0430\u0432\u043a\u0435 \u043c\u0435\u0431\u0435\u043b\u0438 \u0432 \u0421\u0430\u0440\u0430\u0433\u043e\u0441\u0435 2022. \u041a\u043e\u043d\u043a\u0443\u0440\u0441 \u043f\u0440\u043e\u0445\u043e\u0434\u0438\u043b \u0441 22 \u043f\u043e 25 \u043c\u0430\u0440\u0442\u0430 \u0438 \u0441\u0442\u0430\u043b \u043f\u0435\u0440\u0432\u044b\u043c \u043f\u0440\u043e\u0444\u0435\u0441\u0441\u0438\u043e\u043d\u0430\u043b\u044c\u043d\u044b\u043c \u043c\u0435\u0440\u043e\u043f\u0440\u0438\u044f\u0442\u0438\u0435\u043c \u0433\u043e\u0434\u0430.[:pl]Karibian zaprezentowa\u0142 swoje najnowsze innowacje w modelach wypoczynkowych na 8. Targach Mebli w Saragossie 2022. Wydarzenie odby\u0142o si\u0119 w dniach 22-25 marca i mia\u0142o charakter profesjonalny.[:]","og_url":"https:\/\/karibiandescanso.com\/fr\/8-feria-mueble-zaragoza\/","og_site_name":"Karibian Descanso","article_published_time":"2022-03-30T11:12:29+00:00","article_modified_time":"2024-07-18T07:39:15+00:00","og_image":[{"width":583,"height":330,"url":"https:\/\/karibiandescanso.com\/wp-content\/uploads\/2022\/04\/FERIA-ZARAGOZA.jpg","type":"image\/jpeg"}],"author":"Karibian Descanso","twitter_card":"summary_large_image","twitter_misc":{"\u00c9crit par":"Karibian Descanso","Dur\u00e9e de lecture estim\u00e9e":"5 minutes"},"schema":{"@context":"https:\/\/schema.org","@graph":[{"@type":"Article","@id":"https:\/\/karibiandescanso.com\/fr\/8-feria-mueble-zaragoza\/#article","isPartOf":{"@id":"https:\/\/karibiandescanso.com\/fr\/8-feria-mueble-zaragoza\/"},"author":{"name":"Karibian Descanso","@id":"https:\/\/karibiandescanso.com\/#\/schema\/person\/23be63b9b19bd8da8980c8eecdd69d30"},"headline":"8EME SALON DU MEUBLE DE SARAGOSSE","datePublished":"2022-03-30T11:12:29+00:00","dateModified":"2024-07-18T07:39:15+00:00","mainEntityOfPage":{"@id":"https:\/\/karibiandescanso.com\/fr\/8-feria-mueble-zaragoza\/"},"wordCount":3306,"commentCount":0,"image":{"@id":"https:\/\/karibiandescanso.com\/fr\/8-feria-mueble-zaragoza\/#primaryimage"},"thumbnailUrl":"https:\/\/karibiandescanso.com\/wp-content\/uploads\/2022\/04\/FERIA-ZARAGOZA.jpg","keywords":["karibian descanso","Colchon","Mattress","Furniture","Mueble de Espa\u00f1a","Feria Mueble Zaragoza","Zaragoza es mueble","Spain Furniture","Spain Interiors","FMZ","FMZ2022"],"articleSection":["actualit\u00e9s","Ferias"],"inLanguage":"fr-FR","potentialAction":[{"@type":"CommentAction","name":"Comment","target":["https:\/\/karibiandescanso.com\/fr\/8-feria-mueble-zaragoza\/#respond"]}]},{"@type":"WebPage","@id":"https:\/\/karibiandescanso.com\/fr\/8-feria-mueble-zaragoza\/","url":"https:\/\/karibiandescanso.com\/fr\/8-feria-mueble-zaragoza\/","name":"[:es]8\u00aa FERIA MUEBLE ZARAGOZA[:en]8TH ZARAGOZA FURNITURE FAIR[:fr]8EME SALON DU MEUBLE DE SARAGOSSE[:ru]8\u00aa \u041c\u0415\u0411\u0415\u041b\u042c\u041d\u0410\u042f \u042f\u0420\u041c\u0410\u0420\u041a\u0410 ZARAGOZA[:pl]8. TARGI MEBLOWE SARAGOSSA[:] - Karibian Descanso","isPartOf":{"@id":"https:\/\/karibiandescanso.com\/#website"},"primaryImageOfPage":{"@id":"https:\/\/karibiandescanso.com\/fr\/8-feria-mueble-zaragoza\/#primaryimage"},"image":{"@id":"https:\/\/karibiandescanso.com\/fr\/8-feria-mueble-zaragoza\/#primaryimage"},"thumbnailUrl":"https:\/\/karibiandescanso.com\/wp-content\/uploads\/2022\/04\/FERIA-ZARAGOZA.jpg","datePublished":"2022-03-30T11:12:29+00:00","dateModified":"2024-07-18T07:39:15+00:00","author":{"@id":"https:\/\/karibiandescanso.com\/#\/schema\/person\/23be63b9b19bd8da8980c8eecdd69d30"},"breadcrumb":{"@id":"https:\/\/karibiandescanso.com\/fr\/8-feria-mueble-zaragoza\/#breadcrumb"},"inLanguage":"fr-FR","potentialAction":[{"@type":"ReadAction","target":["https:\/\/karibiandescanso.com\/fr\/8-feria-mueble-zaragoza\/"]}]},{"@type":"ImageObject","inLanguage":"fr-FR","@id":"https:\/\/karibiandescanso.com\/fr\/8-feria-mueble-zaragoza\/#primaryimage","url":"https:\/\/karibiandescanso.com\/wp-content\/uploads\/2022\/04\/FERIA-ZARAGOZA.jpg","contentUrl":"https:\/\/karibiandescanso.com\/wp-content\/uploads\/2022\/04\/FERIA-ZARAGOZA.jpg","width":583,"height":330},{"@type":"BreadcrumbList","@id":"https:\/\/karibiandescanso.com\/fr\/8-feria-mueble-zaragoza\/#breadcrumb","itemListElement":[{"@type":"ListItem","position":1,"name":"Portada","item":"https:\/\/karibiandescanso.com\/"},{"@type":"ListItem","position":2,"name":"8EME SALON DU MEUBLE DE SARAGOSSE"}]},{"@type":"WebSite","@id":"https:\/\/karibiandescanso.com\/#website","url":"https:\/\/karibiandescanso.com\/","name":"Karibian Descanso","description":"O\u00f9 est le repos","potentialAction":[{"@type":"SearchAction","target":{"@type":"EntryPoint","urlTemplate":"https:\/\/karibiandescanso.com\/?s={search_term_string}"},"query-input":{"@type":"PropertyValueSpecification","valueRequired":true,"valueName":"search_term_string"}}],"inLanguage":"fr-FR"},{"@type":"Person","@id":"https:\/\/karibiandescanso.com\/#\/schema\/person\/23be63b9b19bd8da8980c8eecdd69d30","name":"Karibian Descanso","image":{"@type":"ImageObject","inLanguage":"fr-FR","@id":"https:\/\/karibiandescanso.com\/#\/schema\/person\/image\/","url":"https:\/\/secure.gravatar.com\/avatar\/2f55039d31e0c8cf55d2c2b6e3bb49113343c35fd46d6d11806620d3c9641ba7?s=96&d=mm&r=g","contentUrl":"https:\/\/secure.gravatar.com\/avatar\/2f55039d31e0c8cf55d2c2b6e3bb49113343c35fd46d6d11806620d3c9641ba7?s=96&d=mm&r=g","caption":"Karibian Descanso"},"url":"https:\/\/karibiandescanso.com\/fr\/author\/karibian-descanso\/"}]}},"_links":{"self":[{"href":"https:\/\/karibiandescanso.com\/fr\/wp-json\/wp\/v2\/posts\/10108","targetHints":{"allow":["GET"]}}],"collection":[{"href":"https:\/\/karibiandescanso.com\/fr\/wp-json\/wp\/v2\/posts"}],"about":[{"href":"https:\/\/karibiandescanso.com\/fr\/wp-json\/wp\/v2\/types\/post"}],"author":[{"embeddable":true,"href":"https:\/\/karibiandescanso.com\/fr\/wp-json\/wp\/v2\/users\/2"}],"replies":[{"embeddable":true,"href":"https:\/\/karibiandescanso.com\/fr\/wp-json\/wp\/v2\/comments?post=10108"}],"version-history":[{"count":0,"href":"https:\/\/karibiandescanso.com\/fr\/wp-json\/wp\/v2\/posts\/10108\/revisions"}],"wp:featuredmedia":[{"embeddable":true,"href":"https:\/\/karibiandescanso.com\/fr\/wp-json\/wp\/v2\/media\/10110"}],"wp:attachment":[{"href":"https:\/\/karibiandescanso.com\/fr\/wp-json\/wp\/v2\/media?parent=10108"}],"wp:term":[{"taxonomy":"category","embeddable":true,"href":"https:\/\/karibiandescanso.com\/fr\/wp-json\/wp\/v2\/categories?post=10108"},{"taxonomy":"post_tag","embeddable":true,"href":"https:\/\/karibiandescanso.com\/fr\/wp-json\/wp\/v2\/tags?post=10108"}],"curies":[{"name":"wp","href":"https:\/\/api.w.org\/{rel}","templated":true}]}}