{"id":1040,"date":"2017-10-31T12:11:05","date_gmt":"2017-10-31T11:11:05","guid":{"rendered":"https:\/\/www.karibiandescanso.com\/?p=1040"},"modified":"2019-03-11T08:13:36","modified_gmt":"2019-03-11T07:13:36","slug":"mision-comercial-inversa-del-mueble-yecla","status":"publish","type":"post","link":"https:\/\/karibiandescanso.com\/fr\/mision-comercial-inversa-del-mueble-yecla\/","title":{"rendered":"MISSION COMMERCIALE INVERSE 17"},"content":{"rendered":"<p><\/p>\n<h4><\/h4>\n<h4><strong>REVERSE TRADE MISSION OF YECLA FURNITURE 2017<\/strong><\/h4>\n<p>&nbsp;<\/p>\n<p style=\"text-align: justify;\">Pendant la pr\u00e9sente \u00e9dition de la FMY 2017, l\u00b4entreprise Commercial Godema SL avec sa marque <a href=\"https:\/\/www.karibiandescanso.com\/fr\"><strong>Karibian Descanso<\/strong><\/a> a particip\u00e9 dans la mission inverse du meuble qui a \u00e9t\u00e9 c\u00e9l\u00e9br\u00e9 le 25 et 26 Septembre du 2017 \u00e0 Yecla.<\/p>\n<p style=\"text-align: justify;\">Cette activit\u00e9 a \u00e9t\u00e9 d\u00e9velopp\u00e9 par le \u00abInstituto de Fomento de la Region de Murcia <strong>(INFO)<\/strong> et cofinanc\u00e9 par l\u00b4INFO et le \u00abFondo Europeo de Desarrollo Regional <strong>(FEDER)<\/strong>. L\u00b4entreprise Karibian Descanso a tenu des r\u00e9unions commerciales avec professionnels de diff\u00e9rents pays comme Royaume-Uni, France, Ukraine, Roumanie, R\u00e9publique Tch\u00e8que, Taiwan&#8230;<\/p>\n<p style=\"text-align: justify;\">Le choisi des pays participants dans ce rencontre a \u00e9t\u00e9 une belle r\u00e9ussite.<\/p>\n<p style=\"text-align: justify;\"><img loading=\"lazy\" decoding=\"async\" class=\"size-medium wp-image-1065 alignleft\" src=\"https:\/\/www.karibiandescanso.com\/wp-content\/uploads\/2017\/10\/Sin-t\u00edtulo-2-300x51.png\" alt=\"\" width=\"300\" height=\"51\" srcset=\"https:\/\/karibiandescanso.com\/wp-content\/uploads\/2017\/10\/Sin-t\u00edtulo-2-300x51.png 300w, https:\/\/karibiandescanso.com\/wp-content\/uploads\/2017\/10\/Sin-t\u00edtulo-2-1024x174.png 1024w\" sizes=\"auto, (max-width: 300px) 100vw, 300px\" \/><\/p>\n<p>&nbsp;<\/p>\n<pre style=\"text-align: left;\"><strong> Fonds europ\u00e9en de d\u00e9veloppement r\u00e9gional \"Une mani\u00e8re de faire l'Europe\"<\/strong><\/pre>\n<p>&nbsp;<\/p>","protected":false},"excerpt":{"rendered":"<p>Pendant la pr\u00e9sente \u00e9dition de la FMY 2017, l\u00b4entreprise Commercial Godema SL avec sa marque Karibian Descanso a particip\u00e9 dans la mission inverse du meuble qui a \u00e9t\u00e9 c\u00e9l\u00e9br\u00e9 le 25 et 26 Septembre du 2017 \u00e0 Yecla.<\/p>\n","protected":false},"author":2,"featured_media":1055,"comment_status":"open","ping_status":"open","sticky":false,"template":"","format":"standard","meta":{"footnotes":""},"categories":[10],"tags":[29,38,42,97,98,99,100],"class_list":["post-1040","post","type-post","status-publish","format-standard","has-post-thumbnail","hentry","category-noticias","tag-descanso","tag-sueno","tag-karibiandescanso","tag-europe","tag-missioninverse","tag-feder","tag-furniture"],"yoast_head":"<!-- This site is optimized with the Yoast SEO plugin v27.0 - https:\/\/yoast.com\/product\/yoast-seo-wordpress\/ -->\n<title>MISSION COMMERCIALE INVERSE 17 - Karibian Descanso<\/title>\n<meta name=\"robots\" content=\"index, follow, max-snippet:-1, max-image-preview:large, max-video-preview:-1\" \/>\n<link rel=\"canonical\" href=\"https:\/\/karibiandescanso.com\/fr\/mision-comercial-inversa-del-mueble-yecla\/\" \/>\n<meta property=\"og:locale\" content=\"fr_FR\" \/>\n<meta property=\"og:type\" content=\"article\" \/>\n<meta property=\"og:title\" content=\"[:es]MISI\u00d3N COMERCIAL INVERSA 2017[:en]MISSION COMMERCIAL INVERSE 2017[:fr]MISSION COMMERCIALE INVERSE 17[:ru]\u041e\u0411\u0420\u0410\u0422\u041d\u0410\u042f \u0422\u041e\u0420\u0413\u041e\u0412\u0410\u042f \u041c\u0418\u0421\u0421\u0418\u042f 2017[:] - Karibian Descanso\" \/>\n<meta property=\"og:description\" content=\"[:es]Karibian Descanso particip\u00f3 en la Misi\u00f3n Inversa del Mueble de Yecla, llevada a cabo del 25 al 26 de Septiembre del 2017 y en la que se mantuvo encuentros comerciales con profesionales de diversos pa\u00edses.[:en]In this edition of the 2017 FMY, the company Comercial Godema SL with its Karibian Descanso brand participated in the Reverse Trade Mission for Furniture made from the 25th to the 26th of September 2017 in Yecla.[:fr]Pendant la pr\u00e9sente \u00e9dition de la FMY 2017, l\u00b4entreprise Commercial Godema SL avec sa marque Karibian Descanso a particip\u00e9 dans la mission inverse du meuble qui a \u00e9t\u00e9 c\u00e9l\u00e9br\u00e9 le 25 et 26 Septembre du 2017 \u00e0 Yecla.[:ru]\u041d\u0430 \u041c\u0435\u0431\u0435\u043b\u044c\u043d\u043e\u0439 \u0432\u044b\u0441\u0442\u0430\u0432\u043a\u0435 \u0415\u043a\u043b\u044b 2017 \u043a\u043e\u043c\u043f\u0430\u043d\u0438\u044f Comercial Godema SL \u0432\u043c\u0435\u0441\u0442\u0435 \u0441\u043e \u0441\u0432\u043e\u0438\u043c \u0431\u0440\u0435\u043d\u0434\u043e\u043c Karibian Descanso \u043f\u0440\u0438\u043d\u044f\u043b\u0430 \u0443\u0447\u0430\u0441\u0442\u0438\u0435 \u0432 \u043e\u0431\u0440\u0430\u0442\u043d\u043e\u0439 \u0442\u043e\u0440\u0433\u043e\u0432\u043e\u0439 \u043c\u0438\u0441\u0441\u0438\u0438 \u043f\u043e \u043f\u0440\u043e\u0434\u0430\u0436\u0435 \u043c\u0435\u0431\u0435\u043b\u0438.[:]\" \/>\n<meta property=\"og:url\" content=\"https:\/\/karibiandescanso.com\/fr\/mision-comercial-inversa-del-mueble-yecla\/\" \/>\n<meta property=\"og:site_name\" content=\"Karibian Descanso\" \/>\n<meta property=\"article:published_time\" content=\"2017-10-31T11:11:05+00:00\" \/>\n<meta property=\"article:modified_time\" content=\"2019-03-11T07:13:36+00:00\" \/>\n<meta property=\"og:image\" content=\"https:\/\/karibiandescanso.com\/wp-content\/uploads\/2017\/10\/Blog-Misi\u00f3n-Comercial-Inversa-del-Mueble-de-Yecla.png\" \/>\n\t<meta property=\"og:image:width\" content=\"800\" \/>\n\t<meta property=\"og:image:height\" content=\"441\" \/>\n\t<meta property=\"og:image:type\" content=\"image\/png\" \/>\n<meta name=\"author\" content=\"Karibian Descanso\" \/>\n<meta name=\"twitter:card\" content=\"summary_large_image\" \/>\n<meta name=\"twitter:label1\" content=\"\u00c9crit par\" \/>\n\t<meta name=\"twitter:data1\" content=\"Karibian Descanso\" \/>\n\t<meta name=\"twitter:label2\" content=\"Dur\u00e9e de lecture estim\u00e9e\" \/>\n\t<meta name=\"twitter:data2\" content=\"2 minutes\" \/>\n<script type=\"application\/ld+json\" class=\"yoast-schema-graph\">{\"@context\":\"https:\/\/schema.org\",\"@graph\":[{\"@type\":\"Article\",\"@id\":\"https:\/\/karibiandescanso.com\/fr\/mision-comercial-inversa-del-mueble-yecla\/#article\",\"isPartOf\":{\"@id\":\"https:\/\/karibiandescanso.com\/fr\/mision-comercial-inversa-del-mueble-yecla\/\"},\"author\":{\"name\":\"Karibian Descanso\",\"@id\":\"https:\/\/karibiandescanso.com\/#\/schema\/person\/23be63b9b19bd8da8980c8eecdd69d30\"},\"headline\":\"MISSION COMMERCIALE INVERSE 17\",\"datePublished\":\"2017-10-31T11:11:05+00:00\",\"dateModified\":\"2019-03-11T07:13:36+00:00\",\"mainEntityOfPage\":{\"@id\":\"https:\/\/karibiandescanso.com\/fr\/mision-comercial-inversa-del-mueble-yecla\/\"},\"wordCount\":456,\"commentCount\":0,\"image\":{\"@id\":\"https:\/\/karibiandescanso.com\/fr\/mision-comercial-inversa-del-mueble-yecla\/#primaryimage\"},\"thumbnailUrl\":\"https:\/\/karibiandescanso.com\/wp-content\/uploads\/2017\/10\/Blog-Misi\u00f3n-Comercial-Inversa-del-Mueble-de-Yecla.png\",\"keywords\":[\"Descanso\",\"sue\u00f1o\",\"Karibiandescanso\",\"Europe\",\"MissionInverse\",\"Feder\",\"Furniture\"],\"articleSection\":[\"actualit\u00e9s\"],\"inLanguage\":\"fr-FR\",\"potentialAction\":[{\"@type\":\"CommentAction\",\"name\":\"Comment\",\"target\":[\"https:\/\/karibiandescanso.com\/fr\/mision-comercial-inversa-del-mueble-yecla\/#respond\"]}]},{\"@type\":\"WebPage\",\"@id\":\"https:\/\/karibiandescanso.com\/fr\/mision-comercial-inversa-del-mueble-yecla\/\",\"url\":\"https:\/\/karibiandescanso.com\/fr\/mision-comercial-inversa-del-mueble-yecla\/\",\"name\":\"[:es]MISI\u00d3N COMERCIAL INVERSA 2017[:en]MISSION COMMERCIAL INVERSE 2017[:fr]MISSION COMMERCIALE INVERSE 17[:ru]\u041e\u0411\u0420\u0410\u0422\u041d\u0410\u042f \u0422\u041e\u0420\u0413\u041e\u0412\u0410\u042f \u041c\u0418\u0421\u0421\u0418\u042f 2017[:] - Karibian Descanso\",\"isPartOf\":{\"@id\":\"https:\/\/karibiandescanso.com\/#website\"},\"primaryImageOfPage\":{\"@id\":\"https:\/\/karibiandescanso.com\/fr\/mision-comercial-inversa-del-mueble-yecla\/#primaryimage\"},\"image\":{\"@id\":\"https:\/\/karibiandescanso.com\/fr\/mision-comercial-inversa-del-mueble-yecla\/#primaryimage\"},\"thumbnailUrl\":\"https:\/\/karibiandescanso.com\/wp-content\/uploads\/2017\/10\/Blog-Misi\u00f3n-Comercial-Inversa-del-Mueble-de-Yecla.png\",\"datePublished\":\"2017-10-31T11:11:05+00:00\",\"dateModified\":\"2019-03-11T07:13:36+00:00\",\"author\":{\"@id\":\"https:\/\/karibiandescanso.com\/#\/schema\/person\/23be63b9b19bd8da8980c8eecdd69d30\"},\"breadcrumb\":{\"@id\":\"https:\/\/karibiandescanso.com\/fr\/mision-comercial-inversa-del-mueble-yecla\/#breadcrumb\"},\"inLanguage\":\"fr-FR\",\"potentialAction\":[{\"@type\":\"ReadAction\",\"target\":[\"https:\/\/karibiandescanso.com\/fr\/mision-comercial-inversa-del-mueble-yecla\/\"]}]},{\"@type\":\"ImageObject\",\"inLanguage\":\"fr-FR\",\"@id\":\"https:\/\/karibiandescanso.com\/fr\/mision-comercial-inversa-del-mueble-yecla\/#primaryimage\",\"url\":\"https:\/\/karibiandescanso.com\/wp-content\/uploads\/2017\/10\/Blog-Misi\u00f3n-Comercial-Inversa-del-Mueble-de-Yecla.png\",\"contentUrl\":\"https:\/\/karibiandescanso.com\/wp-content\/uploads\/2017\/10\/Blog-Misi\u00f3n-Comercial-Inversa-del-Mueble-de-Yecla.png\",\"width\":800,\"height\":441},{\"@type\":\"BreadcrumbList\",\"@id\":\"https:\/\/karibiandescanso.com\/fr\/mision-comercial-inversa-del-mueble-yecla\/#breadcrumb\",\"itemListElement\":[{\"@type\":\"ListItem\",\"position\":1,\"name\":\"Portada\",\"item\":\"https:\/\/karibiandescanso.com\/\"},{\"@type\":\"ListItem\",\"position\":2,\"name\":\"MISSION COMMERCIALE INVERSE 17\"}]},{\"@type\":\"WebSite\",\"@id\":\"https:\/\/karibiandescanso.com\/#website\",\"url\":\"https:\/\/karibiandescanso.com\/\",\"name\":\"Karibian Descanso\",\"description\":\"O\u00f9 est le repos\",\"potentialAction\":[{\"@type\":\"SearchAction\",\"target\":{\"@type\":\"EntryPoint\",\"urlTemplate\":\"https:\/\/karibiandescanso.com\/?s={search_term_string}\"},\"query-input\":{\"@type\":\"PropertyValueSpecification\",\"valueRequired\":true,\"valueName\":\"search_term_string\"}}],\"inLanguage\":\"fr-FR\"},{\"@type\":\"Person\",\"@id\":\"https:\/\/karibiandescanso.com\/#\/schema\/person\/23be63b9b19bd8da8980c8eecdd69d30\",\"name\":\"Karibian Descanso\",\"image\":{\"@type\":\"ImageObject\",\"inLanguage\":\"fr-FR\",\"@id\":\"https:\/\/karibiandescanso.com\/#\/schema\/person\/image\/\",\"url\":\"https:\/\/secure.gravatar.com\/avatar\/2f55039d31e0c8cf55d2c2b6e3bb49113343c35fd46d6d11806620d3c9641ba7?s=96&d=mm&r=g\",\"contentUrl\":\"https:\/\/secure.gravatar.com\/avatar\/2f55039d31e0c8cf55d2c2b6e3bb49113343c35fd46d6d11806620d3c9641ba7?s=96&d=mm&r=g\",\"caption\":\"Karibian Descanso\"},\"url\":\"https:\/\/karibiandescanso.com\/fr\/author\/karibian-descanso\/\"}]}<\/script>\n<!-- \/ Yoast SEO plugin. -->","yoast_head_json":{"title":"[:es]MISI\u00d3N COMERCIAL INVERSA 2017[:en]MISSION COMMERCIAL INVERSE 2017[:fr]MISSION COMMERCIALE INVERSE 17[:ru]\u041e\u0411\u0420\u0410\u0422\u041d\u0410\u042f \u0422\u041e\u0420\u0413\u041e\u0412\u0410\u042f \u041c\u0418\u0421\u0421\u0418\u042f 2017[:] - Karibian Descanso","robots":{"index":"index","follow":"follow","max-snippet":"max-snippet:-1","max-image-preview":"max-image-preview:large","max-video-preview":"max-video-preview:-1"},"canonical":"https:\/\/karibiandescanso.com\/fr\/mision-comercial-inversa-del-mueble-yecla\/","og_locale":"fr_FR","og_type":"article","og_title":"[:es]MISI\u00d3N COMERCIAL INVERSA 2017[:en]MISSION COMMERCIAL INVERSE 2017[:fr]MISSION COMMERCIALE INVERSE 17[:ru]\u041e\u0411\u0420\u0410\u0422\u041d\u0410\u042f \u0422\u041e\u0420\u0413\u041e\u0412\u0410\u042f \u041c\u0418\u0421\u0421\u0418\u042f 2017[:] - Karibian Descanso","og_description":"[:es]Karibian Descanso particip\u00f3 en la Misi\u00f3n Inversa del Mueble de Yecla, llevada a cabo del 25 al 26 de Septiembre del 2017 y en la que se mantuvo encuentros comerciales con profesionales de diversos pa\u00edses.[:en]In this edition of the 2017 FMY, the company Comercial Godema SL with its Karibian Descanso brand participated in the Reverse Trade Mission for Furniture made from the 25th to the 26th of September 2017 in Yecla.[:fr]Pendant la pr\u00e9sente \u00e9dition de la FMY 2017, l\u00b4entreprise Commercial Godema SL avec sa marque Karibian Descanso a particip\u00e9 dans la mission inverse du meuble qui a \u00e9t\u00e9 c\u00e9l\u00e9br\u00e9 le 25 et 26 Septembre du 2017 \u00e0 Yecla.[:ru]\u041d\u0430 \u041c\u0435\u0431\u0435\u043b\u044c\u043d\u043e\u0439 \u0432\u044b\u0441\u0442\u0430\u0432\u043a\u0435 \u0415\u043a\u043b\u044b 2017 \u043a\u043e\u043c\u043f\u0430\u043d\u0438\u044f Comercial Godema SL \u0432\u043c\u0435\u0441\u0442\u0435 \u0441\u043e \u0441\u0432\u043e\u0438\u043c \u0431\u0440\u0435\u043d\u0434\u043e\u043c Karibian Descanso \u043f\u0440\u0438\u043d\u044f\u043b\u0430 \u0443\u0447\u0430\u0441\u0442\u0438\u0435 \u0432 \u043e\u0431\u0440\u0430\u0442\u043d\u043e\u0439 \u0442\u043e\u0440\u0433\u043e\u0432\u043e\u0439 \u043c\u0438\u0441\u0441\u0438\u0438 \u043f\u043e \u043f\u0440\u043e\u0434\u0430\u0436\u0435 \u043c\u0435\u0431\u0435\u043b\u0438.[:]","og_url":"https:\/\/karibiandescanso.com\/fr\/mision-comercial-inversa-del-mueble-yecla\/","og_site_name":"Karibian Descanso","article_published_time":"2017-10-31T11:11:05+00:00","article_modified_time":"2019-03-11T07:13:36+00:00","og_image":[{"width":800,"height":441,"url":"https:\/\/karibiandescanso.com\/wp-content\/uploads\/2017\/10\/Blog-Misi\u00f3n-Comercial-Inversa-del-Mueble-de-Yecla.png","type":"image\/png"}],"author":"Karibian Descanso","twitter_card":"summary_large_image","twitter_misc":{"\u00c9crit par":"Karibian Descanso","Dur\u00e9e de lecture estim\u00e9e":"2 minutes"},"schema":{"@context":"https:\/\/schema.org","@graph":[{"@type":"Article","@id":"https:\/\/karibiandescanso.com\/fr\/mision-comercial-inversa-del-mueble-yecla\/#article","isPartOf":{"@id":"https:\/\/karibiandescanso.com\/fr\/mision-comercial-inversa-del-mueble-yecla\/"},"author":{"name":"Karibian Descanso","@id":"https:\/\/karibiandescanso.com\/#\/schema\/person\/23be63b9b19bd8da8980c8eecdd69d30"},"headline":"MISSION COMMERCIALE INVERSE 17","datePublished":"2017-10-31T11:11:05+00:00","dateModified":"2019-03-11T07:13:36+00:00","mainEntityOfPage":{"@id":"https:\/\/karibiandescanso.com\/fr\/mision-comercial-inversa-del-mueble-yecla\/"},"wordCount":456,"commentCount":0,"image":{"@id":"https:\/\/karibiandescanso.com\/fr\/mision-comercial-inversa-del-mueble-yecla\/#primaryimage"},"thumbnailUrl":"https:\/\/karibiandescanso.com\/wp-content\/uploads\/2017\/10\/Blog-Misi\u00f3n-Comercial-Inversa-del-Mueble-de-Yecla.png","keywords":["Descanso","sue\u00f1o","Karibiandescanso","Europe","MissionInverse","Feder","Furniture"],"articleSection":["actualit\u00e9s"],"inLanguage":"fr-FR","potentialAction":[{"@type":"CommentAction","name":"Comment","target":["https:\/\/karibiandescanso.com\/fr\/mision-comercial-inversa-del-mueble-yecla\/#respond"]}]},{"@type":"WebPage","@id":"https:\/\/karibiandescanso.com\/fr\/mision-comercial-inversa-del-mueble-yecla\/","url":"https:\/\/karibiandescanso.com\/fr\/mision-comercial-inversa-del-mueble-yecla\/","name":"[:es]MISI\u00d3N COMERCIAL INVERSA 2017[:en]MISSION COMMERCIAL INVERSE 2017[:fr]MISSION COMMERCIALE INVERSE 17[:ru]\u041e\u0411\u0420\u0410\u0422\u041d\u0410\u042f \u0422\u041e\u0420\u0413\u041e\u0412\u0410\u042f \u041c\u0418\u0421\u0421\u0418\u042f 2017[:] - Karibian Descanso","isPartOf":{"@id":"https:\/\/karibiandescanso.com\/#website"},"primaryImageOfPage":{"@id":"https:\/\/karibiandescanso.com\/fr\/mision-comercial-inversa-del-mueble-yecla\/#primaryimage"},"image":{"@id":"https:\/\/karibiandescanso.com\/fr\/mision-comercial-inversa-del-mueble-yecla\/#primaryimage"},"thumbnailUrl":"https:\/\/karibiandescanso.com\/wp-content\/uploads\/2017\/10\/Blog-Misi\u00f3n-Comercial-Inversa-del-Mueble-de-Yecla.png","datePublished":"2017-10-31T11:11:05+00:00","dateModified":"2019-03-11T07:13:36+00:00","author":{"@id":"https:\/\/karibiandescanso.com\/#\/schema\/person\/23be63b9b19bd8da8980c8eecdd69d30"},"breadcrumb":{"@id":"https:\/\/karibiandescanso.com\/fr\/mision-comercial-inversa-del-mueble-yecla\/#breadcrumb"},"inLanguage":"fr-FR","potentialAction":[{"@type":"ReadAction","target":["https:\/\/karibiandescanso.com\/fr\/mision-comercial-inversa-del-mueble-yecla\/"]}]},{"@type":"ImageObject","inLanguage":"fr-FR","@id":"https:\/\/karibiandescanso.com\/fr\/mision-comercial-inversa-del-mueble-yecla\/#primaryimage","url":"https:\/\/karibiandescanso.com\/wp-content\/uploads\/2017\/10\/Blog-Misi\u00f3n-Comercial-Inversa-del-Mueble-de-Yecla.png","contentUrl":"https:\/\/karibiandescanso.com\/wp-content\/uploads\/2017\/10\/Blog-Misi\u00f3n-Comercial-Inversa-del-Mueble-de-Yecla.png","width":800,"height":441},{"@type":"BreadcrumbList","@id":"https:\/\/karibiandescanso.com\/fr\/mision-comercial-inversa-del-mueble-yecla\/#breadcrumb","itemListElement":[{"@type":"ListItem","position":1,"name":"Portada","item":"https:\/\/karibiandescanso.com\/"},{"@type":"ListItem","position":2,"name":"MISSION COMMERCIALE INVERSE 17"}]},{"@type":"WebSite","@id":"https:\/\/karibiandescanso.com\/#website","url":"https:\/\/karibiandescanso.com\/","name":"Karibian Descanso","description":"O\u00f9 est le repos","potentialAction":[{"@type":"SearchAction","target":{"@type":"EntryPoint","urlTemplate":"https:\/\/karibiandescanso.com\/?s={search_term_string}"},"query-input":{"@type":"PropertyValueSpecification","valueRequired":true,"valueName":"search_term_string"}}],"inLanguage":"fr-FR"},{"@type":"Person","@id":"https:\/\/karibiandescanso.com\/#\/schema\/person\/23be63b9b19bd8da8980c8eecdd69d30","name":"Karibian Descanso","image":{"@type":"ImageObject","inLanguage":"fr-FR","@id":"https:\/\/karibiandescanso.com\/#\/schema\/person\/image\/","url":"https:\/\/secure.gravatar.com\/avatar\/2f55039d31e0c8cf55d2c2b6e3bb49113343c35fd46d6d11806620d3c9641ba7?s=96&d=mm&r=g","contentUrl":"https:\/\/secure.gravatar.com\/avatar\/2f55039d31e0c8cf55d2c2b6e3bb49113343c35fd46d6d11806620d3c9641ba7?s=96&d=mm&r=g","caption":"Karibian Descanso"},"url":"https:\/\/karibiandescanso.com\/fr\/author\/karibian-descanso\/"}]}},"_links":{"self":[{"href":"https:\/\/karibiandescanso.com\/fr\/wp-json\/wp\/v2\/posts\/1040","targetHints":{"allow":["GET"]}}],"collection":[{"href":"https:\/\/karibiandescanso.com\/fr\/wp-json\/wp\/v2\/posts"}],"about":[{"href":"https:\/\/karibiandescanso.com\/fr\/wp-json\/wp\/v2\/types\/post"}],"author":[{"embeddable":true,"href":"https:\/\/karibiandescanso.com\/fr\/wp-json\/wp\/v2\/users\/2"}],"replies":[{"embeddable":true,"href":"https:\/\/karibiandescanso.com\/fr\/wp-json\/wp\/v2\/comments?post=1040"}],"version-history":[{"count":0,"href":"https:\/\/karibiandescanso.com\/fr\/wp-json\/wp\/v2\/posts\/1040\/revisions"}],"wp:featuredmedia":[{"embeddable":true,"href":"https:\/\/karibiandescanso.com\/fr\/wp-json\/wp\/v2\/media\/1055"}],"wp:attachment":[{"href":"https:\/\/karibiandescanso.com\/fr\/wp-json\/wp\/v2\/media?parent=1040"}],"wp:term":[{"taxonomy":"category","embeddable":true,"href":"https:\/\/karibiandescanso.com\/fr\/wp-json\/wp\/v2\/categories?post=1040"},{"taxonomy":"post_tag","embeddable":true,"href":"https:\/\/karibiandescanso.com\/fr\/wp-json\/wp\/v2\/tags?post=1040"}],"curies":[{"name":"wp","href":"https:\/\/api.w.org\/{rel}","templated":true}]}}