{"id":10612,"date":"2022-09-27T12:02:12","date_gmt":"2022-09-27T10:02:12","guid":{"rendered":"https:\/\/www.karibiandescanso.com\/?p=10612"},"modified":"2024-07-18T08:50:30","modified_gmt":"2024-07-18T06:50:30","slug":"feria-habitat-valencia","status":"publish","type":"post","link":"https:\/\/karibiandescanso.com\/fr\/feria-habitat-valencia\/","title":{"rendered":"56E F\u00c9RIA D&#8217;HABITAT VALENCE"},"content":{"rendered":"<p>[vc_row css_animation=&#8221;&#8221; row_type=&#8221;row&#8221; use_row_as_full_screen_section=&#8221;no&#8221; type=&#8221;full_width&#8221; angled_section=&#8221;no&#8221; text_align=&#8221;left&#8221; background_image_as_pattern=&#8221;without_pattern&#8221;][vc_column][vc_column_text]<\/p>\n<p>[\/vc_column_text][\/vc_column][\/vc_row][vc_row css_animation=&#8221;&#8221; row_type=&#8221;row&#8221; use_row_as_full_screen_section=&#8221;no&#8221; type=&#8221;full_width&#8221; angled_section=&#8221;no&#8221; text_align=&#8221;left&#8221; background_image_as_pattern=&#8221;without_pattern&#8221;][vc_column][vc_column_text]<\/p>\n<p style=\"text-align: justify;\">Du 20 au 23 septembre,\u00a0<strong><a href=\"https:\/\/www.karibiandescanso.com\">Karibian Descanso<\/a><\/strong> a expos\u00e9 ses nouveaut\u00e9s \u00e0 la 56e \u00e9dition de la <strong><a href=\"https:\/\/www.feriahabitatvalencia.com\">Foire H\u00e1bitat \u00e0 Valencia<\/a><\/strong> Foire de l&#8217;Habitat \u00e0 Valence. Le rendez-vous phare de l&#8217;Habitat &#8216;Made in Spain&#8217; est revenu ce mois de septembre, avec un grand appel international.<\/p>\n<p style=\"text-align: justify;\">Pendant ces jours, Valence est devenue le centre de la cr\u00e9ativit\u00e9, des tendances et du style avec l&#8217;un des \u00e9v\u00e9nements les plus importants de l&#8217;industrie. Sans aucun doute, cette \u00e9dition d&#8217;Habitat a \u00e9t\u00e9 l&#8217;une des plus attendues.<\/p>\n<p style=\"text-align: justify;\">De Karibian, nous \u00e9tions pr\u00e9sents \u00e0 ce concours o\u00f9 nous avons pr\u00e9sent\u00e9 de nouvelles propositions modernes et innovantes, sans perdre notre essence pour cr\u00e9er des mod\u00e8les de confort incroyables.<\/p>\n<p>[\/vc_column_text][vc_empty_space height=&#8221;10px&#8221;][vc_single_image image=&#8221;10627&#8243; img_size=&#8221;full&#8221; qode_css_animation=&#8221;&#8221;][vc_column_text]<\/p>\n<p style=\"text-align: justify;\">Les mod\u00e8les de repos Karibian les plus r\u00e9cents ont \u00e9t\u00e9 pr\u00e9sent\u00e9s dans un stand attrayant et confortable, ainsi que des <a href=\"https:\/\/koalabeds.net\">Koala Beds<\/a>. La firme a une fois de plus surpris tous les participants, avec une s\u00e9lection de mod\u00e8les de confort, qui \u00e9largissent l&#8217;offre de son catalogue. Matelas fabriqu\u00e9s et con\u00e7us dans des limites strictes de fabrication et de durabilit\u00e9, pour offrir qualit\u00e9 et repos aux clients les plus exigeants.<\/p>\n<p style=\"text-align: justify;\">Le stand E27 a exclusivement rassembl\u00e9 diff\u00e9rentes nouveaut\u00e9s qui couvrent les derni\u00e8res tendances du secteur du repos\u00a0; pariant toujours sur le design, de nouvelles lignes de produits et un concept plus ouvert et innovant. A cette occasion, nous pr\u00e9sentons pour la premi\u00e8re fois de nouveaux mod\u00e8les de repos, issus de la r\u00e9cente Collection Eco-Nature.<\/p>\n<p style=\"text-align: justify;\">De m\u00eame, ce concours a co\u00efncid\u00e9 avec la c\u00e9l\u00e9bration de &#8220;<strong>WORLD DESIGN CAPITAL VALENCIA 2022<\/strong>&#8220;. La ville f\u00eate en beaut\u00e9 son ann\u00e9e Capitale Mondiale du Design 2022. En ce sens, Habitat a \u00e9t\u00e9 l&#8217;un des axes de la programmation.<\/p>\n<p>[\/vc_column_text][\/vc_column][\/vc_row][vc_row css_animation=&#8221;&#8221; row_type=&#8221;row&#8221; use_row_as_full_screen_section=&#8221;no&#8221; type=&#8221;full_width&#8221; angled_section=&#8221;no&#8221; text_align=&#8221;left&#8221; background_image_as_pattern=&#8221;without_pattern&#8221;][vc_column][vc_empty_space][\/vc_column][\/vc_row][vc_row css_animation=&#8221;&#8221; row_type=&#8221;row&#8221; use_row_as_full_screen_section=&#8221;no&#8221; type=&#8221;full_width&#8221; angled_section=&#8221;no&#8221; text_align=&#8221;left&#8221; background_image_as_pattern=&#8221;without_pattern&#8221; css=&#8221;.vc_custom_1664543923268{padding-right: 0px !important;padding-left: 0px !important;}&#8221; z_index=&#8221;&#8221;][vc_column width=&#8221;1\/2&#8243;][vc_video link=&#8221;https:\/\/www.youtube.com\/watch?v=GHpqgcnlXtQ&#8221;][\/vc_column][vc_column width=&#8221;1\/2&#8243;][vc_empty_space height=&#8221;60px&#8221;][vc_column_text css=&#8221;.vc_custom_1683877253782{padding-right: 0px !important;padding-left: 0px !important;}&#8221;]<\/p>\n<h3 style=\"text-align: center;\">Cette nouvelle \u00e9dition a \u00e9t\u00e9 le cadre id\u00e9al pour pr\u00e9senter les nouvelles collections de repos, toutes fabriqu\u00e9es sous la qualit\u00e9 et le design qui nous repr\u00e9sentent.<\/h3>\n<p>[\/vc_column_text][vc_empty_space height=&#8221;30px&#8221;][\/vc_column][\/vc_row][vc_row css_animation=&#8221;&#8221; row_type=&#8221;row&#8221; use_row_as_full_screen_section=&#8221;no&#8221; type=&#8221;full_width&#8221; angled_section=&#8221;no&#8221; text_align=&#8221;left&#8221; background_image_as_pattern=&#8221;without_pattern&#8221;][vc_column][vc_empty_space height=&#8221;40px&#8221;][vc_column_text]<\/p>\n<p style=\"text-align: justify;\"><strong>Karibian Descanso<\/strong>, tient \u00e0 remercier chacun des professionnels qui nous ont rendu visite : clients, professionnels du secteur, designers&#8230; En plus de f\u00e9liciter toute l&#8217;organisation de la Foire H\u00e1bitat Valencia, pour le succ\u00e8s obtenu dans les diff\u00e9rents \u00e9v\u00e9nements auxquels ils ont assist\u00e9 et les encourageant \u00e0 continuer \u00e0 travailler sur la prochaine \u00e9dition de 2023.<\/p>\n<p>Merci beaucoup et \u00e0 bient\u00f4t ![\/vc_column_text][\/vc_column][\/vc_row]<\/p>","protected":false},"excerpt":{"rendered":"<p>Du 20 au 23 septembre,\u00a0Karibian Descanso a expos\u00e9 ses nouveaut\u00e9s \u00e0 la 56e \u00e9dition de la Foire H\u00e1bitat \u00e0 Valencia Foire de l&#8217;Habitat \u00e0 Valence. Le rendez-vous phare de l&#8217;Habitat &#8216;Made in Spain&#8217; est revenu ce mois de septembre, avec un grand appel international.<\/p>\n","protected":false},"author":2,"featured_media":10620,"comment_status":"open","ping_status":"open","sticky":false,"template":"","format":"standard","meta":{"footnotes":""},"categories":[10,164],"tags":[167,168,242,246,247,248,249,25,80,91,97,100,161],"class_list":["post-10612","post","type-post","status-publish","format-standard","has-post-thumbnail","hentry","category-noticias","category-ferias","tag-spain-furniture","tag-spain-interiors","tag-feria-mueble","tag-habitat","tag-valencia","tag-habitat2022","tag-wdc2022","tag-karibian-descanso","tag-colchon","tag-mattress","tag-europe","tag-furniture","tag-mueble-de-espana"],"yoast_head":"<!-- This site is optimized with the Yoast SEO plugin v27.0 - https:\/\/yoast.com\/product\/yoast-seo-wordpress\/ -->\n<title>56E F\u00c9RIA D&#039;HABITAT VALENCE - Karibian Descanso<\/title>\n<meta name=\"robots\" content=\"index, follow, max-snippet:-1, max-image-preview:large, max-video-preview:-1\" \/>\n<link rel=\"canonical\" href=\"https:\/\/karibiandescanso.com\/feria-habitat-valencia\/\" \/>\n<meta property=\"og:locale\" content=\"fr_FR\" \/>\n<meta property=\"og:type\" content=\"article\" \/>\n<meta property=\"og:title\" content=\"[:es]56 FERIA HABITAT VALENCIA[:en]56TH HABITAT FURNITURE VALENCIA[:fr]56E F\u00c9RIA D&#039;HABITAT VALENCE[:ru]56 \u0421\u041f\u0420\u0410\u0412\u0415\u0414\u041b\u0418\u0412\u042b\u0419 HABITAT VALENCIA[:pl]56 TARGI HABITAT WALENCJA[:] - Karibian Descanso\" \/>\n<meta property=\"og:description\" content=\"[:es]Del 20 al 23 de Septiembre,\u00a0Karibian Descanso\u00a0expuso sus novedades en la 56 Edici\u00f3n de la Feria H\u00e1bitat de Valencia. La cita l\u00edder del H\u00e1bitat \u2018Made in Spain\u2019 regres\u00f3 este mes de Septiembre[:en]From September 20 to 23, Karibian Descanso exhibited its novelties at the 56th Edition of the Habitat Fair in Valencia. The leading appointment of the Habitat &#039;Made in Spain&#039; returned this month of September[:fr]Du 20 au 23 septembre,\u00a0Karibian Descanso a expos\u00e9 ses nouveaut\u00e9s \u00e0 la 56e \u00e9dition de la Foire H\u00e1bitat \u00e0 Valencia Foire de l&#039;Habitat \u00e0 Valence. Le rendez-vous phare de l&#039;Habitat &#039;Made in Spain&#039; est revenu ce mois de septembre, avec un grand appel international.[:ru]\u0421 20 \u043f\u043e 23 \u0441\u0435\u043d\u0442\u044f\u0431\u0440\u044f \u043a\u043e\u043c\u043f\u0430\u043d\u0438\u044f Karibian Descanso \u043f\u0440\u0435\u0434\u0441\u0442\u0430\u0432\u0438\u043b\u0430 \u0441\u0432\u043e\u0438 \u043d\u043e\u0432\u0438\u043d\u043a\u0438 \u043d\u0430 56-\u0439 \u0432\u044b\u0441\u0442\u0430\u0432\u043a\u0435 H\u00e1bitat Fair \u0432 \u0412\u0430\u043b\u0435\u043d\u0441\u0438\u0438. \u0412 \u0441\u0435\u043d\u0442\u044f\u0431\u0440\u0435 \u044d\u0442\u043e\u0433\u043e \u0433\u043e\u0434\u0430 \u0441\u043d\u043e\u0432\u0430 \u0441\u043e\u0441\u0442\u043e\u044f\u043b\u043e\u0441\u044c \u0432\u0435\u0434\u0443\u0449\u0435\u0435 \u043c\u0435\u0440\u043e\u043f\u0440\u0438\u044f\u0442\u0438\u0435 Habitat \u00ab\u0421\u0434\u0435\u043b\u0430\u043d\u043e \u0432 \u0418\u0441\u043f\u0430\u043d\u0438\u0438\u00bb \u0441 \u0431\u043e\u043b\u044c\u0448\u0438\u043c \u043c\u0435\u0436\u0434\u0443\u043d\u0430\u0440\u043e\u0434\u043d\u044b\u043c \u043f\u0440\u0438\u0437\u044b\u0432\u043e\u043c.[:pl]W dniach 20-23 wrze\u015bnia Karibian Descanso wystawia\u0142 swoje nowo\u015bci na 56. Edycji Targ\u00f3w Habitat w Walencji. Wiod\u0105ce wydarzenie Habitatu \u201eMade in Spain\u201d powr\u00f3ci\u0142o we wrze\u015bniu tego roku[:]\" \/>\n<meta property=\"og:url\" content=\"https:\/\/karibiandescanso.com\/feria-habitat-valencia\/\" \/>\n<meta property=\"og:site_name\" content=\"Karibian Descanso\" \/>\n<meta property=\"article:published_time\" content=\"2022-09-27T10:02:12+00:00\" \/>\n<meta property=\"article:modified_time\" content=\"2024-07-18T06:50:30+00:00\" \/>\n<meta property=\"og:image\" content=\"https:\/\/karibiandescanso.com\/wp-content\/uploads\/2022\/09\/habitat-portada.jpg\" \/>\n\t<meta property=\"og:image:width\" content=\"2024\" \/>\n\t<meta property=\"og:image:height\" content=\"1146\" \/>\n\t<meta property=\"og:image:type\" content=\"image\/jpeg\" \/>\n<meta name=\"author\" content=\"Karibian Descanso\" \/>\n<meta name=\"twitter:card\" content=\"summary_large_image\" \/>\n<meta name=\"twitter:label1\" content=\"\u00c9crit par\" \/>\n\t<meta name=\"twitter:data1\" content=\"Karibian Descanso\" \/>\n\t<meta name=\"twitter:label2\" content=\"Dur\u00e9e de lecture estim\u00e9e\" \/>\n\t<meta name=\"twitter:data2\" content=\"3 minutes\" \/>\n<script type=\"application\/ld+json\" class=\"yoast-schema-graph\">{\"@context\":\"https:\/\/schema.org\",\"@graph\":[{\"@type\":\"Article\",\"@id\":\"https:\/\/karibiandescanso.com\/feria-habitat-valencia\/#article\",\"isPartOf\":{\"@id\":\"https:\/\/karibiandescanso.com\/feria-habitat-valencia\/\"},\"author\":{\"name\":\"Karibian Descanso\",\"@id\":\"https:\/\/karibiandescanso.com\/#\/schema\/person\/23be63b9b19bd8da8980c8eecdd69d30\"},\"headline\":\"56E F\u00c9RIA D&#8217;HABITAT VALENCE\",\"datePublished\":\"2022-09-27T10:02:12+00:00\",\"dateModified\":\"2024-07-18T06:50:30+00:00\",\"mainEntityOfPage\":{\"@id\":\"https:\/\/karibiandescanso.com\/feria-habitat-valencia\/\"},\"wordCount\":3127,\"commentCount\":0,\"image\":{\"@id\":\"https:\/\/karibiandescanso.com\/feria-habitat-valencia\/#primaryimage\"},\"thumbnailUrl\":\"https:\/\/karibiandescanso.com\/wp-content\/uploads\/2022\/09\/habitat-portada.jpg\",\"keywords\":[\"Spain Furniture\",\"Spain Interiors\",\"Feria Mueble\",\"Habitat\",\"Valencia\",\"Habitat2022\",\"WDC2022\",\"karibian descanso\",\"Colchon\",\"Mattress\",\"Europe\",\"Furniture\",\"Mueble de Espa\u00f1a\"],\"articleSection\":[\"actualit\u00e9s\",\"Ferias\"],\"inLanguage\":\"fr-FR\",\"potentialAction\":[{\"@type\":\"CommentAction\",\"name\":\"Comment\",\"target\":[\"https:\/\/karibiandescanso.com\/feria-habitat-valencia\/#respond\"]}]},{\"@type\":\"WebPage\",\"@id\":\"https:\/\/karibiandescanso.com\/feria-habitat-valencia\/\",\"url\":\"https:\/\/karibiandescanso.com\/feria-habitat-valencia\/\",\"name\":\"[:es]56 FERIA HABITAT VALENCIA[:en]56TH HABITAT FURNITURE VALENCIA[:fr]56E F\u00c9RIA D'HABITAT VALENCE[:ru]56 \u0421\u041f\u0420\u0410\u0412\u0415\u0414\u041b\u0418\u0412\u042b\u0419 HABITAT VALENCIA[:pl]56 TARGI HABITAT WALENCJA[:] - Karibian Descanso\",\"isPartOf\":{\"@id\":\"https:\/\/karibiandescanso.com\/#website\"},\"primaryImageOfPage\":{\"@id\":\"https:\/\/karibiandescanso.com\/feria-habitat-valencia\/#primaryimage\"},\"image\":{\"@id\":\"https:\/\/karibiandescanso.com\/feria-habitat-valencia\/#primaryimage\"},\"thumbnailUrl\":\"https:\/\/karibiandescanso.com\/wp-content\/uploads\/2022\/09\/habitat-portada.jpg\",\"datePublished\":\"2022-09-27T10:02:12+00:00\",\"dateModified\":\"2024-07-18T06:50:30+00:00\",\"author\":{\"@id\":\"https:\/\/karibiandescanso.com\/#\/schema\/person\/23be63b9b19bd8da8980c8eecdd69d30\"},\"breadcrumb\":{\"@id\":\"https:\/\/karibiandescanso.com\/feria-habitat-valencia\/#breadcrumb\"},\"inLanguage\":\"fr-FR\",\"potentialAction\":[{\"@type\":\"ReadAction\",\"target\":[\"https:\/\/karibiandescanso.com\/feria-habitat-valencia\/\"]}]},{\"@type\":\"ImageObject\",\"inLanguage\":\"fr-FR\",\"@id\":\"https:\/\/karibiandescanso.com\/feria-habitat-valencia\/#primaryimage\",\"url\":\"https:\/\/karibiandescanso.com\/wp-content\/uploads\/2022\/09\/habitat-portada.jpg\",\"contentUrl\":\"https:\/\/karibiandescanso.com\/wp-content\/uploads\/2022\/09\/habitat-portada.jpg\",\"width\":2024,\"height\":1146},{\"@type\":\"BreadcrumbList\",\"@id\":\"https:\/\/karibiandescanso.com\/feria-habitat-valencia\/#breadcrumb\",\"itemListElement\":[{\"@type\":\"ListItem\",\"position\":1,\"name\":\"Portada\",\"item\":\"https:\/\/karibiandescanso.com\/\"},{\"@type\":\"ListItem\",\"position\":2,\"name\":\"56 FERIA HABITAT VALENCIA\"}]},{\"@type\":\"WebSite\",\"@id\":\"https:\/\/karibiandescanso.com\/#website\",\"url\":\"https:\/\/karibiandescanso.com\/\",\"name\":\"Karibian Descanso\",\"description\":\"O\u00f9 est le repos\",\"potentialAction\":[{\"@type\":\"SearchAction\",\"target\":{\"@type\":\"EntryPoint\",\"urlTemplate\":\"https:\/\/karibiandescanso.com\/?s={search_term_string}\"},\"query-input\":{\"@type\":\"PropertyValueSpecification\",\"valueRequired\":true,\"valueName\":\"search_term_string\"}}],\"inLanguage\":\"fr-FR\"},{\"@type\":\"Person\",\"@id\":\"https:\/\/karibiandescanso.com\/#\/schema\/person\/23be63b9b19bd8da8980c8eecdd69d30\",\"name\":\"Karibian Descanso\",\"image\":{\"@type\":\"ImageObject\",\"inLanguage\":\"fr-FR\",\"@id\":\"https:\/\/karibiandescanso.com\/#\/schema\/person\/image\/\",\"url\":\"https:\/\/secure.gravatar.com\/avatar\/2f55039d31e0c8cf55d2c2b6e3bb49113343c35fd46d6d11806620d3c9641ba7?s=96&d=mm&r=g\",\"contentUrl\":\"https:\/\/secure.gravatar.com\/avatar\/2f55039d31e0c8cf55d2c2b6e3bb49113343c35fd46d6d11806620d3c9641ba7?s=96&d=mm&r=g\",\"caption\":\"Karibian Descanso\"},\"url\":\"https:\/\/karibiandescanso.com\/fr\/author\/karibian-descanso\/\"}]}<\/script>\n<!-- \/ Yoast SEO plugin. -->","yoast_head_json":{"title":"[:es]56 FERIA HABITAT VALENCIA[:en]56TH HABITAT FURNITURE VALENCIA[:fr]56E F\u00c9RIA D'HABITAT VALENCE[:ru]56 \u0421\u041f\u0420\u0410\u0412\u0415\u0414\u041b\u0418\u0412\u042b\u0419 HABITAT VALENCIA[:pl]56 TARGI HABITAT WALENCJA[:] - Karibian Descanso","robots":{"index":"index","follow":"follow","max-snippet":"max-snippet:-1","max-image-preview":"max-image-preview:large","max-video-preview":"max-video-preview:-1"},"canonical":"https:\/\/karibiandescanso.com\/feria-habitat-valencia\/","og_locale":"fr_FR","og_type":"article","og_title":"[:es]56 FERIA HABITAT VALENCIA[:en]56TH HABITAT FURNITURE VALENCIA[:fr]56E F\u00c9RIA D'HABITAT VALENCE[:ru]56 \u0421\u041f\u0420\u0410\u0412\u0415\u0414\u041b\u0418\u0412\u042b\u0419 HABITAT VALENCIA[:pl]56 TARGI HABITAT WALENCJA[:] - Karibian Descanso","og_description":"[:es]Del 20 al 23 de Septiembre,\u00a0Karibian Descanso\u00a0expuso sus novedades en la 56 Edici\u00f3n de la Feria H\u00e1bitat de Valencia. La cita l\u00edder del H\u00e1bitat \u2018Made in Spain\u2019 regres\u00f3 este mes de Septiembre[:en]From September 20 to 23, Karibian Descanso exhibited its novelties at the 56th Edition of the Habitat Fair in Valencia. The leading appointment of the Habitat 'Made in Spain' returned this month of September[:fr]Du 20 au 23 septembre,\u00a0Karibian Descanso a expos\u00e9 ses nouveaut\u00e9s \u00e0 la 56e \u00e9dition de la Foire H\u00e1bitat \u00e0 Valencia Foire de l'Habitat \u00e0 Valence. Le rendez-vous phare de l'Habitat 'Made in Spain' est revenu ce mois de septembre, avec un grand appel international.[:ru]\u0421 20 \u043f\u043e 23 \u0441\u0435\u043d\u0442\u044f\u0431\u0440\u044f \u043a\u043e\u043c\u043f\u0430\u043d\u0438\u044f Karibian Descanso \u043f\u0440\u0435\u0434\u0441\u0442\u0430\u0432\u0438\u043b\u0430 \u0441\u0432\u043e\u0438 \u043d\u043e\u0432\u0438\u043d\u043a\u0438 \u043d\u0430 56-\u0439 \u0432\u044b\u0441\u0442\u0430\u0432\u043a\u0435 H\u00e1bitat Fair \u0432 \u0412\u0430\u043b\u0435\u043d\u0441\u0438\u0438. \u0412 \u0441\u0435\u043d\u0442\u044f\u0431\u0440\u0435 \u044d\u0442\u043e\u0433\u043e \u0433\u043e\u0434\u0430 \u0441\u043d\u043e\u0432\u0430 \u0441\u043e\u0441\u0442\u043e\u044f\u043b\u043e\u0441\u044c \u0432\u0435\u0434\u0443\u0449\u0435\u0435 \u043c\u0435\u0440\u043e\u043f\u0440\u0438\u044f\u0442\u0438\u0435 Habitat \u00ab\u0421\u0434\u0435\u043b\u0430\u043d\u043e \u0432 \u0418\u0441\u043f\u0430\u043d\u0438\u0438\u00bb \u0441 \u0431\u043e\u043b\u044c\u0448\u0438\u043c \u043c\u0435\u0436\u0434\u0443\u043d\u0430\u0440\u043e\u0434\u043d\u044b\u043c \u043f\u0440\u0438\u0437\u044b\u0432\u043e\u043c.[:pl]W dniach 20-23 wrze\u015bnia Karibian Descanso wystawia\u0142 swoje nowo\u015bci na 56. Edycji Targ\u00f3w Habitat w Walencji. Wiod\u0105ce wydarzenie Habitatu \u201eMade in Spain\u201d powr\u00f3ci\u0142o we wrze\u015bniu tego roku[:]","og_url":"https:\/\/karibiandescanso.com\/feria-habitat-valencia\/","og_site_name":"Karibian Descanso","article_published_time":"2022-09-27T10:02:12+00:00","article_modified_time":"2024-07-18T06:50:30+00:00","og_image":[{"width":2024,"height":1146,"url":"https:\/\/karibiandescanso.com\/wp-content\/uploads\/2022\/09\/habitat-portada.jpg","type":"image\/jpeg"}],"author":"Karibian Descanso","twitter_card":"summary_large_image","twitter_misc":{"\u00c9crit par":"Karibian Descanso","Dur\u00e9e de lecture estim\u00e9e":"3 minutes"},"schema":{"@context":"https:\/\/schema.org","@graph":[{"@type":"Article","@id":"https:\/\/karibiandescanso.com\/feria-habitat-valencia\/#article","isPartOf":{"@id":"https:\/\/karibiandescanso.com\/feria-habitat-valencia\/"},"author":{"name":"Karibian Descanso","@id":"https:\/\/karibiandescanso.com\/#\/schema\/person\/23be63b9b19bd8da8980c8eecdd69d30"},"headline":"56E F\u00c9RIA D&#8217;HABITAT VALENCE","datePublished":"2022-09-27T10:02:12+00:00","dateModified":"2024-07-18T06:50:30+00:00","mainEntityOfPage":{"@id":"https:\/\/karibiandescanso.com\/feria-habitat-valencia\/"},"wordCount":3127,"commentCount":0,"image":{"@id":"https:\/\/karibiandescanso.com\/feria-habitat-valencia\/#primaryimage"},"thumbnailUrl":"https:\/\/karibiandescanso.com\/wp-content\/uploads\/2022\/09\/habitat-portada.jpg","keywords":["Spain Furniture","Spain Interiors","Feria Mueble","Habitat","Valencia","Habitat2022","WDC2022","karibian descanso","Colchon","Mattress","Europe","Furniture","Mueble de Espa\u00f1a"],"articleSection":["actualit\u00e9s","Ferias"],"inLanguage":"fr-FR","potentialAction":[{"@type":"CommentAction","name":"Comment","target":["https:\/\/karibiandescanso.com\/feria-habitat-valencia\/#respond"]}]},{"@type":"WebPage","@id":"https:\/\/karibiandescanso.com\/feria-habitat-valencia\/","url":"https:\/\/karibiandescanso.com\/feria-habitat-valencia\/","name":"[:es]56 FERIA HABITAT VALENCIA[:en]56TH HABITAT FURNITURE VALENCIA[:fr]56E F\u00c9RIA D'HABITAT VALENCE[:ru]56 \u0421\u041f\u0420\u0410\u0412\u0415\u0414\u041b\u0418\u0412\u042b\u0419 HABITAT VALENCIA[:pl]56 TARGI HABITAT WALENCJA[:] - Karibian Descanso","isPartOf":{"@id":"https:\/\/karibiandescanso.com\/#website"},"primaryImageOfPage":{"@id":"https:\/\/karibiandescanso.com\/feria-habitat-valencia\/#primaryimage"},"image":{"@id":"https:\/\/karibiandescanso.com\/feria-habitat-valencia\/#primaryimage"},"thumbnailUrl":"https:\/\/karibiandescanso.com\/wp-content\/uploads\/2022\/09\/habitat-portada.jpg","datePublished":"2022-09-27T10:02:12+00:00","dateModified":"2024-07-18T06:50:30+00:00","author":{"@id":"https:\/\/karibiandescanso.com\/#\/schema\/person\/23be63b9b19bd8da8980c8eecdd69d30"},"breadcrumb":{"@id":"https:\/\/karibiandescanso.com\/feria-habitat-valencia\/#breadcrumb"},"inLanguage":"fr-FR","potentialAction":[{"@type":"ReadAction","target":["https:\/\/karibiandescanso.com\/feria-habitat-valencia\/"]}]},{"@type":"ImageObject","inLanguage":"fr-FR","@id":"https:\/\/karibiandescanso.com\/feria-habitat-valencia\/#primaryimage","url":"https:\/\/karibiandescanso.com\/wp-content\/uploads\/2022\/09\/habitat-portada.jpg","contentUrl":"https:\/\/karibiandescanso.com\/wp-content\/uploads\/2022\/09\/habitat-portada.jpg","width":2024,"height":1146},{"@type":"BreadcrumbList","@id":"https:\/\/karibiandescanso.com\/feria-habitat-valencia\/#breadcrumb","itemListElement":[{"@type":"ListItem","position":1,"name":"Portada","item":"https:\/\/karibiandescanso.com\/"},{"@type":"ListItem","position":2,"name":"56 FERIA HABITAT VALENCIA"}]},{"@type":"WebSite","@id":"https:\/\/karibiandescanso.com\/#website","url":"https:\/\/karibiandescanso.com\/","name":"Karibian Descanso","description":"O\u00f9 est le repos","potentialAction":[{"@type":"SearchAction","target":{"@type":"EntryPoint","urlTemplate":"https:\/\/karibiandescanso.com\/?s={search_term_string}"},"query-input":{"@type":"PropertyValueSpecification","valueRequired":true,"valueName":"search_term_string"}}],"inLanguage":"fr-FR"},{"@type":"Person","@id":"https:\/\/karibiandescanso.com\/#\/schema\/person\/23be63b9b19bd8da8980c8eecdd69d30","name":"Karibian Descanso","image":{"@type":"ImageObject","inLanguage":"fr-FR","@id":"https:\/\/karibiandescanso.com\/#\/schema\/person\/image\/","url":"https:\/\/secure.gravatar.com\/avatar\/2f55039d31e0c8cf55d2c2b6e3bb49113343c35fd46d6d11806620d3c9641ba7?s=96&d=mm&r=g","contentUrl":"https:\/\/secure.gravatar.com\/avatar\/2f55039d31e0c8cf55d2c2b6e3bb49113343c35fd46d6d11806620d3c9641ba7?s=96&d=mm&r=g","caption":"Karibian Descanso"},"url":"https:\/\/karibiandescanso.com\/fr\/author\/karibian-descanso\/"}]}},"_links":{"self":[{"href":"https:\/\/karibiandescanso.com\/fr\/wp-json\/wp\/v2\/posts\/10612","targetHints":{"allow":["GET"]}}],"collection":[{"href":"https:\/\/karibiandescanso.com\/fr\/wp-json\/wp\/v2\/posts"}],"about":[{"href":"https:\/\/karibiandescanso.com\/fr\/wp-json\/wp\/v2\/types\/post"}],"author":[{"embeddable":true,"href":"https:\/\/karibiandescanso.com\/fr\/wp-json\/wp\/v2\/users\/2"}],"replies":[{"embeddable":true,"href":"https:\/\/karibiandescanso.com\/fr\/wp-json\/wp\/v2\/comments?post=10612"}],"version-history":[{"count":0,"href":"https:\/\/karibiandescanso.com\/fr\/wp-json\/wp\/v2\/posts\/10612\/revisions"}],"wp:featuredmedia":[{"embeddable":true,"href":"https:\/\/karibiandescanso.com\/fr\/wp-json\/wp\/v2\/media\/10620"}],"wp:attachment":[{"href":"https:\/\/karibiandescanso.com\/fr\/wp-json\/wp\/v2\/media?parent=10612"}],"wp:term":[{"taxonomy":"category","embeddable":true,"href":"https:\/\/karibiandescanso.com\/fr\/wp-json\/wp\/v2\/categories?post=10612"},{"taxonomy":"post_tag","embeddable":true,"href":"https:\/\/karibiandescanso.com\/fr\/wp-json\/wp\/v2\/tags?post=10612"}],"curies":[{"name":"wp","href":"https:\/\/api.w.org\/{rel}","templated":true}]}}