{"id":11575,"date":"2023-04-25T13:02:45","date_gmt":"2023-04-25T11:02:45","guid":{"rendered":"https:\/\/www.karibiandescanso.com\/?p=11575"},"modified":"2024-07-19T08:37:47","modified_gmt":"2024-07-19T06:37:47","slug":"61-salone-del-mobile-milano","status":"publish","type":"post","link":"https:\/\/karibiandescanso.com\/fr\/61-salone-del-mobile-milano\/","title":{"rendered":"61 SALONE DEL MOBILE MILANO"},"content":{"rendered":"<p>[vc_row css_animation=&#8221;&#8221; row_type=&#8221;row&#8221; use_row_as_full_screen_section=&#8221;no&#8221; type=&#8221;full_width&#8221; angled_section=&#8221;no&#8221; text_align=&#8221;left&#8221; background_image_as_pattern=&#8221;without_pattern&#8221;][vc_column][vc_column_text]<\/p>\n<p style=\"text-align: justify;\">La semaine derni\u00e8re, <a href=\"https:\/\/www.karibiandescanso.com\">Karibian Descanso<\/a> a particip\u00e9 au 61 <a href=\"https:\/\/www.salonemilano.it\/en\">Salone del Mobile.Milano,<\/a> qui s&#8217;est tenu du <strong>18 au 23 avril<\/strong> \u00e0 Milan (Italie). Ce concours international a \u00e9t\u00e9 le point de rencontre entre les plus grands fabricants et designers du monde.<\/p>\n<p style=\"text-align: justify;\">Le Salone del Mobile de Milan est le salon le plus important du secteur du meuble. Cette nouvelle \u00e9dition massive a compt\u00e9 2 000 exposants et 15 % de visiteurs en plus, en enregistrant un total de 307 000. Cet \u00e9v\u00e9nement a \u00e9t\u00e9 un succ\u00e8s international et a d\u00e9pass\u00e9 les attentes.<\/p>\n<p>[\/vc_column_text][vc_empty_space][vc_single_image image=&#8221;11580&#8243; img_size=&#8221;full&#8221; alignment=&#8221;center&#8221; qode_css_animation=&#8221;&#8221; css=&#8221;.vc_custom_1682418097338{margin-bottom: 80px !important;}&#8221;][vc_column_text]Le Salone del Mobile de Milan est pour Karibian un \u00e9v\u00e9nement incontournable.<\/p>\n<p style=\"text-align: justify;\">Le stand Karibian \u00e9tait le cadre id\u00e9al pour pr\u00e9senter les derniers lancements de l&#8217;entreprise au march\u00e9 italien, ainsi qu&#8217;\u00e0 tous les professionnels. La marque a une fois de plus d\u00e9montr\u00e9 son caract\u00e8re innovant, renouvelant son engagement et son engagement envers tous les visiteurs.<\/p>\n<p style=\"text-align: justify;\">Les mod\u00e8les de repos les plus actuels et innovants de Karibian ont \u00e9t\u00e9 expos\u00e9s dans un stand attrayant et accueillant, ainsi que des <a href=\"https:\/\/koalabeds.net\">Koala Beds.<\/a>\u00a0Une s\u00e9lection exclusive d&#8217;articles de confort y \u00e9tait pr\u00e9sent\u00e9e pour la premi\u00e8re fois.<\/p>\n<p>[\/vc_column_text][\/vc_column][\/vc_row][vc_row row_type=&#8221;expandable&#8221; text_align=&#8221;center&#8221; button_position=&#8221;center&#8221; more_button_label=&#8221;D\u00e9couvrez notre Stand B06\/B08 (Hall 24)&#8221; less_button_label=&#8221;Contraer&#8221; hover_color=&#8221;#a5a5a5&#8243; css=&#8221;.vc_custom_1582651899453{margin-top: 80px !important;}&#8221;][vc_column width=&#8221;1\/2&#8243;][vc_single_image image=&#8221;11593&#8243; img_size=&#8221;full&#8221; qode_css_animation=&#8221;&#8221;][vc_empty_space][vc_single_image image=&#8221;11591&#8243; img_size=&#8221;full&#8221; qode_css_animation=&#8221;&#8221;][\/vc_column][vc_column width=&#8221;1\/2&#8243;][vc_single_image image=&#8221;11592&#8243; img_size=&#8221;full&#8221; qode_css_animation=&#8221;&#8221;][vc_empty_space][vc_single_image image=&#8221;11590&#8243; img_size=&#8221;full&#8221; qode_css_animation=&#8221;&#8221;][\/vc_column][\/vc_row][vc_row css_animation=&#8221;&#8221; row_type=&#8221;row&#8221; use_row_as_full_screen_section=&#8221;no&#8221; type=&#8221;full_width&#8221; angled_section=&#8221;no&#8221; text_align=&#8221;left&#8221; background_image_as_pattern=&#8221;without_pattern&#8221;][vc_column][vc_empty_space][\/vc_column][\/vc_row][vc_row css_animation=&#8221;&#8221; row_type=&#8221;row&#8221; use_row_as_full_screen_section=&#8221;no&#8221; type=&#8221;full_width&#8221; angled_section=&#8221;no&#8221; text_align=&#8221;left&#8221; background_image_as_pattern=&#8221;without_pattern&#8221;][vc_column][vc_empty_space][vc_column_text]<\/p>\n<h3 style=\"text-align: center;\">Do you speak design?<\/h3>\n<p>[\/vc_column_text][vc_empty_space height=&#8221;60px&#8221;][\/vc_column][\/vc_row][vc_row css_animation=&#8221;&#8221; row_type=&#8221;row&#8221; use_row_as_full_screen_section=&#8221;no&#8221; type=&#8221;full_width&#8221; angled_section=&#8221;no&#8221; text_align=&#8221;left&#8221; background_image_as_pattern=&#8221;without_pattern&#8221; css=&#8221;.vc_custom_1609225272285{padding-right: 75px !important;padding-left: 75px !important;}&#8221; z_index=&#8221;&#8221;][vc_column width=&#8221;1\/2&#8243;][vc_single_image image=&#8221;11587&#8243; img_size=&#8221;full&#8221; alignment=&#8221;center&#8221; qode_css_animation=&#8221;&#8221; css=&#8221;.vc_custom_1682422211143{padding-left: 0px !important;}&#8221;][vc_empty_space height=&#8221;30px&#8221;][\/vc_column][vc_column width=&#8221;1\/2&#8243;][vc_empty_space height=&#8221;295px&#8221;][vc_separator css_animation=&#8221;top-to-bottom&#8221; type=&#8221;normal&#8221;][vc_empty_space height=&#8221;30px&#8221;][vc_column_text css=&#8221;.vc_custom_1683875867959{padding-right: 0px !important;padding-left: 0px !important;}&#8221;]<\/p>\n<h3 style=\"text-align: center;\">Cette nouvelle \u00e9dition a \u00e9t\u00e9 le cadre id\u00e9al pour pr\u00e9senter les nouvelles collections de repos, toutes fabriqu\u00e9es sous la qualit\u00e9 et le design qui nous repr\u00e9sentent.<\/h3>\n<p>[\/vc_column_text][vc_empty_space height=&#8221;30px&#8221;][vc_separator css_animation=&#8221;top-to-bottom&#8221; type=&#8221;normal&#8221;][vc_empty_space height=&#8221;30px&#8221;][\/vc_column][\/vc_row][vc_row css_animation=&#8221;&#8221; row_type=&#8221;row&#8221; use_row_as_full_screen_section=&#8221;no&#8221; type=&#8221;full_width&#8221; angled_section=&#8221;no&#8221; text_align=&#8221;left&#8221; background_image_as_pattern=&#8221;without_pattern&#8221; css=&#8221;.vc_custom_1609225272285{padding-right: 75px !important;padding-left: 75px !important;}&#8221; z_index=&#8221;&#8221;][vc_column width=&#8221;1\/2&#8243;][vc_empty_space height=&#8221;275px&#8221;][vc_separator css_animation=&#8221;top-to-bottom&#8221; type=&#8221;normal&#8221;][vc_empty_space height=&#8221;40px&#8221;][vc_column_text css=&#8221;.vc_custom_1683875886199{padding-right: 0px !important;padding-left: 0px !important;}&#8221;]<\/p>\n<h3 style=\"text-align: center;\">Parier toujours sur le design et la qualit\u00e9 et agir sur le bien-\u00eatre des personnes, comme pr\u00e9misse fondamentale dans chacun des mod\u00e8les de confort pr\u00e9sent\u00e9s.<\/h3>\n<p>[\/vc_column_text][vc_empty_space height=&#8221;30px&#8221;][vc_separator css_animation=&#8221;top-to-bottom&#8221; type=&#8221;normal&#8221;][\/vc_column][vc_column width=&#8221;1\/2&#8243;][vc_single_image image=&#8221;11588&#8243; img_size=&#8221;full&#8221; alignment=&#8221;center&#8221; qode_css_animation=&#8221;&#8221; css=&#8221;.vc_custom_1682422191558{padding-left: 0px !important;}&#8221;][vc_empty_space height=&#8221;30px&#8221;][\/vc_column][\/vc_row][vc_row css_animation=&#8221;&#8221; row_type=&#8221;row&#8221; use_row_as_full_screen_section=&#8221;no&#8221; type=&#8221;full_width&#8221; angled_section=&#8221;no&#8221; text_align=&#8221;left&#8221; background_image_as_pattern=&#8221;without_pattern&#8221;][vc_column][vc_empty_space height=&#8221;40px&#8221;][vc_column_text]<\/p>\n<p style=\"text-align: justify;\">Au cours de ces journ\u00e9es au Salone del Mobile, nous avons re\u00e7u des clients et des professionnels du monde entier. Karibian tient \u00e0 remercier chacun d&#8217;entre eux pour leur visite. En plus de f\u00e9liciter l&#8217;organisation du Salone del Mobile, pour le succ\u00e8s obtenu dans les \u00e9v\u00e9nements organis\u00e9s.<\/p>\n<p>Merci beaucoup de nous avoir rendu visite ![\/vc_column_text][\/vc_column][\/vc_row][vc_row css_animation=&#8221;&#8221; row_type=&#8221;row&#8221; use_row_as_full_screen_section=&#8221;no&#8221; type=&#8221;full_width&#8221; angled_section=&#8221;no&#8221; text_align=&#8221;left&#8221; background_image_as_pattern=&#8221;without_pattern&#8221;][vc_column][vc_empty_space height=&#8221;20px&#8221;]<a  itemprop=\"url\" href=\"https:\/\/www.youtube.com\/watch?v=FMNSLtMTquo\" target=\"_self\"  class=\"qbutton  default\" style=\"\">Regarder la vid\u00e9o<\/a>[\/vc_column][\/vc_row]<\/p>","protected":false},"excerpt":{"rendered":"<p>Karibian Rest J&#8217;ai particip\u00e9 au 60e Salone del Mobile de Milan, qui se tient du 7 au 12 juin \u00e0 Milan (Italie). Les mod\u00e8les de literie les plus actuels et innovants de Karibian ont \u00e9t\u00e9 pr\u00e9sent\u00e9s dans un stand attractif et accueillant, aux c\u00f4t\u00e9s des lits Koala.<\/p>\n","protected":false},"author":2,"featured_media":11584,"comment_status":"open","ping_status":"open","sticky":false,"template":"","format":"standard","meta":{"footnotes":""},"categories":[10,164],"tags":[25,80,91,97,100,161,167,168,239,240,241,242],"class_list":["post-11575","post","type-post","status-publish","format-standard","has-post-thumbnail","hentry","category-noticias","category-ferias","tag-karibian-descanso","tag-colchon","tag-mattress","tag-europe","tag-furniture","tag-mueble-de-espana","tag-spain-furniture","tag-spain-interiors","tag-italy","tag-isaloni","tag-salone-mobile-milano","tag-feria-mueble"],"yoast_head":"<!-- This site is optimized with the Yoast SEO plugin v27.0 - https:\/\/yoast.com\/product\/yoast-seo-wordpress\/ -->\n<title>61 SALONE DEL MOBILE MILANO - Karibian Descanso<\/title>\n<meta name=\"robots\" content=\"index, follow, max-snippet:-1, max-image-preview:large, max-video-preview:-1\" \/>\n<link rel=\"canonical\" href=\"https:\/\/karibiandescanso.com\/en\/61-salone-del-mobile-milano\/\" \/>\n<meta property=\"og:locale\" content=\"fr_FR\" \/>\n<meta property=\"og:type\" content=\"article\" \/>\n<meta property=\"og:title\" content=\"[:es]61 SALONE DEL MOBILE MILANO[:en]61 SALONE DEL MOBILE MILANO[:fr]61 SALONE DEL MOBILE MILANO[:ru]61 SALONE MOBILE MILANO[:pl]61 SALONE DEL MOBILE MILANO[:] - Karibian Descanso\" \/>\n<meta property=\"og:description\" content=\"[:es]Karibian Descanso particip\u00f3 en el 61\u00ba Salone del Mobile de Milano, que tuvo lugar del 18 al 23 de abril en Mil\u00e1n (Italia). Los modelos m\u00e1s innovadores de la firma, fueron presentados a todos los visitantes.[:en]Last week, Karibian Descanso took part in the 60th Salone del Mobile Milano, held from 7 to 12 June in Milan, Italy. After a two-year hiatus, this international exhibition opened its doors again as a meeting point for the world&#039;s leading manufacturers, brands and professionals.[:fr]Karibian Rest J&#039;ai particip\u00e9 au 60e Salone del Mobile de Milan, qui se tient du 7 au 12 juin \u00e0 Milan (Italie). Les mod\u00e8les de literie les plus actuels et innovants de Karibian ont \u00e9t\u00e9 pr\u00e9sent\u00e9s dans un stand attractif et accueillant, aux c\u00f4t\u00e9s des lits Koala.[:ru]\u041d\u0430 \u043f\u0440\u043e\u0448\u043b\u043e\u0439 \u043d\u0435\u0434\u0435\u043b\u0435 Karibian Descanso \u043f\u0440\u0438\u043d\u044f\u043b\u0430 \u0443\u0447\u0430\u0441\u0442\u0438\u0435 \u0432 61 Salone del Mobile.Milano, \u043a\u043e\u0442\u043e\u0440\u044b\u0439 \u043f\u0440\u043e\u0445\u043e\u0434\u0438\u043b \u0441 18 \u043f\u043e 23 \u0430\u043f\u0440\u0435\u043b\u044f \u0432 \u041c\u0438\u043b\u0430\u043d\u0435 (\u0418\u0442\u0430\u043b\u0438\u044f). \u042d\u0442\u043e\u0442 \u043c\u0435\u0436\u0434\u0443\u043d\u0430\u0440\u043e\u0434\u043d\u044b\u0439 \u043a\u043e\u043d\u043a\u0443\u0440\u0441 \u0441\u0442\u0430\u043b \u043c\u0435\u0441\u0442\u043e\u043c[:pl]Karibian Descanso wzi\u0105\u0142 udzia\u0142 w 61. Salone del Mobile de Milano, kt\u00f3ry odby\u0142 si\u0119 w dniach 18-23 kwietnia w Mediolanie (W\u0142ochy). Wszystkim uczestnikom zaprezentowano najbardziej innowacyjne modele firmy.[:]\" \/>\n<meta property=\"og:url\" content=\"https:\/\/karibiandescanso.com\/en\/61-salone-del-mobile-milano\/\" \/>\n<meta property=\"og:site_name\" content=\"Karibian Descanso\" \/>\n<meta property=\"article:published_time\" content=\"2023-04-25T11:02:45+00:00\" \/>\n<meta property=\"article:modified_time\" content=\"2024-07-19T06:37:47+00:00\" \/>\n<meta property=\"og:image\" content=\"https:\/\/karibiandescanso.com\/wp-content\/uploads\/2023\/04\/ISALONI-PORTADA.jpg\" \/>\n\t<meta property=\"og:image:width\" content=\"2024\" \/>\n\t<meta property=\"og:image:height\" content=\"1146\" \/>\n\t<meta property=\"og:image:type\" content=\"image\/jpeg\" \/>\n<meta name=\"author\" content=\"Karibian Descanso\" \/>\n<meta name=\"twitter:card\" content=\"summary_large_image\" \/>\n<meta name=\"twitter:label1\" content=\"\u00c9crit par\" \/>\n\t<meta name=\"twitter:data1\" content=\"Karibian Descanso\" \/>\n\t<meta name=\"twitter:label2\" content=\"Dur\u00e9e de lecture estim\u00e9e\" \/>\n\t<meta name=\"twitter:data2\" content=\"3 minutes\" \/>\n<script type=\"application\/ld+json\" class=\"yoast-schema-graph\">{\"@context\":\"https:\/\/schema.org\",\"@graph\":[{\"@type\":\"Article\",\"@id\":\"https:\/\/karibiandescanso.com\/en\/61-salone-del-mobile-milano\/#article\",\"isPartOf\":{\"@id\":\"https:\/\/karibiandescanso.com\/en\/61-salone-del-mobile-milano\/\"},\"author\":{\"name\":\"Karibian Descanso\",\"@id\":\"https:\/\/karibiandescanso.com\/#\/schema\/person\/23be63b9b19bd8da8980c8eecdd69d30\"},\"headline\":\"61 SALONE DEL MOBILE MILANO\",\"datePublished\":\"2023-04-25T11:02:45+00:00\",\"dateModified\":\"2024-07-19T06:37:47+00:00\",\"mainEntityOfPage\":{\"@id\":\"https:\/\/karibiandescanso.com\/en\/61-salone-del-mobile-milano\/\"},\"wordCount\":4422,\"commentCount\":0,\"image\":{\"@id\":\"https:\/\/karibiandescanso.com\/en\/61-salone-del-mobile-milano\/#primaryimage\"},\"thumbnailUrl\":\"https:\/\/karibiandescanso.com\/wp-content\/uploads\/2023\/04\/ISALONI-PORTADA.jpg\",\"keywords\":[\"karibian descanso\",\"Colchon\",\"Mattress\",\"Europe\",\"Furniture\",\"Mueble de Espa\u00f1a\",\"Spain Furniture\",\"Spain Interiors\",\"Italy\",\"ISaloni\",\"Salone Mobile Milano\",\"Feria Mueble\"],\"articleSection\":[\"actualit\u00e9s\",\"Ferias\"],\"inLanguage\":\"fr-FR\",\"potentialAction\":[{\"@type\":\"CommentAction\",\"name\":\"Comment\",\"target\":[\"https:\/\/karibiandescanso.com\/en\/61-salone-del-mobile-milano\/#respond\"]}]},{\"@type\":\"WebPage\",\"@id\":\"https:\/\/karibiandescanso.com\/en\/61-salone-del-mobile-milano\/\",\"url\":\"https:\/\/karibiandescanso.com\/en\/61-salone-del-mobile-milano\/\",\"name\":\"[:es]61 SALONE DEL MOBILE MILANO[:en]61 SALONE DEL MOBILE MILANO[:fr]61 SALONE DEL MOBILE MILANO[:ru]61 SALONE MOBILE MILANO[:pl]61 SALONE DEL MOBILE MILANO[:] - Karibian Descanso\",\"isPartOf\":{\"@id\":\"https:\/\/karibiandescanso.com\/#website\"},\"primaryImageOfPage\":{\"@id\":\"https:\/\/karibiandescanso.com\/en\/61-salone-del-mobile-milano\/#primaryimage\"},\"image\":{\"@id\":\"https:\/\/karibiandescanso.com\/en\/61-salone-del-mobile-milano\/#primaryimage\"},\"thumbnailUrl\":\"https:\/\/karibiandescanso.com\/wp-content\/uploads\/2023\/04\/ISALONI-PORTADA.jpg\",\"datePublished\":\"2023-04-25T11:02:45+00:00\",\"dateModified\":\"2024-07-19T06:37:47+00:00\",\"author\":{\"@id\":\"https:\/\/karibiandescanso.com\/#\/schema\/person\/23be63b9b19bd8da8980c8eecdd69d30\"},\"breadcrumb\":{\"@id\":\"https:\/\/karibiandescanso.com\/en\/61-salone-del-mobile-milano\/#breadcrumb\"},\"inLanguage\":\"fr-FR\",\"potentialAction\":[{\"@type\":\"ReadAction\",\"target\":[\"https:\/\/karibiandescanso.com\/en\/61-salone-del-mobile-milano\/\"]}]},{\"@type\":\"ImageObject\",\"inLanguage\":\"fr-FR\",\"@id\":\"https:\/\/karibiandescanso.com\/en\/61-salone-del-mobile-milano\/#primaryimage\",\"url\":\"https:\/\/karibiandescanso.com\/wp-content\/uploads\/2023\/04\/ISALONI-PORTADA.jpg\",\"contentUrl\":\"https:\/\/karibiandescanso.com\/wp-content\/uploads\/2023\/04\/ISALONI-PORTADA.jpg\",\"width\":2024,\"height\":1146},{\"@type\":\"BreadcrumbList\",\"@id\":\"https:\/\/karibiandescanso.com\/en\/61-salone-del-mobile-milano\/#breadcrumb\",\"itemListElement\":[{\"@type\":\"ListItem\",\"position\":1,\"name\":\"Portada\",\"item\":\"https:\/\/karibiandescanso.com\/\"},{\"@type\":\"ListItem\",\"position\":2,\"name\":\"61 SALONE DEL MOBILE MILANO\"}]},{\"@type\":\"WebSite\",\"@id\":\"https:\/\/karibiandescanso.com\/#website\",\"url\":\"https:\/\/karibiandescanso.com\/\",\"name\":\"Karibian Descanso\",\"description\":\"O\u00f9 est le repos\",\"potentialAction\":[{\"@type\":\"SearchAction\",\"target\":{\"@type\":\"EntryPoint\",\"urlTemplate\":\"https:\/\/karibiandescanso.com\/?s={search_term_string}\"},\"query-input\":{\"@type\":\"PropertyValueSpecification\",\"valueRequired\":true,\"valueName\":\"search_term_string\"}}],\"inLanguage\":\"fr-FR\"},{\"@type\":\"Person\",\"@id\":\"https:\/\/karibiandescanso.com\/#\/schema\/person\/23be63b9b19bd8da8980c8eecdd69d30\",\"name\":\"Karibian Descanso\",\"image\":{\"@type\":\"ImageObject\",\"inLanguage\":\"fr-FR\",\"@id\":\"https:\/\/karibiandescanso.com\/#\/schema\/person\/image\/\",\"url\":\"https:\/\/secure.gravatar.com\/avatar\/2f55039d31e0c8cf55d2c2b6e3bb49113343c35fd46d6d11806620d3c9641ba7?s=96&d=mm&r=g\",\"contentUrl\":\"https:\/\/secure.gravatar.com\/avatar\/2f55039d31e0c8cf55d2c2b6e3bb49113343c35fd46d6d11806620d3c9641ba7?s=96&d=mm&r=g\",\"caption\":\"Karibian Descanso\"},\"url\":\"https:\/\/karibiandescanso.com\/fr\/author\/karibian-descanso\/\"}]}<\/script>\n<!-- \/ Yoast SEO plugin. -->","yoast_head_json":{"title":"[:es]61 SALONE DEL MOBILE MILANO[:en]61 SALONE DEL MOBILE MILANO[:fr]61 SALONE DEL MOBILE MILANO[:ru]61 SALONE MOBILE MILANO[:pl]61 SALONE DEL MOBILE MILANO[:] - Karibian Descanso","robots":{"index":"index","follow":"follow","max-snippet":"max-snippet:-1","max-image-preview":"max-image-preview:large","max-video-preview":"max-video-preview:-1"},"canonical":"https:\/\/karibiandescanso.com\/en\/61-salone-del-mobile-milano\/","og_locale":"fr_FR","og_type":"article","og_title":"[:es]61 SALONE DEL MOBILE MILANO[:en]61 SALONE DEL MOBILE MILANO[:fr]61 SALONE DEL MOBILE MILANO[:ru]61 SALONE MOBILE MILANO[:pl]61 SALONE DEL MOBILE MILANO[:] - Karibian Descanso","og_description":"[:es]Karibian Descanso particip\u00f3 en el 61\u00ba Salone del Mobile de Milano, que tuvo lugar del 18 al 23 de abril en Mil\u00e1n (Italia). Los modelos m\u00e1s innovadores de la firma, fueron presentados a todos los visitantes.[:en]Last week, Karibian Descanso took part in the 60th Salone del Mobile Milano, held from 7 to 12 June in Milan, Italy. After a two-year hiatus, this international exhibition opened its doors again as a meeting point for the world's leading manufacturers, brands and professionals.[:fr]Karibian Rest J'ai particip\u00e9 au 60e Salone del Mobile de Milan, qui se tient du 7 au 12 juin \u00e0 Milan (Italie). Les mod\u00e8les de literie les plus actuels et innovants de Karibian ont \u00e9t\u00e9 pr\u00e9sent\u00e9s dans un stand attractif et accueillant, aux c\u00f4t\u00e9s des lits Koala.[:ru]\u041d\u0430 \u043f\u0440\u043e\u0448\u043b\u043e\u0439 \u043d\u0435\u0434\u0435\u043b\u0435 Karibian Descanso \u043f\u0440\u0438\u043d\u044f\u043b\u0430 \u0443\u0447\u0430\u0441\u0442\u0438\u0435 \u0432 61 Salone del Mobile.Milano, \u043a\u043e\u0442\u043e\u0440\u044b\u0439 \u043f\u0440\u043e\u0445\u043e\u0434\u0438\u043b \u0441 18 \u043f\u043e 23 \u0430\u043f\u0440\u0435\u043b\u044f \u0432 \u041c\u0438\u043b\u0430\u043d\u0435 (\u0418\u0442\u0430\u043b\u0438\u044f). \u042d\u0442\u043e\u0442 \u043c\u0435\u0436\u0434\u0443\u043d\u0430\u0440\u043e\u0434\u043d\u044b\u0439 \u043a\u043e\u043d\u043a\u0443\u0440\u0441 \u0441\u0442\u0430\u043b \u043c\u0435\u0441\u0442\u043e\u043c[:pl]Karibian Descanso wzi\u0105\u0142 udzia\u0142 w 61. Salone del Mobile de Milano, kt\u00f3ry odby\u0142 si\u0119 w dniach 18-23 kwietnia w Mediolanie (W\u0142ochy). Wszystkim uczestnikom zaprezentowano najbardziej innowacyjne modele firmy.[:]","og_url":"https:\/\/karibiandescanso.com\/en\/61-salone-del-mobile-milano\/","og_site_name":"Karibian Descanso","article_published_time":"2023-04-25T11:02:45+00:00","article_modified_time":"2024-07-19T06:37:47+00:00","og_image":[{"width":2024,"height":1146,"url":"https:\/\/karibiandescanso.com\/wp-content\/uploads\/2023\/04\/ISALONI-PORTADA.jpg","type":"image\/jpeg"}],"author":"Karibian Descanso","twitter_card":"summary_large_image","twitter_misc":{"\u00c9crit par":"Karibian Descanso","Dur\u00e9e de lecture estim\u00e9e":"3 minutes"},"schema":{"@context":"https:\/\/schema.org","@graph":[{"@type":"Article","@id":"https:\/\/karibiandescanso.com\/en\/61-salone-del-mobile-milano\/#article","isPartOf":{"@id":"https:\/\/karibiandescanso.com\/en\/61-salone-del-mobile-milano\/"},"author":{"name":"Karibian Descanso","@id":"https:\/\/karibiandescanso.com\/#\/schema\/person\/23be63b9b19bd8da8980c8eecdd69d30"},"headline":"61 SALONE DEL MOBILE MILANO","datePublished":"2023-04-25T11:02:45+00:00","dateModified":"2024-07-19T06:37:47+00:00","mainEntityOfPage":{"@id":"https:\/\/karibiandescanso.com\/en\/61-salone-del-mobile-milano\/"},"wordCount":4422,"commentCount":0,"image":{"@id":"https:\/\/karibiandescanso.com\/en\/61-salone-del-mobile-milano\/#primaryimage"},"thumbnailUrl":"https:\/\/karibiandescanso.com\/wp-content\/uploads\/2023\/04\/ISALONI-PORTADA.jpg","keywords":["karibian descanso","Colchon","Mattress","Europe","Furniture","Mueble de Espa\u00f1a","Spain Furniture","Spain Interiors","Italy","ISaloni","Salone Mobile Milano","Feria Mueble"],"articleSection":["actualit\u00e9s","Ferias"],"inLanguage":"fr-FR","potentialAction":[{"@type":"CommentAction","name":"Comment","target":["https:\/\/karibiandescanso.com\/en\/61-salone-del-mobile-milano\/#respond"]}]},{"@type":"WebPage","@id":"https:\/\/karibiandescanso.com\/en\/61-salone-del-mobile-milano\/","url":"https:\/\/karibiandescanso.com\/en\/61-salone-del-mobile-milano\/","name":"[:es]61 SALONE DEL MOBILE MILANO[:en]61 SALONE DEL MOBILE MILANO[:fr]61 SALONE DEL MOBILE MILANO[:ru]61 SALONE MOBILE MILANO[:pl]61 SALONE DEL MOBILE MILANO[:] - Karibian Descanso","isPartOf":{"@id":"https:\/\/karibiandescanso.com\/#website"},"primaryImageOfPage":{"@id":"https:\/\/karibiandescanso.com\/en\/61-salone-del-mobile-milano\/#primaryimage"},"image":{"@id":"https:\/\/karibiandescanso.com\/en\/61-salone-del-mobile-milano\/#primaryimage"},"thumbnailUrl":"https:\/\/karibiandescanso.com\/wp-content\/uploads\/2023\/04\/ISALONI-PORTADA.jpg","datePublished":"2023-04-25T11:02:45+00:00","dateModified":"2024-07-19T06:37:47+00:00","author":{"@id":"https:\/\/karibiandescanso.com\/#\/schema\/person\/23be63b9b19bd8da8980c8eecdd69d30"},"breadcrumb":{"@id":"https:\/\/karibiandescanso.com\/en\/61-salone-del-mobile-milano\/#breadcrumb"},"inLanguage":"fr-FR","potentialAction":[{"@type":"ReadAction","target":["https:\/\/karibiandescanso.com\/en\/61-salone-del-mobile-milano\/"]}]},{"@type":"ImageObject","inLanguage":"fr-FR","@id":"https:\/\/karibiandescanso.com\/en\/61-salone-del-mobile-milano\/#primaryimage","url":"https:\/\/karibiandescanso.com\/wp-content\/uploads\/2023\/04\/ISALONI-PORTADA.jpg","contentUrl":"https:\/\/karibiandescanso.com\/wp-content\/uploads\/2023\/04\/ISALONI-PORTADA.jpg","width":2024,"height":1146},{"@type":"BreadcrumbList","@id":"https:\/\/karibiandescanso.com\/en\/61-salone-del-mobile-milano\/#breadcrumb","itemListElement":[{"@type":"ListItem","position":1,"name":"Portada","item":"https:\/\/karibiandescanso.com\/"},{"@type":"ListItem","position":2,"name":"61 SALONE DEL MOBILE MILANO"}]},{"@type":"WebSite","@id":"https:\/\/karibiandescanso.com\/#website","url":"https:\/\/karibiandescanso.com\/","name":"Karibian Descanso","description":"O\u00f9 est le repos","potentialAction":[{"@type":"SearchAction","target":{"@type":"EntryPoint","urlTemplate":"https:\/\/karibiandescanso.com\/?s={search_term_string}"},"query-input":{"@type":"PropertyValueSpecification","valueRequired":true,"valueName":"search_term_string"}}],"inLanguage":"fr-FR"},{"@type":"Person","@id":"https:\/\/karibiandescanso.com\/#\/schema\/person\/23be63b9b19bd8da8980c8eecdd69d30","name":"Karibian Descanso","image":{"@type":"ImageObject","inLanguage":"fr-FR","@id":"https:\/\/karibiandescanso.com\/#\/schema\/person\/image\/","url":"https:\/\/secure.gravatar.com\/avatar\/2f55039d31e0c8cf55d2c2b6e3bb49113343c35fd46d6d11806620d3c9641ba7?s=96&d=mm&r=g","contentUrl":"https:\/\/secure.gravatar.com\/avatar\/2f55039d31e0c8cf55d2c2b6e3bb49113343c35fd46d6d11806620d3c9641ba7?s=96&d=mm&r=g","caption":"Karibian Descanso"},"url":"https:\/\/karibiandescanso.com\/fr\/author\/karibian-descanso\/"}]}},"_links":{"self":[{"href":"https:\/\/karibiandescanso.com\/fr\/wp-json\/wp\/v2\/posts\/11575","targetHints":{"allow":["GET"]}}],"collection":[{"href":"https:\/\/karibiandescanso.com\/fr\/wp-json\/wp\/v2\/posts"}],"about":[{"href":"https:\/\/karibiandescanso.com\/fr\/wp-json\/wp\/v2\/types\/post"}],"author":[{"embeddable":true,"href":"https:\/\/karibiandescanso.com\/fr\/wp-json\/wp\/v2\/users\/2"}],"replies":[{"embeddable":true,"href":"https:\/\/karibiandescanso.com\/fr\/wp-json\/wp\/v2\/comments?post=11575"}],"version-history":[{"count":0,"href":"https:\/\/karibiandescanso.com\/fr\/wp-json\/wp\/v2\/posts\/11575\/revisions"}],"wp:featuredmedia":[{"embeddable":true,"href":"https:\/\/karibiandescanso.com\/fr\/wp-json\/wp\/v2\/media\/11584"}],"wp:attachment":[{"href":"https:\/\/karibiandescanso.com\/fr\/wp-json\/wp\/v2\/media?parent=11575"}],"wp:term":[{"taxonomy":"category","embeddable":true,"href":"https:\/\/karibiandescanso.com\/fr\/wp-json\/wp\/v2\/categories?post=11575"},{"taxonomy":"post_tag","embeddable":true,"href":"https:\/\/karibiandescanso.com\/fr\/wp-json\/wp\/v2\/tags?post=11575"}],"curies":[{"name":"wp","href":"https:\/\/api.w.org\/{rel}","templated":true}]}}