{"id":1179,"date":"2017-12-27T16:18:36","date_gmt":"2017-12-27T15:18:36","guid":{"rendered":"https:\/\/www.karibiandescanso.com\/?p=1179"},"modified":"2019-03-11T08:16:19","modified_gmt":"2019-03-11T07:16:19","slug":"espritmeuble-paris-2017","status":"publish","type":"post","link":"https:\/\/karibiandescanso.com\/fr\/espritmeuble-paris-2017\/","title":{"rendered":"ESPRITMEUBLE PARIS 2017"},"content":{"rendered":"<p><\/p>\n<h5><img loading=\"lazy\" decoding=\"async\" class=\"size-full wp-image-1182 aligncenter\" src=\"https:\/\/www.karibiandescanso.com\/wp-content\/uploads\/2017\/12\/spirit-meuble1.png\" alt=\"\" width=\"279\" height=\"85\" \/><\/h5>\n<p style=\"text-align: justify;\">Dans notre effort constant de croissance et ouverture de fronti\u00e8res, nous avons \u00e9t\u00e9 pr\u00e9sentes au salon Espritmeuble Paris 2017, du 02 au 05 D\u00e9cembre 2017. Un lieu de rencontre pour professionnelles du monde du meuble et du repos au niveau europ\u00e9enne, o\u00f9 nous avons pr\u00e9sent\u00e9 au march\u00e9 fran\u00e7ais un choix de nos produits.<\/p>\n<p style=\"text-align: justify;\">Le salon Espritmeuble se place dans le parc d\u00b4expositions plus grand d\u2019Europe, lequel poss\u00e8de des installations qui accueillent chaque ann\u00e9e plus de 7,5 millions de visiteurs et 200 \u00e9v\u00e9nements annuels. Gr\u00e2ce \u00e0 ceci, la bonne communication en transport public, l\u00b4attention pour les petits d\u00e9tails et la grandeur de la ville de Paris donnent comme r\u00e9sultat le salon plus impressionnant que nous avons visit\u00e9. Cette ann\u00e9e il y avait 10.781 visiteurs professionnels et plus de 300 marques. Pour tout \u00e7a, nous voulons remercier \u00e0 l\u00b4organisation de l\u00b4\u00e9v\u00e9nement le travail bien fait et l\u00b4aide pr\u00eat\u00e9.<\/p>\n<p>Nous vous montrons ici quelques photos du salon, nous esp\u00e9rons que vous les aimez.<\/p>\n<p><img loading=\"lazy\" decoding=\"async\" class=\"alignleft size-full wp-image-1248\" src=\"https:\/\/www.karibiandescanso.com\/wp-content\/uploads\/2017\/12\/Blog-2.png\" alt=\"\" width=\"1181\" height=\"293\" srcset=\"https:\/\/karibiandescanso.com\/wp-content\/uploads\/2017\/12\/Blog-2.png 1181w, https:\/\/karibiandescanso.com\/wp-content\/uploads\/2017\/12\/Blog-2-300x74.png 300w, https:\/\/karibiandescanso.com\/wp-content\/uploads\/2017\/12\/Blog-2-1024x254.png 1024w\" sizes=\"auto, (max-width: 1181px) 100vw, 1181px\" \/><\/p>\n<p style=\"text-align: justify;\"><img loading=\"lazy\" decoding=\"async\" class=\"alignright wp-image-1200\" src=\"https:\/\/www.karibiandescanso.com\/wp-content\/uploads\/2017\/12\/Blog-3.png\" alt=\"\" width=\"438\" height=\"273\" srcset=\"https:\/\/karibiandescanso.com\/wp-content\/uploads\/2017\/12\/Blog-3.png 1732w, https:\/\/karibiandescanso.com\/wp-content\/uploads\/2017\/12\/Blog-3-300x187.png 300w, https:\/\/karibiandescanso.com\/wp-content\/uploads\/2017\/12\/Blog-3-1024x637.png 1024w\" sizes=\"auto, (max-width: 438px) 100vw, 438px\" \/>Nous avons pr\u00e9sent\u00e9 au march\u00e9 fran\u00e7ais une gamme de produits et dessines exclusifs, en utilisant les derni\u00e8res tendances et mat\u00e9riaux du march\u00e9, dans une collection cr\u00e9\u00e9e principalement, pour couvrir les besoins de nos clients.<\/p>\n<p style=\"text-align: justify;\">Nous avons fait un effort exceptionnel pour \u00eatre pr\u00e9sentes au salon Espritmeuble 2017, notre stand Karibian Descanso partag\u00e9 avec l\u00b4entreprise Nosolopatas \u00e9tait nouveau et spectaculaire, pour intensifier la qualit\u00e9 et design de nos produits.<\/p>\n<p style=\"text-align: justify;\">Le march\u00e9 fran\u00e7ais est pour nous un important d\u00e9fi, mais nous sommes convaincus que nos produits sont adapt\u00e9s aux besoins et exigences des clients de notre pays voisin.<\/p>\n<p style=\"text-align: justify;\">Apr\u00e8s le retour, nous pouvons dire que le salon a \u00e9t\u00e9 tr\u00e8s fructueux gr\u00e2ce \u00e0 la quantit\u00e9 des visites que nous ont permis obtenir nouveaux clients et partenariats.<\/p>\n<h5><\/h5>\n<h5>VOULEZ VOUS SAVOIR UN PEU PLUS?<\/h5>\n<p><a  itemprop=\"url\" href=\"https:\/\/www.karibiandescanso.com\/documentos\/Libro-Feria-Press-Kit-Final-br.pdf\" target=\"_self\"  class=\"qbutton  default\" style=\"\">T\u00c9L\u00c9CHARGEZ NOTRE DOSSIER EN PDF<\/a><img loading=\"lazy\" decoding=\"async\" class=\"wp-image-1226 alignleft\" src=\"https:\/\/www.karibiandescanso.com\/wp-content\/uploads\/2017\/12\/2017-12-21_18-54-46.jpg\" alt=\"\" width=\"340\" height=\"491\" \/><\/p>\n<p>&nbsp;<\/p>\n<p>&nbsp;<\/p>\n<p>&nbsp;<\/p>\n<p>&nbsp;<\/p>\n<p>&nbsp;<\/p>\n<p>&nbsp;<\/p>\n<p>&nbsp;<\/p>\n<p>&nbsp;<\/p>\n<p>&nbsp;<\/p>\n<p>&nbsp;<\/p>\n<p>De part de toute l\u00b4\u00e9quipe Karibian Descanso, nous voudrions remercier \u00e0 tous nos clients, agents commerciaux et amis, la visite \u00e0 notre stand et le temps d\u00e9di\u00e9.<\/p>\n<p><iframe loading=\"lazy\" src=\"https:\/\/www.youtube.com\/embed\/hCevNz-EoGc\" width=\"854\" height=\"480\" frameborder=\"0\" allowfullscreen=\"allowfullscreen\"><\/iframe><\/p>","protected":false},"excerpt":{"rendered":"<p>Dans notre effort constant de croissance et ouverture de fronti\u00e8res, nous avons \u00e9t\u00e9 pr\u00e9sentes au salon Espritmeuble Paris 2017, du 02 au 05 D\u00e9cembre 2017. Un lieu de rencontre pour professionnelles du monde du meuble&#8230;<\/p>\n","protected":false},"author":2,"featured_media":1258,"comment_status":"open","ping_status":"open","sticky":false,"template":"","format":"standard","meta":{"footnotes":""},"categories":[10],"tags":[23,24,25,85,87],"class_list":["post-1179","post","type-post","status-publish","format-standard","has-post-thumbnail","hentry","category-noticias","tag-feria-del-mueble","tag-24","tag-karibian-descanso","tag-paris","tag-espritmeuble"],"yoast_head":"<!-- This site is optimized with the Yoast SEO plugin v27.0 - https:\/\/yoast.com\/product\/yoast-seo-wordpress\/ -->\n<title>ESPRITMEUBLE PARIS 2017 - Karibian Descanso<\/title>\n<meta name=\"robots\" content=\"index, follow, max-snippet:-1, max-image-preview:large, max-video-preview:-1\" \/>\n<link rel=\"canonical\" href=\"https:\/\/karibiandescanso.com\/en\/espritmeuble-paris-2017\/\" \/>\n<meta property=\"og:locale\" content=\"fr_FR\" \/>\n<meta property=\"og:type\" content=\"article\" \/>\n<meta property=\"og:title\" content=\"ESPRITMEUBLE PARIS 2017 - Karibian Descanso\" \/>\n<meta property=\"og:description\" content=\"[:es]En nuestro continuo esfuerzo por crecer y abrir nuevas fronteras, Karibian Descanso estuvo presente en el\u00a0Sal\u00f3n Espritmeuble de Par\u00eds,\u00a0los pasados 02 al 05 de Diciembre del 2017. Un punto de encuentro de profesionales[:en]As part of our ongoing efforts to grow and open new frontiers, Karibian Descanso attended the Espritmeuble Trade Fair in Paris from 2 and 5 December 2017. A meeting point for European bedding industry professionals.[:fr]Dans notre effort constant de croissance et ouverture de fronti\u00e8res, nous avons \u00e9t\u00e9 pr\u00e9sentes au salon Espritmeuble Paris 2017, du 02 au 05 D\u00e9cembre 2017. Un lieu de rencontre pour professionnelles du monde du meuble...[:ru]Karibian Descanso \u043f\u043e\u0441\u0442\u043e\u044f\u043d\u043d\u043e \u0441\u0442\u0440\u0435\u043c\u0438\u0442\u0441\u044f \u043a \u0440\u043e\u0441\u0442\u0443 \u0438 \u0443\u043a\u0440\u0435\u043f\u043b\u0435\u043d\u0438\u044e \u0441\u0432\u043e\u0438\u0445 \u043f\u043e\u0437\u0438\u0446\u0438\u0439 \u043d\u0430 \u043c\u0438\u0440\u043e\u0432\u043e\u043c \u0440\u044b\u043d\u043a\u0435. \u0421\u043e 2 \u043f\u043e 5 \u0434\u0435\u043a\u0430\u0431\u0440\u044f 2017 \u0433\u043e\u0434\u0430 \u0431\u0440\u0435\u043d\u0434 \u0431\u044b\u043b \u043f\u0440\u0435\u0434\u0441\u0442\u0430\u0432\u043b\u0435\u043d \u043d\u0430 \u043f\u0430\u0440\u0438\u0436\u0441\u043a\u043e\u0439 \u0432\u044b\u0441\u0442\u0430\u0432\u043a\u0435 Espritmeuble 2017.[:]\" \/>\n<meta property=\"og:url\" content=\"https:\/\/karibiandescanso.com\/en\/espritmeuble-paris-2017\/\" \/>\n<meta property=\"og:site_name\" content=\"Karibian Descanso\" \/>\n<meta property=\"article:published_time\" content=\"2017-12-27T15:18:36+00:00\" \/>\n<meta property=\"article:modified_time\" content=\"2019-03-11T07:16:19+00:00\" \/>\n<meta property=\"og:image\" content=\"https:\/\/karibiandescanso.com\/wp-content\/uploads\/2017\/12\/youtube-espritmeuble-paris-final.jpg\" \/>\n\t<meta property=\"og:image:width\" content=\"1280\" \/>\n\t<meta property=\"og:image:height\" content=\"720\" \/>\n\t<meta property=\"og:image:type\" content=\"image\/jpeg\" \/>\n<meta name=\"author\" content=\"Karibian Descanso\" \/>\n<meta name=\"twitter:card\" content=\"summary_large_image\" \/>\n<meta name=\"twitter:label1\" content=\"\u00c9crit par\" \/>\n\t<meta name=\"twitter:data1\" content=\"Karibian Descanso\" \/>\n\t<meta name=\"twitter:label2\" content=\"Dur\u00e9e de lecture estim\u00e9e\" \/>\n\t<meta name=\"twitter:data2\" content=\"6 minutes\" \/>\n<script type=\"application\/ld+json\" class=\"yoast-schema-graph\">{\"@context\":\"https:\/\/schema.org\",\"@graph\":[{\"@type\":\"Article\",\"@id\":\"https:\/\/karibiandescanso.com\/en\/espritmeuble-paris-2017\/#article\",\"isPartOf\":{\"@id\":\"https:\/\/karibiandescanso.com\/en\/espritmeuble-paris-2017\/\"},\"author\":{\"name\":\"Karibian Descanso\",\"@id\":\"https:\/\/karibiandescanso.com\/#\/schema\/person\/23be63b9b19bd8da8980c8eecdd69d30\"},\"headline\":\"ESPRITMEUBLE PARIS 2017\",\"datePublished\":\"2017-12-27T15:18:36+00:00\",\"dateModified\":\"2019-03-11T07:16:19+00:00\",\"mainEntityOfPage\":{\"@id\":\"https:\/\/karibiandescanso.com\/en\/espritmeuble-paris-2017\/\"},\"wordCount\":1420,\"commentCount\":0,\"image\":{\"@id\":\"https:\/\/karibiandescanso.com\/en\/espritmeuble-paris-2017\/#primaryimage\"},\"thumbnailUrl\":\"https:\/\/karibiandescanso.com\/wp-content\/uploads\/2017\/12\/youtube-espritmeuble-paris-final.jpg\",\"keywords\":[\"feria del mueble\",\"2017\",\"karibian descanso\",\"Paris\",\"Espritmeuble\"],\"articleSection\":[\"actualit\u00e9s\"],\"inLanguage\":\"fr-FR\",\"potentialAction\":[{\"@type\":\"CommentAction\",\"name\":\"Comment\",\"target\":[\"https:\/\/karibiandescanso.com\/en\/espritmeuble-paris-2017\/#respond\"]}]},{\"@type\":\"WebPage\",\"@id\":\"https:\/\/karibiandescanso.com\/en\/espritmeuble-paris-2017\/\",\"url\":\"https:\/\/karibiandescanso.com\/en\/espritmeuble-paris-2017\/\",\"name\":\"ESPRITMEUBLE PARIS 2017 - Karibian Descanso\",\"isPartOf\":{\"@id\":\"https:\/\/karibiandescanso.com\/#website\"},\"primaryImageOfPage\":{\"@id\":\"https:\/\/karibiandescanso.com\/en\/espritmeuble-paris-2017\/#primaryimage\"},\"image\":{\"@id\":\"https:\/\/karibiandescanso.com\/en\/espritmeuble-paris-2017\/#primaryimage\"},\"thumbnailUrl\":\"https:\/\/karibiandescanso.com\/wp-content\/uploads\/2017\/12\/youtube-espritmeuble-paris-final.jpg\",\"datePublished\":\"2017-12-27T15:18:36+00:00\",\"dateModified\":\"2019-03-11T07:16:19+00:00\",\"author\":{\"@id\":\"https:\/\/karibiandescanso.com\/#\/schema\/person\/23be63b9b19bd8da8980c8eecdd69d30\"},\"breadcrumb\":{\"@id\":\"https:\/\/karibiandescanso.com\/en\/espritmeuble-paris-2017\/#breadcrumb\"},\"inLanguage\":\"fr-FR\",\"potentialAction\":[{\"@type\":\"ReadAction\",\"target\":[\"https:\/\/karibiandescanso.com\/en\/espritmeuble-paris-2017\/\"]}]},{\"@type\":\"ImageObject\",\"inLanguage\":\"fr-FR\",\"@id\":\"https:\/\/karibiandescanso.com\/en\/espritmeuble-paris-2017\/#primaryimage\",\"url\":\"https:\/\/karibiandescanso.com\/wp-content\/uploads\/2017\/12\/youtube-espritmeuble-paris-final.jpg\",\"contentUrl\":\"https:\/\/karibiandescanso.com\/wp-content\/uploads\/2017\/12\/youtube-espritmeuble-paris-final.jpg\",\"width\":1280,\"height\":720},{\"@type\":\"BreadcrumbList\",\"@id\":\"https:\/\/karibiandescanso.com\/en\/espritmeuble-paris-2017\/#breadcrumb\",\"itemListElement\":[{\"@type\":\"ListItem\",\"position\":1,\"name\":\"Portada\",\"item\":\"https:\/\/karibiandescanso.com\/\"},{\"@type\":\"ListItem\",\"position\":2,\"name\":\"ESPRITMEUBLE PARIS 2017\"}]},{\"@type\":\"WebSite\",\"@id\":\"https:\/\/karibiandescanso.com\/#website\",\"url\":\"https:\/\/karibiandescanso.com\/\",\"name\":\"Karibian Descanso\",\"description\":\"O\u00f9 est le repos\",\"potentialAction\":[{\"@type\":\"SearchAction\",\"target\":{\"@type\":\"EntryPoint\",\"urlTemplate\":\"https:\/\/karibiandescanso.com\/?s={search_term_string}\"},\"query-input\":{\"@type\":\"PropertyValueSpecification\",\"valueRequired\":true,\"valueName\":\"search_term_string\"}}],\"inLanguage\":\"fr-FR\"},{\"@type\":\"Person\",\"@id\":\"https:\/\/karibiandescanso.com\/#\/schema\/person\/23be63b9b19bd8da8980c8eecdd69d30\",\"name\":\"Karibian Descanso\",\"image\":{\"@type\":\"ImageObject\",\"inLanguage\":\"fr-FR\",\"@id\":\"https:\/\/karibiandescanso.com\/#\/schema\/person\/image\/\",\"url\":\"https:\/\/secure.gravatar.com\/avatar\/2f55039d31e0c8cf55d2c2b6e3bb49113343c35fd46d6d11806620d3c9641ba7?s=96&d=mm&r=g\",\"contentUrl\":\"https:\/\/secure.gravatar.com\/avatar\/2f55039d31e0c8cf55d2c2b6e3bb49113343c35fd46d6d11806620d3c9641ba7?s=96&d=mm&r=g\",\"caption\":\"Karibian Descanso\"},\"url\":\"https:\/\/karibiandescanso.com\/fr\/author\/karibian-descanso\/\"}]}<\/script>\n<!-- \/ Yoast SEO plugin. -->","yoast_head_json":{"title":"ESPRITMEUBLE PARIS 2017 - Karibian Descanso","robots":{"index":"index","follow":"follow","max-snippet":"max-snippet:-1","max-image-preview":"max-image-preview:large","max-video-preview":"max-video-preview:-1"},"canonical":"https:\/\/karibiandescanso.com\/en\/espritmeuble-paris-2017\/","og_locale":"fr_FR","og_type":"article","og_title":"ESPRITMEUBLE PARIS 2017 - Karibian Descanso","og_description":"[:es]En nuestro continuo esfuerzo por crecer y abrir nuevas fronteras, Karibian Descanso estuvo presente en el\u00a0Sal\u00f3n Espritmeuble de Par\u00eds,\u00a0los pasados 02 al 05 de Diciembre del 2017. Un punto de encuentro de profesionales[:en]As part of our ongoing efforts to grow and open new frontiers, Karibian Descanso attended the Espritmeuble Trade Fair in Paris from 2 and 5 December 2017. A meeting point for European bedding industry professionals.[:fr]Dans notre effort constant de croissance et ouverture de fronti\u00e8res, nous avons \u00e9t\u00e9 pr\u00e9sentes au salon Espritmeuble Paris 2017, du 02 au 05 D\u00e9cembre 2017. Un lieu de rencontre pour professionnelles du monde du meuble...[:ru]Karibian Descanso \u043f\u043e\u0441\u0442\u043e\u044f\u043d\u043d\u043e \u0441\u0442\u0440\u0435\u043c\u0438\u0442\u0441\u044f \u043a \u0440\u043e\u0441\u0442\u0443 \u0438 \u0443\u043a\u0440\u0435\u043f\u043b\u0435\u043d\u0438\u044e \u0441\u0432\u043e\u0438\u0445 \u043f\u043e\u0437\u0438\u0446\u0438\u0439 \u043d\u0430 \u043c\u0438\u0440\u043e\u0432\u043e\u043c \u0440\u044b\u043d\u043a\u0435. \u0421\u043e 2 \u043f\u043e 5 \u0434\u0435\u043a\u0430\u0431\u0440\u044f 2017 \u0433\u043e\u0434\u0430 \u0431\u0440\u0435\u043d\u0434 \u0431\u044b\u043b \u043f\u0440\u0435\u0434\u0441\u0442\u0430\u0432\u043b\u0435\u043d \u043d\u0430 \u043f\u0430\u0440\u0438\u0436\u0441\u043a\u043e\u0439 \u0432\u044b\u0441\u0442\u0430\u0432\u043a\u0435 Espritmeuble 2017.[:]","og_url":"https:\/\/karibiandescanso.com\/en\/espritmeuble-paris-2017\/","og_site_name":"Karibian Descanso","article_published_time":"2017-12-27T15:18:36+00:00","article_modified_time":"2019-03-11T07:16:19+00:00","og_image":[{"width":1280,"height":720,"url":"https:\/\/karibiandescanso.com\/wp-content\/uploads\/2017\/12\/youtube-espritmeuble-paris-final.jpg","type":"image\/jpeg"}],"author":"Karibian Descanso","twitter_card":"summary_large_image","twitter_misc":{"\u00c9crit par":"Karibian Descanso","Dur\u00e9e de lecture estim\u00e9e":"6 minutes"},"schema":{"@context":"https:\/\/schema.org","@graph":[{"@type":"Article","@id":"https:\/\/karibiandescanso.com\/en\/espritmeuble-paris-2017\/#article","isPartOf":{"@id":"https:\/\/karibiandescanso.com\/en\/espritmeuble-paris-2017\/"},"author":{"name":"Karibian Descanso","@id":"https:\/\/karibiandescanso.com\/#\/schema\/person\/23be63b9b19bd8da8980c8eecdd69d30"},"headline":"ESPRITMEUBLE PARIS 2017","datePublished":"2017-12-27T15:18:36+00:00","dateModified":"2019-03-11T07:16:19+00:00","mainEntityOfPage":{"@id":"https:\/\/karibiandescanso.com\/en\/espritmeuble-paris-2017\/"},"wordCount":1420,"commentCount":0,"image":{"@id":"https:\/\/karibiandescanso.com\/en\/espritmeuble-paris-2017\/#primaryimage"},"thumbnailUrl":"https:\/\/karibiandescanso.com\/wp-content\/uploads\/2017\/12\/youtube-espritmeuble-paris-final.jpg","keywords":["feria del mueble","2017","karibian descanso","Paris","Espritmeuble"],"articleSection":["actualit\u00e9s"],"inLanguage":"fr-FR","potentialAction":[{"@type":"CommentAction","name":"Comment","target":["https:\/\/karibiandescanso.com\/en\/espritmeuble-paris-2017\/#respond"]}]},{"@type":"WebPage","@id":"https:\/\/karibiandescanso.com\/en\/espritmeuble-paris-2017\/","url":"https:\/\/karibiandescanso.com\/en\/espritmeuble-paris-2017\/","name":"ESPRITMEUBLE PARIS 2017 - Karibian Descanso","isPartOf":{"@id":"https:\/\/karibiandescanso.com\/#website"},"primaryImageOfPage":{"@id":"https:\/\/karibiandescanso.com\/en\/espritmeuble-paris-2017\/#primaryimage"},"image":{"@id":"https:\/\/karibiandescanso.com\/en\/espritmeuble-paris-2017\/#primaryimage"},"thumbnailUrl":"https:\/\/karibiandescanso.com\/wp-content\/uploads\/2017\/12\/youtube-espritmeuble-paris-final.jpg","datePublished":"2017-12-27T15:18:36+00:00","dateModified":"2019-03-11T07:16:19+00:00","author":{"@id":"https:\/\/karibiandescanso.com\/#\/schema\/person\/23be63b9b19bd8da8980c8eecdd69d30"},"breadcrumb":{"@id":"https:\/\/karibiandescanso.com\/en\/espritmeuble-paris-2017\/#breadcrumb"},"inLanguage":"fr-FR","potentialAction":[{"@type":"ReadAction","target":["https:\/\/karibiandescanso.com\/en\/espritmeuble-paris-2017\/"]}]},{"@type":"ImageObject","inLanguage":"fr-FR","@id":"https:\/\/karibiandescanso.com\/en\/espritmeuble-paris-2017\/#primaryimage","url":"https:\/\/karibiandescanso.com\/wp-content\/uploads\/2017\/12\/youtube-espritmeuble-paris-final.jpg","contentUrl":"https:\/\/karibiandescanso.com\/wp-content\/uploads\/2017\/12\/youtube-espritmeuble-paris-final.jpg","width":1280,"height":720},{"@type":"BreadcrumbList","@id":"https:\/\/karibiandescanso.com\/en\/espritmeuble-paris-2017\/#breadcrumb","itemListElement":[{"@type":"ListItem","position":1,"name":"Portada","item":"https:\/\/karibiandescanso.com\/"},{"@type":"ListItem","position":2,"name":"ESPRITMEUBLE PARIS 2017"}]},{"@type":"WebSite","@id":"https:\/\/karibiandescanso.com\/#website","url":"https:\/\/karibiandescanso.com\/","name":"Karibian Descanso","description":"O\u00f9 est le repos","potentialAction":[{"@type":"SearchAction","target":{"@type":"EntryPoint","urlTemplate":"https:\/\/karibiandescanso.com\/?s={search_term_string}"},"query-input":{"@type":"PropertyValueSpecification","valueRequired":true,"valueName":"search_term_string"}}],"inLanguage":"fr-FR"},{"@type":"Person","@id":"https:\/\/karibiandescanso.com\/#\/schema\/person\/23be63b9b19bd8da8980c8eecdd69d30","name":"Karibian Descanso","image":{"@type":"ImageObject","inLanguage":"fr-FR","@id":"https:\/\/karibiandescanso.com\/#\/schema\/person\/image\/","url":"https:\/\/secure.gravatar.com\/avatar\/2f55039d31e0c8cf55d2c2b6e3bb49113343c35fd46d6d11806620d3c9641ba7?s=96&d=mm&r=g","contentUrl":"https:\/\/secure.gravatar.com\/avatar\/2f55039d31e0c8cf55d2c2b6e3bb49113343c35fd46d6d11806620d3c9641ba7?s=96&d=mm&r=g","caption":"Karibian Descanso"},"url":"https:\/\/karibiandescanso.com\/fr\/author\/karibian-descanso\/"}]}},"_links":{"self":[{"href":"https:\/\/karibiandescanso.com\/fr\/wp-json\/wp\/v2\/posts\/1179","targetHints":{"allow":["GET"]}}],"collection":[{"href":"https:\/\/karibiandescanso.com\/fr\/wp-json\/wp\/v2\/posts"}],"about":[{"href":"https:\/\/karibiandescanso.com\/fr\/wp-json\/wp\/v2\/types\/post"}],"author":[{"embeddable":true,"href":"https:\/\/karibiandescanso.com\/fr\/wp-json\/wp\/v2\/users\/2"}],"replies":[{"embeddable":true,"href":"https:\/\/karibiandescanso.com\/fr\/wp-json\/wp\/v2\/comments?post=1179"}],"version-history":[{"count":0,"href":"https:\/\/karibiandescanso.com\/fr\/wp-json\/wp\/v2\/posts\/1179\/revisions"}],"wp:featuredmedia":[{"embeddable":true,"href":"https:\/\/karibiandescanso.com\/fr\/wp-json\/wp\/v2\/media\/1258"}],"wp:attachment":[{"href":"https:\/\/karibiandescanso.com\/fr\/wp-json\/wp\/v2\/media?parent=1179"}],"wp:term":[{"taxonomy":"category","embeddable":true,"href":"https:\/\/karibiandescanso.com\/fr\/wp-json\/wp\/v2\/categories?post=1179"},{"taxonomy":"post_tag","embeddable":true,"href":"https:\/\/karibiandescanso.com\/fr\/wp-json\/wp\/v2\/tags?post=1179"}],"curies":[{"name":"wp","href":"https:\/\/api.w.org\/{rel}","templated":true}]}}