{"id":12089,"date":"2023-08-03T09:07:27","date_gmt":"2023-08-03T07:07:27","guid":{"rendered":"https:\/\/www.karibiandescanso.com\/?p=12089"},"modified":"2024-07-19T08:29:23","modified_gmt":"2024-07-19T06:29:23","slug":"cumplimos-25-anos","status":"publish","type":"post","link":"https:\/\/karibiandescanso.com\/fr\/cumplimos-25-anos\/","title":{"rendered":"NOUS AVONS 25 ANS"},"content":{"rendered":"<p>[vc_row css_animation=&#8221;&#8221; row_type=&#8221;row&#8221; use_row_as_full_screen_section=&#8221;no&#8221; type=&#8221;full_width&#8221; angled_section=&#8221;no&#8221; text_align=&#8221;left&#8221; background_image_as_pattern=&#8221;without_pattern&#8221;][vc_column][vc_empty_space height=&#8221;15px&#8221;][vc_column_text]<\/p>\n<h3 style=\"text-align: justify;\">Tout a commenc\u00e9 par un r\u00eave et apr\u00e8s 25 ans, cela est devenu une r\u00e9alit\u00e9.<\/h3>\n<p>&nbsp;<\/p>\n<p style=\"text-align: justify;\">Karibian Descanso f\u00eate en 2023 un quart de si\u00e8cle! Pour nous, cet anniversaire est une expression de fiert\u00e9 de tout ce que nous avons accompli pendant ce temps. Une formule de gratitude envers tous ceux qui nous ont accompagn\u00e9s et nous ont permis d&#8217;en arriver l\u00e0.<\/p>\n<p style=\"text-align: justify;\">Sans les efforts quotidiens de nos employ\u00e9s et la confiance que nous accordent tous nos clients, cet anniversaire ne serait pas possible.<\/p>\n<p>[\/vc_column_text][vc_empty_space height=&#8221;15px&#8221;][vc_single_image image=&#8221;12096&#8243; img_size=&#8221;full&#8221; alignment=&#8221;center&#8221; qode_css_animation=&#8221;&#8221; css=&#8221;.vc_custom_1691048554407{margin-bottom: 80px !important;}&#8221;][\/vc_column][\/vc_row][vc_row css_animation=&#8221;&#8221; row_type=&#8221;row&#8221; use_row_as_full_screen_section=&#8221;no&#8221; type=&#8221;full_width&#8221; angled_section=&#8221;no&#8221; text_align=&#8221;left&#8221; background_image_as_pattern=&#8221;without_pattern&#8221;][vc_column][vc_column_text]<\/p>\n<p style=\"text-align: justify;\">Pour c\u00e9l\u00e9brer cette date sp\u00e9ciale, Karibian a organis\u00e9 un \u00e9v\u00e9nement avec une s\u00e9rie d&#8217;activit\u00e9s destin\u00e9es \u00e0 l&#8217;\u00e9quipe. Les plus de 100 employ\u00e9s de l&#8217;entreprise ont \u00e9t\u00e9 invit\u00e9s \u00e0 un grand d\u00eener organis\u00e9 \u00e0 Yecla.<\/p>\n<p style=\"text-align: justify;\">C\u00e9l\u00e9brer un quart de si\u00e8cle, c&#8217;est aussi pour nous un engagement.<\/p>\n<p style=\"text-align: justify;\">Un engagement ferme \u00e0 rester fid\u00e8les \u00e0 notre essence d&#8217;\u00e9volution constante et d&#8217;exigence, un engagement envers chacun de nos clients, pour toujours offrir le meilleur. Nous continuerons \u00e0 r\u00eaver, nous continuerons \u00e0 grandir pour un avenir meilleur qui fera la diff\u00e9rence dans nos vies.<\/p>\n<p>[\/vc_column_text][vc_empty_space][\/vc_column][\/vc_row][vc_row css_animation=&#8221;&#8221; row_type=&#8221;row&#8221; use_row_as_full_screen_section=&#8221;no&#8221; type=&#8221;full_width&#8221; angled_section=&#8221;no&#8221; text_align=&#8221;left&#8221; background_image_as_pattern=&#8221;without_pattern&#8221;][vc_column][vc_single_image image=&#8221;12124&#8243; img_size=&#8221;full&#8221; alignment=&#8221;center&#8221; qode_css_animation=&#8221;&#8221; css=&#8221;.vc_custom_1691391082492{margin-bottom: 80px !important;}&#8221;][vc_empty_space height=&#8221;10px&#8221;][vc_column_text]<\/p>\n<h3 style=\"text-align: center;\">Merci de faire partie de nous<\/h3>\n<p>[\/vc_column_text][vc_empty_space height=&#8221;20px&#8221;][\/vc_column][\/vc_row]<\/p>","protected":false},"excerpt":{"rendered":"<p>Karibian Rest J&#8217;ai particip\u00e9 au 60e Salone del Mobile de Milan, qui se tient du 7 au 12 juin \u00e0 Milan (Italie). Les mod\u00e8les de literie les plus actuels et innovants de Karibian ont \u00e9t\u00e9 pr\u00e9sent\u00e9s dans un stand attractif et accueillant, aux c\u00f4t\u00e9s des lits Koala.<\/p>\n","protected":false},"author":2,"featured_media":12092,"comment_status":"open","ping_status":"open","sticky":false,"template":"","format":"standard","meta":{"footnotes":""},"categories":[10],"tags":[161,167,168,263,264,265,266,25,80,91,110],"class_list":["post-12089","post","type-post","status-publish","format-standard","has-post-thumbnail","hentry","category-noticias","tag-mueble-de-espana","tag-spain-furniture","tag-spain-interiors","tag-25-aniversario","tag-fabricacion","tag-celebracion","tag-equipo-humano","tag-karibian-descanso","tag-colchon","tag-mattress","tag-aniversario"],"yoast_head":"<!-- This site is optimized with the Yoast SEO plugin v27.0 - https:\/\/yoast.com\/product\/yoast-seo-wordpress\/ -->\n<title>NOUS AVONS 25 ANS - Karibian Descanso<\/title>\n<meta name=\"robots\" content=\"index, follow, max-snippet:-1, max-image-preview:large, max-video-preview:-1\" \/>\n<link rel=\"canonical\" href=\"https:\/\/karibiandescanso.com\/pl\/cumplimos-25-anos\/\" \/>\n<meta property=\"og:locale\" content=\"fr_FR\" \/>\n<meta property=\"og:type\" content=\"article\" \/>\n<meta property=\"og:title\" content=\"[:es]CUMPLIMOS 25 A\u00d1OS[:en]WE TURN 25 YEARS[:fr]NOUS AVONS 25 ANS[:ru]\u041d\u0410\u041c 25 \u041b\u0415\u0422[:pl]SKO\u0143CZYLI\u015aMY 25 LAT[:] - Karibian Descanso\" \/>\n<meta property=\"og:description\" content=\"[:es]Karibian celebra su 25 Aniversario. En este a\u00f1o tan especial en el que la firma cumple un cuarto de siglo, queremos agradecer a cada una de las personas que lo han hecho posible. Seguiremos cuidando de tu bienestar durante muchos[:en]Karibian Descanso celebrates in 2023 a quarter century. For us, this anniversary is an expression of pride for everything we have achieved throughout this time and, above all, a way to express gratitude to everyone who has accompanied us and allowed us to get here. [:fr]Karibian Rest J&#039;ai particip\u00e9 au 60e Salone del Mobile de Milan, qui se tient du 7 au 12 juin \u00e0 Milan (Italie). Les mod\u00e8les de literie les plus actuels et innovants de Karibian ont \u00e9t\u00e9 pr\u00e9sent\u00e9s dans un stand attractif et accueillant, aux c\u00f4t\u00e9s des lits Koala.[:ru]\u041a\u043e\u043c\u043f\u0430\u043d\u0438\u044f Karibian \u043f\u0440\u0430\u0437\u0434\u043d\u0443\u0435\u0442 \u0441\u0432\u043e\u0435 25-\u043b\u0435\u0442\u0438\u0435. \u0412 \u044d\u0442\u043e\u0442 \u043e\u0441\u043e\u0431\u0435\u043d\u043d\u044b\u0439 \u0433\u043e\u0434, \u043a\u043e\u0433\u0434\u0430 \u043a\u043e\u043c\u043f\u0430\u043d\u0438\u044f \u043e\u0442\u043c\u0435\u0447\u0430\u0435\u0442 \u0447\u0435\u0442\u0432\u0435\u0440\u0442\u044c \u0432\u0435\u043a\u0430, \u043c\u044b \u0445\u043e\u0442\u0435\u043b\u0438 \u0431\u044b \u043f\u043e\u0431\u043b\u0430\u0433\u043e\u0434\u0430\u0440\u0438\u0442\u044c \u0432\u0441\u0435\u0445 \u0438 \u043a\u0430\u0436\u0434\u043e\u0433\u043e \u0438\u0437 \u0442\u0435\u0445, \u0431\u043b\u0430\u0433\u043e\u0434\u0430\u0440\u044f \u043a\u043e\u043c\u0443 \u044d\u0442\u043e \u0441\u0442\u0430\u043b\u043e \u0432\u043e\u0437\u043c\u043e\u0436\u043d\u044b\u043c. \u041c\u044b \u043f\u0440\u043e\u0434\u043e\u043b\u0436\u0438\u043c \u0437\u0430\u0431\u043e\u0442\u0438\u0442\u044c\u0441\u044f \u043e \u0432\u0430\u0448\u0435\u043c \u0431\u043b\u0430\u0433\u043e\u043f\u043e\u043b\u0443\u0447\u0438\u0438 \u0435\u0449\u0435 \u0434\u043e\u043b\u0433\u0438\u0435 \u0433\u043e\u0434\u044b..[:pl]Karibian \u015bwi\u0119tuje swoje 25-lecie. W tym szczeg\u00f3lnym roku, w kt\u00f3rym firma ko\u0144czy \u0107wier\u0107 wieku, chcemy podzi\u0119kowa\u0107 ka\u017cdej osobie, dzi\u0119ki kt\u00f3rej by\u0142o to mo\u017cliwe. B\u0119dziemy nadal dba\u0107 o Twoje dobre samopoczucie przez wiele lat.[:]\" \/>\n<meta property=\"og:url\" content=\"https:\/\/karibiandescanso.com\/pl\/cumplimos-25-anos\/\" \/>\n<meta property=\"og:site_name\" content=\"Karibian Descanso\" \/>\n<meta property=\"article:published_time\" content=\"2023-08-03T07:07:27+00:00\" \/>\n<meta property=\"article:modified_time\" content=\"2024-07-19T06:29:23+00:00\" \/>\n<meta property=\"og:image\" content=\"https:\/\/karibiandescanso.com\/wp-content\/uploads\/2023\/08\/KARIBIAN-25.jpg\" \/>\n\t<meta property=\"og:image:width\" content=\"1920\" \/>\n\t<meta property=\"og:image:height\" content=\"1087\" \/>\n\t<meta property=\"og:image:type\" content=\"image\/jpeg\" \/>\n<meta name=\"author\" content=\"Karibian Descanso\" \/>\n<meta name=\"twitter:card\" content=\"summary_large_image\" \/>\n<meta name=\"twitter:label1\" content=\"\u00c9crit par\" \/>\n\t<meta name=\"twitter:data1\" content=\"Karibian Descanso\" \/>\n\t<meta name=\"twitter:label2\" content=\"Dur\u00e9e de lecture estim\u00e9e\" \/>\n\t<meta name=\"twitter:data2\" content=\"3 minutes\" \/>\n<script type=\"application\/ld+json\" class=\"yoast-schema-graph\">{\"@context\":\"https:\/\/schema.org\",\"@graph\":[{\"@type\":\"Article\",\"@id\":\"https:\/\/karibiandescanso.com\/pl\/cumplimos-25-anos\/#article\",\"isPartOf\":{\"@id\":\"https:\/\/karibiandescanso.com\/pl\/cumplimos-25-anos\/\"},\"author\":{\"name\":\"Karibian Descanso\",\"@id\":\"https:\/\/karibiandescanso.com\/#\/schema\/person\/23be63b9b19bd8da8980c8eecdd69d30\"},\"headline\":\"NOUS AVONS 25 ANS\",\"datePublished\":\"2023-08-03T07:07:27+00:00\",\"dateModified\":\"2024-07-19T06:29:23+00:00\",\"mainEntityOfPage\":{\"@id\":\"https:\/\/karibiandescanso.com\/pl\/cumplimos-25-anos\/\"},\"wordCount\":2174,\"commentCount\":0,\"image\":{\"@id\":\"https:\/\/karibiandescanso.com\/pl\/cumplimos-25-anos\/#primaryimage\"},\"thumbnailUrl\":\"https:\/\/karibiandescanso.com\/wp-content\/uploads\/2023\/08\/KARIBIAN-25.jpg\",\"keywords\":[\"Mueble de Espa\u00f1a\",\"Spain Furniture\",\"Spain Interiors\",\"25 Aniversario\",\"Fabricaci\u00f3n\",\"Celebraci\u00f3n\",\"Equipo Humano\",\"karibian descanso\",\"Colchon\",\"Mattress\",\"Aniversario\"],\"articleSection\":[\"actualit\u00e9s\"],\"inLanguage\":\"fr-FR\",\"potentialAction\":[{\"@type\":\"CommentAction\",\"name\":\"Comment\",\"target\":[\"https:\/\/karibiandescanso.com\/pl\/cumplimos-25-anos\/#respond\"]}]},{\"@type\":\"WebPage\",\"@id\":\"https:\/\/karibiandescanso.com\/pl\/cumplimos-25-anos\/\",\"url\":\"https:\/\/karibiandescanso.com\/pl\/cumplimos-25-anos\/\",\"name\":\"[:es]CUMPLIMOS 25 A\u00d1OS[:en]WE TURN 25 YEARS[:fr]NOUS AVONS 25 ANS[:ru]\u041d\u0410\u041c 25 \u041b\u0415\u0422[:pl]SKO\u0143CZYLI\u015aMY 25 LAT[:] - Karibian Descanso\",\"isPartOf\":{\"@id\":\"https:\/\/karibiandescanso.com\/#website\"},\"primaryImageOfPage\":{\"@id\":\"https:\/\/karibiandescanso.com\/pl\/cumplimos-25-anos\/#primaryimage\"},\"image\":{\"@id\":\"https:\/\/karibiandescanso.com\/pl\/cumplimos-25-anos\/#primaryimage\"},\"thumbnailUrl\":\"https:\/\/karibiandescanso.com\/wp-content\/uploads\/2023\/08\/KARIBIAN-25.jpg\",\"datePublished\":\"2023-08-03T07:07:27+00:00\",\"dateModified\":\"2024-07-19T06:29:23+00:00\",\"author\":{\"@id\":\"https:\/\/karibiandescanso.com\/#\/schema\/person\/23be63b9b19bd8da8980c8eecdd69d30\"},\"breadcrumb\":{\"@id\":\"https:\/\/karibiandescanso.com\/pl\/cumplimos-25-anos\/#breadcrumb\"},\"inLanguage\":\"fr-FR\",\"potentialAction\":[{\"@type\":\"ReadAction\",\"target\":[\"https:\/\/karibiandescanso.com\/pl\/cumplimos-25-anos\/\"]}]},{\"@type\":\"ImageObject\",\"inLanguage\":\"fr-FR\",\"@id\":\"https:\/\/karibiandescanso.com\/pl\/cumplimos-25-anos\/#primaryimage\",\"url\":\"https:\/\/karibiandescanso.com\/wp-content\/uploads\/2023\/08\/KARIBIAN-25.jpg\",\"contentUrl\":\"https:\/\/karibiandescanso.com\/wp-content\/uploads\/2023\/08\/KARIBIAN-25.jpg\",\"width\":1920,\"height\":1087},{\"@type\":\"BreadcrumbList\",\"@id\":\"https:\/\/karibiandescanso.com\/pl\/cumplimos-25-anos\/#breadcrumb\",\"itemListElement\":[{\"@type\":\"ListItem\",\"position\":1,\"name\":\"Portada\",\"item\":\"https:\/\/karibiandescanso.com\/\"},{\"@type\":\"ListItem\",\"position\":2,\"name\":\"SKO\u0143CZYLI\u015aMY 25 LAT\"}]},{\"@type\":\"WebSite\",\"@id\":\"https:\/\/karibiandescanso.com\/#website\",\"url\":\"https:\/\/karibiandescanso.com\/\",\"name\":\"Karibian Descanso\",\"description\":\"O\u00f9 est le repos\",\"potentialAction\":[{\"@type\":\"SearchAction\",\"target\":{\"@type\":\"EntryPoint\",\"urlTemplate\":\"https:\/\/karibiandescanso.com\/?s={search_term_string}\"},\"query-input\":{\"@type\":\"PropertyValueSpecification\",\"valueRequired\":true,\"valueName\":\"search_term_string\"}}],\"inLanguage\":\"fr-FR\"},{\"@type\":\"Person\",\"@id\":\"https:\/\/karibiandescanso.com\/#\/schema\/person\/23be63b9b19bd8da8980c8eecdd69d30\",\"name\":\"Karibian Descanso\",\"image\":{\"@type\":\"ImageObject\",\"inLanguage\":\"fr-FR\",\"@id\":\"https:\/\/karibiandescanso.com\/#\/schema\/person\/image\/\",\"url\":\"https:\/\/secure.gravatar.com\/avatar\/2f55039d31e0c8cf55d2c2b6e3bb49113343c35fd46d6d11806620d3c9641ba7?s=96&d=mm&r=g\",\"contentUrl\":\"https:\/\/secure.gravatar.com\/avatar\/2f55039d31e0c8cf55d2c2b6e3bb49113343c35fd46d6d11806620d3c9641ba7?s=96&d=mm&r=g\",\"caption\":\"Karibian Descanso\"},\"url\":\"https:\/\/karibiandescanso.com\/fr\/author\/karibian-descanso\/\"}]}<\/script>\n<!-- \/ Yoast SEO plugin. -->","yoast_head_json":{"title":"[:es]CUMPLIMOS 25 A\u00d1OS[:en]WE TURN 25 YEARS[:fr]NOUS AVONS 25 ANS[:ru]\u041d\u0410\u041c 25 \u041b\u0415\u0422[:pl]SKO\u0143CZYLI\u015aMY 25 LAT[:] - Karibian Descanso","robots":{"index":"index","follow":"follow","max-snippet":"max-snippet:-1","max-image-preview":"max-image-preview:large","max-video-preview":"max-video-preview:-1"},"canonical":"https:\/\/karibiandescanso.com\/pl\/cumplimos-25-anos\/","og_locale":"fr_FR","og_type":"article","og_title":"[:es]CUMPLIMOS 25 A\u00d1OS[:en]WE TURN 25 YEARS[:fr]NOUS AVONS 25 ANS[:ru]\u041d\u0410\u041c 25 \u041b\u0415\u0422[:pl]SKO\u0143CZYLI\u015aMY 25 LAT[:] - Karibian Descanso","og_description":"[:es]Karibian celebra su 25 Aniversario. En este a\u00f1o tan especial en el que la firma cumple un cuarto de siglo, queremos agradecer a cada una de las personas que lo han hecho posible. Seguiremos cuidando de tu bienestar durante muchos[:en]Karibian Descanso celebrates in 2023 a quarter century. For us, this anniversary is an expression of pride for everything we have achieved throughout this time and, above all, a way to express gratitude to everyone who has accompanied us and allowed us to get here. [:fr]Karibian Rest J'ai particip\u00e9 au 60e Salone del Mobile de Milan, qui se tient du 7 au 12 juin \u00e0 Milan (Italie). Les mod\u00e8les de literie les plus actuels et innovants de Karibian ont \u00e9t\u00e9 pr\u00e9sent\u00e9s dans un stand attractif et accueillant, aux c\u00f4t\u00e9s des lits Koala.[:ru]\u041a\u043e\u043c\u043f\u0430\u043d\u0438\u044f Karibian \u043f\u0440\u0430\u0437\u0434\u043d\u0443\u0435\u0442 \u0441\u0432\u043e\u0435 25-\u043b\u0435\u0442\u0438\u0435. \u0412 \u044d\u0442\u043e\u0442 \u043e\u0441\u043e\u0431\u0435\u043d\u043d\u044b\u0439 \u0433\u043e\u0434, \u043a\u043e\u0433\u0434\u0430 \u043a\u043e\u043c\u043f\u0430\u043d\u0438\u044f \u043e\u0442\u043c\u0435\u0447\u0430\u0435\u0442 \u0447\u0435\u0442\u0432\u0435\u0440\u0442\u044c \u0432\u0435\u043a\u0430, \u043c\u044b \u0445\u043e\u0442\u0435\u043b\u0438 \u0431\u044b \u043f\u043e\u0431\u043b\u0430\u0433\u043e\u0434\u0430\u0440\u0438\u0442\u044c \u0432\u0441\u0435\u0445 \u0438 \u043a\u0430\u0436\u0434\u043e\u0433\u043e \u0438\u0437 \u0442\u0435\u0445, \u0431\u043b\u0430\u0433\u043e\u0434\u0430\u0440\u044f \u043a\u043e\u043c\u0443 \u044d\u0442\u043e \u0441\u0442\u0430\u043b\u043e \u0432\u043e\u0437\u043c\u043e\u0436\u043d\u044b\u043c. \u041c\u044b \u043f\u0440\u043e\u0434\u043e\u043b\u0436\u0438\u043c \u0437\u0430\u0431\u043e\u0442\u0438\u0442\u044c\u0441\u044f \u043e \u0432\u0430\u0448\u0435\u043c \u0431\u043b\u0430\u0433\u043e\u043f\u043e\u043b\u0443\u0447\u0438\u0438 \u0435\u0449\u0435 \u0434\u043e\u043b\u0433\u0438\u0435 \u0433\u043e\u0434\u044b..[:pl]Karibian \u015bwi\u0119tuje swoje 25-lecie. W tym szczeg\u00f3lnym roku, w kt\u00f3rym firma ko\u0144czy \u0107wier\u0107 wieku, chcemy podzi\u0119kowa\u0107 ka\u017cdej osobie, dzi\u0119ki kt\u00f3rej by\u0142o to mo\u017cliwe. B\u0119dziemy nadal dba\u0107 o Twoje dobre samopoczucie przez wiele lat.[:]","og_url":"https:\/\/karibiandescanso.com\/pl\/cumplimos-25-anos\/","og_site_name":"Karibian Descanso","article_published_time":"2023-08-03T07:07:27+00:00","article_modified_time":"2024-07-19T06:29:23+00:00","og_image":[{"width":1920,"height":1087,"url":"https:\/\/karibiandescanso.com\/wp-content\/uploads\/2023\/08\/KARIBIAN-25.jpg","type":"image\/jpeg"}],"author":"Karibian Descanso","twitter_card":"summary_large_image","twitter_misc":{"\u00c9crit par":"Karibian Descanso","Dur\u00e9e de lecture estim\u00e9e":"3 minutes"},"schema":{"@context":"https:\/\/schema.org","@graph":[{"@type":"Article","@id":"https:\/\/karibiandescanso.com\/pl\/cumplimos-25-anos\/#article","isPartOf":{"@id":"https:\/\/karibiandescanso.com\/pl\/cumplimos-25-anos\/"},"author":{"name":"Karibian Descanso","@id":"https:\/\/karibiandescanso.com\/#\/schema\/person\/23be63b9b19bd8da8980c8eecdd69d30"},"headline":"NOUS AVONS 25 ANS","datePublished":"2023-08-03T07:07:27+00:00","dateModified":"2024-07-19T06:29:23+00:00","mainEntityOfPage":{"@id":"https:\/\/karibiandescanso.com\/pl\/cumplimos-25-anos\/"},"wordCount":2174,"commentCount":0,"image":{"@id":"https:\/\/karibiandescanso.com\/pl\/cumplimos-25-anos\/#primaryimage"},"thumbnailUrl":"https:\/\/karibiandescanso.com\/wp-content\/uploads\/2023\/08\/KARIBIAN-25.jpg","keywords":["Mueble de Espa\u00f1a","Spain Furniture","Spain Interiors","25 Aniversario","Fabricaci\u00f3n","Celebraci\u00f3n","Equipo Humano","karibian descanso","Colchon","Mattress","Aniversario"],"articleSection":["actualit\u00e9s"],"inLanguage":"fr-FR","potentialAction":[{"@type":"CommentAction","name":"Comment","target":["https:\/\/karibiandescanso.com\/pl\/cumplimos-25-anos\/#respond"]}]},{"@type":"WebPage","@id":"https:\/\/karibiandescanso.com\/pl\/cumplimos-25-anos\/","url":"https:\/\/karibiandescanso.com\/pl\/cumplimos-25-anos\/","name":"[:es]CUMPLIMOS 25 A\u00d1OS[:en]WE TURN 25 YEARS[:fr]NOUS AVONS 25 ANS[:ru]\u041d\u0410\u041c 25 \u041b\u0415\u0422[:pl]SKO\u0143CZYLI\u015aMY 25 LAT[:] - Karibian Descanso","isPartOf":{"@id":"https:\/\/karibiandescanso.com\/#website"},"primaryImageOfPage":{"@id":"https:\/\/karibiandescanso.com\/pl\/cumplimos-25-anos\/#primaryimage"},"image":{"@id":"https:\/\/karibiandescanso.com\/pl\/cumplimos-25-anos\/#primaryimage"},"thumbnailUrl":"https:\/\/karibiandescanso.com\/wp-content\/uploads\/2023\/08\/KARIBIAN-25.jpg","datePublished":"2023-08-03T07:07:27+00:00","dateModified":"2024-07-19T06:29:23+00:00","author":{"@id":"https:\/\/karibiandescanso.com\/#\/schema\/person\/23be63b9b19bd8da8980c8eecdd69d30"},"breadcrumb":{"@id":"https:\/\/karibiandescanso.com\/pl\/cumplimos-25-anos\/#breadcrumb"},"inLanguage":"fr-FR","potentialAction":[{"@type":"ReadAction","target":["https:\/\/karibiandescanso.com\/pl\/cumplimos-25-anos\/"]}]},{"@type":"ImageObject","inLanguage":"fr-FR","@id":"https:\/\/karibiandescanso.com\/pl\/cumplimos-25-anos\/#primaryimage","url":"https:\/\/karibiandescanso.com\/wp-content\/uploads\/2023\/08\/KARIBIAN-25.jpg","contentUrl":"https:\/\/karibiandescanso.com\/wp-content\/uploads\/2023\/08\/KARIBIAN-25.jpg","width":1920,"height":1087},{"@type":"BreadcrumbList","@id":"https:\/\/karibiandescanso.com\/pl\/cumplimos-25-anos\/#breadcrumb","itemListElement":[{"@type":"ListItem","position":1,"name":"Portada","item":"https:\/\/karibiandescanso.com\/"},{"@type":"ListItem","position":2,"name":"SKO\u0143CZYLI\u015aMY 25 LAT"}]},{"@type":"WebSite","@id":"https:\/\/karibiandescanso.com\/#website","url":"https:\/\/karibiandescanso.com\/","name":"Karibian Descanso","description":"O\u00f9 est le repos","potentialAction":[{"@type":"SearchAction","target":{"@type":"EntryPoint","urlTemplate":"https:\/\/karibiandescanso.com\/?s={search_term_string}"},"query-input":{"@type":"PropertyValueSpecification","valueRequired":true,"valueName":"search_term_string"}}],"inLanguage":"fr-FR"},{"@type":"Person","@id":"https:\/\/karibiandescanso.com\/#\/schema\/person\/23be63b9b19bd8da8980c8eecdd69d30","name":"Karibian Descanso","image":{"@type":"ImageObject","inLanguage":"fr-FR","@id":"https:\/\/karibiandescanso.com\/#\/schema\/person\/image\/","url":"https:\/\/secure.gravatar.com\/avatar\/2f55039d31e0c8cf55d2c2b6e3bb49113343c35fd46d6d11806620d3c9641ba7?s=96&d=mm&r=g","contentUrl":"https:\/\/secure.gravatar.com\/avatar\/2f55039d31e0c8cf55d2c2b6e3bb49113343c35fd46d6d11806620d3c9641ba7?s=96&d=mm&r=g","caption":"Karibian Descanso"},"url":"https:\/\/karibiandescanso.com\/fr\/author\/karibian-descanso\/"}]}},"_links":{"self":[{"href":"https:\/\/karibiandescanso.com\/fr\/wp-json\/wp\/v2\/posts\/12089","targetHints":{"allow":["GET"]}}],"collection":[{"href":"https:\/\/karibiandescanso.com\/fr\/wp-json\/wp\/v2\/posts"}],"about":[{"href":"https:\/\/karibiandescanso.com\/fr\/wp-json\/wp\/v2\/types\/post"}],"author":[{"embeddable":true,"href":"https:\/\/karibiandescanso.com\/fr\/wp-json\/wp\/v2\/users\/2"}],"replies":[{"embeddable":true,"href":"https:\/\/karibiandescanso.com\/fr\/wp-json\/wp\/v2\/comments?post=12089"}],"version-history":[{"count":0,"href":"https:\/\/karibiandescanso.com\/fr\/wp-json\/wp\/v2\/posts\/12089\/revisions"}],"wp:featuredmedia":[{"embeddable":true,"href":"https:\/\/karibiandescanso.com\/fr\/wp-json\/wp\/v2\/media\/12092"}],"wp:attachment":[{"href":"https:\/\/karibiandescanso.com\/fr\/wp-json\/wp\/v2\/media?parent=12089"}],"wp:term":[{"taxonomy":"category","embeddable":true,"href":"https:\/\/karibiandescanso.com\/fr\/wp-json\/wp\/v2\/categories?post=12089"},{"taxonomy":"post_tag","embeddable":true,"href":"https:\/\/karibiandescanso.com\/fr\/wp-json\/wp\/v2\/tags?post=12089"}],"curies":[{"name":"wp","href":"https:\/\/api.w.org\/{rel}","templated":true}]}}