{"id":1416,"date":"2018-02-06T18:21:30","date_gmt":"2018-02-06T17:21:30","guid":{"rendered":"https:\/\/www.karibiandescanso.com\/?p=1416"},"modified":"2020-01-28T16:05:10","modified_gmt":"2020-01-28T15:05:10","slug":"participacionferiamueblezaragoza2018","status":"publish","type":"post","link":"https:\/\/karibiandescanso.com\/fr\/participacionferiamueblezaragoza2018\/","title":{"rendered":"PARTICIPATION 6\u00e8me FMZ2018"},"content":{"rendered":"<p><\/p>\n<h5><img loading=\"lazy\" decoding=\"async\" class=\" wp-image-1394 aligncenter\" src=\"https:\/\/www.karibiandescanso.com\/wp-content\/uploads\/2018\/01\/Mueble-Zaragoza.png\" alt=\"\" width=\"323\" height=\"180\" \/><\/h5>\n<p class=\"CuerpoA\"><span class=\"Ninguno\"><span lang=\"FR\">Du <strong>24<\/strong> au<strong> 27<\/strong> de Janvier <strong>Karibian Descanso<\/strong> a particip\u00e9 \u00e0 la 6<u><sup>\u00e8me<\/sup><\/u><sup>\u00a0<\/sup>Foire du Meuble de Saragosse 2018, en pr\u00e9sentant diff\u00e9rentes nouveaut\u00e9s en syst\u00e8mes de repos, afin de nous adapter aux besoins du march\u00e9. <\/span><\/span><\/p>\n<p><img loading=\"lazy\" decoding=\"async\" class=\"alignleft size-full wp-image-1469\" src=\"https:\/\/www.karibiandescanso.com\/wp-content\/uploads\/2018\/02\/Final-Blog-Zaragoza-panoramica-4.png\" alt=\"\" width=\"2531\" height=\"676\" srcset=\"https:\/\/karibiandescanso.com\/wp-content\/uploads\/2018\/02\/Final-Blog-Zaragoza-panoramica-4.png 1920w, https:\/\/karibiandescanso.com\/wp-content\/uploads\/2018\/02\/Final-Blog-Zaragoza-panoramica-4-300x80.png 300w, https:\/\/karibiandescanso.com\/wp-content\/uploads\/2018\/02\/Final-Blog-Zaragoza-panoramica-4-1024x273.png 1024w\" sizes=\"auto, (max-width: 2531px) 100vw, 2531px\" \/><\/p>\n<p class=\"CuerpoA\" style=\"text-align: justify;\"><span class=\"Ninguno\"><span lang=\"FR\">La 6<u><sup>\u00e8me<\/sup><\/u><sup>\u00a0<\/sup>\u00e9dition de la Foire du Meuble de Saragosse, a d\u00e9pass\u00e9 les meilleures attentes, en arrivant jusqu\u00b4\u00e0 <strong>48.220<\/strong> visites de professionnels du secteur de 50 nationalit\u00e9s diff\u00e9rentes, une dur\u00e9e de <strong>4 jours<\/strong> et 10 pavillons avec 106.000 m\u00b2d\u00b4exposition. Le nombre final d\u00b4exposants est arriv\u00e9 a <strong>645<\/strong> marques, donc la <strong>FMZ2018<\/strong> a r\u00e9ussi l\u00b4objectif de devenir le lieu id\u00e9al pour montrer et d\u00e9couvrir les nouveaut\u00e9s du secteur, en devenant le salon du meuble avec plus de croissance. <\/span><\/span><\/p>\n<p class=\"CuerpoA\" style=\"text-align: justify;\"><span class=\"Ninguno\"><span lang=\"FR\">Tout \u00e7a a \u00e9t\u00e9 possible gr\u00e2ce au travaille et l\u00b4aide du secteur. La premi\u00e8re \u00e9dition du salon a eu lieu en 2008 avec 209 exposants et 48.000 m\u00b2. Apr\u00e8s une croissance en qualit\u00e9 et design, l\u00b4\u00e9dition 2018 a fini avec environ 650 exposants et 106.000 m\u00b2d\u00b4exposition. <\/span><\/span><\/p>\n<p class=\"CuerpoA\" style=\"text-align: justify;\"><span class=\"Ninguno\"><span lang=\"FR\">Pour nous a \u00e9t\u00e9 un vrai plaisir \u00eatre pr\u00e9sents dans ce rendez-vous, o\u00f9 nous avons propos\u00e9 nouveaux dessins, nouvelles lignes et mat\u00e9riaux renouvel\u00e9s.<\/span><\/span><\/p>\n<p><img loading=\"lazy\" decoding=\"async\" class=\"alignleft size-full wp-image-1482\" src=\"https:\/\/www.karibiandescanso.com\/wp-content\/uploads\/2018\/02\/Shox-System-Spring-Pocket.png\" alt=\"\" width=\"2531\" height=\"688\" srcset=\"https:\/\/karibiandescanso.com\/wp-content\/uploads\/2018\/02\/Shox-System-Spring-Pocket.png 2531w, https:\/\/karibiandescanso.com\/wp-content\/uploads\/2018\/02\/Shox-System-Spring-Pocket-300x82.png 300w, https:\/\/karibiandescanso.com\/wp-content\/uploads\/2018\/02\/Shox-System-Spring-Pocket-1024x278.png 1024w\" sizes=\"auto, (max-width: 2531px) 100vw, 2531px\" \/><\/p>\n<p style=\"text-align: justify;\">Nous sommes tr\u00e8s contents pour la quantit\u00e9 de visites re\u00e7ues par notre Stand et pour le bon accueil de nos produits expos\u00e9s, entre eux, les nouveaux mod\u00e8les que nous avons pr\u00e9sent\u00e9 au march\u00e9, compos\u00e9s par une combinaison de mousses de Haute R\u00e9silience, noyaux profil\u00e9s avec 4 couches\u00a0 et 7 zones de confort pour une adaptabilit\u00e9 total.<\/p>\n<p class=\"CuerpoAA\"><span class=\"Ninguno\"><span lang=\"FR\">Nouvelles combinaisons de HR 50kg\/m\u00b3 et 60kg\/m\u00b3avec des huiles essentiels de N\u00e9roli, ressorts ensach\u00e9s avec une carcasse et un Box sp\u00e9cialement compact dessin\u00e9 pour tous les poids, nouveaux coutils comme le Coolplus, lequel en plus de contr\u00f4ler et r\u00e9guler l\u00b4\u00e9vaporation, il poss\u00e8de aussi un traitement \u00ab anti pilling \u00bb.<\/span><\/span><\/p>\n<p style=\"text-align: justify;\"><img loading=\"lazy\" decoding=\"async\" class=\"alignleft wp-image-3799 size-full\" src=\"https:\/\/www.karibiandescanso.com\/wp-content\/uploads\/2018\/02\/Nuevas-sensaciones-frances.png\" alt=\"\" width=\"1920\" height=\"410\" \/><\/p>\n<p class=\"CuerpoAA\"><span lang=\"FR\">La Foire du Meuble de Saragosse 2018 ferme ses portes apr\u00e8s 4 journ\u00e9es, o\u00f9 le secteur a montr\u00e9 sa force avec unes chiffres positives, chez Karibian Descanso, nous voulons remercier <span class=\"_5mfr _47e3\"><img loading=\"lazy\" decoding=\"async\" class=\"img\" role=\"presentation\" src=\"https:\/\/www.facebook.com\/images\/emoji.php\/v9\/f6c\/1\/16\/2764.png\" alt=\"\" width=\"16\" height=\"16\" \/><span class=\"_7oe\">\u2764<\/span><\/span>\u00a0 \u00e0 nos clients, agents commerciales et amis, la visite \u00e0 notre stand, le temps d\u00e9di\u00e9 et la confiance d\u00e9pos\u00e9 en nous. Nous vous montrons ci-dessous une vid\u00e9o de notre participation \u00e0 la FMZ2018.<\/span><\/p>\n<p>https:\/\/www.youtube.com\/watch?v=KyU2egs-034<\/p>","protected":false},"excerpt":{"rendered":"<p>Du 24 au 27 de Janvier Karibian Descanso a particip\u00e9 \u00e0 la 6\u00e8me Foire du Meuble de Saragosse 2018, en pr\u00e9sentant diff\u00e9rentes nouveaut\u00e9s en syst\u00e8mes de repos, afin de nous adapter aux besoins du march\u00e9.<\/p>\n","protected":false},"author":2,"featured_media":1498,"comment_status":"open","ping_status":"open","sticky":false,"template":"","format":"standard","meta":{"footnotes":""},"categories":[10],"tags":[25,29,35,61,62,63,64],"class_list":["post-1416","post","type-post","status-publish","format-standard","has-post-thumbnail","hentry","category-noticias","tag-karibian-descanso","tag-descanso","tag-confort","tag-feria","tag-mueble","tag-zaragoza","tag-64"],"yoast_head":"<!-- This site is optimized with the Yoast SEO plugin v27.0 - https:\/\/yoast.com\/product\/yoast-seo-wordpress\/ -->\n<title>PARTICIPATION 6\u00e8me FMZ2018 - Karibian Descanso<\/title>\n<meta name=\"robots\" content=\"index, follow, max-snippet:-1, max-image-preview:large, max-video-preview:-1\" \/>\n<link rel=\"canonical\" href=\"https:\/\/karibiandescanso.com\/en\/participacionferiamueblezaragoza2018\/\" \/>\n<meta property=\"og:locale\" content=\"fr_FR\" \/>\n<meta property=\"og:type\" content=\"article\" \/>\n<meta property=\"og:title\" content=\"[:es]PARTICIPACION 6\u00aa FMZ2018[:en]PARTICIPATION 6th FMZ2018[:fr]PARTICIPATION 6\u00e8me FMZ2018[:ru]\u0423\u0427\u0410\u0421\u0422\u0418\u0415 \u0412 VI \u041c\u0435\u0431\u0435\u043b\u044c\u043d\u043e\u0439 \u0432\u044b\u0441\u0442\u0430\u0432\u043a\u0435 \u0421\u0430\u0440\u0430\u0433\u043e\u0441\u044b 2018[:] - Karibian Descanso\" \/>\n<meta property=\"og:description\" content=\"[:es]Del 24 al 27 de Enero\u00a0Karibian Descanso\u00a0particip\u00f3 en la 6\u00aa Feria del Mueble de Zaragoza 2018, presentando diferentes novedades en sistemas del descanso, con el fin de adaptarnos a las necesidades... [:en]From 24 to 27 January, Karibian Descanso took part in the 6thZaragoza Furniture Exhibition 2018 where we presented our latest products in sleep systems. Our aim is to keep adapting our business to the needs of the market.[:fr]Du 24 au 27 de Janvier Karibian Descanso a particip\u00e9 \u00e0 la 6\u00e8me Foire du Meuble de Saragosse 2018, en pr\u00e9sentant diff\u00e9rentes nouveaut\u00e9s en syst\u00e8mes de repos, afin de nous adapter aux besoins du march\u00e9.   [:ru]\u0421 24 \u043f\u043e 27 \u044f\u043d\u0432\u0430\u0440\u044f \u043a\u043e\u043c\u043f\u0430\u043d\u0438\u044f Karibian Descanso\u00a0\u043f\u0440\u0438\u043d\u044f\u043b\u0430 \u0443\u0447\u0430\u0441\u0442\u0438\u0435 \u0432 VI \u041c\u0435\u0431\u0435\u043b\u044c\u043d\u043e\u0439 \u0432\u044b\u0441\u0442\u0430\u0432\u043a\u0435 \u0421\u0430\u0440\u0430\u0433\u043e\u0441\u044b 2018, \u0433\u0434\u0435 \u0431\u044b\u043b \u043f\u0440\u0435\u0434\u0441\u0442\u0430\u0432\u043b\u0435\u043d \u0440\u044f\u0434 \u043d\u043e\u0432\u0438\u043d\u043e\u043a \u0438\u0437 \u0447\u0438\u0441\u043b\u0430[:]\" \/>\n<meta property=\"og:url\" content=\"https:\/\/karibiandescanso.com\/en\/participacionferiamueblezaragoza2018\/\" \/>\n<meta property=\"og:site_name\" content=\"Karibian Descanso\" \/>\n<meta property=\"article:published_time\" content=\"2018-02-06T17:21:30+00:00\" \/>\n<meta property=\"article:modified_time\" content=\"2020-01-28T15:05:10+00:00\" \/>\n<meta property=\"og:image\" content=\"https:\/\/karibiandescanso.com\/wp-content\/uploads\/2018\/02\/Blog-portada-feria-zaragoza1-final.png\" \/>\n\t<meta property=\"og:image:width\" content=\"1280\" \/>\n\t<meta property=\"og:image:height\" content=\"720\" \/>\n\t<meta property=\"og:image:type\" content=\"image\/png\" \/>\n<meta name=\"author\" content=\"Karibian Descanso\" \/>\n<meta name=\"twitter:card\" content=\"summary_large_image\" \/>\n<meta name=\"twitter:label1\" content=\"\u00c9crit par\" \/>\n\t<meta name=\"twitter:data1\" content=\"Karibian Descanso\" \/>\n\t<meta name=\"twitter:label2\" content=\"Dur\u00e9e de lecture estim\u00e9e\" \/>\n\t<meta name=\"twitter:data2\" content=\"6 minutes\" \/>\n<script type=\"application\/ld+json\" class=\"yoast-schema-graph\">{\"@context\":\"https:\/\/schema.org\",\"@graph\":[{\"@type\":\"Article\",\"@id\":\"https:\/\/karibiandescanso.com\/en\/participacionferiamueblezaragoza2018\/#article\",\"isPartOf\":{\"@id\":\"https:\/\/karibiandescanso.com\/en\/participacionferiamueblezaragoza2018\/\"},\"author\":{\"name\":\"Karibian Descanso\",\"@id\":\"https:\/\/karibiandescanso.com\/#\/schema\/person\/23be63b9b19bd8da8980c8eecdd69d30\"},\"headline\":\"PARTICIPATION 6\u00e8me FMZ2018\",\"datePublished\":\"2018-02-06T17:21:30+00:00\",\"dateModified\":\"2020-01-28T15:05:10+00:00\",\"mainEntityOfPage\":{\"@id\":\"https:\/\/karibiandescanso.com\/en\/participacionferiamueblezaragoza2018\/\"},\"wordCount\":1500,\"commentCount\":0,\"image\":{\"@id\":\"https:\/\/karibiandescanso.com\/en\/participacionferiamueblezaragoza2018\/#primaryimage\"},\"thumbnailUrl\":\"https:\/\/karibiandescanso.com\/wp-content\/uploads\/2018\/02\/Blog-portada-feria-zaragoza1-final.png\",\"keywords\":[\"karibian descanso\",\"Descanso\",\"confort\",\"Feria\",\"Mueble\",\"Zaragoza\",\"2018\"],\"articleSection\":[\"actualit\u00e9s\"],\"inLanguage\":\"fr-FR\",\"potentialAction\":[{\"@type\":\"CommentAction\",\"name\":\"Comment\",\"target\":[\"https:\/\/karibiandescanso.com\/en\/participacionferiamueblezaragoza2018\/#respond\"]}]},{\"@type\":\"WebPage\",\"@id\":\"https:\/\/karibiandescanso.com\/en\/participacionferiamueblezaragoza2018\/\",\"url\":\"https:\/\/karibiandescanso.com\/en\/participacionferiamueblezaragoza2018\/\",\"name\":\"[:es]PARTICIPACION 6\u00aa FMZ2018[:en]PARTICIPATION 6th FMZ2018[:fr]PARTICIPATION 6\u00e8me FMZ2018[:ru]\u0423\u0427\u0410\u0421\u0422\u0418\u0415 \u0412 VI \u041c\u0435\u0431\u0435\u043b\u044c\u043d\u043e\u0439 \u0432\u044b\u0441\u0442\u0430\u0432\u043a\u0435 \u0421\u0430\u0440\u0430\u0433\u043e\u0441\u044b 2018[:] - Karibian Descanso\",\"isPartOf\":{\"@id\":\"https:\/\/karibiandescanso.com\/#website\"},\"primaryImageOfPage\":{\"@id\":\"https:\/\/karibiandescanso.com\/en\/participacionferiamueblezaragoza2018\/#primaryimage\"},\"image\":{\"@id\":\"https:\/\/karibiandescanso.com\/en\/participacionferiamueblezaragoza2018\/#primaryimage\"},\"thumbnailUrl\":\"https:\/\/karibiandescanso.com\/wp-content\/uploads\/2018\/02\/Blog-portada-feria-zaragoza1-final.png\",\"datePublished\":\"2018-02-06T17:21:30+00:00\",\"dateModified\":\"2020-01-28T15:05:10+00:00\",\"author\":{\"@id\":\"https:\/\/karibiandescanso.com\/#\/schema\/person\/23be63b9b19bd8da8980c8eecdd69d30\"},\"breadcrumb\":{\"@id\":\"https:\/\/karibiandescanso.com\/en\/participacionferiamueblezaragoza2018\/#breadcrumb\"},\"inLanguage\":\"fr-FR\",\"potentialAction\":[{\"@type\":\"ReadAction\",\"target\":[\"https:\/\/karibiandescanso.com\/en\/participacionferiamueblezaragoza2018\/\"]}]},{\"@type\":\"ImageObject\",\"inLanguage\":\"fr-FR\",\"@id\":\"https:\/\/karibiandescanso.com\/en\/participacionferiamueblezaragoza2018\/#primaryimage\",\"url\":\"https:\/\/karibiandescanso.com\/wp-content\/uploads\/2018\/02\/Blog-portada-feria-zaragoza1-final.png\",\"contentUrl\":\"https:\/\/karibiandescanso.com\/wp-content\/uploads\/2018\/02\/Blog-portada-feria-zaragoza1-final.png\",\"width\":1280,\"height\":720},{\"@type\":\"BreadcrumbList\",\"@id\":\"https:\/\/karibiandescanso.com\/en\/participacionferiamueblezaragoza2018\/#breadcrumb\",\"itemListElement\":[{\"@type\":\"ListItem\",\"position\":1,\"name\":\"Portada\",\"item\":\"https:\/\/karibiandescanso.com\/\"},{\"@type\":\"ListItem\",\"position\":2,\"name\":\"PARTICIPATION 6th FMZ2018\"}]},{\"@type\":\"WebSite\",\"@id\":\"https:\/\/karibiandescanso.com\/#website\",\"url\":\"https:\/\/karibiandescanso.com\/\",\"name\":\"Karibian Descanso\",\"description\":\"O\u00f9 est le repos\",\"potentialAction\":[{\"@type\":\"SearchAction\",\"target\":{\"@type\":\"EntryPoint\",\"urlTemplate\":\"https:\/\/karibiandescanso.com\/?s={search_term_string}\"},\"query-input\":{\"@type\":\"PropertyValueSpecification\",\"valueRequired\":true,\"valueName\":\"search_term_string\"}}],\"inLanguage\":\"fr-FR\"},{\"@type\":\"Person\",\"@id\":\"https:\/\/karibiandescanso.com\/#\/schema\/person\/23be63b9b19bd8da8980c8eecdd69d30\",\"name\":\"Karibian Descanso\",\"image\":{\"@type\":\"ImageObject\",\"inLanguage\":\"fr-FR\",\"@id\":\"https:\/\/karibiandescanso.com\/#\/schema\/person\/image\/\",\"url\":\"https:\/\/secure.gravatar.com\/avatar\/2f55039d31e0c8cf55d2c2b6e3bb49113343c35fd46d6d11806620d3c9641ba7?s=96&d=mm&r=g\",\"contentUrl\":\"https:\/\/secure.gravatar.com\/avatar\/2f55039d31e0c8cf55d2c2b6e3bb49113343c35fd46d6d11806620d3c9641ba7?s=96&d=mm&r=g\",\"caption\":\"Karibian Descanso\"},\"url\":\"https:\/\/karibiandescanso.com\/fr\/author\/karibian-descanso\/\"}]}<\/script>\n<!-- \/ Yoast SEO plugin. -->","yoast_head_json":{"title":"[:es]PARTICIPACION 6\u00aa FMZ2018[:en]PARTICIPATION 6th FMZ2018[:fr]PARTICIPATION 6\u00e8me FMZ2018[:ru]\u0423\u0427\u0410\u0421\u0422\u0418\u0415 \u0412 VI \u041c\u0435\u0431\u0435\u043b\u044c\u043d\u043e\u0439 \u0432\u044b\u0441\u0442\u0430\u0432\u043a\u0435 \u0421\u0430\u0440\u0430\u0433\u043e\u0441\u044b 2018[:] - Karibian Descanso","robots":{"index":"index","follow":"follow","max-snippet":"max-snippet:-1","max-image-preview":"max-image-preview:large","max-video-preview":"max-video-preview:-1"},"canonical":"https:\/\/karibiandescanso.com\/en\/participacionferiamueblezaragoza2018\/","og_locale":"fr_FR","og_type":"article","og_title":"[:es]PARTICIPACION 6\u00aa FMZ2018[:en]PARTICIPATION 6th FMZ2018[:fr]PARTICIPATION 6\u00e8me FMZ2018[:ru]\u0423\u0427\u0410\u0421\u0422\u0418\u0415 \u0412 VI \u041c\u0435\u0431\u0435\u043b\u044c\u043d\u043e\u0439 \u0432\u044b\u0441\u0442\u0430\u0432\u043a\u0435 \u0421\u0430\u0440\u0430\u0433\u043e\u0441\u044b 2018[:] - Karibian Descanso","og_description":"[:es]Del 24 al 27 de Enero\u00a0Karibian Descanso\u00a0particip\u00f3 en la 6\u00aa Feria del Mueble de Zaragoza 2018, presentando diferentes novedades en sistemas del descanso, con el fin de adaptarnos a las necesidades... [:en]From 24 to 27 January, Karibian Descanso took part in the 6thZaragoza Furniture Exhibition 2018 where we presented our latest products in sleep systems. Our aim is to keep adapting our business to the needs of the market.[:fr]Du 24 au 27 de Janvier Karibian Descanso a particip\u00e9 \u00e0 la 6\u00e8me Foire du Meuble de Saragosse 2018, en pr\u00e9sentant diff\u00e9rentes nouveaut\u00e9s en syst\u00e8mes de repos, afin de nous adapter aux besoins du march\u00e9.   [:ru]\u0421 24 \u043f\u043e 27 \u044f\u043d\u0432\u0430\u0440\u044f \u043a\u043e\u043c\u043f\u0430\u043d\u0438\u044f Karibian Descanso\u00a0\u043f\u0440\u0438\u043d\u044f\u043b\u0430 \u0443\u0447\u0430\u0441\u0442\u0438\u0435 \u0432 VI \u041c\u0435\u0431\u0435\u043b\u044c\u043d\u043e\u0439 \u0432\u044b\u0441\u0442\u0430\u0432\u043a\u0435 \u0421\u0430\u0440\u0430\u0433\u043e\u0441\u044b 2018, \u0433\u0434\u0435 \u0431\u044b\u043b \u043f\u0440\u0435\u0434\u0441\u0442\u0430\u0432\u043b\u0435\u043d \u0440\u044f\u0434 \u043d\u043e\u0432\u0438\u043d\u043e\u043a \u0438\u0437 \u0447\u0438\u0441\u043b\u0430[:]","og_url":"https:\/\/karibiandescanso.com\/en\/participacionferiamueblezaragoza2018\/","og_site_name":"Karibian Descanso","article_published_time":"2018-02-06T17:21:30+00:00","article_modified_time":"2020-01-28T15:05:10+00:00","og_image":[{"width":1280,"height":720,"url":"https:\/\/karibiandescanso.com\/wp-content\/uploads\/2018\/02\/Blog-portada-feria-zaragoza1-final.png","type":"image\/png"}],"author":"Karibian Descanso","twitter_card":"summary_large_image","twitter_misc":{"\u00c9crit par":"Karibian Descanso","Dur\u00e9e de lecture estim\u00e9e":"6 minutes"},"schema":{"@context":"https:\/\/schema.org","@graph":[{"@type":"Article","@id":"https:\/\/karibiandescanso.com\/en\/participacionferiamueblezaragoza2018\/#article","isPartOf":{"@id":"https:\/\/karibiandescanso.com\/en\/participacionferiamueblezaragoza2018\/"},"author":{"name":"Karibian Descanso","@id":"https:\/\/karibiandescanso.com\/#\/schema\/person\/23be63b9b19bd8da8980c8eecdd69d30"},"headline":"PARTICIPATION 6\u00e8me FMZ2018","datePublished":"2018-02-06T17:21:30+00:00","dateModified":"2020-01-28T15:05:10+00:00","mainEntityOfPage":{"@id":"https:\/\/karibiandescanso.com\/en\/participacionferiamueblezaragoza2018\/"},"wordCount":1500,"commentCount":0,"image":{"@id":"https:\/\/karibiandescanso.com\/en\/participacionferiamueblezaragoza2018\/#primaryimage"},"thumbnailUrl":"https:\/\/karibiandescanso.com\/wp-content\/uploads\/2018\/02\/Blog-portada-feria-zaragoza1-final.png","keywords":["karibian descanso","Descanso","confort","Feria","Mueble","Zaragoza","2018"],"articleSection":["actualit\u00e9s"],"inLanguage":"fr-FR","potentialAction":[{"@type":"CommentAction","name":"Comment","target":["https:\/\/karibiandescanso.com\/en\/participacionferiamueblezaragoza2018\/#respond"]}]},{"@type":"WebPage","@id":"https:\/\/karibiandescanso.com\/en\/participacionferiamueblezaragoza2018\/","url":"https:\/\/karibiandescanso.com\/en\/participacionferiamueblezaragoza2018\/","name":"[:es]PARTICIPACION 6\u00aa FMZ2018[:en]PARTICIPATION 6th FMZ2018[:fr]PARTICIPATION 6\u00e8me FMZ2018[:ru]\u0423\u0427\u0410\u0421\u0422\u0418\u0415 \u0412 VI \u041c\u0435\u0431\u0435\u043b\u044c\u043d\u043e\u0439 \u0432\u044b\u0441\u0442\u0430\u0432\u043a\u0435 \u0421\u0430\u0440\u0430\u0433\u043e\u0441\u044b 2018[:] - Karibian Descanso","isPartOf":{"@id":"https:\/\/karibiandescanso.com\/#website"},"primaryImageOfPage":{"@id":"https:\/\/karibiandescanso.com\/en\/participacionferiamueblezaragoza2018\/#primaryimage"},"image":{"@id":"https:\/\/karibiandescanso.com\/en\/participacionferiamueblezaragoza2018\/#primaryimage"},"thumbnailUrl":"https:\/\/karibiandescanso.com\/wp-content\/uploads\/2018\/02\/Blog-portada-feria-zaragoza1-final.png","datePublished":"2018-02-06T17:21:30+00:00","dateModified":"2020-01-28T15:05:10+00:00","author":{"@id":"https:\/\/karibiandescanso.com\/#\/schema\/person\/23be63b9b19bd8da8980c8eecdd69d30"},"breadcrumb":{"@id":"https:\/\/karibiandescanso.com\/en\/participacionferiamueblezaragoza2018\/#breadcrumb"},"inLanguage":"fr-FR","potentialAction":[{"@type":"ReadAction","target":["https:\/\/karibiandescanso.com\/en\/participacionferiamueblezaragoza2018\/"]}]},{"@type":"ImageObject","inLanguage":"fr-FR","@id":"https:\/\/karibiandescanso.com\/en\/participacionferiamueblezaragoza2018\/#primaryimage","url":"https:\/\/karibiandescanso.com\/wp-content\/uploads\/2018\/02\/Blog-portada-feria-zaragoza1-final.png","contentUrl":"https:\/\/karibiandescanso.com\/wp-content\/uploads\/2018\/02\/Blog-portada-feria-zaragoza1-final.png","width":1280,"height":720},{"@type":"BreadcrumbList","@id":"https:\/\/karibiandescanso.com\/en\/participacionferiamueblezaragoza2018\/#breadcrumb","itemListElement":[{"@type":"ListItem","position":1,"name":"Portada","item":"https:\/\/karibiandescanso.com\/"},{"@type":"ListItem","position":2,"name":"PARTICIPATION 6th FMZ2018"}]},{"@type":"WebSite","@id":"https:\/\/karibiandescanso.com\/#website","url":"https:\/\/karibiandescanso.com\/","name":"Karibian Descanso","description":"O\u00f9 est le repos","potentialAction":[{"@type":"SearchAction","target":{"@type":"EntryPoint","urlTemplate":"https:\/\/karibiandescanso.com\/?s={search_term_string}"},"query-input":{"@type":"PropertyValueSpecification","valueRequired":true,"valueName":"search_term_string"}}],"inLanguage":"fr-FR"},{"@type":"Person","@id":"https:\/\/karibiandescanso.com\/#\/schema\/person\/23be63b9b19bd8da8980c8eecdd69d30","name":"Karibian Descanso","image":{"@type":"ImageObject","inLanguage":"fr-FR","@id":"https:\/\/karibiandescanso.com\/#\/schema\/person\/image\/","url":"https:\/\/secure.gravatar.com\/avatar\/2f55039d31e0c8cf55d2c2b6e3bb49113343c35fd46d6d11806620d3c9641ba7?s=96&d=mm&r=g","contentUrl":"https:\/\/secure.gravatar.com\/avatar\/2f55039d31e0c8cf55d2c2b6e3bb49113343c35fd46d6d11806620d3c9641ba7?s=96&d=mm&r=g","caption":"Karibian Descanso"},"url":"https:\/\/karibiandescanso.com\/fr\/author\/karibian-descanso\/"}]}},"_links":{"self":[{"href":"https:\/\/karibiandescanso.com\/fr\/wp-json\/wp\/v2\/posts\/1416","targetHints":{"allow":["GET"]}}],"collection":[{"href":"https:\/\/karibiandescanso.com\/fr\/wp-json\/wp\/v2\/posts"}],"about":[{"href":"https:\/\/karibiandescanso.com\/fr\/wp-json\/wp\/v2\/types\/post"}],"author":[{"embeddable":true,"href":"https:\/\/karibiandescanso.com\/fr\/wp-json\/wp\/v2\/users\/2"}],"replies":[{"embeddable":true,"href":"https:\/\/karibiandescanso.com\/fr\/wp-json\/wp\/v2\/comments?post=1416"}],"version-history":[{"count":0,"href":"https:\/\/karibiandescanso.com\/fr\/wp-json\/wp\/v2\/posts\/1416\/revisions"}],"wp:featuredmedia":[{"embeddable":true,"href":"https:\/\/karibiandescanso.com\/fr\/wp-json\/wp\/v2\/media\/1498"}],"wp:attachment":[{"href":"https:\/\/karibiandescanso.com\/fr\/wp-json\/wp\/v2\/media?parent=1416"}],"wp:term":[{"taxonomy":"category","embeddable":true,"href":"https:\/\/karibiandescanso.com\/fr\/wp-json\/wp\/v2\/categories?post=1416"},{"taxonomy":"post_tag","embeddable":true,"href":"https:\/\/karibiandescanso.com\/fr\/wp-json\/wp\/v2\/tags?post=1416"}],"curies":[{"name":"wp","href":"https:\/\/api.w.org\/{rel}","templated":true}]}}