{"id":14603,"date":"2024-06-03T17:26:54","date_gmt":"2024-06-03T15:26:54","guid":{"rendered":"https:\/\/www.karibiandescanso.com\/?p=14603"},"modified":"2024-07-19T08:14:46","modified_gmt":"2024-07-19T06:14:46","slug":"62o-fmy2024","status":"publish","type":"post","link":"https:\/\/karibiandescanso.com\/fr\/62o-fmy2024\/","title":{"rendered":"62\u00ba FMY2024"},"content":{"rendered":"<p>[vc_row css_animation=&#8221;&#8221; row_type=&#8221;row&#8221; use_row_as_full_screen_section=&#8221;no&#8221; type=&#8221;full_width&#8221; angled_section=&#8221;no&#8221; text_align=&#8221;left&#8221; background_image_as_pattern=&#8221;without_pattern&#8221;][vc_column][vc_column_text]La semaine derni\u00e8re, Karibian a particip\u00e9 \u00e0 la 62<sup>e<\/sup> \u00e9dition du <a href=\"https:\/\/feriayecla.com\/\">salon du meuble de Yecla<\/a> 2024, qui s&#8217;est tenu du 28 au 31 mai.<\/p>\n<p>&nbsp;<\/p>\n<p style=\"text-align: justify;\">Cet \u00e9v\u00e9nement, qui se distingue par sa longue histoire et son caract\u00e8re international, a \u00e9t\u00e9 une fois de plus le point de rencontre des professionnels du secteur du meuble, du bois et des secteurs connexes. \u00c0 cette occasion, le nombre de visiteurs a augment\u00e9 de 20 % par rapport \u00e0 l&#8217;\u00e9dition pr\u00e9c\u00e9dente et l&#8217;activit\u00e9 commerciale s&#8217;est d\u00e9roul\u00e9e dans le centre d&#8217;exposition, avec pr\u00e8s de 100 exposants.<\/p>\n<p>[\/vc_column_text][vc_separator type=&#8221;normal&#8221;][vc_single_image image=&#8221;14615&#8243; img_size=&#8221;full&#8221; alignment=&#8221;center&#8221; qode_css_animation=&#8221;&#8221; css=&#8221;.vc_custom_1717486785918{margin-bottom: 80px !important;}&#8221;][vc_column_text]<strong>La derni\u00e8re \u00e9dition de FM Yecla s&#8217;est achev\u00e9e vendredi dernier.<\/strong><\/p>\n<p style=\"text-align: justify;\">Une fois de plus, Karibian a pris part \u00e0 cet important \u00e9v\u00e9nement et a cl\u00f4tur\u00e9 sa participation avec succ\u00e8s. Apr\u00e8s quelques jours intenses d&#8217;activit\u00e9s, de visites et de r\u00e9unions d&#8217;affaires au Salon du meuble de Yecla, nous tenons \u00e0 remercier tous les professionnels, les clients, les amis et le grand public qui nous ont rendu visite au cours de cette \u00e9dition.<\/p>\n<p style=\"text-align: justify;\">Le stand de Karibian \u00e9tait l&#8217;endroit id\u00e9al pour pr\u00e9senter les derniers lancements de la marque, qui mise toujours en faveur du design et de la qualit\u00e9. Nous vous en pr\u00e9sentons ci-dessous un petit \u00e9chantillon.<\/p>\n<p>[\/vc_column_text][\/vc_column][\/vc_row][vc_row css_animation=&#8221;&#8221; row_type=&#8221;row&#8221; use_row_as_full_screen_section=&#8221;no&#8221; type=&#8221;full_width&#8221; angled_section=&#8221;no&#8221; text_align=&#8221;left&#8221; background_image_as_pattern=&#8221;without_pattern&#8221; css=&#8221;.vc_custom_1582651890821{margin-top: 40px !important;}&#8221; z_index=&#8221;&#8221;][vc_column width=&#8221;1\/2&#8243; css=&#8221;.vc_custom_1582704876715{margin-top: 40px !important;margin-bottom: 80px !important;}&#8221;][vc_single_image image=&#8221;14617&#8243; img_size=&#8221;full&#8221; qode_css_animation=&#8221;&#8221;][\/vc_column][vc_column width=&#8221;1\/2&#8243;][vc_empty_space height=&#8221;40px&#8221;][vc_single_image image=&#8221;14618&#8243; img_size=&#8221;full&#8221; qode_css_animation=&#8221;&#8221;][\/vc_column][\/vc_row][vc_row css_animation=&#8221;&#8221; row_type=&#8221;row&#8221; use_row_as_full_screen_section=&#8221;no&#8221; type=&#8221;full_width&#8221; angled_section=&#8221;no&#8221; text_align=&#8221;left&#8221; background_image_as_pattern=&#8221;without_pattern&#8221;][vc_column][vc_empty_space][vc_column_text]<\/p>\n<h3 style=\"text-align: center;\">Venez et grandissez!<\/h3>\n<p>[\/vc_column_text][vc_empty_space][\/vc_column][\/vc_row]<\/p>","protected":false},"excerpt":{"rendered":"<p>Karibian Descanso a particip\u00e9 au 62\u00e8me Salon du Meuble de Yecla 2024. Ce Concours s&#8217;est d\u00e9roul\u00e9 du 28 au 31 mai, et a \u00e9t\u00e9 le point de rencontre entre les professionnels des secteurs du meuble, du bois et connexes&#8230;<\/p>\n","protected":false},"author":2,"featured_media":14606,"comment_status":"open","ping_status":"open","sticky":false,"template":"","format":"standard","meta":{"footnotes":""},"categories":[10,164],"tags":[161,167,227,269,270,271,25,80,91,100],"class_list":["post-14603","post","type-post","status-publish","format-standard","has-post-thumbnail","hentry","category-noticias","category-ferias","tag-mueble-de-espana","tag-spain-furniture","tag-feria-mueble-yecla","tag-fmy2024","tag-ven-y-crece","tag-contract","tag-karibian-descanso","tag-colchon","tag-mattress","tag-furniture"],"yoast_head":"<!-- This site is optimized with the Yoast SEO plugin v27.0 - https:\/\/yoast.com\/product\/yoast-seo-wordpress\/ -->\n<title>62\u00ba FMY2024 - Karibian Descanso<\/title>\n<meta name=\"robots\" content=\"index, follow, max-snippet:-1, max-image-preview:large, max-video-preview:-1\" \/>\n<link rel=\"canonical\" href=\"https:\/\/karibiandescanso.com\/en\/62o-fmy2024\/\" \/>\n<meta property=\"og:locale\" content=\"fr_FR\" \/>\n<meta property=\"og:type\" content=\"article\" \/>\n<meta property=\"og:title\" content=\"[:es]62\u00ba FMY2024[:en]62ND FMY2024[:fr]62\u00ba FMY2024[:ru]62\u041d\u0414 FMY2024[:pl]62\u00ba FMY2024[:] - Karibian Descanso\" \/>\n<meta property=\"og:description\" content=\"[:es]Karibian Descanso particip\u00f3 en la 62 Feria del Mueble de Yecla 2024. Este Certamen se ha celebrado del 28 al 31 de mayo, y ha sido el punto de encuentro entre los profesionales del sector del mueble, la madera y afines.[:en]Karibian Descanso participated in the 62nd Yecla Furniture Fair 2024. This fair was held from 28th to 31st May, and was the meeting point for professionals in the furniture, wood and related sectors.[:fr]Karibian Descanso a particip\u00e9 au 62\u00e8me Salon du Meuble de Yecla 2024. Ce Concours s&#039;est d\u00e9roul\u00e9 du 28 au 31 mai, et a \u00e9t\u00e9 le point de rencontre entre les professionnels des secteurs du meuble, du bois et connexes...[:ru]\u041a\u043e\u043c\u043f\u0430\u043d\u0438\u044f Karibian Descanso \u043f\u0440\u0438\u043d\u044f\u043b\u0430 \u0443\u0447\u0430\u0441\u0442\u0438\u0435 \u0432 62-\u0439 \u0432\u044b\u0441\u0442\u0430\u0432\u043a\u0435 Yecla Furniture Fair 2024. \u042d\u0442\u0430 \u044f\u0440\u043c\u0430\u0440\u043a\u0430 \u043f\u0440\u043e\u0445\u043e\u0434\u0438\u043b\u0430 \u0441 28 \u043f\u043e 31 \u043c\u0430\u044f \u0438 \u0441\u0442\u0430\u043b\u0430 \u043c\u0435\u0441\u0442\u043e\u043c \u0432\u0441\u0442\u0440\u0435\u0447\u0438 \u043f\u0440\u043e\u0444\u0435\u0441\u0441\u0438\u043e\u043d\u0430\u043b\u043e\u0432 \u0432 \u043e\u0431\u043b\u0430\u0441\u0442\u0438 \u043c\u0435\u0431\u0435\u043b\u0438, \u0434\u0435\u0440\u0435\u0432\u0430 \u0438 \u0441\u043c\u0435\u0436\u043d\u044b\u0445 \u043e\u0442\u0440\u0430\u0441\u043b\u0435\u0439.[:pl]Karibian Descanso wzi\u0105\u0142 udzia\u0142 w 62. Targach Mebli Yecla 2024. Konkurs ten odby\u0142 si\u0119 w dniach 28\u201331 maja i by\u0142 miejscem spotka\u0144 profesjonalist\u00f3w z bran\u017cy meblarskiej, drzewnej i pokrewnych.[:]\" \/>\n<meta property=\"og:url\" content=\"https:\/\/karibiandescanso.com\/en\/62o-fmy2024\/\" \/>\n<meta property=\"og:site_name\" content=\"Karibian Descanso\" \/>\n<meta property=\"article:published_time\" content=\"2024-06-03T15:26:54+00:00\" \/>\n<meta property=\"article:modified_time\" content=\"2024-07-19T06:14:46+00:00\" \/>\n<meta property=\"og:image\" content=\"https:\/\/karibiandescanso.com\/wp-content\/uploads\/2024\/06\/FMY-24.jpg\" \/>\n\t<meta property=\"og:image:width\" content=\"583\" \/>\n\t<meta property=\"og:image:height\" content=\"330\" \/>\n\t<meta property=\"og:image:type\" content=\"image\/jpeg\" \/>\n<meta name=\"author\" content=\"Karibian Descanso\" \/>\n<meta name=\"twitter:card\" content=\"summary_large_image\" \/>\n<meta name=\"twitter:label1\" content=\"\u00c9crit par\" \/>\n\t<meta name=\"twitter:data1\" content=\"Karibian Descanso\" \/>\n\t<meta name=\"twitter:label2\" content=\"Dur\u00e9e de lecture estim\u00e9e\" \/>\n\t<meta name=\"twitter:data2\" content=\"3 minutes\" \/>\n<script type=\"application\/ld+json\" class=\"yoast-schema-graph\">{\"@context\":\"https:\/\/schema.org\",\"@graph\":[{\"@type\":\"Article\",\"@id\":\"https:\/\/karibiandescanso.com\/en\/62o-fmy2024\/#article\",\"isPartOf\":{\"@id\":\"https:\/\/karibiandescanso.com\/en\/62o-fmy2024\/\"},\"author\":{\"name\":\"Karibian Descanso\",\"@id\":\"https:\/\/karibiandescanso.com\/#\/schema\/person\/23be63b9b19bd8da8980c8eecdd69d30\"},\"headline\":\"62\u00ba FMY2024\",\"datePublished\":\"2024-06-03T15:26:54+00:00\",\"dateModified\":\"2024-07-19T06:14:46+00:00\",\"mainEntityOfPage\":{\"@id\":\"https:\/\/karibiandescanso.com\/en\/62o-fmy2024\/\"},\"wordCount\":1971,\"commentCount\":0,\"image\":{\"@id\":\"https:\/\/karibiandescanso.com\/en\/62o-fmy2024\/#primaryimage\"},\"thumbnailUrl\":\"https:\/\/karibiandescanso.com\/wp-content\/uploads\/2024\/06\/FMY-24.jpg\",\"keywords\":[\"Mueble de Espa\u00f1a\",\"Spain Furniture\",\"Feria Mueble Yecla\",\"FMY2024\",\"Ven y Crece\",\"Contract\",\"karibian descanso\",\"Colchon\",\"Mattress\",\"Furniture\"],\"articleSection\":[\"actualit\u00e9s\",\"Ferias\"],\"inLanguage\":\"fr-FR\",\"potentialAction\":[{\"@type\":\"CommentAction\",\"name\":\"Comment\",\"target\":[\"https:\/\/karibiandescanso.com\/en\/62o-fmy2024\/#respond\"]}]},{\"@type\":\"WebPage\",\"@id\":\"https:\/\/karibiandescanso.com\/en\/62o-fmy2024\/\",\"url\":\"https:\/\/karibiandescanso.com\/en\/62o-fmy2024\/\",\"name\":\"[:es]62\u00ba FMY2024[:en]62ND FMY2024[:fr]62\u00ba FMY2024[:ru]62\u041d\u0414 FMY2024[:pl]62\u00ba FMY2024[:] - Karibian Descanso\",\"isPartOf\":{\"@id\":\"https:\/\/karibiandescanso.com\/#website\"},\"primaryImageOfPage\":{\"@id\":\"https:\/\/karibiandescanso.com\/en\/62o-fmy2024\/#primaryimage\"},\"image\":{\"@id\":\"https:\/\/karibiandescanso.com\/en\/62o-fmy2024\/#primaryimage\"},\"thumbnailUrl\":\"https:\/\/karibiandescanso.com\/wp-content\/uploads\/2024\/06\/FMY-24.jpg\",\"datePublished\":\"2024-06-03T15:26:54+00:00\",\"dateModified\":\"2024-07-19T06:14:46+00:00\",\"author\":{\"@id\":\"https:\/\/karibiandescanso.com\/#\/schema\/person\/23be63b9b19bd8da8980c8eecdd69d30\"},\"breadcrumb\":{\"@id\":\"https:\/\/karibiandescanso.com\/en\/62o-fmy2024\/#breadcrumb\"},\"inLanguage\":\"fr-FR\",\"potentialAction\":[{\"@type\":\"ReadAction\",\"target\":[\"https:\/\/karibiandescanso.com\/en\/62o-fmy2024\/\"]}]},{\"@type\":\"ImageObject\",\"inLanguage\":\"fr-FR\",\"@id\":\"https:\/\/karibiandescanso.com\/en\/62o-fmy2024\/#primaryimage\",\"url\":\"https:\/\/karibiandescanso.com\/wp-content\/uploads\/2024\/06\/FMY-24.jpg\",\"contentUrl\":\"https:\/\/karibiandescanso.com\/wp-content\/uploads\/2024\/06\/FMY-24.jpg\",\"width\":583,\"height\":330},{\"@type\":\"BreadcrumbList\",\"@id\":\"https:\/\/karibiandescanso.com\/en\/62o-fmy2024\/#breadcrumb\",\"itemListElement\":[{\"@type\":\"ListItem\",\"position\":1,\"name\":\"Portada\",\"item\":\"https:\/\/karibiandescanso.com\/\"},{\"@type\":\"ListItem\",\"position\":2,\"name\":\"62ND FMY2024\"}]},{\"@type\":\"WebSite\",\"@id\":\"https:\/\/karibiandescanso.com\/#website\",\"url\":\"https:\/\/karibiandescanso.com\/\",\"name\":\"Karibian Descanso\",\"description\":\"O\u00f9 est le repos\",\"potentialAction\":[{\"@type\":\"SearchAction\",\"target\":{\"@type\":\"EntryPoint\",\"urlTemplate\":\"https:\/\/karibiandescanso.com\/?s={search_term_string}\"},\"query-input\":{\"@type\":\"PropertyValueSpecification\",\"valueRequired\":true,\"valueName\":\"search_term_string\"}}],\"inLanguage\":\"fr-FR\"},{\"@type\":\"Person\",\"@id\":\"https:\/\/karibiandescanso.com\/#\/schema\/person\/23be63b9b19bd8da8980c8eecdd69d30\",\"name\":\"Karibian Descanso\",\"image\":{\"@type\":\"ImageObject\",\"inLanguage\":\"fr-FR\",\"@id\":\"https:\/\/karibiandescanso.com\/#\/schema\/person\/image\/\",\"url\":\"https:\/\/secure.gravatar.com\/avatar\/2f55039d31e0c8cf55d2c2b6e3bb49113343c35fd46d6d11806620d3c9641ba7?s=96&d=mm&r=g\",\"contentUrl\":\"https:\/\/secure.gravatar.com\/avatar\/2f55039d31e0c8cf55d2c2b6e3bb49113343c35fd46d6d11806620d3c9641ba7?s=96&d=mm&r=g\",\"caption\":\"Karibian Descanso\"},\"url\":\"https:\/\/karibiandescanso.com\/fr\/author\/karibian-descanso\/\"}]}<\/script>\n<!-- \/ Yoast SEO plugin. -->","yoast_head_json":{"title":"[:es]62\u00ba FMY2024[:en]62ND FMY2024[:fr]62\u00ba FMY2024[:ru]62\u041d\u0414 FMY2024[:pl]62\u00ba FMY2024[:] - Karibian Descanso","robots":{"index":"index","follow":"follow","max-snippet":"max-snippet:-1","max-image-preview":"max-image-preview:large","max-video-preview":"max-video-preview:-1"},"canonical":"https:\/\/karibiandescanso.com\/en\/62o-fmy2024\/","og_locale":"fr_FR","og_type":"article","og_title":"[:es]62\u00ba FMY2024[:en]62ND FMY2024[:fr]62\u00ba FMY2024[:ru]62\u041d\u0414 FMY2024[:pl]62\u00ba FMY2024[:] - Karibian Descanso","og_description":"[:es]Karibian Descanso particip\u00f3 en la 62 Feria del Mueble de Yecla 2024. Este Certamen se ha celebrado del 28 al 31 de mayo, y ha sido el punto de encuentro entre los profesionales del sector del mueble, la madera y afines.[:en]Karibian Descanso participated in the 62nd Yecla Furniture Fair 2024. This fair was held from 28th to 31st May, and was the meeting point for professionals in the furniture, wood and related sectors.[:fr]Karibian Descanso a particip\u00e9 au 62\u00e8me Salon du Meuble de Yecla 2024. Ce Concours s'est d\u00e9roul\u00e9 du 28 au 31 mai, et a \u00e9t\u00e9 le point de rencontre entre les professionnels des secteurs du meuble, du bois et connexes...[:ru]\u041a\u043e\u043c\u043f\u0430\u043d\u0438\u044f Karibian Descanso \u043f\u0440\u0438\u043d\u044f\u043b\u0430 \u0443\u0447\u0430\u0441\u0442\u0438\u0435 \u0432 62-\u0439 \u0432\u044b\u0441\u0442\u0430\u0432\u043a\u0435 Yecla Furniture Fair 2024. \u042d\u0442\u0430 \u044f\u0440\u043c\u0430\u0440\u043a\u0430 \u043f\u0440\u043e\u0445\u043e\u0434\u0438\u043b\u0430 \u0441 28 \u043f\u043e 31 \u043c\u0430\u044f \u0438 \u0441\u0442\u0430\u043b\u0430 \u043c\u0435\u0441\u0442\u043e\u043c \u0432\u0441\u0442\u0440\u0435\u0447\u0438 \u043f\u0440\u043e\u0444\u0435\u0441\u0441\u0438\u043e\u043d\u0430\u043b\u043e\u0432 \u0432 \u043e\u0431\u043b\u0430\u0441\u0442\u0438 \u043c\u0435\u0431\u0435\u043b\u0438, \u0434\u0435\u0440\u0435\u0432\u0430 \u0438 \u0441\u043c\u0435\u0436\u043d\u044b\u0445 \u043e\u0442\u0440\u0430\u0441\u043b\u0435\u0439.[:pl]Karibian Descanso wzi\u0105\u0142 udzia\u0142 w 62. Targach Mebli Yecla 2024. Konkurs ten odby\u0142 si\u0119 w dniach 28\u201331 maja i by\u0142 miejscem spotka\u0144 profesjonalist\u00f3w z bran\u017cy meblarskiej, drzewnej i pokrewnych.[:]","og_url":"https:\/\/karibiandescanso.com\/en\/62o-fmy2024\/","og_site_name":"Karibian Descanso","article_published_time":"2024-06-03T15:26:54+00:00","article_modified_time":"2024-07-19T06:14:46+00:00","og_image":[{"width":583,"height":330,"url":"https:\/\/karibiandescanso.com\/wp-content\/uploads\/2024\/06\/FMY-24.jpg","type":"image\/jpeg"}],"author":"Karibian Descanso","twitter_card":"summary_large_image","twitter_misc":{"\u00c9crit par":"Karibian Descanso","Dur\u00e9e de lecture estim\u00e9e":"3 minutes"},"schema":{"@context":"https:\/\/schema.org","@graph":[{"@type":"Article","@id":"https:\/\/karibiandescanso.com\/en\/62o-fmy2024\/#article","isPartOf":{"@id":"https:\/\/karibiandescanso.com\/en\/62o-fmy2024\/"},"author":{"name":"Karibian Descanso","@id":"https:\/\/karibiandescanso.com\/#\/schema\/person\/23be63b9b19bd8da8980c8eecdd69d30"},"headline":"62\u00ba FMY2024","datePublished":"2024-06-03T15:26:54+00:00","dateModified":"2024-07-19T06:14:46+00:00","mainEntityOfPage":{"@id":"https:\/\/karibiandescanso.com\/en\/62o-fmy2024\/"},"wordCount":1971,"commentCount":0,"image":{"@id":"https:\/\/karibiandescanso.com\/en\/62o-fmy2024\/#primaryimage"},"thumbnailUrl":"https:\/\/karibiandescanso.com\/wp-content\/uploads\/2024\/06\/FMY-24.jpg","keywords":["Mueble de Espa\u00f1a","Spain Furniture","Feria Mueble Yecla","FMY2024","Ven y Crece","Contract","karibian descanso","Colchon","Mattress","Furniture"],"articleSection":["actualit\u00e9s","Ferias"],"inLanguage":"fr-FR","potentialAction":[{"@type":"CommentAction","name":"Comment","target":["https:\/\/karibiandescanso.com\/en\/62o-fmy2024\/#respond"]}]},{"@type":"WebPage","@id":"https:\/\/karibiandescanso.com\/en\/62o-fmy2024\/","url":"https:\/\/karibiandescanso.com\/en\/62o-fmy2024\/","name":"[:es]62\u00ba FMY2024[:en]62ND FMY2024[:fr]62\u00ba FMY2024[:ru]62\u041d\u0414 FMY2024[:pl]62\u00ba FMY2024[:] - Karibian Descanso","isPartOf":{"@id":"https:\/\/karibiandescanso.com\/#website"},"primaryImageOfPage":{"@id":"https:\/\/karibiandescanso.com\/en\/62o-fmy2024\/#primaryimage"},"image":{"@id":"https:\/\/karibiandescanso.com\/en\/62o-fmy2024\/#primaryimage"},"thumbnailUrl":"https:\/\/karibiandescanso.com\/wp-content\/uploads\/2024\/06\/FMY-24.jpg","datePublished":"2024-06-03T15:26:54+00:00","dateModified":"2024-07-19T06:14:46+00:00","author":{"@id":"https:\/\/karibiandescanso.com\/#\/schema\/person\/23be63b9b19bd8da8980c8eecdd69d30"},"breadcrumb":{"@id":"https:\/\/karibiandescanso.com\/en\/62o-fmy2024\/#breadcrumb"},"inLanguage":"fr-FR","potentialAction":[{"@type":"ReadAction","target":["https:\/\/karibiandescanso.com\/en\/62o-fmy2024\/"]}]},{"@type":"ImageObject","inLanguage":"fr-FR","@id":"https:\/\/karibiandescanso.com\/en\/62o-fmy2024\/#primaryimage","url":"https:\/\/karibiandescanso.com\/wp-content\/uploads\/2024\/06\/FMY-24.jpg","contentUrl":"https:\/\/karibiandescanso.com\/wp-content\/uploads\/2024\/06\/FMY-24.jpg","width":583,"height":330},{"@type":"BreadcrumbList","@id":"https:\/\/karibiandescanso.com\/en\/62o-fmy2024\/#breadcrumb","itemListElement":[{"@type":"ListItem","position":1,"name":"Portada","item":"https:\/\/karibiandescanso.com\/"},{"@type":"ListItem","position":2,"name":"62ND FMY2024"}]},{"@type":"WebSite","@id":"https:\/\/karibiandescanso.com\/#website","url":"https:\/\/karibiandescanso.com\/","name":"Karibian Descanso","description":"O\u00f9 est le repos","potentialAction":[{"@type":"SearchAction","target":{"@type":"EntryPoint","urlTemplate":"https:\/\/karibiandescanso.com\/?s={search_term_string}"},"query-input":{"@type":"PropertyValueSpecification","valueRequired":true,"valueName":"search_term_string"}}],"inLanguage":"fr-FR"},{"@type":"Person","@id":"https:\/\/karibiandescanso.com\/#\/schema\/person\/23be63b9b19bd8da8980c8eecdd69d30","name":"Karibian Descanso","image":{"@type":"ImageObject","inLanguage":"fr-FR","@id":"https:\/\/karibiandescanso.com\/#\/schema\/person\/image\/","url":"https:\/\/secure.gravatar.com\/avatar\/2f55039d31e0c8cf55d2c2b6e3bb49113343c35fd46d6d11806620d3c9641ba7?s=96&d=mm&r=g","contentUrl":"https:\/\/secure.gravatar.com\/avatar\/2f55039d31e0c8cf55d2c2b6e3bb49113343c35fd46d6d11806620d3c9641ba7?s=96&d=mm&r=g","caption":"Karibian Descanso"},"url":"https:\/\/karibiandescanso.com\/fr\/author\/karibian-descanso\/"}]}},"_links":{"self":[{"href":"https:\/\/karibiandescanso.com\/fr\/wp-json\/wp\/v2\/posts\/14603","targetHints":{"allow":["GET"]}}],"collection":[{"href":"https:\/\/karibiandescanso.com\/fr\/wp-json\/wp\/v2\/posts"}],"about":[{"href":"https:\/\/karibiandescanso.com\/fr\/wp-json\/wp\/v2\/types\/post"}],"author":[{"embeddable":true,"href":"https:\/\/karibiandescanso.com\/fr\/wp-json\/wp\/v2\/users\/2"}],"replies":[{"embeddable":true,"href":"https:\/\/karibiandescanso.com\/fr\/wp-json\/wp\/v2\/comments?post=14603"}],"version-history":[{"count":0,"href":"https:\/\/karibiandescanso.com\/fr\/wp-json\/wp\/v2\/posts\/14603\/revisions"}],"wp:featuredmedia":[{"embeddable":true,"href":"https:\/\/karibiandescanso.com\/fr\/wp-json\/wp\/v2\/media\/14606"}],"wp:attachment":[{"href":"https:\/\/karibiandescanso.com\/fr\/wp-json\/wp\/v2\/media?parent=14603"}],"wp:term":[{"taxonomy":"category","embeddable":true,"href":"https:\/\/karibiandescanso.com\/fr\/wp-json\/wp\/v2\/categories?post=14603"},{"taxonomy":"post_tag","embeddable":true,"href":"https:\/\/karibiandescanso.com\/fr\/wp-json\/wp\/v2\/tags?post=14603"}],"curies":[{"name":"wp","href":"https:\/\/api.w.org\/{rel}","templated":true}]}}