{"id":1618,"date":"2018-04-06T17:42:02","date_gmt":"2018-04-06T16:42:02","guid":{"rendered":"https:\/\/www.karibiandescanso.com\/?p=1618"},"modified":"2019-03-11T08:17:00","modified_gmt":"2019-03-11T07:17:00","slug":"colaboracion-en-jc-ferrero-co","status":"publish","type":"post","link":"https:\/\/karibiandescanso.com\/fr\/colaboracion-en-jc-ferrero-co\/","title":{"rendered":"COLLABORATION AU JCFCO"},"content":{"rendered":"<p><\/p>\n<p class=\"CuerpoA\" style=\"text-align: justify;\"><span class=\"Ninguno\"><span lang=\"FR\"><a href=\"https:\/\/www.karibiandescanso.com\/fr\/\"><strong>Karibian Descanso<\/strong><\/a>, a collabor\u00e9 avec le club valencien \u00abJuan Carlos Ferrero Equelite Sport Academy\u00bb, en raison du Tournoi International professionnel \u00ab<em><strong>Ferrero Challenger Open<\/strong><\/em>\u00bb. Ce rencontre sportif, a \u00e9t\u00e9 c\u00e9l\u00e9br\u00e9 du 31 de Mars au 7 d\u00b4Avril, dans les installations sportives du club, \u00e0 la ville de Villena.<\/span><\/span><\/p>\n<p><img loading=\"lazy\" decoding=\"async\" class=\"aligncenter wp-image-1621 size-full\" src=\"https:\/\/www.karibiandescanso.com\/wp-content\/uploads\/2018\/04\/Tenis-jugador-experto-copia-e1522940570656.jpg\" alt=\"\" width=\"1895\" height=\"577\" srcset=\"https:\/\/karibiandescanso.com\/wp-content\/uploads\/2018\/04\/Tenis-jugador-experto-copia-e1522940570656.jpg 1895w, https:\/\/karibiandescanso.com\/wp-content\/uploads\/2018\/04\/Tenis-jugador-experto-copia-e1522940570656-300x91.jpg 300w, https:\/\/karibiandescanso.com\/wp-content\/uploads\/2018\/04\/Tenis-jugador-experto-copia-e1522940570656-1024x312.jpg 1024w\" sizes=\"auto, (max-width: 1895px) 100vw, 1895px\" \/><\/p>\n<p class=\"CuerpoA\" style=\"text-align: justify;\"><span class=\"Ninguno\"><span lang=\"FR\">Aujourd\u00b4hui, il n\u00b4est pas un secret <strong>que faire du sport am\u00e9liore la qualit\u00e9 du repos<\/strong>. Entra\u00eener le corps et travailler les muscles est aussi important comme avoir un bon repos. Le repos quotidien est indispensable, pour maintenir le corps et l\u00b4\u00e2me en bon \u00e9tat. Le r\u00e9sultat d\u00b4un repos optimal est li\u00e9 \u00e0 un style de vie sain. <\/span><\/span><\/p>\n<p class=\"CuerpoA\" style=\"text-align: justify;\"><span class=\"Ninguno\"><span lang=\"FR\">Pa<\/span><\/span><span class=\"Ninguno\"><span lang=\"FR\">r ailleurs de faire un bon \u00e9chauffement, avoir une hydratation ad\u00e9quat et une correcte alimentation, <strong>il est aussi important dormir sur un matelas de qualit\u00e9, une bonne oreiller et un bon endroit de repos pour bien se reposer<\/strong>. La combinaison de ces facteurs, nous donnent un repos r\u00e9parateur, indispensable pour faire du sport. Selon les expertises il est conseill\u00e9 dormir au moins 8 heures, pour avoir une r\u00e9cup\u00e9ration physique totale.<\/span><\/span><\/p>\n\n\t\t<style type=\"text\/css\">\n\t\t\t#gallery-3 {\n\t\t\t\tmargin: auto;\n\t\t\t}\n\t\t\t#gallery-3 .gallery-item {\n\t\t\t\tfloat: left;\n\t\t\t\tmargin-top: 10px;\n\t\t\t\ttext-align: center;\n\t\t\t\twidth: 50%;\n\t\t\t}\n\t\t\t#gallery-3 img {\n\t\t\t\tborder: 2px solid #cfcfcf;\n\t\t\t}\n\t\t\t#gallery-3 .gallery-caption {\n\t\t\t\tmargin-left: 0;\n\t\t\t}\n\t\t\t\/* see gallery_shortcode() in wp-includes\/media.php *\/\n\t\t<\/style>\n\t\t<div id='gallery-3' class='gallery galleryid-1618 gallery-columns-2 gallery-size-full'><dl class='gallery-item'>\n\t\t\t<dt class='gallery-icon landscape'>\n\t\t\t\t<a href='https:\/\/karibiandescanso.com\/fr\/colaboracion-en-jc-ferrero-co\/render-emmar-2-3\/'><img loading=\"lazy\" decoding=\"async\" width=\"1861\" height=\"1245\" src=\"https:\/\/karibiandescanso.com\/wp-content\/uploads\/2018\/04\/RENDER-EMMAR-2-2-e1522943244773.jpg\" class=\"attachment-full size-full\" alt=\"\" srcset=\"https:\/\/karibiandescanso.com\/wp-content\/uploads\/2018\/04\/RENDER-EMMAR-2-2-e1522943244773.jpg 1861w, https:\/\/karibiandescanso.com\/wp-content\/uploads\/2018\/04\/RENDER-EMMAR-2-2-e1522943244773-300x201.jpg 300w, https:\/\/karibiandescanso.com\/wp-content\/uploads\/2018\/04\/RENDER-EMMAR-2-2-e1522943244773-1024x685.jpg 1024w\" sizes=\"auto, (max-width: 1861px) 100vw, 1861px\" \/><\/a>\n\t\t\t<\/dt><\/dl><dl class='gallery-item'>\n\t\t\t<dt class='gallery-icon landscape'>\n\t\t\t\t<a href='https:\/\/karibiandescanso.com\/fr\/colaboracion-en-jc-ferrero-co\/mujr-1\/'><img loading=\"lazy\" decoding=\"async\" width=\"1500\" height=\"1001\" src=\"https:\/\/karibiandescanso.com\/wp-content\/uploads\/2018\/04\/mujr-1-e1522943286795.jpg\" class=\"attachment-full size-full\" alt=\"\" srcset=\"https:\/\/karibiandescanso.com\/wp-content\/uploads\/2018\/04\/mujr-1-e1522943286795.jpg 1500w, https:\/\/karibiandescanso.com\/wp-content\/uploads\/2018\/04\/mujr-1-e1522943286795-300x200.jpg 300w, https:\/\/karibiandescanso.com\/wp-content\/uploads\/2018\/04\/mujr-1-e1522943286795-1024x683.jpg 1024w\" sizes=\"auto, (max-width: 1500px) 100vw, 1500px\" \/><\/a>\n\t\t\t<\/dt><\/dl><br style=\"clear: both\" \/>\n\t\t<\/div>\n\n<p>&nbsp;<\/p>\n<p><img loading=\"lazy\" decoding=\"async\" class=\"wp-image-1637 alignright\" src=\"https:\/\/www.karibiandescanso.com\/wp-content\/uploads\/2018\/04\/img-academia1.jpg\" alt=\"\" width=\"310\" height=\"181\" srcset=\"https:\/\/karibiandescanso.com\/wp-content\/uploads\/2018\/04\/img-academia1.jpg 1200w, https:\/\/karibiandescanso.com\/wp-content\/uploads\/2018\/04\/img-academia1-300x175.jpg 300w, https:\/\/karibiandescanso.com\/wp-content\/uploads\/2018\/04\/img-academia1-1024x597.jpg 1024w\" sizes=\"auto, (max-width: 310px) 100vw, 310px\" \/><\/p>\n<p class=\"CuerpoA\" style=\"text-align: justify;\"><span class=\"Ninguno\"><span lang=\"FR\">Le centre d\u00b4haute performance \u00ab<strong>Juan Carlos Ferrer-Equelite Sport Academy<\/strong>\u00bb cr\u00e9e aux ann\u00e9es 90, est situ\u00e9 \u00e0 Villena, et est caract\u00e9ris\u00e9 pour \u00eatre une des meilleurs \u00e9coles de tennis du monde, gr\u00e2ce \u00e0 ses installations et son staff technique. Une acad\u00e9mie connue \u00e0 niveau mondial, qui compte avec un domaine de 120.000m\u00b2, plac\u00e9 dans un environnement optimal, afin que les jeunes deviennent grands sportifs, de la taille de Juan Carlos Ferrero (N\u00ba 1 ATP), Nicol\u00e1s Almagro (Top 10) ou Mar\u00eda Teresa Torr\u00f3 Flor (Top 50).<\/span><\/span><\/p>\n<p class=\"CuerpoA\" style=\"text-align: justify;\"><span class=\"Ninguno\"><span lang=\"FR\">Si vous voulez en savoir plus, visitez le site web: <\/span><\/span><span lang=\"FR\"><a href=\"http:\/\/www.equelite.com\/\"><span class=\"Hyperlink6\">http:\/\/www.equelite.com<\/span><\/a><\/span><\/p>\n<p>&nbsp;<\/p>\n<p class=\"CuerpoA\" style=\"text-align: justify;\"><span class=\"Ninguno\"><span lang=\"FR\">Pendant le mois de mars et la premi\u00e8re semaine d\u00b4avril, l\u00b4acad\u00e9mie JC Ferrero-Equelite deviendra le si\u00e8ge de trois comp\u00e9titions de grand int\u00e9r\u00eat et impact \u00e0 niveau national et international. Il s\u00b4agit du \u00abNational Junior\u00bb, \u00abITF Junior G-1\u00bb et pour premi\u00e8re fois, une comp\u00e9tition du ATP Challenger Tour, le \u00abChallenger JC Ferrero Open\u00bb. \u00ab<strong>Le mois du tennis<\/strong>\u00bb, appel\u00e9 comme \u00e7a pour l\u00b4acad\u00e9mie, aura trois jours de tennis de premier niveau, dans le bout de rapprocher et am\u00e9liorer ce sport en diff\u00e9rents domaines. Par ailleurs, il y aura des \u00e9v\u00e9nements parall\u00e8les, comme une rencontre avec de joueurs professionnels de l\u00b4acad\u00e9mie, un match d\u00b4exhibition de professionnels, et un cours f<\/span><\/span><span class=\"Ninguno\"><span lang=\"FR\">ormativ<\/span><\/span><span class=\"Ninguno\"><span lang=\"FR\">e sur le tennis f\u00e9minin.<\/span><\/span><\/p>\n<p><img loading=\"lazy\" decoding=\"async\" class=\"alignleft size-full wp-image-1633\" src=\"https:\/\/www.karibiandescanso.com\/wp-content\/uploads\/2018\/04\/fotos-tenis-copia.jpg\" alt=\"\" width=\"1920\" height=\"532\" srcset=\"https:\/\/karibiandescanso.com\/wp-content\/uploads\/2018\/04\/fotos-tenis-copia.jpg 1920w, https:\/\/karibiandescanso.com\/wp-content\/uploads\/2018\/04\/fotos-tenis-copia-300x83.jpg 300w, https:\/\/karibiandescanso.com\/wp-content\/uploads\/2018\/04\/fotos-tenis-copia-1024x284.jpg 1024w\" sizes=\"auto, (max-width: 1920px) 100vw, 1920px\" \/><\/p>\n<p class=\"CuerpoA\" style=\"text-align: justify;\"><span class=\"NingunoAA\"><span lang=\"FR\">Le <strong>matelas Emaar<\/strong> de la s\u00e9rie Platinum, poss\u00e8de un design exclusif, et vous offre un confort unique. Un m\u00e9lange de sensations exceptionnels, gr\u00e2ce \u00e0 la combinaison Neropur et Tencel.<\/span><\/span><\/p>\n<p class=\"CuerpoA\" style=\"text-align: justify;\"><span class=\"Hyperlink7\"><span lang=\"FR\">Le <strong>Neropur<\/strong> est une mousse HR de 60kg m\u00b3, fabriqu\u00e9e \u00e0 partir d\u00b4un choix minutieux de mati\u00e8res premi\u00e8res, que lui apportent une grande douceur et un toucher soyeux pour vous donner le sommeil plus confortable. La mousse HR est compos\u00e9e par Nerol\u00ed, l\u00b4huile essentiel extrait de la fleur d\u00b4orang\u00e9, caract\u00e9ris\u00e9 par son agr\u00e9able parfum, et ses couleurs exclusifs, deviendra le partenaire parfait pour avoir des bonnes nuits r\u00e9paratrices. <\/span><\/span><\/p>\n<p class=\"CuerpoA\" style=\"text-align: justify;\"><span lang=\"FR\">Les mousses HR 50kg\/m\u00b3 (violet, wine) sont fabriqu\u00e9es avec base soya compos\u00e9 de polyols sp\u00e9ciaux, lesquels lui apportent un 30% plus de r\u00e9silience que les autres HR. Gr\u00e2ce \u00e0 \u00e7a, c\u00b4est le soutien parfait, en offrant une large durabilit\u00e9, par ailleurs de pr\u00e9senter designs exclusifs \u00e9tudi\u00e9s pour l\u00b4anatomie du corps.<\/span><\/p>\n<p class=\"CuerpoA\" style=\"text-align: justify;\"><span class=\"NingunoAA\"><span lang=\"FR\">Le matelas Emaar est compos\u00e9 par <strong>Tencel<\/strong>, une fibre 100% naturelle, \u00e9cologique et biod\u00e9gradable d\u00b4origine v\u00e9g\u00e9tale, obtenu de la pulpe de bois. Cette fibre cellulosique, offre un toucher tr\u00e8s doux et un confort maximal pour la peau. Le Tencel vous assurera le confort, gr\u00e2ce \u00e0 la capacit\u00e9 d\u00b4absorption de l\u00b4humidit\u00e9, en offrant un environnement sain au corps.<\/span><\/span><\/p>\n<p><img loading=\"lazy\" decoding=\"async\" class=\"alignleft size-full wp-image-1714\" src=\"https:\/\/www.karibiandescanso.com\/wp-content\/uploads\/2018\/04\/NUCLEOS-BLOG.png\" alt=\"\" width=\"1920\" height=\"685\" srcset=\"https:\/\/karibiandescanso.com\/wp-content\/uploads\/2018\/04\/NUCLEOS-BLOG.png 1920w, https:\/\/karibiandescanso.com\/wp-content\/uploads\/2018\/04\/NUCLEOS-BLOG-300x107.png 300w, https:\/\/karibiandescanso.com\/wp-content\/uploads\/2018\/04\/NUCLEOS-BLOG-1024x365.png 1024w\" sizes=\"auto, (max-width: 1920px) 100vw, 1920px\" \/><\/p>\n<p class=\"CuerpoA\" style=\"text-align: justify;\"><span class=\"NingunoAA\"><span lang=\"FR\">Chez Karibian Descanso, nous innovons toujours, en s\u00b4adaptant aux go\u00fbts et pr\u00e9f\u00e9rences de toutes les personnes. C\u00b4est pourquoi, nous offrons deux options pour le matelas Emaar. Une premi\u00e8re option consiste en un noyau plus souple (<strong>Emaar Soft<\/strong>), qui nous offre une combinaison plus moelleux et doux comme du velours pour le repos, en nous faisant sentir comme sur une nuage; la deuxi\u00e8me option combine les mat\u00e9riaux pour offre une sensation de fermet\u00e9 (<strong>Emaar Firm<\/strong>) plus rigide et ferme. Par ailleurs, pour matelas \u00e0 partir de 135 cm nous offrons la possibilit\u00e9 de combiner les deux options, afin d\u00b4obtenir un matelas bi-confort id\u00e9al pour ceux qui dorment en couple.\u00a0\u00a0 <\/span><\/span><\/p>\n<p class=\"CuerpoAA\" style=\"text-align: justify;\"><span class=\"Ninguno\"><span lang=\"FR\">Il ne faut pas oublier, avoir un bon repos est indispensable pour faire du sport. Le matelas Emaar est parfait pour les athl\u00e8tes plus exigeants car il offre la possibilit\u00e9 de l\u00b4adapter aux pr\u00e9f\u00e9rences de chacun. Le r\u00e9sultat d\u00b4un repos plaisant, est li\u00e9 avec le bien-\u00eatre et un mode de vie sain. Le repos et le sport jouent dans la m\u00eame \u00e9quipe, c\u00b4est pour \u00e7a que <strong>Karibian Descanso<\/strong> a collabor\u00e9 avec cet \u00e9v\u00e9nement sportif de grand impact international, o\u00f9 ils ont particip\u00e9 nombreux des meilleurs joueurs de tennis espagnols des derni\u00e8res ann\u00e9es, et les jeunes stars du tennis de demain. <\/span><\/span><\/p>\n<p class=\"CuerpoAA\" style=\"text-align: justify;\"><span class=\"Ninguno\"><span lang=\"FR\">Est-ce que vous voulez conna\u00eetre nos produits? <\/span><\/span><\/p>\n<p class=\"CuerpoAA\" style=\"text-align: justify;\"><span class=\"Ninguno\"><span lang=\"FR\">Visitez notre site web\u00a0:\u00a0<\/span><\/span><span lang=\"FR\"><a href=\"https:\/\/www.karibiandescanso.com\/fr\/\"><span class=\"Hyperlink8\">https:\/\/www.karibiandescanso.com<\/span><\/a><\/span><\/p>\n<p><\/p>","protected":false},"excerpt":{"rendered":"<p>Karibian Descanso collabore dans la premi\u00e8re \u00c9dition du Tournoi de tennis professionnel international \u00abFerrero Challenger Open\u00bb qui a eu lieu \u00e0 Villena du 31 de Mars au 7 d\u00b4avril dans les installations sportives du club.<\/p>\n","protected":false},"author":2,"featured_media":2217,"comment_status":"open","ping_status":"open","sticky":false,"template":"","format":"standard","meta":{"footnotes":""},"categories":[10],"tags":[25,26,27,29,30,31,32,33,54,55,89],"class_list":["post-1618","post","type-post","status-publish","format-standard","has-post-thumbnail","hentry","category-noticias","tag-karibian-descanso","tag-deporte","tag-salud","tag-descanso","tag-challenger-open","tag-juan-carlos-ferrero","tag-tenis","tag-bienestar","tag-bien-etre","tag-tennis","tag-sports"],"yoast_head":"<!-- This site is optimized with the Yoast SEO plugin v27.0 - https:\/\/yoast.com\/product\/yoast-seo-wordpress\/ -->\n<title>COLLABORATION AU JCFCO - Karibian Descanso<\/title>\n<meta name=\"robots\" content=\"index, follow, max-snippet:-1, max-image-preview:large, max-video-preview:-1\" \/>\n<link rel=\"canonical\" href=\"https:\/\/karibiandescanso.com\/fr\/colaboracion-en-jc-ferrero-co\/\" \/>\n<meta property=\"og:locale\" content=\"fr_FR\" \/>\n<meta property=\"og:type\" content=\"article\" \/>\n<meta property=\"og:title\" content=\"[:es]COLABORACI\u00d3N EN JC FERRERO CO[:en]COLLABORATION IN FCO[:fr]COLLABORATION AU JCFCO[:ru]KARIBIAN DESCANSO \u0421\u0422\u0410\u041b\u0410 \u0421\u041f\u041e\u041d\u0421\u041e\u0420\u041e\u041c JCFCO[:] - Karibian Descanso\" \/>\n<meta property=\"og:description\" content=\"[:es]Karibian Descanso, colabora en la primera edici\u00f3n del Torneo de tenis profesional internacional &quot;Ferrero Challenger Open&quot;. Celebrado en Villena del 31 de Marzo al 7 de Abril. [:en]Karibian Descanso has been collaborating in the \u2018Ferrero Challenger Open\u2019, the first edition of this international professional tennis tournament, taking place in Villena from 31 March to 7 April\u2026 [:fr]Karibian Descanso collabore dans la premi\u00e8re \u00c9dition du Tournoi de tennis professionnel international \u00abFerrero Challenger Open\u00bb qui a eu lieu \u00e0 Villena du 31 de Mars au 7 d\u00b4avril dans les installations sportives du club.[:ru]\u041a\u043e\u043c\u043f\u0430\u043d\u0438\u044f Karibian Descanso \u043e\u043a\u0430\u0437\u0430\u043b\u0430 \u043f\u043e\u0434\u0434\u0435\u0440\u0436\u043a\u0443 \u0432\u0430\u043b\u0435\u043d\u0441\u0438\u0439\u0441\u043a\u043e\u043c\u0443 \u043a\u043b\u0443\u0431\u0443 Juan Carlos\u00a0Ferrero Equelite Sport Academy \u0432 \u043f\u0440\u043e\u0432\u0435\u0434\u0435\u043d\u0438\u0438 \u043c\u0435\u0436\u0434\u0443\u043d\u0430\u0440\u043e\u0434\u043d\u043e\u0433\u043e.[:]\" \/>\n<meta property=\"og:url\" content=\"https:\/\/karibiandescanso.com\/fr\/colaboracion-en-jc-ferrero-co\/\" \/>\n<meta property=\"og:site_name\" content=\"Karibian Descanso\" \/>\n<meta property=\"article:published_time\" content=\"2018-04-06T16:42:02+00:00\" \/>\n<meta property=\"article:modified_time\" content=\"2019-03-11T07:17:00+00:00\" \/>\n<meta property=\"og:image\" content=\"https:\/\/karibiandescanso.com\/wp-content\/uploads\/2018\/04\/1234.jpg\" \/>\n\t<meta property=\"og:image:width\" content=\"1920\" \/>\n\t<meta property=\"og:image:height\" content=\"1097\" \/>\n\t<meta property=\"og:image:type\" content=\"image\/jpeg\" \/>\n<meta name=\"author\" content=\"Karibian Descanso\" \/>\n<meta name=\"twitter:card\" content=\"summary_large_image\" \/>\n<meta name=\"twitter:label1\" content=\"\u00c9crit par\" \/>\n\t<meta name=\"twitter:data1\" content=\"Karibian Descanso\" \/>\n\t<meta name=\"twitter:label2\" content=\"Dur\u00e9e de lecture estim\u00e9e\" \/>\n\t<meta name=\"twitter:data2\" content=\"13 minutes\" \/>\n<script type=\"application\/ld+json\" class=\"yoast-schema-graph\">{\"@context\":\"https:\/\/schema.org\",\"@graph\":[{\"@type\":\"Article\",\"@id\":\"https:\/\/karibiandescanso.com\/fr\/colaboracion-en-jc-ferrero-co\/#article\",\"isPartOf\":{\"@id\":\"https:\/\/karibiandescanso.com\/fr\/colaboracion-en-jc-ferrero-co\/\"},\"author\":{\"name\":\"Karibian Descanso\",\"@id\":\"https:\/\/karibiandescanso.com\/#\/schema\/person\/23be63b9b19bd8da8980c8eecdd69d30\"},\"headline\":\"COLLABORATION AU JCFCO\",\"datePublished\":\"2018-04-06T16:42:02+00:00\",\"dateModified\":\"2019-03-11T07:17:00+00:00\",\"mainEntityOfPage\":{\"@id\":\"https:\/\/karibiandescanso.com\/fr\/colaboracion-en-jc-ferrero-co\/\"},\"wordCount\":3341,\"commentCount\":0,\"image\":{\"@id\":\"https:\/\/karibiandescanso.com\/fr\/colaboracion-en-jc-ferrero-co\/#primaryimage\"},\"thumbnailUrl\":\"https:\/\/karibiandescanso.com\/wp-content\/uploads\/2018\/04\/1234.jpg\",\"keywords\":[\"karibian descanso\",\"Deporte\",\"Salud\",\"Descanso\",\"Challenger Open\",\"Juan Carlos Ferrero\",\"Tenis\",\"Bienestar\",\"Bien-\u00eatre\",\"Tennis\",\"Sports\"],\"articleSection\":[\"actualit\u00e9s\"],\"inLanguage\":\"fr-FR\",\"potentialAction\":[{\"@type\":\"CommentAction\",\"name\":\"Comment\",\"target\":[\"https:\/\/karibiandescanso.com\/fr\/colaboracion-en-jc-ferrero-co\/#respond\"]}]},{\"@type\":\"WebPage\",\"@id\":\"https:\/\/karibiandescanso.com\/fr\/colaboracion-en-jc-ferrero-co\/\",\"url\":\"https:\/\/karibiandescanso.com\/fr\/colaboracion-en-jc-ferrero-co\/\",\"name\":\"[:es]COLABORACI\u00d3N EN JC FERRERO CO[:en]COLLABORATION IN FCO[:fr]COLLABORATION AU JCFCO[:ru]KARIBIAN DESCANSO \u0421\u0422\u0410\u041b\u0410 \u0421\u041f\u041e\u041d\u0421\u041e\u0420\u041e\u041c JCFCO[:] - Karibian Descanso\",\"isPartOf\":{\"@id\":\"https:\/\/karibiandescanso.com\/#website\"},\"primaryImageOfPage\":{\"@id\":\"https:\/\/karibiandescanso.com\/fr\/colaboracion-en-jc-ferrero-co\/#primaryimage\"},\"image\":{\"@id\":\"https:\/\/karibiandescanso.com\/fr\/colaboracion-en-jc-ferrero-co\/#primaryimage\"},\"thumbnailUrl\":\"https:\/\/karibiandescanso.com\/wp-content\/uploads\/2018\/04\/1234.jpg\",\"datePublished\":\"2018-04-06T16:42:02+00:00\",\"dateModified\":\"2019-03-11T07:17:00+00:00\",\"author\":{\"@id\":\"https:\/\/karibiandescanso.com\/#\/schema\/person\/23be63b9b19bd8da8980c8eecdd69d30\"},\"breadcrumb\":{\"@id\":\"https:\/\/karibiandescanso.com\/fr\/colaboracion-en-jc-ferrero-co\/#breadcrumb\"},\"inLanguage\":\"fr-FR\",\"potentialAction\":[{\"@type\":\"ReadAction\",\"target\":[\"https:\/\/karibiandescanso.com\/fr\/colaboracion-en-jc-ferrero-co\/\"]}]},{\"@type\":\"ImageObject\",\"inLanguage\":\"fr-FR\",\"@id\":\"https:\/\/karibiandescanso.com\/fr\/colaboracion-en-jc-ferrero-co\/#primaryimage\",\"url\":\"https:\/\/karibiandescanso.com\/wp-content\/uploads\/2018\/04\/1234.jpg\",\"contentUrl\":\"https:\/\/karibiandescanso.com\/wp-content\/uploads\/2018\/04\/1234.jpg\",\"width\":1920,\"height\":1097},{\"@type\":\"BreadcrumbList\",\"@id\":\"https:\/\/karibiandescanso.com\/fr\/colaboracion-en-jc-ferrero-co\/#breadcrumb\",\"itemListElement\":[{\"@type\":\"ListItem\",\"position\":1,\"name\":\"Portada\",\"item\":\"https:\/\/karibiandescanso.com\/\"},{\"@type\":\"ListItem\",\"position\":2,\"name\":\"COLLABORATION AU JCFCO\"}]},{\"@type\":\"WebSite\",\"@id\":\"https:\/\/karibiandescanso.com\/#website\",\"url\":\"https:\/\/karibiandescanso.com\/\",\"name\":\"Karibian Descanso\",\"description\":\"O\u00f9 est le repos\",\"potentialAction\":[{\"@type\":\"SearchAction\",\"target\":{\"@type\":\"EntryPoint\",\"urlTemplate\":\"https:\/\/karibiandescanso.com\/?s={search_term_string}\"},\"query-input\":{\"@type\":\"PropertyValueSpecification\",\"valueRequired\":true,\"valueName\":\"search_term_string\"}}],\"inLanguage\":\"fr-FR\"},{\"@type\":\"Person\",\"@id\":\"https:\/\/karibiandescanso.com\/#\/schema\/person\/23be63b9b19bd8da8980c8eecdd69d30\",\"name\":\"Karibian Descanso\",\"image\":{\"@type\":\"ImageObject\",\"inLanguage\":\"fr-FR\",\"@id\":\"https:\/\/karibiandescanso.com\/#\/schema\/person\/image\/\",\"url\":\"https:\/\/secure.gravatar.com\/avatar\/2f55039d31e0c8cf55d2c2b6e3bb49113343c35fd46d6d11806620d3c9641ba7?s=96&d=mm&r=g\",\"contentUrl\":\"https:\/\/secure.gravatar.com\/avatar\/2f55039d31e0c8cf55d2c2b6e3bb49113343c35fd46d6d11806620d3c9641ba7?s=96&d=mm&r=g\",\"caption\":\"Karibian Descanso\"},\"url\":\"https:\/\/karibiandescanso.com\/fr\/author\/karibian-descanso\/\"}]}<\/script>\n<!-- \/ Yoast SEO plugin. -->","yoast_head_json":{"title":"[:es]COLABORACI\u00d3N EN JC FERRERO CO[:en]COLLABORATION IN FCO[:fr]COLLABORATION AU JCFCO[:ru]KARIBIAN DESCANSO \u0421\u0422\u0410\u041b\u0410 \u0421\u041f\u041e\u041d\u0421\u041e\u0420\u041e\u041c JCFCO[:] - Karibian Descanso","robots":{"index":"index","follow":"follow","max-snippet":"max-snippet:-1","max-image-preview":"max-image-preview:large","max-video-preview":"max-video-preview:-1"},"canonical":"https:\/\/karibiandescanso.com\/fr\/colaboracion-en-jc-ferrero-co\/","og_locale":"fr_FR","og_type":"article","og_title":"[:es]COLABORACI\u00d3N EN JC FERRERO CO[:en]COLLABORATION IN FCO[:fr]COLLABORATION AU JCFCO[:ru]KARIBIAN DESCANSO \u0421\u0422\u0410\u041b\u0410 \u0421\u041f\u041e\u041d\u0421\u041e\u0420\u041e\u041c JCFCO[:] - Karibian Descanso","og_description":"[:es]Karibian Descanso, colabora en la primera edici\u00f3n del Torneo de tenis profesional internacional \"Ferrero Challenger Open\". Celebrado en Villena del 31 de Marzo al 7 de Abril. [:en]Karibian Descanso has been collaborating in the \u2018Ferrero Challenger Open\u2019, the first edition of this international professional tennis tournament, taking place in Villena from 31 March to 7 April\u2026 [:fr]Karibian Descanso collabore dans la premi\u00e8re \u00c9dition du Tournoi de tennis professionnel international \u00abFerrero Challenger Open\u00bb qui a eu lieu \u00e0 Villena du 31 de Mars au 7 d\u00b4avril dans les installations sportives du club.[:ru]\u041a\u043e\u043c\u043f\u0430\u043d\u0438\u044f Karibian Descanso \u043e\u043a\u0430\u0437\u0430\u043b\u0430 \u043f\u043e\u0434\u0434\u0435\u0440\u0436\u043a\u0443 \u0432\u0430\u043b\u0435\u043d\u0441\u0438\u0439\u0441\u043a\u043e\u043c\u0443 \u043a\u043b\u0443\u0431\u0443 Juan Carlos\u00a0Ferrero Equelite Sport Academy \u0432 \u043f\u0440\u043e\u0432\u0435\u0434\u0435\u043d\u0438\u0438 \u043c\u0435\u0436\u0434\u0443\u043d\u0430\u0440\u043e\u0434\u043d\u043e\u0433\u043e.[:]","og_url":"https:\/\/karibiandescanso.com\/fr\/colaboracion-en-jc-ferrero-co\/","og_site_name":"Karibian Descanso","article_published_time":"2018-04-06T16:42:02+00:00","article_modified_time":"2019-03-11T07:17:00+00:00","og_image":[{"width":1920,"height":1097,"url":"https:\/\/karibiandescanso.com\/wp-content\/uploads\/2018\/04\/1234.jpg","type":"image\/jpeg"}],"author":"Karibian Descanso","twitter_card":"summary_large_image","twitter_misc":{"\u00c9crit par":"Karibian Descanso","Dur\u00e9e de lecture estim\u00e9e":"13 minutes"},"schema":{"@context":"https:\/\/schema.org","@graph":[{"@type":"Article","@id":"https:\/\/karibiandescanso.com\/fr\/colaboracion-en-jc-ferrero-co\/#article","isPartOf":{"@id":"https:\/\/karibiandescanso.com\/fr\/colaboracion-en-jc-ferrero-co\/"},"author":{"name":"Karibian Descanso","@id":"https:\/\/karibiandescanso.com\/#\/schema\/person\/23be63b9b19bd8da8980c8eecdd69d30"},"headline":"COLLABORATION AU JCFCO","datePublished":"2018-04-06T16:42:02+00:00","dateModified":"2019-03-11T07:17:00+00:00","mainEntityOfPage":{"@id":"https:\/\/karibiandescanso.com\/fr\/colaboracion-en-jc-ferrero-co\/"},"wordCount":3341,"commentCount":0,"image":{"@id":"https:\/\/karibiandescanso.com\/fr\/colaboracion-en-jc-ferrero-co\/#primaryimage"},"thumbnailUrl":"https:\/\/karibiandescanso.com\/wp-content\/uploads\/2018\/04\/1234.jpg","keywords":["karibian descanso","Deporte","Salud","Descanso","Challenger Open","Juan Carlos Ferrero","Tenis","Bienestar","Bien-\u00eatre","Tennis","Sports"],"articleSection":["actualit\u00e9s"],"inLanguage":"fr-FR","potentialAction":[{"@type":"CommentAction","name":"Comment","target":["https:\/\/karibiandescanso.com\/fr\/colaboracion-en-jc-ferrero-co\/#respond"]}]},{"@type":"WebPage","@id":"https:\/\/karibiandescanso.com\/fr\/colaboracion-en-jc-ferrero-co\/","url":"https:\/\/karibiandescanso.com\/fr\/colaboracion-en-jc-ferrero-co\/","name":"[:es]COLABORACI\u00d3N EN JC FERRERO CO[:en]COLLABORATION IN FCO[:fr]COLLABORATION AU JCFCO[:ru]KARIBIAN DESCANSO \u0421\u0422\u0410\u041b\u0410 \u0421\u041f\u041e\u041d\u0421\u041e\u0420\u041e\u041c JCFCO[:] - Karibian Descanso","isPartOf":{"@id":"https:\/\/karibiandescanso.com\/#website"},"primaryImageOfPage":{"@id":"https:\/\/karibiandescanso.com\/fr\/colaboracion-en-jc-ferrero-co\/#primaryimage"},"image":{"@id":"https:\/\/karibiandescanso.com\/fr\/colaboracion-en-jc-ferrero-co\/#primaryimage"},"thumbnailUrl":"https:\/\/karibiandescanso.com\/wp-content\/uploads\/2018\/04\/1234.jpg","datePublished":"2018-04-06T16:42:02+00:00","dateModified":"2019-03-11T07:17:00+00:00","author":{"@id":"https:\/\/karibiandescanso.com\/#\/schema\/person\/23be63b9b19bd8da8980c8eecdd69d30"},"breadcrumb":{"@id":"https:\/\/karibiandescanso.com\/fr\/colaboracion-en-jc-ferrero-co\/#breadcrumb"},"inLanguage":"fr-FR","potentialAction":[{"@type":"ReadAction","target":["https:\/\/karibiandescanso.com\/fr\/colaboracion-en-jc-ferrero-co\/"]}]},{"@type":"ImageObject","inLanguage":"fr-FR","@id":"https:\/\/karibiandescanso.com\/fr\/colaboracion-en-jc-ferrero-co\/#primaryimage","url":"https:\/\/karibiandescanso.com\/wp-content\/uploads\/2018\/04\/1234.jpg","contentUrl":"https:\/\/karibiandescanso.com\/wp-content\/uploads\/2018\/04\/1234.jpg","width":1920,"height":1097},{"@type":"BreadcrumbList","@id":"https:\/\/karibiandescanso.com\/fr\/colaboracion-en-jc-ferrero-co\/#breadcrumb","itemListElement":[{"@type":"ListItem","position":1,"name":"Portada","item":"https:\/\/karibiandescanso.com\/"},{"@type":"ListItem","position":2,"name":"COLLABORATION AU JCFCO"}]},{"@type":"WebSite","@id":"https:\/\/karibiandescanso.com\/#website","url":"https:\/\/karibiandescanso.com\/","name":"Karibian Descanso","description":"O\u00f9 est le repos","potentialAction":[{"@type":"SearchAction","target":{"@type":"EntryPoint","urlTemplate":"https:\/\/karibiandescanso.com\/?s={search_term_string}"},"query-input":{"@type":"PropertyValueSpecification","valueRequired":true,"valueName":"search_term_string"}}],"inLanguage":"fr-FR"},{"@type":"Person","@id":"https:\/\/karibiandescanso.com\/#\/schema\/person\/23be63b9b19bd8da8980c8eecdd69d30","name":"Karibian Descanso","image":{"@type":"ImageObject","inLanguage":"fr-FR","@id":"https:\/\/karibiandescanso.com\/#\/schema\/person\/image\/","url":"https:\/\/secure.gravatar.com\/avatar\/2f55039d31e0c8cf55d2c2b6e3bb49113343c35fd46d6d11806620d3c9641ba7?s=96&d=mm&r=g","contentUrl":"https:\/\/secure.gravatar.com\/avatar\/2f55039d31e0c8cf55d2c2b6e3bb49113343c35fd46d6d11806620d3c9641ba7?s=96&d=mm&r=g","caption":"Karibian Descanso"},"url":"https:\/\/karibiandescanso.com\/fr\/author\/karibian-descanso\/"}]}},"_links":{"self":[{"href":"https:\/\/karibiandescanso.com\/fr\/wp-json\/wp\/v2\/posts\/1618","targetHints":{"allow":["GET"]}}],"collection":[{"href":"https:\/\/karibiandescanso.com\/fr\/wp-json\/wp\/v2\/posts"}],"about":[{"href":"https:\/\/karibiandescanso.com\/fr\/wp-json\/wp\/v2\/types\/post"}],"author":[{"embeddable":true,"href":"https:\/\/karibiandescanso.com\/fr\/wp-json\/wp\/v2\/users\/2"}],"replies":[{"embeddable":true,"href":"https:\/\/karibiandescanso.com\/fr\/wp-json\/wp\/v2\/comments?post=1618"}],"version-history":[{"count":0,"href":"https:\/\/karibiandescanso.com\/fr\/wp-json\/wp\/v2\/posts\/1618\/revisions"}],"wp:featuredmedia":[{"embeddable":true,"href":"https:\/\/karibiandescanso.com\/fr\/wp-json\/wp\/v2\/media\/2217"}],"wp:attachment":[{"href":"https:\/\/karibiandescanso.com\/fr\/wp-json\/wp\/v2\/media?parent=1618"}],"wp:term":[{"taxonomy":"category","embeddable":true,"href":"https:\/\/karibiandescanso.com\/fr\/wp-json\/wp\/v2\/categories?post=1618"},{"taxonomy":"post_tag","embeddable":true,"href":"https:\/\/karibiandescanso.com\/fr\/wp-json\/wp\/v2\/tags?post=1618"}],"curies":[{"name":"wp","href":"https:\/\/api.w.org\/{rel}","templated":true}]}}