{"id":18115,"date":"2024-11-22T12:33:33","date_gmt":"2024-11-22T11:33:33","guid":{"rendered":"https:\/\/www.karibiandescanso.com\/?p=18115"},"modified":"2025-04-15T10:05:05","modified_gmt":"2025-04-15T08:05:05","slug":"espritmeuble-paris-2024","status":"publish","type":"post","link":"https:\/\/karibiandescanso.com\/fr\/espritmeuble-paris-2024\/","title":{"rendered":"ESPRITMEUBLE PARIS 2024"},"content":{"rendered":"<p>[vc_row css_animation=&#8221;&#8221; row_type=&#8221;row&#8221; use_row_as_full_screen_section=&#8221;no&#8221; type=&#8221;full_width&#8221; angled_section=&#8221;no&#8221; text_align=&#8221;left&#8221; background_image_as_pattern=&#8221;without_pattern&#8221;][vc_column][vc_column_text]Karibian a particip\u00e9 \u00e0 la <strong>12\u00e8me \u00e9dition d&#8217;<a href=\"https:\/\/www.espritmeuble.com\/en\/home\">EspritMeuble<\/a><\/strong> 2024 qui s&#8217;est tenue du 16 au 19 novembre \u00e0 Paris.<\/p>\n<p style=\"text-align: justify;\">Le salon EspritMeuble &#8211; Porte de Versailles a r\u00e9uni plus de 400 exposants pendant 4 jours, sur plus de 48 000m\u00b2 d&#8217;espace d&#8217;exposition. La capitale fran\u00e7aise est devenue le cadre id\u00e9al pour la cr\u00e9ativit\u00e9 espagnole.<\/p>\n<p>[\/vc_column_text][vc_separator type=&#8221;normal&#8221;][vc_single_image image=&#8221;18118&#8243; img_size=&#8221;full&#8221; alignment=&#8221;center&#8221; qode_css_animation=&#8221;&#8221; css=&#8221;.vc_custom_1744701910295{margin-bottom: 80px !important;}&#8221;][vc_column_text]<strong>ESPRITSOMMEIL<\/strong><\/p>\n<p>EspritMeuble, avec diff\u00e9rents secteurs.<\/p>\n<p>Karibian a particip\u00e9 \u00e0 <a href=\"https:\/\/www.espritmeuble.com\/en\/secteur\/sommeil\">EspritSommeil<\/a>, l&#8217;espace d\u00e9di\u00e9 au secteur du repos.[\/vc_column_text][\/vc_column][\/vc_row][vc_row css_animation=&#8221;&#8221; row_type=&#8221;row&#8221; use_row_as_full_screen_section=&#8221;no&#8221; type=&#8221;full_width&#8221; angled_section=&#8221;no&#8221; text_align=&#8221;left&#8221; background_image_as_pattern=&#8221;without_pattern&#8221; css=&#8221;.vc_custom_1582651890821{margin-top: 40px !important;}&#8221; z_index=&#8221;&#8221;][vc_column width=&#8221;1\/2&#8243; css=&#8221;.vc_custom_1582704876715{margin-top: 40px !important;margin-bottom: 80px !important;}&#8221;][vc_single_image image=&#8221;18119&#8243; img_size=&#8221;full&#8221; qode_css_animation=&#8221;&#8221;][\/vc_column][vc_column width=&#8221;1\/2&#8243;][vc_empty_space height=&#8221;40px&#8221;][vc_single_image image=&#8221;18120&#8243; img_size=&#8221;full&#8221; qode_css_animation=&#8221;&#8221;][\/vc_column][\/vc_row][vc_row css_animation=&#8221;&#8221; row_type=&#8221;row&#8221; use_row_as_full_screen_section=&#8221;no&#8221; type=&#8221;full_width&#8221; angled_section=&#8221;no&#8221; text_align=&#8221;left&#8221; background_image_as_pattern=&#8221;without_pattern&#8221;][vc_column][vc_empty_space][vc_column_text]<strong>Karibian a repris sa participation \u00e0 cet \u00e9v\u00e9nement international<\/strong><\/p>\n<p style=\"text-align: justify;\">Pendant quatre jours, l&#8217;entreprise a pr\u00e9sent\u00e9 ses nouveaux produits dans un grand stand qui attire l&#8217;attention. Dans ce stand, tous les visiteurs ont d\u00e9couvert les derni\u00e8res nouveaut\u00e9s de la marque, pr\u00e9par\u00e9es pour tous les publics.<\/p>\n<p style=\"text-align: justify;\">Apr\u00e8s quelques jours intenses d&#8217;activit\u00e9s, de visites et de r\u00e9unions d&#8217;affaires \u00e0 EspritMeuble, l&#8217;entreprise tient \u00e0 remercier de leur pr\u00e9sence tous les professionnels, les clients, les amis et le grand public qui nous ont rendu visite lors de cette \u00e9dition.<\/p>\n<p>[\/vc_column_text][vc_empty_space height=&#8221;20px&#8221;][vc_column_text]<\/p>\n<h3 style=\"text-align: left;\">A la prochaine fois !<\/h3>\n<p>[\/vc_column_text][vc_empty_space][\/vc_column][\/vc_row]<\/p>","protected":false},"excerpt":{"rendered":"<p>Karibian a particip\u00e9 \u00e0 la 12\u00e8me \u00e9dition d&#8217;EspritMeuble 2024 \u00e0 Paris. Cet \u00e9v\u00e9nement s&#8217;est d\u00e9roul\u00e9 du 16 au 19 novembre. Le cabinet a pr\u00e9sent\u00e9 ses derni\u00e8res innovations en mati\u00e8re de repos.<\/p>\n","protected":false},"author":2,"featured_media":18122,"comment_status":"open","ping_status":"open","sticky":false,"template":"","format":"standard","meta":{"footnotes":""},"categories":[10,164],"tags":[91,100,161,167,271,280,281,25,80,85,87],"class_list":["post-18115","post","type-post","status-publish","format-standard","has-post-thumbnail","hentry","category-noticias","category-ferias","tag-mattress","tag-furniture","tag-mueble-de-espana","tag-spain-furniture","tag-contract","tag-espritsommeil","tag-ferias-2024","tag-karibian-descanso","tag-colchon","tag-paris","tag-espritmeuble"],"yoast_head":"<!-- This site is optimized with the Yoast SEO plugin v27.0 - https:\/\/yoast.com\/product\/yoast-seo-wordpress\/ -->\n<title>ESPRITMEUBLE PARIS 2024 - Karibian Descanso<\/title>\n<meta name=\"robots\" content=\"index, follow, max-snippet:-1, max-image-preview:large, max-video-preview:-1\" \/>\n<link rel=\"canonical\" href=\"https:\/\/karibiandescanso.com\/pl\/espritmeuble-paris-2024\/\" \/>\n<meta property=\"og:locale\" content=\"fr_FR\" \/>\n<meta property=\"og:type\" content=\"article\" \/>\n<meta property=\"og:title\" content=\"ESPRITMEUBLE PARIS 2024 - Karibian Descanso\" \/>\n<meta property=\"og:description\" content=\"[:es]Karibian particip\u00f3 en la 12\u00aa edici\u00f3n de EspritMeuble 2024 en Par\u00eds. Este evento se celebr\u00f3 del 16 al 19 de noviembre. La firma present\u00f3 sus \u00faltimas innovaciones en descanso.[:en]Karibian participated in the 12th edition of EspritMeuble 2024 in Paris. This event was held from 16 to 19 November. The firm presented its latest innovations in rest.[:fr]Karibian a particip\u00e9 \u00e0 la 12\u00e8me \u00e9dition d&#039;EspritMeuble 2024 \u00e0 Paris. Cet \u00e9v\u00e9nement s&#039;est d\u00e9roul\u00e9 du 16 au 19 novembre. Le cabinet a pr\u00e9sent\u00e9 ses derni\u00e8res innovations en mati\u00e8re de repos.[:ru]\u041a\u0430\u0440\u0438\u0431\u0438\u044f \u043f\u0440\u0438\u043d\u044f\u043b\u0430 \u0443\u0447\u0430\u0441\u0442\u0438\u0435 \u0432 12-\u043c \u0438\u0437\u0434\u0430\u043d\u0438\u0438 \u0432\u044b\u0441\u0442\u0430\u0432\u043a\u0438 EspritMeuble 2024 \u0432 \u041f\u0430\u0440\u0438\u0436\u0435. \u042d\u0442\u043e \u043c\u0435\u0440\u043e\u043f\u0440\u0438\u044f\u0442\u0438\u0435 \u043f\u0440\u043e\u0445\u043e\u0434\u0438\u043b\u043e \u0441 16 \u043f\u043e 19 \u043d\u043e\u044f\u0431\u0440\u044f. \u0424\u0438\u0440\u043c\u0430 \u043f\u0440\u0435\u0434\u0441\u0442\u0430\u0432\u0438\u043b\u0430 \u0441\u0432\u043e\u0438 \u043f\u043e\u0441\u043b\u0435\u0434\u043d\u0438\u0435 \u043d\u043e\u0432\u0438\u043d\u043a\u0438 \u0432 \u0441\u0444\u0435\u0440\u0435 \u043e\u0442\u0434\u044b\u0445\u0430.[:pl]Karibian wzi\u0105\u0142 udzia\u0142 w 12. edycji EspritMeuble 2024 w Pary\u017cu. Wydarzenie to odby\u0142o si\u0119 w dniach od 16 do 19 listopada. Firma zaprezentowa\u0142a swoje najnowsze innowacje w zakresie odpoczynku.[:]\" \/>\n<meta property=\"og:url\" content=\"https:\/\/karibiandescanso.com\/pl\/espritmeuble-paris-2024\/\" \/>\n<meta property=\"og:site_name\" content=\"Karibian Descanso\" \/>\n<meta property=\"article:published_time\" content=\"2024-11-22T11:33:33+00:00\" \/>\n<meta property=\"article:modified_time\" content=\"2025-04-15T08:05:05+00:00\" \/>\n<meta property=\"og:image\" content=\"https:\/\/karibiandescanso.com\/wp-content\/uploads\/2024\/11\/PARIS-PORTADA.jpg\" \/>\n\t<meta property=\"og:image:width\" content=\"1920\" \/>\n\t<meta property=\"og:image:height\" content=\"1087\" \/>\n\t<meta property=\"og:image:type\" content=\"image\/jpeg\" \/>\n<meta name=\"author\" content=\"Karibian Descanso\" \/>\n<meta name=\"twitter:card\" content=\"summary_large_image\" \/>\n<meta name=\"twitter:label1\" content=\"\u00c9crit par\" \/>\n\t<meta name=\"twitter:data1\" content=\"Karibian Descanso\" \/>\n\t<meta name=\"twitter:label2\" content=\"Dur\u00e9e de lecture estim\u00e9e\" \/>\n\t<meta name=\"twitter:data2\" content=\"2 minutes\" \/>\n<script type=\"application\/ld+json\" class=\"yoast-schema-graph\">{\"@context\":\"https:\/\/schema.org\",\"@graph\":[{\"@type\":\"Article\",\"@id\":\"https:\/\/karibiandescanso.com\/pl\/espritmeuble-paris-2024\/#article\",\"isPartOf\":{\"@id\":\"https:\/\/karibiandescanso.com\/pl\/espritmeuble-paris-2024\/\"},\"author\":{\"name\":\"Karibian Descanso\",\"@id\":\"https:\/\/karibiandescanso.com\/#\/schema\/person\/23be63b9b19bd8da8980c8eecdd69d30\"},\"headline\":\"ESPRITMEUBLE PARIS 2024\",\"datePublished\":\"2024-11-22T11:33:33+00:00\",\"dateModified\":\"2025-04-15T08:05:05+00:00\",\"mainEntityOfPage\":{\"@id\":\"https:\/\/karibiandescanso.com\/pl\/espritmeuble-paris-2024\/\"},\"wordCount\":1834,\"commentCount\":0,\"image\":{\"@id\":\"https:\/\/karibiandescanso.com\/pl\/espritmeuble-paris-2024\/#primaryimage\"},\"thumbnailUrl\":\"https:\/\/karibiandescanso.com\/wp-content\/uploads\/2024\/11\/PARIS-PORTADA.jpg\",\"keywords\":[\"Mattress\",\"Furniture\",\"Mueble de Espa\u00f1a\",\"Spain Furniture\",\"Contract\",\"EspritSommeil\",\"Ferias 2024\",\"karibian descanso\",\"Colchon\",\"Paris\",\"Espritmeuble\"],\"articleSection\":[\"actualit\u00e9s\",\"Ferias\"],\"inLanguage\":\"fr-FR\",\"potentialAction\":[{\"@type\":\"CommentAction\",\"name\":\"Comment\",\"target\":[\"https:\/\/karibiandescanso.com\/pl\/espritmeuble-paris-2024\/#respond\"]}]},{\"@type\":\"WebPage\",\"@id\":\"https:\/\/karibiandescanso.com\/pl\/espritmeuble-paris-2024\/\",\"url\":\"https:\/\/karibiandescanso.com\/pl\/espritmeuble-paris-2024\/\",\"name\":\"ESPRITMEUBLE PARIS 2024 - Karibian Descanso\",\"isPartOf\":{\"@id\":\"https:\/\/karibiandescanso.com\/#website\"},\"primaryImageOfPage\":{\"@id\":\"https:\/\/karibiandescanso.com\/pl\/espritmeuble-paris-2024\/#primaryimage\"},\"image\":{\"@id\":\"https:\/\/karibiandescanso.com\/pl\/espritmeuble-paris-2024\/#primaryimage\"},\"thumbnailUrl\":\"https:\/\/karibiandescanso.com\/wp-content\/uploads\/2024\/11\/PARIS-PORTADA.jpg\",\"datePublished\":\"2024-11-22T11:33:33+00:00\",\"dateModified\":\"2025-04-15T08:05:05+00:00\",\"author\":{\"@id\":\"https:\/\/karibiandescanso.com\/#\/schema\/person\/23be63b9b19bd8da8980c8eecdd69d30\"},\"breadcrumb\":{\"@id\":\"https:\/\/karibiandescanso.com\/pl\/espritmeuble-paris-2024\/#breadcrumb\"},\"inLanguage\":\"fr-FR\",\"potentialAction\":[{\"@type\":\"ReadAction\",\"target\":[\"https:\/\/karibiandescanso.com\/pl\/espritmeuble-paris-2024\/\"]}]},{\"@type\":\"ImageObject\",\"inLanguage\":\"fr-FR\",\"@id\":\"https:\/\/karibiandescanso.com\/pl\/espritmeuble-paris-2024\/#primaryimage\",\"url\":\"https:\/\/karibiandescanso.com\/wp-content\/uploads\/2024\/11\/PARIS-PORTADA.jpg\",\"contentUrl\":\"https:\/\/karibiandescanso.com\/wp-content\/uploads\/2024\/11\/PARIS-PORTADA.jpg\",\"width\":1920,\"height\":1087},{\"@type\":\"BreadcrumbList\",\"@id\":\"https:\/\/karibiandescanso.com\/pl\/espritmeuble-paris-2024\/#breadcrumb\",\"itemListElement\":[{\"@type\":\"ListItem\",\"position\":1,\"name\":\"Portada\",\"item\":\"https:\/\/karibiandescanso.com\/\"},{\"@type\":\"ListItem\",\"position\":2,\"name\":\"ESPRITMEUBLE PARIS 2024\"}]},{\"@type\":\"WebSite\",\"@id\":\"https:\/\/karibiandescanso.com\/#website\",\"url\":\"https:\/\/karibiandescanso.com\/\",\"name\":\"Karibian Descanso\",\"description\":\"O\u00f9 est le repos\",\"potentialAction\":[{\"@type\":\"SearchAction\",\"target\":{\"@type\":\"EntryPoint\",\"urlTemplate\":\"https:\/\/karibiandescanso.com\/?s={search_term_string}\"},\"query-input\":{\"@type\":\"PropertyValueSpecification\",\"valueRequired\":true,\"valueName\":\"search_term_string\"}}],\"inLanguage\":\"fr-FR\"},{\"@type\":\"Person\",\"@id\":\"https:\/\/karibiandescanso.com\/#\/schema\/person\/23be63b9b19bd8da8980c8eecdd69d30\",\"name\":\"Karibian Descanso\",\"image\":{\"@type\":\"ImageObject\",\"inLanguage\":\"fr-FR\",\"@id\":\"https:\/\/karibiandescanso.com\/#\/schema\/person\/image\/\",\"url\":\"https:\/\/secure.gravatar.com\/avatar\/2f55039d31e0c8cf55d2c2b6e3bb49113343c35fd46d6d11806620d3c9641ba7?s=96&d=mm&r=g\",\"contentUrl\":\"https:\/\/secure.gravatar.com\/avatar\/2f55039d31e0c8cf55d2c2b6e3bb49113343c35fd46d6d11806620d3c9641ba7?s=96&d=mm&r=g\",\"caption\":\"Karibian Descanso\"},\"url\":\"https:\/\/karibiandescanso.com\/fr\/author\/karibian-descanso\/\"}]}<\/script>\n<!-- \/ Yoast SEO plugin. -->","yoast_head_json":{"title":"ESPRITMEUBLE PARIS 2024 - Karibian Descanso","robots":{"index":"index","follow":"follow","max-snippet":"max-snippet:-1","max-image-preview":"max-image-preview:large","max-video-preview":"max-video-preview:-1"},"canonical":"https:\/\/karibiandescanso.com\/pl\/espritmeuble-paris-2024\/","og_locale":"fr_FR","og_type":"article","og_title":"ESPRITMEUBLE PARIS 2024 - Karibian Descanso","og_description":"[:es]Karibian particip\u00f3 en la 12\u00aa edici\u00f3n de EspritMeuble 2024 en Par\u00eds. Este evento se celebr\u00f3 del 16 al 19 de noviembre. La firma present\u00f3 sus \u00faltimas innovaciones en descanso.[:en]Karibian participated in the 12th edition of EspritMeuble 2024 in Paris. This event was held from 16 to 19 November. The firm presented its latest innovations in rest.[:fr]Karibian a particip\u00e9 \u00e0 la 12\u00e8me \u00e9dition d'EspritMeuble 2024 \u00e0 Paris. Cet \u00e9v\u00e9nement s'est d\u00e9roul\u00e9 du 16 au 19 novembre. Le cabinet a pr\u00e9sent\u00e9 ses derni\u00e8res innovations en mati\u00e8re de repos.[:ru]\u041a\u0430\u0440\u0438\u0431\u0438\u044f \u043f\u0440\u0438\u043d\u044f\u043b\u0430 \u0443\u0447\u0430\u0441\u0442\u0438\u0435 \u0432 12-\u043c \u0438\u0437\u0434\u0430\u043d\u0438\u0438 \u0432\u044b\u0441\u0442\u0430\u0432\u043a\u0438 EspritMeuble 2024 \u0432 \u041f\u0430\u0440\u0438\u0436\u0435. \u042d\u0442\u043e \u043c\u0435\u0440\u043e\u043f\u0440\u0438\u044f\u0442\u0438\u0435 \u043f\u0440\u043e\u0445\u043e\u0434\u0438\u043b\u043e \u0441 16 \u043f\u043e 19 \u043d\u043e\u044f\u0431\u0440\u044f. \u0424\u0438\u0440\u043c\u0430 \u043f\u0440\u0435\u0434\u0441\u0442\u0430\u0432\u0438\u043b\u0430 \u0441\u0432\u043e\u0438 \u043f\u043e\u0441\u043b\u0435\u0434\u043d\u0438\u0435 \u043d\u043e\u0432\u0438\u043d\u043a\u0438 \u0432 \u0441\u0444\u0435\u0440\u0435 \u043e\u0442\u0434\u044b\u0445\u0430.[:pl]Karibian wzi\u0105\u0142 udzia\u0142 w 12. edycji EspritMeuble 2024 w Pary\u017cu. Wydarzenie to odby\u0142o si\u0119 w dniach od 16 do 19 listopada. Firma zaprezentowa\u0142a swoje najnowsze innowacje w zakresie odpoczynku.[:]","og_url":"https:\/\/karibiandescanso.com\/pl\/espritmeuble-paris-2024\/","og_site_name":"Karibian Descanso","article_published_time":"2024-11-22T11:33:33+00:00","article_modified_time":"2025-04-15T08:05:05+00:00","og_image":[{"width":1920,"height":1087,"url":"https:\/\/karibiandescanso.com\/wp-content\/uploads\/2024\/11\/PARIS-PORTADA.jpg","type":"image\/jpeg"}],"author":"Karibian Descanso","twitter_card":"summary_large_image","twitter_misc":{"\u00c9crit par":"Karibian Descanso","Dur\u00e9e de lecture estim\u00e9e":"2 minutes"},"schema":{"@context":"https:\/\/schema.org","@graph":[{"@type":"Article","@id":"https:\/\/karibiandescanso.com\/pl\/espritmeuble-paris-2024\/#article","isPartOf":{"@id":"https:\/\/karibiandescanso.com\/pl\/espritmeuble-paris-2024\/"},"author":{"name":"Karibian Descanso","@id":"https:\/\/karibiandescanso.com\/#\/schema\/person\/23be63b9b19bd8da8980c8eecdd69d30"},"headline":"ESPRITMEUBLE PARIS 2024","datePublished":"2024-11-22T11:33:33+00:00","dateModified":"2025-04-15T08:05:05+00:00","mainEntityOfPage":{"@id":"https:\/\/karibiandescanso.com\/pl\/espritmeuble-paris-2024\/"},"wordCount":1834,"commentCount":0,"image":{"@id":"https:\/\/karibiandescanso.com\/pl\/espritmeuble-paris-2024\/#primaryimage"},"thumbnailUrl":"https:\/\/karibiandescanso.com\/wp-content\/uploads\/2024\/11\/PARIS-PORTADA.jpg","keywords":["Mattress","Furniture","Mueble de Espa\u00f1a","Spain Furniture","Contract","EspritSommeil","Ferias 2024","karibian descanso","Colchon","Paris","Espritmeuble"],"articleSection":["actualit\u00e9s","Ferias"],"inLanguage":"fr-FR","potentialAction":[{"@type":"CommentAction","name":"Comment","target":["https:\/\/karibiandescanso.com\/pl\/espritmeuble-paris-2024\/#respond"]}]},{"@type":"WebPage","@id":"https:\/\/karibiandescanso.com\/pl\/espritmeuble-paris-2024\/","url":"https:\/\/karibiandescanso.com\/pl\/espritmeuble-paris-2024\/","name":"ESPRITMEUBLE PARIS 2024 - Karibian Descanso","isPartOf":{"@id":"https:\/\/karibiandescanso.com\/#website"},"primaryImageOfPage":{"@id":"https:\/\/karibiandescanso.com\/pl\/espritmeuble-paris-2024\/#primaryimage"},"image":{"@id":"https:\/\/karibiandescanso.com\/pl\/espritmeuble-paris-2024\/#primaryimage"},"thumbnailUrl":"https:\/\/karibiandescanso.com\/wp-content\/uploads\/2024\/11\/PARIS-PORTADA.jpg","datePublished":"2024-11-22T11:33:33+00:00","dateModified":"2025-04-15T08:05:05+00:00","author":{"@id":"https:\/\/karibiandescanso.com\/#\/schema\/person\/23be63b9b19bd8da8980c8eecdd69d30"},"breadcrumb":{"@id":"https:\/\/karibiandescanso.com\/pl\/espritmeuble-paris-2024\/#breadcrumb"},"inLanguage":"fr-FR","potentialAction":[{"@type":"ReadAction","target":["https:\/\/karibiandescanso.com\/pl\/espritmeuble-paris-2024\/"]}]},{"@type":"ImageObject","inLanguage":"fr-FR","@id":"https:\/\/karibiandescanso.com\/pl\/espritmeuble-paris-2024\/#primaryimage","url":"https:\/\/karibiandescanso.com\/wp-content\/uploads\/2024\/11\/PARIS-PORTADA.jpg","contentUrl":"https:\/\/karibiandescanso.com\/wp-content\/uploads\/2024\/11\/PARIS-PORTADA.jpg","width":1920,"height":1087},{"@type":"BreadcrumbList","@id":"https:\/\/karibiandescanso.com\/pl\/espritmeuble-paris-2024\/#breadcrumb","itemListElement":[{"@type":"ListItem","position":1,"name":"Portada","item":"https:\/\/karibiandescanso.com\/"},{"@type":"ListItem","position":2,"name":"ESPRITMEUBLE PARIS 2024"}]},{"@type":"WebSite","@id":"https:\/\/karibiandescanso.com\/#website","url":"https:\/\/karibiandescanso.com\/","name":"Karibian Descanso","description":"O\u00f9 est le repos","potentialAction":[{"@type":"SearchAction","target":{"@type":"EntryPoint","urlTemplate":"https:\/\/karibiandescanso.com\/?s={search_term_string}"},"query-input":{"@type":"PropertyValueSpecification","valueRequired":true,"valueName":"search_term_string"}}],"inLanguage":"fr-FR"},{"@type":"Person","@id":"https:\/\/karibiandescanso.com\/#\/schema\/person\/23be63b9b19bd8da8980c8eecdd69d30","name":"Karibian Descanso","image":{"@type":"ImageObject","inLanguage":"fr-FR","@id":"https:\/\/karibiandescanso.com\/#\/schema\/person\/image\/","url":"https:\/\/secure.gravatar.com\/avatar\/2f55039d31e0c8cf55d2c2b6e3bb49113343c35fd46d6d11806620d3c9641ba7?s=96&d=mm&r=g","contentUrl":"https:\/\/secure.gravatar.com\/avatar\/2f55039d31e0c8cf55d2c2b6e3bb49113343c35fd46d6d11806620d3c9641ba7?s=96&d=mm&r=g","caption":"Karibian Descanso"},"url":"https:\/\/karibiandescanso.com\/fr\/author\/karibian-descanso\/"}]}},"_links":{"self":[{"href":"https:\/\/karibiandescanso.com\/fr\/wp-json\/wp\/v2\/posts\/18115","targetHints":{"allow":["GET"]}}],"collection":[{"href":"https:\/\/karibiandescanso.com\/fr\/wp-json\/wp\/v2\/posts"}],"about":[{"href":"https:\/\/karibiandescanso.com\/fr\/wp-json\/wp\/v2\/types\/post"}],"author":[{"embeddable":true,"href":"https:\/\/karibiandescanso.com\/fr\/wp-json\/wp\/v2\/users\/2"}],"replies":[{"embeddable":true,"href":"https:\/\/karibiandescanso.com\/fr\/wp-json\/wp\/v2\/comments?post=18115"}],"version-history":[{"count":0,"href":"https:\/\/karibiandescanso.com\/fr\/wp-json\/wp\/v2\/posts\/18115\/revisions"}],"wp:featuredmedia":[{"embeddable":true,"href":"https:\/\/karibiandescanso.com\/fr\/wp-json\/wp\/v2\/media\/18122"}],"wp:attachment":[{"href":"https:\/\/karibiandescanso.com\/fr\/wp-json\/wp\/v2\/media?parent=18115"}],"wp:term":[{"taxonomy":"category","embeddable":true,"href":"https:\/\/karibiandescanso.com\/fr\/wp-json\/wp\/v2\/categories?post=18115"},{"taxonomy":"post_tag","embeddable":true,"href":"https:\/\/karibiandescanso.com\/fr\/wp-json\/wp\/v2\/tags?post=18115"}],"curies":[{"name":"wp","href":"https:\/\/api.w.org\/{rel}","templated":true}]}}