{"id":18130,"date":"2025-04-16T12:18:47","date_gmt":"2025-04-16T10:18:47","guid":{"rendered":"https:\/\/www.karibiandescanso.com\/?p=18130"},"modified":"2025-04-16T12:50:58","modified_gmt":"2025-04-16T10:50:58","slug":"salone-del-mobile-milano-2025","status":"publish","type":"post","link":"https:\/\/karibiandescanso.com\/fr\/salone-del-mobile-milano-2025\/","title":{"rendered":"SALONE DEL MOBILE.MILANO 2025"},"content":{"rendered":"<p>[vc_row css_animation=&#8221;&#8221; row_type=&#8221;row&#8221; use_row_as_full_screen_section=&#8221;no&#8221; type=&#8221;full_width&#8221; angled_section=&#8221;no&#8221; text_align=&#8221;left&#8221; background_image_as_pattern=&#8221;without_pattern&#8221;][vc_column][vc_column_text]<\/p>\n<p>[\/vc_column_text][\/vc_column][\/vc_row][vc_row css_animation=&#8221;&#8221; row_type=&#8221;row&#8221; use_row_as_full_screen_section=&#8221;no&#8221; type=&#8221;full_width&#8221; angled_section=&#8221;no&#8221; text_align=&#8221;left&#8221; background_image_as_pattern=&#8221;without_pattern&#8221;][vc_column][vc_empty_space height=&#8221;20px&#8221;][vc_column_text]<\/p>\n<h3 style=\"text-align: center;\">KARIBIAN au Salone del Mobile 2025<\/h3>\n<p style=\"text-align: center;\"><strong>Hall 03 | Stand F37-F41 &#8211; Milan, du 8 au 13 avril<\/strong><\/p>\n<p>&nbsp;<\/p>\n<p style=\"text-align: justify;\">La semaine derni\u00e8re, Karibian a pr\u00e9sent\u00e9 ses derni\u00e8res innovations en mati\u00e8re de relaxation lors d&#8217;une nouvelle \u00e9dition du <a href=\"https:\/\/www.salonemilano.it\/it\"><strong>Salone del Mobile.Milano<\/strong><\/a>.<\/p>\n<p style=\"text-align: justify;\">Un espace attrayant, con\u00e7u avec une grande attention aux d\u00e9tails, a invit\u00e9 les participants \u00e0 percevoir une exp\u00e9rience unique, en ces jours importants et attendus, dans le secteur du repos. L&#8217;\u00e9v\u00e9nement phare Salone del Mobile. Milano a ouvert ses portes pour c\u00e9l\u00e9brer sa 63e \u00e9dition avec une grande participation internationale. Du 8 au 13 avril 2025, Milan est devenu le centre de la cr\u00e9ativit\u00e9, des tendances et du style avec l&#8217;un des \u00e9v\u00e9nements les plus importants du secteur.<\/p>\n<p style=\"text-align: justify;\">Au Salone del Mobile 2025, Karibian a invit\u00e9 les visiteurs \u00e0 d\u00e9couvrir sur son stand un univers de design et d&#8217;\u00e9l\u00e9gance. De nouvelles collections de confort qui d\u00e9finissent les tendances et le concept de repos.<\/p>\n<p>[\/vc_column_text][vc_empty_space height=&#8221;30px&#8221;][vc_single_image image=&#8221;18132&#8243; img_size=&#8221;full&#8221; qode_css_animation=&#8221;&#8221;][vc_empty_space height=&#8221;10px&#8221;][vc_single_image image=&#8221;18133&#8243; img_size=&#8221;full&#8221; qode_css_animation=&#8221;&#8221;][vc_empty_space height=&#8221;30px&#8221;][\/vc_column][\/vc_row][vc_row css_animation=&#8221;&#8221; row_type=&#8221;row&#8221; use_row_as_full_screen_section=&#8221;no&#8221; type=&#8221;full_width&#8221; angled_section=&#8221;no&#8221; text_align=&#8221;left&#8221; background_image_as_pattern=&#8221;without_pattern&#8221;][vc_column][vc_empty_space height=&#8221;40px&#8221;][vc_column_text]<\/p>\n<p style=\"text-align: justify;\">Au Salone del Mobile 2025, Karibian a r\u00e9affirm\u00e9 son engagement en faveur du bien-\u00eatre, en pr\u00e9sentant \u00e0 ses visiteurs des produits de repos novateurs qui red\u00e9finissent les concepts de confort, de technologie et d&#8217;innovation.<\/p>\n<p>Merci \u00e0 tous les participants de nous avoir rendu visite, \u00e0 la prochaine ![\/vc_column_text][\/vc_column][\/vc_row]<\/p>","protected":false},"excerpt":{"rendered":"<p>Karibian Descanso a expos\u00e9 ses nouveaux produits au Salone del Mobile. Milano 2025, qui s&#8217;est tenu du 8 au 13 avril 2025 \u00e0 Milan. L&#8217;entreprise a pr\u00e9sent\u00e9 ses derni\u00e8res innovations dans un stand attrayant.<\/p>\n","protected":false},"author":2,"featured_media":18141,"comment_status":"open","ping_status":"open","sticky":false,"template":"","format":"standard","meta":{"footnotes":""},"categories":[10,164],"tags":[25,80,91,97,100,161,167,239,240,242,273,274,275],"class_list":["post-18130","post","type-post","status-publish","format-standard","has-post-thumbnail","hentry","category-noticias","category-ferias","tag-karibian-descanso","tag-colchon","tag-mattress","tag-europe","tag-furniture","tag-mueble-de-espana","tag-spain-furniture","tag-italy","tag-isaloni","tag-feria-mueble","tag-fuorisalone","tag-milan","tag-milanodesignweek"],"yoast_head":"<!-- This site is optimized with the Yoast SEO plugin v27.0 - https:\/\/yoast.com\/product\/yoast-seo-wordpress\/ -->\n<title>SALONE DEL MOBILE.MILANO 2025 - Karibian Descanso<\/title>\n<meta name=\"robots\" content=\"index, follow, max-snippet:-1, max-image-preview:large, max-video-preview:-1\" \/>\n<link rel=\"canonical\" href=\"https:\/\/karibiandescanso.com\/pl\/salone-del-mobile-milano-2025\/\" \/>\n<meta property=\"og:locale\" content=\"fr_FR\" \/>\n<meta property=\"og:type\" content=\"article\" \/>\n<meta property=\"og:title\" content=\"SALONE DEL MOBILE.MILANO 2025 - Karibian Descanso\" \/>\n<meta property=\"og:description\" content=\"[:es]Karibian Descanso expuso sus novedades en el Salone del Mobile. Milano 2025, que se celebr\u00f3 del 8 al 13 de abril de 2025 en Mil\u00e1n. La firma present\u00f3 sus \u00faltimas innovaciones en un atractivo stand.[:en]Karibian Descanso exhibited its new products at the Salone del Mobile. Milano 2025, which was held from 8 to 13 April 2025 in Milan. The company presented its latest innovations in an attractive stand.[:fr]Karibian Descanso a expos\u00e9 ses nouveaux produits au Salone del Mobile. Milano 2025, qui s&#039;est tenu du 8 au 13 avril 2025 \u00e0 Milan. L&#039;entreprise a pr\u00e9sent\u00e9 ses derni\u00e8res innovations dans un stand attrayant.[:ru]\u041a\u043e\u043c\u043f\u0430\u043d\u0438\u044f Karibian Descanso \u043f\u0440\u0435\u0434\u0441\u0442\u0430\u0432\u0438\u043b\u0430 \u0441\u0432\u043e\u0438 \u043d\u043e\u0432\u044b\u0435 \u043f\u0440\u043e\u0434\u0443\u043a\u0442\u044b \u043d\u0430 \u0432\u044b\u0441\u0442\u0430\u0432\u043a\u0435 Salone del Mobile. Milano 2025, \u043a\u043e\u0442\u043e\u0440\u044b\u0439 \u043f\u0440\u043e\u0445\u043e\u0434\u0438\u043b \u0441 8 \u043f\u043e 13 \u0430\u043f\u0440\u0435\u043b\u044f 2025 \u0433\u043e\u0434\u0430 \u0432 \u041c\u0438\u043b\u0430\u043d\u0435. \u041a\u043e\u043c\u043f\u0430\u043d\u0438\u044f \u043f\u0440\u0435\u0434\u0441\u0442\u0430\u0432\u0438\u043b\u0430 \u0441\u0432\u043e\u0438 \u043f\u043e\u0441\u043b\u0435\u0434\u043d\u0438\u0435 \u043d\u043e\u0432\u0438\u043d\u043a\u0438 \u043d\u0430 \u043f\u0440\u0438\u0432\u043b\u0435\u043a\u0430\u0442\u0435\u043b\u044c\u043d\u043e\u043c \u0441\u0442\u0435\u043d\u0434\u0435.[:pl]Karibian Descanso zaprezentowa\u0142 swoje nowe produkty na Salone del Mobile. Milano 2025, kt\u00f3re odby\u0142y si\u0119 w dniach 8-13 kwietnia 2025 r. w Mediolanie. Firma zaprezentowa\u0142a swoje najnowsze innowacje na atrakcyjnym stoisku.[:]\" \/>\n<meta property=\"og:url\" content=\"https:\/\/karibiandescanso.com\/pl\/salone-del-mobile-milano-2025\/\" \/>\n<meta property=\"og:site_name\" content=\"Karibian Descanso\" \/>\n<meta property=\"article:published_time\" content=\"2025-04-16T10:18:47+00:00\" \/>\n<meta property=\"article:modified_time\" content=\"2025-04-16T10:50:58+00:00\" \/>\n<meta property=\"og:image\" content=\"https:\/\/karibiandescanso.com\/wp-content\/uploads\/2025\/04\/MILAN-PORTADA.jpg\" \/>\n\t<meta property=\"og:image:width\" content=\"1920\" \/>\n\t<meta property=\"og:image:height\" content=\"1087\" \/>\n\t<meta property=\"og:image:type\" content=\"image\/jpeg\" \/>\n<meta name=\"author\" content=\"Karibian Descanso\" \/>\n<meta name=\"twitter:card\" content=\"summary_large_image\" \/>\n<meta name=\"twitter:label1\" content=\"\u00c9crit par\" \/>\n\t<meta name=\"twitter:data1\" content=\"Karibian Descanso\" \/>\n\t<meta name=\"twitter:label2\" content=\"Dur\u00e9e de lecture estim\u00e9e\" \/>\n\t<meta name=\"twitter:data2\" content=\"2 minutes\" \/>\n<script type=\"application\/ld+json\" class=\"yoast-schema-graph\">{\"@context\":\"https:\/\/schema.org\",\"@graph\":[{\"@type\":\"Article\",\"@id\":\"https:\/\/karibiandescanso.com\/pl\/salone-del-mobile-milano-2025\/#article\",\"isPartOf\":{\"@id\":\"https:\/\/karibiandescanso.com\/pl\/salone-del-mobile-milano-2025\/\"},\"author\":{\"name\":\"Karibian Descanso\",\"@id\":\"https:\/\/karibiandescanso.com\/#\/schema\/person\/23be63b9b19bd8da8980c8eecdd69d30\"},\"headline\":\"SALONE DEL MOBILE.MILANO 2025\",\"datePublished\":\"2025-04-16T10:18:47+00:00\",\"dateModified\":\"2025-04-16T10:50:58+00:00\",\"mainEntityOfPage\":{\"@id\":\"https:\/\/karibiandescanso.com\/pl\/salone-del-mobile-milano-2025\/\"},\"wordCount\":1774,\"commentCount\":0,\"image\":{\"@id\":\"https:\/\/karibiandescanso.com\/pl\/salone-del-mobile-milano-2025\/#primaryimage\"},\"thumbnailUrl\":\"https:\/\/karibiandescanso.com\/wp-content\/uploads\/2025\/04\/MILAN-PORTADA.jpg\",\"keywords\":[\"karibian descanso\",\"Colchon\",\"Mattress\",\"Europe\",\"Furniture\",\"Mueble de Espa\u00f1a\",\"Spain Furniture\",\"Italy\",\"ISaloni\",\"Feria Mueble\",\"FuoriSalone\",\"Milan\",\"MilanoDesignWeek\"],\"articleSection\":[\"actualit\u00e9s\",\"Ferias\"],\"inLanguage\":\"fr-FR\",\"potentialAction\":[{\"@type\":\"CommentAction\",\"name\":\"Comment\",\"target\":[\"https:\/\/karibiandescanso.com\/pl\/salone-del-mobile-milano-2025\/#respond\"]}]},{\"@type\":\"WebPage\",\"@id\":\"https:\/\/karibiandescanso.com\/pl\/salone-del-mobile-milano-2025\/\",\"url\":\"https:\/\/karibiandescanso.com\/pl\/salone-del-mobile-milano-2025\/\",\"name\":\"SALONE DEL MOBILE.MILANO 2025 - Karibian Descanso\",\"isPartOf\":{\"@id\":\"https:\/\/karibiandescanso.com\/#website\"},\"primaryImageOfPage\":{\"@id\":\"https:\/\/karibiandescanso.com\/pl\/salone-del-mobile-milano-2025\/#primaryimage\"},\"image\":{\"@id\":\"https:\/\/karibiandescanso.com\/pl\/salone-del-mobile-milano-2025\/#primaryimage\"},\"thumbnailUrl\":\"https:\/\/karibiandescanso.com\/wp-content\/uploads\/2025\/04\/MILAN-PORTADA.jpg\",\"datePublished\":\"2025-04-16T10:18:47+00:00\",\"dateModified\":\"2025-04-16T10:50:58+00:00\",\"author\":{\"@id\":\"https:\/\/karibiandescanso.com\/#\/schema\/person\/23be63b9b19bd8da8980c8eecdd69d30\"},\"breadcrumb\":{\"@id\":\"https:\/\/karibiandescanso.com\/pl\/salone-del-mobile-milano-2025\/#breadcrumb\"},\"inLanguage\":\"fr-FR\",\"potentialAction\":[{\"@type\":\"ReadAction\",\"target\":[\"https:\/\/karibiandescanso.com\/pl\/salone-del-mobile-milano-2025\/\"]}]},{\"@type\":\"ImageObject\",\"inLanguage\":\"fr-FR\",\"@id\":\"https:\/\/karibiandescanso.com\/pl\/salone-del-mobile-milano-2025\/#primaryimage\",\"url\":\"https:\/\/karibiandescanso.com\/wp-content\/uploads\/2025\/04\/MILAN-PORTADA.jpg\",\"contentUrl\":\"https:\/\/karibiandescanso.com\/wp-content\/uploads\/2025\/04\/MILAN-PORTADA.jpg\",\"width\":1920,\"height\":1087},{\"@type\":\"BreadcrumbList\",\"@id\":\"https:\/\/karibiandescanso.com\/pl\/salone-del-mobile-milano-2025\/#breadcrumb\",\"itemListElement\":[{\"@type\":\"ListItem\",\"position\":1,\"name\":\"Portada\",\"item\":\"https:\/\/karibiandescanso.com\/\"},{\"@type\":\"ListItem\",\"position\":2,\"name\":\"SALONE DEL MOBILE.MILANO 2025\"}]},{\"@type\":\"WebSite\",\"@id\":\"https:\/\/karibiandescanso.com\/#website\",\"url\":\"https:\/\/karibiandescanso.com\/\",\"name\":\"Karibian Descanso\",\"description\":\"O\u00f9 est le repos\",\"potentialAction\":[{\"@type\":\"SearchAction\",\"target\":{\"@type\":\"EntryPoint\",\"urlTemplate\":\"https:\/\/karibiandescanso.com\/?s={search_term_string}\"},\"query-input\":{\"@type\":\"PropertyValueSpecification\",\"valueRequired\":true,\"valueName\":\"search_term_string\"}}],\"inLanguage\":\"fr-FR\"},{\"@type\":\"Person\",\"@id\":\"https:\/\/karibiandescanso.com\/#\/schema\/person\/23be63b9b19bd8da8980c8eecdd69d30\",\"name\":\"Karibian Descanso\",\"image\":{\"@type\":\"ImageObject\",\"inLanguage\":\"fr-FR\",\"@id\":\"https:\/\/karibiandescanso.com\/#\/schema\/person\/image\/\",\"url\":\"https:\/\/secure.gravatar.com\/avatar\/2f55039d31e0c8cf55d2c2b6e3bb49113343c35fd46d6d11806620d3c9641ba7?s=96&d=mm&r=g\",\"contentUrl\":\"https:\/\/secure.gravatar.com\/avatar\/2f55039d31e0c8cf55d2c2b6e3bb49113343c35fd46d6d11806620d3c9641ba7?s=96&d=mm&r=g\",\"caption\":\"Karibian Descanso\"},\"url\":\"https:\/\/karibiandescanso.com\/fr\/author\/karibian-descanso\/\"}]}<\/script>\n<!-- \/ Yoast SEO plugin. -->","yoast_head_json":{"title":"SALONE DEL MOBILE.MILANO 2025 - Karibian Descanso","robots":{"index":"index","follow":"follow","max-snippet":"max-snippet:-1","max-image-preview":"max-image-preview:large","max-video-preview":"max-video-preview:-1"},"canonical":"https:\/\/karibiandescanso.com\/pl\/salone-del-mobile-milano-2025\/","og_locale":"fr_FR","og_type":"article","og_title":"SALONE DEL MOBILE.MILANO 2025 - Karibian Descanso","og_description":"[:es]Karibian Descanso expuso sus novedades en el Salone del Mobile. Milano 2025, que se celebr\u00f3 del 8 al 13 de abril de 2025 en Mil\u00e1n. La firma present\u00f3 sus \u00faltimas innovaciones en un atractivo stand.[:en]Karibian Descanso exhibited its new products at the Salone del Mobile. Milano 2025, which was held from 8 to 13 April 2025 in Milan. The company presented its latest innovations in an attractive stand.[:fr]Karibian Descanso a expos\u00e9 ses nouveaux produits au Salone del Mobile. Milano 2025, qui s'est tenu du 8 au 13 avril 2025 \u00e0 Milan. L'entreprise a pr\u00e9sent\u00e9 ses derni\u00e8res innovations dans un stand attrayant.[:ru]\u041a\u043e\u043c\u043f\u0430\u043d\u0438\u044f Karibian Descanso \u043f\u0440\u0435\u0434\u0441\u0442\u0430\u0432\u0438\u043b\u0430 \u0441\u0432\u043e\u0438 \u043d\u043e\u0432\u044b\u0435 \u043f\u0440\u043e\u0434\u0443\u043a\u0442\u044b \u043d\u0430 \u0432\u044b\u0441\u0442\u0430\u0432\u043a\u0435 Salone del Mobile. Milano 2025, \u043a\u043e\u0442\u043e\u0440\u044b\u0439 \u043f\u0440\u043e\u0445\u043e\u0434\u0438\u043b \u0441 8 \u043f\u043e 13 \u0430\u043f\u0440\u0435\u043b\u044f 2025 \u0433\u043e\u0434\u0430 \u0432 \u041c\u0438\u043b\u0430\u043d\u0435. \u041a\u043e\u043c\u043f\u0430\u043d\u0438\u044f \u043f\u0440\u0435\u0434\u0441\u0442\u0430\u0432\u0438\u043b\u0430 \u0441\u0432\u043e\u0438 \u043f\u043e\u0441\u043b\u0435\u0434\u043d\u0438\u0435 \u043d\u043e\u0432\u0438\u043d\u043a\u0438 \u043d\u0430 \u043f\u0440\u0438\u0432\u043b\u0435\u043a\u0430\u0442\u0435\u043b\u044c\u043d\u043e\u043c \u0441\u0442\u0435\u043d\u0434\u0435.[:pl]Karibian Descanso zaprezentowa\u0142 swoje nowe produkty na Salone del Mobile. Milano 2025, kt\u00f3re odby\u0142y si\u0119 w dniach 8-13 kwietnia 2025 r. w Mediolanie. Firma zaprezentowa\u0142a swoje najnowsze innowacje na atrakcyjnym stoisku.[:]","og_url":"https:\/\/karibiandescanso.com\/pl\/salone-del-mobile-milano-2025\/","og_site_name":"Karibian Descanso","article_published_time":"2025-04-16T10:18:47+00:00","article_modified_time":"2025-04-16T10:50:58+00:00","og_image":[{"width":1920,"height":1087,"url":"https:\/\/karibiandescanso.com\/wp-content\/uploads\/2025\/04\/MILAN-PORTADA.jpg","type":"image\/jpeg"}],"author":"Karibian Descanso","twitter_card":"summary_large_image","twitter_misc":{"\u00c9crit par":"Karibian Descanso","Dur\u00e9e de lecture estim\u00e9e":"2 minutes"},"schema":{"@context":"https:\/\/schema.org","@graph":[{"@type":"Article","@id":"https:\/\/karibiandescanso.com\/pl\/salone-del-mobile-milano-2025\/#article","isPartOf":{"@id":"https:\/\/karibiandescanso.com\/pl\/salone-del-mobile-milano-2025\/"},"author":{"name":"Karibian Descanso","@id":"https:\/\/karibiandescanso.com\/#\/schema\/person\/23be63b9b19bd8da8980c8eecdd69d30"},"headline":"SALONE DEL MOBILE.MILANO 2025","datePublished":"2025-04-16T10:18:47+00:00","dateModified":"2025-04-16T10:50:58+00:00","mainEntityOfPage":{"@id":"https:\/\/karibiandescanso.com\/pl\/salone-del-mobile-milano-2025\/"},"wordCount":1774,"commentCount":0,"image":{"@id":"https:\/\/karibiandescanso.com\/pl\/salone-del-mobile-milano-2025\/#primaryimage"},"thumbnailUrl":"https:\/\/karibiandescanso.com\/wp-content\/uploads\/2025\/04\/MILAN-PORTADA.jpg","keywords":["karibian descanso","Colchon","Mattress","Europe","Furniture","Mueble de Espa\u00f1a","Spain Furniture","Italy","ISaloni","Feria Mueble","FuoriSalone","Milan","MilanoDesignWeek"],"articleSection":["actualit\u00e9s","Ferias"],"inLanguage":"fr-FR","potentialAction":[{"@type":"CommentAction","name":"Comment","target":["https:\/\/karibiandescanso.com\/pl\/salone-del-mobile-milano-2025\/#respond"]}]},{"@type":"WebPage","@id":"https:\/\/karibiandescanso.com\/pl\/salone-del-mobile-milano-2025\/","url":"https:\/\/karibiandescanso.com\/pl\/salone-del-mobile-milano-2025\/","name":"SALONE DEL MOBILE.MILANO 2025 - Karibian Descanso","isPartOf":{"@id":"https:\/\/karibiandescanso.com\/#website"},"primaryImageOfPage":{"@id":"https:\/\/karibiandescanso.com\/pl\/salone-del-mobile-milano-2025\/#primaryimage"},"image":{"@id":"https:\/\/karibiandescanso.com\/pl\/salone-del-mobile-milano-2025\/#primaryimage"},"thumbnailUrl":"https:\/\/karibiandescanso.com\/wp-content\/uploads\/2025\/04\/MILAN-PORTADA.jpg","datePublished":"2025-04-16T10:18:47+00:00","dateModified":"2025-04-16T10:50:58+00:00","author":{"@id":"https:\/\/karibiandescanso.com\/#\/schema\/person\/23be63b9b19bd8da8980c8eecdd69d30"},"breadcrumb":{"@id":"https:\/\/karibiandescanso.com\/pl\/salone-del-mobile-milano-2025\/#breadcrumb"},"inLanguage":"fr-FR","potentialAction":[{"@type":"ReadAction","target":["https:\/\/karibiandescanso.com\/pl\/salone-del-mobile-milano-2025\/"]}]},{"@type":"ImageObject","inLanguage":"fr-FR","@id":"https:\/\/karibiandescanso.com\/pl\/salone-del-mobile-milano-2025\/#primaryimage","url":"https:\/\/karibiandescanso.com\/wp-content\/uploads\/2025\/04\/MILAN-PORTADA.jpg","contentUrl":"https:\/\/karibiandescanso.com\/wp-content\/uploads\/2025\/04\/MILAN-PORTADA.jpg","width":1920,"height":1087},{"@type":"BreadcrumbList","@id":"https:\/\/karibiandescanso.com\/pl\/salone-del-mobile-milano-2025\/#breadcrumb","itemListElement":[{"@type":"ListItem","position":1,"name":"Portada","item":"https:\/\/karibiandescanso.com\/"},{"@type":"ListItem","position":2,"name":"SALONE DEL MOBILE.MILANO 2025"}]},{"@type":"WebSite","@id":"https:\/\/karibiandescanso.com\/#website","url":"https:\/\/karibiandescanso.com\/","name":"Karibian Descanso","description":"O\u00f9 est le repos","potentialAction":[{"@type":"SearchAction","target":{"@type":"EntryPoint","urlTemplate":"https:\/\/karibiandescanso.com\/?s={search_term_string}"},"query-input":{"@type":"PropertyValueSpecification","valueRequired":true,"valueName":"search_term_string"}}],"inLanguage":"fr-FR"},{"@type":"Person","@id":"https:\/\/karibiandescanso.com\/#\/schema\/person\/23be63b9b19bd8da8980c8eecdd69d30","name":"Karibian Descanso","image":{"@type":"ImageObject","inLanguage":"fr-FR","@id":"https:\/\/karibiandescanso.com\/#\/schema\/person\/image\/","url":"https:\/\/secure.gravatar.com\/avatar\/2f55039d31e0c8cf55d2c2b6e3bb49113343c35fd46d6d11806620d3c9641ba7?s=96&d=mm&r=g","contentUrl":"https:\/\/secure.gravatar.com\/avatar\/2f55039d31e0c8cf55d2c2b6e3bb49113343c35fd46d6d11806620d3c9641ba7?s=96&d=mm&r=g","caption":"Karibian Descanso"},"url":"https:\/\/karibiandescanso.com\/fr\/author\/karibian-descanso\/"}]}},"_links":{"self":[{"href":"https:\/\/karibiandescanso.com\/fr\/wp-json\/wp\/v2\/posts\/18130","targetHints":{"allow":["GET"]}}],"collection":[{"href":"https:\/\/karibiandescanso.com\/fr\/wp-json\/wp\/v2\/posts"}],"about":[{"href":"https:\/\/karibiandescanso.com\/fr\/wp-json\/wp\/v2\/types\/post"}],"author":[{"embeddable":true,"href":"https:\/\/karibiandescanso.com\/fr\/wp-json\/wp\/v2\/users\/2"}],"replies":[{"embeddable":true,"href":"https:\/\/karibiandescanso.com\/fr\/wp-json\/wp\/v2\/comments?post=18130"}],"version-history":[{"count":0,"href":"https:\/\/karibiandescanso.com\/fr\/wp-json\/wp\/v2\/posts\/18130\/revisions"}],"wp:featuredmedia":[{"embeddable":true,"href":"https:\/\/karibiandescanso.com\/fr\/wp-json\/wp\/v2\/media\/18141"}],"wp:attachment":[{"href":"https:\/\/karibiandescanso.com\/fr\/wp-json\/wp\/v2\/media?parent=18130"}],"wp:term":[{"taxonomy":"category","embeddable":true,"href":"https:\/\/karibiandescanso.com\/fr\/wp-json\/wp\/v2\/categories?post=18130"},{"taxonomy":"post_tag","embeddable":true,"href":"https:\/\/karibiandescanso.com\/fr\/wp-json\/wp\/v2\/tags?post=18130"}],"curies":[{"name":"wp","href":"https:\/\/api.w.org\/{rel}","templated":true}]}}