{"id":18636,"date":"2026-04-28T12:00:34","date_gmt":"2026-04-28T10:00:34","guid":{"rendered":"https:\/\/karibiandescanso.com\/?p=18636"},"modified":"2026-04-28T15:01:35","modified_gmt":"2026-04-28T13:01:35","slug":"salone-del-mobile-milano-2026","status":"publish","type":"post","link":"https:\/\/karibiandescanso.com\/fr\/salone-del-mobile-milano-2026\/","title":{"rendered":"SALONE DEL MOBILE MILANO 2026"},"content":{"rendered":"<p>[vc_row css_animation=&#8221;&#8221; row_type=&#8221;row&#8221; use_row_as_full_screen_section=&#8221;no&#8221; type=&#8221;full_width&#8221; angled_section=&#8221;no&#8221; text_align=&#8221;left&#8221; background_image_as_pattern=&#8221;without_pattern&#8221;][vc_column][vc_single_image image=&#8221;18680&#8243; img_size=&#8221;full&#8221; alignment=&#8221;center&#8221; qode_css_animation=&#8221;&#8221;][vc_empty_space height=&#8221;40px&#8221;][vc_column_text]<\/p>\n<h1><strong data-start=\"3665\" data-end=\"3742\">FOIRE DE MILAN 2026: une \u00e9dition qui nous inspire \u00e0 continuer de grandir<\/strong><\/h1>\n<p>[\/vc_column_text][vc_empty_space height=&#8221;20px&#8221;][vc_column_text]<\/p>\n<p data-start=\"219\" data-end=\"484\">La Foire de Milan 2026 est une fois de plus devenue l\u2019un des principaux points de rencontre du secteur de la literie, r\u00e9unissant innovation, design et nouvelles tendances en un seul lieu.<\/p>\n<p data-start=\"219\" data-end=\"484\">Pour Karibian, cette 64e \u00e9dition a eu une signification particuli\u00e8re. Elle a \u00e9t\u00e9 l\u2019occasion de pr\u00e9senter notre travail, de partager notre vision avec les professionnels du secteur et de continuer \u00e0 construire des relations qui stimulent l\u2019\u00e9volution de nos produits.<\/p>\n<p>[\/vc_column_text][vc_empty_space height=&#8221;40px&#8221;][vc_column_text]<\/p>\n<h2><strong data-start=\"4207\" data-end=\"4245\">Un rendez-vous cl\u00e9 pour le secteur<\/strong><\/h2>\n<p>[\/vc_column_text][vc_empty_space height=&#8221;20px&#8221;][vc_column_text]<\/p>\n<p data-start=\"219\" data-end=\"484\">Le Salone del Mobile est bien plus qu\u2019un \u00e9v\u00e9nement international: c\u2019est un espace o\u00f9 se d\u00e9finit l\u2019avenir du design, des mat\u00e9riaux et de l\u2019exp\u00e9rience du repos.<\/p>\n<p>[\/vc_column_text][vc_empty_space height=&#8221;20px&#8221;][vc_column_text]<\/p>\n<h3><a href=\"https:\/\/www.focuspiedra.com\/salone-del-mobile-2026-bate-records-con-316-342-visitantes-y-espana-es-ya-el-tercer-pais-con-mas-expositores\/\">Le Salone del Mobile 2026 bat des records avec 316 342 visiteurs, et l\u2019Espagne devient le troisi\u00e8me pays avec le plus d\u2019exposants.<\/a><\/h3>\n<p>[\/vc_column_text][vc_empty_space height=&#8221;20px&#8221;][vc_column_text]<\/p>\n<p data-start=\"219\" data-end=\"484\">Milan prouve une fois de plus qu\u2019elle reste la capitale mondiale du design.<\/p>\n<p data-start=\"219\" data-end=\"484\">La 64e \u00e9dition du Salone del Mobile.Milano s\u2019est cl\u00f4tur\u00e9e avec un chiffre impressionnant: 316.342 visiteurs provenant de 167 pays, soit une hausse de 4,5 % par rapport \u00e0 2025, consolidant sa position de salon de r\u00e9f\u00e9rence mondiale dans le secteur.<\/p>\n<p data-start=\"219\" data-end=\"484\">La participation internationale a de nouveau \u00e9t\u00e9 un \u00e9l\u00e9ment cl\u00e9: 68 % des visiteurs professionnels \u00e9taient \u00e9trangers, maintenant le m\u00eame niveau qu\u2019en 2025.<\/p>\n<p data-start=\"219\" data-end=\"484\">Avec 1.900 marques issues de 32 pays, l\u2019\u00e9dition 2026 a projet\u00e9 l\u2019image d\u2019un \u00e9cosyst\u00e8me industriel comp\u00e9titif, pr\u00eat \u00e0 r\u00e9pondre aux nouveaux d\u00e9fis de l\u2019habitat contemporain.<\/p>\n<p data-start=\"219\" data-end=\"484\">L\u2019un des faits les plus marquants de cette \u00e9dition a \u00e9t\u00e9 la progression de l\u2019Espagne, qui s\u2019est positionn\u00e9e comme le troisi\u00e8me pays en nombre d\u2019op\u00e9rateurs, avec une croissance de 8,7 % par rapport \u00e0 2025.<\/p>\n<p>[\/vc_column_text][vc_empty_space height=&#8221;10px&#8221;][vc_column_text]<\/p>\n<p data-start=\"219\" data-end=\"484\">Au cours de ces journ\u00e9es, nous avons pu d\u00e9couvrir de premi\u00e8re main les tendances qui marqueront les prochaines ann\u00e9es et \u00e9changer avec des clients, distributeurs et professionnels qui, comme nous, consid\u00e8rent le repos comme un domaine en constante \u00e9volution.<\/p>\n<p>[\/vc_column_text][vc_empty_space height=&#8221;40px&#8221;][vc_column_text]<\/p>\n<h3><strong data-start=\"2192\" data-end=\"2236\">Innovation, mat\u00e9riaux et nouvelles id\u00e9es<\/strong><\/h3>\n<p>[\/vc_column_text][vc_empty_space height=&#8221;20px&#8221;][vc_column_text]<\/p>\n<p data-start=\"2188\" data-end=\"2378\">Ces journ\u00e9es nous ont \u00e9galement apport\u00e9 inspiration et nouvelles perspectives pour continuer \u00e0 d\u00e9velopper des collections qui combinent:<\/p>\n<ul data-start=\"2379\" data-end=\"2468\">\n<li data-section-id=\"g7jx1e\" data-start=\"2379\" data-end=\"2390\">Confort<\/li>\n<li data-section-id=\"cec070\" data-start=\"2391\" data-end=\"2406\">Technologie<\/li>\n<li data-section-id=\"11mgyu\" data-start=\"2407\" data-end=\"2432\">Qualit\u00e9 des mat\u00e9riaux<\/li>\n<li data-section-id=\"10lh2ie\" data-start=\"2433\" data-end=\"2468\">Design pens\u00e9 pour un repos r\u00e9el<\/li>\n<\/ul>\n<p>[\/vc_column_text][\/vc_column][\/vc_row][vc_row css_animation=&#8221;&#8221; row_type=&#8221;row&#8221; use_row_as_full_screen_section=&#8221;no&#8221; type=&#8221;full_width&#8221; angled_section=&#8221;no&#8221; text_align=&#8221;left&#8221; background_image_as_pattern=&#8221;without_pattern&#8221;][vc_column][vc_empty_space height=&#8221;40px&#8221;][vc_column_text]<\/p>\n<h2><strong>Notre espace \u00e0 Milan<\/strong><\/h2>\n<p>[\/vc_column_text][vc_empty_space height=&#8221;20px&#8221;][vc_column_text]<\/p>\n<p data-start=\"954\" data-end=\"1311\">Lors de cette \u00e9dition, Karibian a pr\u00e9sent\u00e9 ses derni\u00e8res propositions dans un stand con\u00e7u avec une attention particuli\u00e8re aux d\u00e9tails, afin de transmettre clairement notre vision du repos.<\/p>\n<p data-start=\"954\" data-end=\"1311\">Un espace o\u00f9 chaque \u00e9l\u00e9ment \u2014des mat\u00e9riaux \u00e0 l\u2019agencement\u2014 \u00e9tait pens\u00e9 pour offrir une exp\u00e9rience coh\u00e9rente, soign\u00e9e et align\u00e9e avec nos valeurs : technologie, innovation et qualit\u00e9 maximale de confort.<\/p>\n<p data-start=\"954\" data-end=\"1311\">\u00c0 travers cet espace, nous avons pr\u00e9sent\u00e9 nos derni\u00e8res innovations, r\u00e9affirmant notre engagement envers le bien-\u00eatre et le d\u00e9veloppement de produits qui r\u00e9pondent non seulement aux besoins actuels, mais anticipent \u00e9galement de nouvelles fa\u00e7ons de se reposer pour les clients les plus exigeants.<\/p>\n<p>[\/vc_column_text][\/vc_column][\/vc_row][vc_row css_animation=&#8221;&#8221; row_type=&#8221;row&#8221; use_row_as_full_screen_section=&#8221;no&#8221; type=&#8221;full_width&#8221; angled_section=&#8221;no&#8221; text_align=&#8221;left&#8221; background_image_as_pattern=&#8221;without_pattern&#8221;][vc_column width=&#8221;3\/4&#8243;][vc_empty_space height=&#8221;120px&#8221;][vc_column_text]<\/p>\n<h2><strong data-start=\"3195\" data-end=\"3220\">Merci de votre visite<\/strong><\/h2>\n<p>[\/vc_column_text][vc_empty_space height=&#8221;20px&#8221;][vc_column_text]<\/p>\n<p data-start=\"954\" data-end=\"1311\">Nous remercions sinc\u00e8rement toutes les personnes qui ont visit\u00e9 notre espace pendant le salon.<\/p>\n<p data-start=\"954\" data-end=\"1311\">Chaque \u00e9change, chaque visite et chaque partage d\u2019id\u00e9es nous aident \u00e0 continuer \u00e0 progresser et \u00e0 am\u00e9liorer ce que nous faisons au quotidien.<\/p>\n<p data-start=\"954\" data-end=\"1311\">Ce fut un plaisir de partager avec vous nos derni\u00e8res nouveaut\u00e9s et d\u2019\u00e9couter vos impressions sur le march\u00e9 et l\u2019avenir du repos.<\/p>\n<p>[\/vc_column_text][\/vc_column][vc_column width=&#8221;1\/4&#8243;][vc_empty_space height=&#8221;50px&#8221;][vc_gallery interval=&#8221;3&#8243; images=&#8221;18657,18655,18656,18658&#8243;][\/vc_column][\/vc_row][vc_row css_animation=&#8221;&#8221; row_type=&#8221;row&#8221; use_row_as_full_screen_section=&#8221;no&#8221; type=&#8221;full_width&#8221; angled_section=&#8221;no&#8221; text_align=&#8221;left&#8221; background_image_as_pattern=&#8221;without_pattern&#8221;][vc_column][vc_empty_space height=&#8221;50px&#8221;][vc_column_text]<\/p>\n<h2><strong data-start=\"3600\" data-end=\"3624\">Revivez l\u2019exp\u00e9rience<\/strong><\/h2>\n<p>[\/vc_column_text][vc_empty_space height=&#8221;20px&#8221;][vc_column_text]<\/p>\n<p data-start=\"1595\" data-end=\"2041\">Si vous souhaitez en savoir plus sur notre participation au salon et d\u00e9couvrir de plus pr\u00e8s le stand et les collections qui ont marqu\u00e9 cette \u00e9dition, nous vous invitons \u00e0 regarder cette vid\u00e9o r\u00e9capitulative:<\/p>\n<p>[\/vc_column_text][vc_empty_space height=&#8221;15px&#8221;][vc_video link=&#8221;https:\/\/youtu.be\/hIpsCrGZicU&#8221;][\/vc_column][\/vc_row][vc_row css_animation=&#8221;&#8221; row_type=&#8221;row&#8221; use_row_as_full_screen_section=&#8221;no&#8221; type=&#8221;full_width&#8221; angled_section=&#8221;no&#8221; text_align=&#8221;left&#8221; background_image_as_pattern=&#8221;without_pattern&#8221;][vc_column][vc_empty_space height=&#8221;50px&#8221;][vc_column_text]<\/p>\n<h3><strong data-start=\"3841\" data-end=\"3870\">Nous continuons d\u2019avancer<\/strong><\/h3>\n<p>[\/vc_column_text][vc_empty_space height=&#8221;20px&#8221;][vc_column_text]<\/p>\n<p data-start=\"1595\" data-end=\"2041\">Nous revenons de Milan avec une motivation renouvel\u00e9e et la certitude d\u2019\u00eatre sur la bonne voie : cr\u00e9er des solutions de repos qui am\u00e9liorent la vie des personnes. Merci de nous avoir accompagn\u00e9s dans cette exp\u00e9rience.<\/p>\n<p>[\/vc_column_text][\/vc_column][\/vc_row]<\/p>","protected":false},"excerpt":{"rendered":"<p>D\u00e9couvrez deux fa\u00e7ons de vous reposer et trouvez quel matelas hybride vous convient le mieux. Nous comparons la mousse HR et les ressorts ensach\u00e9s pour vous aider \u00e0 choisir le matelas id\u00e9al.<\/p>\n","protected":false},"author":2,"featured_media":18742,"comment_status":"open","ping_status":"open","sticky":false,"template":"","format":"standard","meta":{"footnotes":""},"categories":[10,164],"tags":[197,201,307,308,309,310,311,312,313,314,315],"class_list":["post-18636","post","type-post","status-publish","format-standard","has-post-thumbnail","hentry","category-noticias","category-ferias","tag-made-in-spain","tag-karibian","tag-feria-de-milan-2026","tag-salone-del-mobile-milano-2026","tag-industria-del-descanso","tag-innovacion-en-colchones","tag-tendencias-del-descanso","tag-diseno-de-colchones","tag-materiales-innovadores","tag-networking","tag-ferias-internacionales"],"yoast_head":"<!-- This site is optimized with the Yoast SEO plugin v27.0 - https:\/\/yoast.com\/product\/yoast-seo-wordpress\/ -->\n<title>SALONE DEL MOBILE MILANO 2026 - Karibian Descanso<\/title>\n<meta name=\"description\" content=\"Descubre c\u00f3mo ha sido esta \u00faltima edici\u00f3n del Salone del Mobile Milano y echa un vistazo a las novedades presentadas por Karibian.\" \/>\n<meta name=\"robots\" content=\"index, follow, max-snippet:-1, max-image-preview:large, max-video-preview:-1\" \/>\n<link rel=\"canonical\" href=\"https:\/\/karibiandescanso.com\/salone-del-mobile-milano-2026\/\" \/>\n<meta property=\"og:locale\" content=\"fr_FR\" \/>\n<meta property=\"og:type\" content=\"article\" \/>\n<meta property=\"og:title\" content=\"Dos formas de descansar: Hybrid\" \/>\n<meta property=\"og:description\" content=\"Descubre dos formas de descanso y qu\u00e9 colch\u00f3n h\u00edbrido se adapta mejor a ti. Comparamos HR vs muelles ensacados para que elijas el colch\u00f3n ideal.\" \/>\n<meta property=\"og:url\" content=\"https:\/\/karibiandescanso.com\/salone-del-mobile-milano-2026\/\" \/>\n<meta property=\"og:site_name\" content=\"Karibian Descanso\" \/>\n<meta property=\"article:published_time\" content=\"2026-04-28T10:00:34+00:00\" \/>\n<meta property=\"article:modified_time\" content=\"2026-04-28T13:01:35+00:00\" \/>\n<meta property=\"og:image\" content=\"https:\/\/karibiandescanso.com\/wp-content\/uploads\/2026\/03\/2-modos-descanso-hybrid.webp\" \/>\n\t<meta property=\"og:image:width\" content=\"1000\" \/>\n\t<meta property=\"og:image:height\" content=\"566\" \/>\n\t<meta property=\"og:image:type\" content=\"image\/webp\" \/>\n<meta name=\"author\" content=\"Karibian Descanso\" \/>\n<meta name=\"twitter:card\" content=\"summary_large_image\" \/>\n<meta name=\"twitter:title\" content=\"Dos formas de descansar: Hybrid\" \/>\n<meta name=\"twitter:description\" content=\"Descubre dos formas de descanso y qu\u00e9 colch\u00f3n h\u00edbrido se adapta mejor a ti. Comparamos HR vs muelles ensacados para que elijas el colch\u00f3n ideal.\" \/>\n<meta name=\"twitter:image\" content=\"https:\/\/karibiandescanso.com\/wp-content\/uploads\/2026\/03\/2-modos-descanso-hybrid.webp\" \/>\n<meta name=\"twitter:label1\" content=\"\u00c9crit par\" \/>\n\t<meta name=\"twitter:data1\" content=\"Karibian Descanso\" \/>\n\t<meta name=\"twitter:label2\" content=\"Dur\u00e9e de lecture estim\u00e9e\" \/>\n\t<meta name=\"twitter:data2\" content=\"9 minutes\" \/>\n<script type=\"application\/ld+json\" class=\"yoast-schema-graph\">{\"@context\":\"https:\/\/schema.org\",\"@graph\":[{\"@type\":\"Article\",\"@id\":\"https:\/\/karibiandescanso.com\/salone-del-mobile-milano-2026\/#article\",\"isPartOf\":{\"@id\":\"https:\/\/karibiandescanso.com\/salone-del-mobile-milano-2026\/\"},\"author\":{\"name\":\"Karibian Descanso\",\"@id\":\"https:\/\/karibiandescanso.com\/#\/schema\/person\/23be63b9b19bd8da8980c8eecdd69d30\"},\"headline\":\"SALONE DEL MOBILE MILANO 2026\",\"datePublished\":\"2026-04-28T10:00:34+00:00\",\"dateModified\":\"2026-04-28T13:01:35+00:00\",\"mainEntityOfPage\":{\"@id\":\"https:\/\/karibiandescanso.com\/salone-del-mobile-milano-2026\/\"},\"wordCount\":4920,\"commentCount\":0,\"image\":{\"@id\":\"https:\/\/karibiandescanso.com\/salone-del-mobile-milano-2026\/#primaryimage\"},\"thumbnailUrl\":\"https:\/\/karibiandescanso.com\/wp-content\/uploads\/2026\/03\/milano-portada.jpg\",\"keywords\":[\"Made in Spain\",\"Karibian\",\"Feria de Mil\u00e1n 2026\",\"Salone del Mobile Milano 2026\",\"Industria del descanso\",\"Innovaci\u00f3n en colchones\",\"Tendencias del descanso\",\"Dise\u00f1o de colchones\",\"Materiales innovadores\",\"Networking\",\"Ferias internacionales\"],\"articleSection\":[\"actualit\u00e9s\",\"Ferias\"],\"inLanguage\":\"fr-FR\",\"potentialAction\":[{\"@type\":\"CommentAction\",\"name\":\"Comment\",\"target\":[\"https:\/\/karibiandescanso.com\/salone-del-mobile-milano-2026\/#respond\"]}]},{\"@type\":\"WebPage\",\"@id\":\"https:\/\/karibiandescanso.com\/salone-del-mobile-milano-2026\/\",\"url\":\"https:\/\/karibiandescanso.com\/salone-del-mobile-milano-2026\/\",\"name\":\"SALONE DEL MOBILE MILANO 2026 - Karibian Descanso\",\"isPartOf\":{\"@id\":\"https:\/\/karibiandescanso.com\/#website\"},\"primaryImageOfPage\":{\"@id\":\"https:\/\/karibiandescanso.com\/salone-del-mobile-milano-2026\/#primaryimage\"},\"image\":{\"@id\":\"https:\/\/karibiandescanso.com\/salone-del-mobile-milano-2026\/#primaryimage\"},\"thumbnailUrl\":\"https:\/\/karibiandescanso.com\/wp-content\/uploads\/2026\/03\/milano-portada.jpg\",\"datePublished\":\"2026-04-28T10:00:34+00:00\",\"dateModified\":\"2026-04-28T13:01:35+00:00\",\"author\":{\"@id\":\"https:\/\/karibiandescanso.com\/#\/schema\/person\/23be63b9b19bd8da8980c8eecdd69d30\"},\"description\":\"Descubre c\u00f3mo ha sido esta \u00faltima edici\u00f3n del Salone del Mobile Milano y echa un vistazo a las novedades presentadas por Karibian.\",\"breadcrumb\":{\"@id\":\"https:\/\/karibiandescanso.com\/salone-del-mobile-milano-2026\/#breadcrumb\"},\"inLanguage\":\"fr-FR\",\"potentialAction\":[{\"@type\":\"ReadAction\",\"target\":[\"https:\/\/karibiandescanso.com\/salone-del-mobile-milano-2026\/\"]}]},{\"@type\":\"ImageObject\",\"inLanguage\":\"fr-FR\",\"@id\":\"https:\/\/karibiandescanso.com\/salone-del-mobile-milano-2026\/#primaryimage\",\"url\":\"https:\/\/karibiandescanso.com\/wp-content\/uploads\/2026\/03\/milano-portada.jpg\",\"contentUrl\":\"https:\/\/karibiandescanso.com\/wp-content\/uploads\/2026\/03\/milano-portada.jpg\",\"width\":1400,\"height\":792},{\"@type\":\"BreadcrumbList\",\"@id\":\"https:\/\/karibiandescanso.com\/salone-del-mobile-milano-2026\/#breadcrumb\",\"itemListElement\":[{\"@type\":\"ListItem\",\"position\":1,\"name\":\"Portada\",\"item\":\"https:\/\/karibiandescanso.com\/\"},{\"@type\":\"ListItem\",\"position\":2,\"name\":\"SALONE DEL MOBILE MILANO 2026\"}]},{\"@type\":\"WebSite\",\"@id\":\"https:\/\/karibiandescanso.com\/#website\",\"url\":\"https:\/\/karibiandescanso.com\/\",\"name\":\"Karibian Descanso\",\"description\":\"O\u00f9 est le repos\",\"potentialAction\":[{\"@type\":\"SearchAction\",\"target\":{\"@type\":\"EntryPoint\",\"urlTemplate\":\"https:\/\/karibiandescanso.com\/?s={search_term_string}\"},\"query-input\":{\"@type\":\"PropertyValueSpecification\",\"valueRequired\":true,\"valueName\":\"search_term_string\"}}],\"inLanguage\":\"fr-FR\"},{\"@type\":\"Person\",\"@id\":\"https:\/\/karibiandescanso.com\/#\/schema\/person\/23be63b9b19bd8da8980c8eecdd69d30\",\"name\":\"Karibian Descanso\",\"image\":{\"@type\":\"ImageObject\",\"inLanguage\":\"fr-FR\",\"@id\":\"https:\/\/karibiandescanso.com\/#\/schema\/person\/image\/\",\"url\":\"https:\/\/secure.gravatar.com\/avatar\/2f55039d31e0c8cf55d2c2b6e3bb49113343c35fd46d6d11806620d3c9641ba7?s=96&d=mm&r=g\",\"contentUrl\":\"https:\/\/secure.gravatar.com\/avatar\/2f55039d31e0c8cf55d2c2b6e3bb49113343c35fd46d6d11806620d3c9641ba7?s=96&d=mm&r=g\",\"caption\":\"Karibian Descanso\"},\"url\":\"https:\/\/karibiandescanso.com\/fr\/author\/karibian-descanso\/\"}]}<\/script>\n<!-- \/ Yoast SEO plugin. -->","yoast_head_json":{"title":"SALONE DEL MOBILE MILANO 2026 - Karibian Descanso","description":"Descubre c\u00f3mo ha sido esta \u00faltima edici\u00f3n del Salone del Mobile Milano y echa un vistazo a las novedades presentadas por Karibian.","robots":{"index":"index","follow":"follow","max-snippet":"max-snippet:-1","max-image-preview":"max-image-preview:large","max-video-preview":"max-video-preview:-1"},"canonical":"https:\/\/karibiandescanso.com\/salone-del-mobile-milano-2026\/","og_locale":"fr_FR","og_type":"article","og_title":"Dos formas de descansar: Hybrid","og_description":"Descubre dos formas de descanso y qu\u00e9 colch\u00f3n h\u00edbrido se adapta mejor a ti. Comparamos HR vs muelles ensacados para que elijas el colch\u00f3n ideal.","og_url":"https:\/\/karibiandescanso.com\/salone-del-mobile-milano-2026\/","og_site_name":"Karibian Descanso","article_published_time":"2026-04-28T10:00:34+00:00","article_modified_time":"2026-04-28T13:01:35+00:00","og_image":[{"width":1000,"height":566,"url":"https:\/\/karibiandescanso.com\/wp-content\/uploads\/2026\/03\/2-modos-descanso-hybrid.webp","type":"image\/webp"}],"author":"Karibian Descanso","twitter_card":"summary_large_image","twitter_title":"Dos formas de descansar: Hybrid","twitter_description":"Descubre dos formas de descanso y qu\u00e9 colch\u00f3n h\u00edbrido se adapta mejor a ti. Comparamos HR vs muelles ensacados para que elijas el colch\u00f3n ideal.","twitter_image":"https:\/\/karibiandescanso.com\/wp-content\/uploads\/2026\/03\/2-modos-descanso-hybrid.webp","twitter_misc":{"\u00c9crit par":"Karibian Descanso","Dur\u00e9e de lecture estim\u00e9e":"9 minutes"},"schema":{"@context":"https:\/\/schema.org","@graph":[{"@type":"Article","@id":"https:\/\/karibiandescanso.com\/salone-del-mobile-milano-2026\/#article","isPartOf":{"@id":"https:\/\/karibiandescanso.com\/salone-del-mobile-milano-2026\/"},"author":{"name":"Karibian Descanso","@id":"https:\/\/karibiandescanso.com\/#\/schema\/person\/23be63b9b19bd8da8980c8eecdd69d30"},"headline":"SALONE DEL MOBILE MILANO 2026","datePublished":"2026-04-28T10:00:34+00:00","dateModified":"2026-04-28T13:01:35+00:00","mainEntityOfPage":{"@id":"https:\/\/karibiandescanso.com\/salone-del-mobile-milano-2026\/"},"wordCount":4920,"commentCount":0,"image":{"@id":"https:\/\/karibiandescanso.com\/salone-del-mobile-milano-2026\/#primaryimage"},"thumbnailUrl":"https:\/\/karibiandescanso.com\/wp-content\/uploads\/2026\/03\/milano-portada.jpg","keywords":["Made in Spain","Karibian","Feria de Mil\u00e1n 2026","Salone del Mobile Milano 2026","Industria del descanso","Innovaci\u00f3n en colchones","Tendencias del descanso","Dise\u00f1o de colchones","Materiales innovadores","Networking","Ferias internacionales"],"articleSection":["actualit\u00e9s","Ferias"],"inLanguage":"fr-FR","potentialAction":[{"@type":"CommentAction","name":"Comment","target":["https:\/\/karibiandescanso.com\/salone-del-mobile-milano-2026\/#respond"]}]},{"@type":"WebPage","@id":"https:\/\/karibiandescanso.com\/salone-del-mobile-milano-2026\/","url":"https:\/\/karibiandescanso.com\/salone-del-mobile-milano-2026\/","name":"SALONE DEL MOBILE MILANO 2026 - Karibian Descanso","isPartOf":{"@id":"https:\/\/karibiandescanso.com\/#website"},"primaryImageOfPage":{"@id":"https:\/\/karibiandescanso.com\/salone-del-mobile-milano-2026\/#primaryimage"},"image":{"@id":"https:\/\/karibiandescanso.com\/salone-del-mobile-milano-2026\/#primaryimage"},"thumbnailUrl":"https:\/\/karibiandescanso.com\/wp-content\/uploads\/2026\/03\/milano-portada.jpg","datePublished":"2026-04-28T10:00:34+00:00","dateModified":"2026-04-28T13:01:35+00:00","author":{"@id":"https:\/\/karibiandescanso.com\/#\/schema\/person\/23be63b9b19bd8da8980c8eecdd69d30"},"description":"Descubre c\u00f3mo ha sido esta \u00faltima edici\u00f3n del Salone del Mobile Milano y echa un vistazo a las novedades presentadas por Karibian.","breadcrumb":{"@id":"https:\/\/karibiandescanso.com\/salone-del-mobile-milano-2026\/#breadcrumb"},"inLanguage":"fr-FR","potentialAction":[{"@type":"ReadAction","target":["https:\/\/karibiandescanso.com\/salone-del-mobile-milano-2026\/"]}]},{"@type":"ImageObject","inLanguage":"fr-FR","@id":"https:\/\/karibiandescanso.com\/salone-del-mobile-milano-2026\/#primaryimage","url":"https:\/\/karibiandescanso.com\/wp-content\/uploads\/2026\/03\/milano-portada.jpg","contentUrl":"https:\/\/karibiandescanso.com\/wp-content\/uploads\/2026\/03\/milano-portada.jpg","width":1400,"height":792},{"@type":"BreadcrumbList","@id":"https:\/\/karibiandescanso.com\/salone-del-mobile-milano-2026\/#breadcrumb","itemListElement":[{"@type":"ListItem","position":1,"name":"Portada","item":"https:\/\/karibiandescanso.com\/"},{"@type":"ListItem","position":2,"name":"SALONE DEL MOBILE MILANO 2026"}]},{"@type":"WebSite","@id":"https:\/\/karibiandescanso.com\/#website","url":"https:\/\/karibiandescanso.com\/","name":"Karibian Descanso","description":"O\u00f9 est le repos","potentialAction":[{"@type":"SearchAction","target":{"@type":"EntryPoint","urlTemplate":"https:\/\/karibiandescanso.com\/?s={search_term_string}"},"query-input":{"@type":"PropertyValueSpecification","valueRequired":true,"valueName":"search_term_string"}}],"inLanguage":"fr-FR"},{"@type":"Person","@id":"https:\/\/karibiandescanso.com\/#\/schema\/person\/23be63b9b19bd8da8980c8eecdd69d30","name":"Karibian Descanso","image":{"@type":"ImageObject","inLanguage":"fr-FR","@id":"https:\/\/karibiandescanso.com\/#\/schema\/person\/image\/","url":"https:\/\/secure.gravatar.com\/avatar\/2f55039d31e0c8cf55d2c2b6e3bb49113343c35fd46d6d11806620d3c9641ba7?s=96&d=mm&r=g","contentUrl":"https:\/\/secure.gravatar.com\/avatar\/2f55039d31e0c8cf55d2c2b6e3bb49113343c35fd46d6d11806620d3c9641ba7?s=96&d=mm&r=g","caption":"Karibian Descanso"},"url":"https:\/\/karibiandescanso.com\/fr\/author\/karibian-descanso\/"}]}},"_links":{"self":[{"href":"https:\/\/karibiandescanso.com\/fr\/wp-json\/wp\/v2\/posts\/18636","targetHints":{"allow":["GET"]}}],"collection":[{"href":"https:\/\/karibiandescanso.com\/fr\/wp-json\/wp\/v2\/posts"}],"about":[{"href":"https:\/\/karibiandescanso.com\/fr\/wp-json\/wp\/v2\/types\/post"}],"author":[{"embeddable":true,"href":"https:\/\/karibiandescanso.com\/fr\/wp-json\/wp\/v2\/users\/2"}],"replies":[{"embeddable":true,"href":"https:\/\/karibiandescanso.com\/fr\/wp-json\/wp\/v2\/comments?post=18636"}],"version-history":[{"count":45,"href":"https:\/\/karibiandescanso.com\/fr\/wp-json\/wp\/v2\/posts\/18636\/revisions"}],"predecessor-version":[{"id":18761,"href":"https:\/\/karibiandescanso.com\/fr\/wp-json\/wp\/v2\/posts\/18636\/revisions\/18761"}],"wp:featuredmedia":[{"embeddable":true,"href":"https:\/\/karibiandescanso.com\/fr\/wp-json\/wp\/v2\/media\/18742"}],"wp:attachment":[{"href":"https:\/\/karibiandescanso.com\/fr\/wp-json\/wp\/v2\/media?parent=18636"}],"wp:term":[{"taxonomy":"category","embeddable":true,"href":"https:\/\/karibiandescanso.com\/fr\/wp-json\/wp\/v2\/categories?post=18636"},{"taxonomy":"post_tag","embeddable":true,"href":"https:\/\/karibiandescanso.com\/fr\/wp-json\/wp\/v2\/tags?post=18636"}],"curies":[{"name":"wp","href":"https:\/\/api.w.org\/{rel}","templated":true}]}}