{"id":1983,"date":"2018-06-05T10:28:54","date_gmt":"2018-06-05T09:28:54","guid":{"rendered":"https:\/\/www.karibiandescanso.com\/?p=1983"},"modified":"2019-02-25T13:13:00","modified_gmt":"2019-02-25T12:13:00","slug":"protegeant-la-planete","status":"publish","type":"post","link":"https:\/\/karibiandescanso.com\/fr\/protegeant-la-planete\/","title":{"rendered":"EN PROT\u00c9GEANT LA PLAN\u00c8TE"},"content":{"rendered":"<p><\/p>\n<h4><strong>KARIBIAN DESCANSO, ENGAGEMENT POUR L\u00c9NVIRONNEMENT<\/strong><\/h4>\n<h6><\/h6>\n<p style=\"text-align: justify;\">La\u00a0<a href=\"http:\/\/www.un.org\/es\/events\/environmentday\/\"><strong>Journ\u00e9e Mondiale de l\u00b4environnement\u00a0<\/strong><\/a>est l\u00b4\u00e9v\u00e9nement plus important pour la promotion de l\u00b4action social en faveur de la nature. Depuis que sa c\u00e9l\u00e9bration a \u00e9t\u00e9 approuv\u00e9 par l\u00b4Assembl\u00e9e G\u00e9n\u00e9rale des Nations Unies, a lieu le 5 de juin chaque ann\u00e9e, depuis 1974. Le but principal est sensibiliser sur l\u00b4importance de l\u00b4environnement.<\/p>\n<p style=\"text-align: justify;\"><span lang=\"FR\">Quand nous achetons des produits fabriqu\u00e9s avec mat\u00e9riaux organiques, nous aidons \u00e0 conserver notre \u00e9cosyst\u00e8me. \u00c7a veut dire, quand nous choisissons des mat\u00e9riaux naturelles, par ailleurs d\u00b4am\u00e9liorer notre qualit\u00e9 de vie et notre bien \u00eatre, nous aurons un repos sain et naturelle, en plus d\u00b4aider \u00e0 l\u00b4environnement. <\/span><\/p>\n<h5 style=\"text-align: justify;\"><img loading=\"lazy\" decoding=\"async\" class=\" wp-image-2110 aligncenter\" src=\"https:\/\/www.karibiandescanso.com\/wp-content\/uploads\/2018\/06\/1-chica.jpg\" alt=\"\" width=\"1108\" height=\"348\" srcset=\"https:\/\/karibiandescanso.com\/wp-content\/uploads\/2018\/06\/1-chica.jpg 700w, https:\/\/karibiandescanso.com\/wp-content\/uploads\/2018\/06\/1-chica-300x94.jpg 300w\" sizes=\"auto, (max-width: 1108px) 100vw, 1108px\" \/><br \/>\n<b><\/b><\/h5>\n<h5><strong>Un choix durable <\/strong><\/h5>\n<p style=\"text-align: justify;\">Pendant le processus de fabrication de chaque mod\u00e8le de repos, il y a diff\u00e9rents facteurs de production qui font partie. Choisir des matelas et des oreiller avec des composants naturels, c\u00b4est une mani\u00e8re\u00a0 de contribuer \u00e0 l\u00b4environnement. La sagesse de la nature conserve l\u00b4essence des fibres naturelles, afin d\u00b4offrir des niveaux de confort, r\u00e9sistance et douceur incomparables.<\/p>\n<p>La qualit\u00e9 et la durabilit\u00e9, sont deux options qui vont de pair. Pour ceci, chez Karibian Descanso, nous ajoutons dans notre processus de fabrication, diff\u00e9rents mat\u00e9riaux naturels, comme le lin, la laine et le coton entre autres.<\/p>\n<h5 style=\"text-align: justify;\"><a href=\"https:\/\/www.karibiandescanso.com\"><img loading=\"lazy\" decoding=\"async\" class=\"alignleft wp-image-2131 size-full\" src=\"https:\/\/www.karibiandescanso.com\/wp-content\/uploads\/2018\/06\/Dia-medio-ambiente.jpg\" alt=\"\" width=\"1920\" height=\"489\" srcset=\"https:\/\/karibiandescanso.com\/wp-content\/uploads\/2018\/06\/Dia-medio-ambiente.jpg 1920w, https:\/\/karibiandescanso.com\/wp-content\/uploads\/2018\/06\/Dia-medio-ambiente-300x76.jpg 300w, https:\/\/karibiandescanso.com\/wp-content\/uploads\/2018\/06\/Dia-medio-ambiente-1024x261.jpg 1024w\" sizes=\"auto, (max-width: 1920px) 100vw, 1920px\" \/><\/a><\/h5>\n<p style=\"text-align: justify;\">Chez <a href=\"https:\/\/www.karibiandescanso.com\/fr\/\">Karibian Descanso<\/a>, nous sommes conscients de l\u00b4importance de prendre soin de l\u00b4environnement, c\u00b4est pour \u00e7a que tous nos produits poss\u00e8dent le label de certification <a href=\"https:\/\/www.karibiandescanso.com\/fr\/certificado-oeko-tex\/\">OEKO-TEX 1017OK1452 AITEX<\/a>, lequel certifie \u00ab\u00a0textiles sans substances nocives\u00a0\u00bb. Ce certificat garantit que chaque produit a pass\u00e9 un analyse exhaustif, en v\u00e9rifiant qu\u00b4il ne poss\u00e8de pas des substances nocives pour la sant\u00e9. Par ailleurs, pendant les processus de fabrication des produits chez Karibian Descanso, on a provoqu\u00e9 le moindre impact environnemental.<\/p>\n<h6 style=\"text-align: justify;\"><strong>&#8220;Il\u00a0est\u00a0<\/strong><strong>responsabilit\u00e9 de\u00a0tous, faire la plan\u00e8te un peu plus durable, et la\u00a0conserve por les g\u00e9n\u00e9rations \u00e1 venir<\/strong><strong><span class=\"Muydestacado\"><span lang=\"FR\">\u00bb<\/span><\/span><\/strong><\/h6>\n<h5 style=\"text-align: justify;\"><\/h5>\n<p style=\"text-align: justify;\">Est-ce que vos voluez en sabor plus sur nos produits? Visitez notre site web: <a href=\"https:\/\/www.karibiandescanso.com\">karibiandescanso.com<\/a><\/p>\n<p><\/p>","protected":false},"excerpt":{"rendered":"<p>La Journ\u00e9e Mondiale de l\u00b4environnement\u00a0est l\u00b4\u00e9v\u00e9nement plus important pour la promotion de l\u00b4action social en faveur de la nature. Pendant le processus de fabrication de chaque mod\u00e8le de repos, il y a diff\u00e9rents facteurs.<\/p>\n","protected":false},"author":2,"featured_media":2216,"comment_status":"open","ping_status":"open","sticky":false,"template":"","format":"standard","meta":{"footnotes":""},"categories":[10],"tags":[25,65,67,68,71,72,78],"class_list":["post-1983","post","type-post","status-publish","format-standard","has-post-thumbnail","hentry","category-noticias","tag-karibian-descanso","tag-materiales-naturales","tag-5th-june","tag-nature","tag-dia-del-medio-ambiente","tag-world-environment-day","tag-journee-mondiale-de-lenvironnement"],"yoast_head":"<!-- This site is optimized with the Yoast SEO plugin v27.0 - https:\/\/yoast.com\/product\/yoast-seo-wordpress\/ -->\n<title>EN PROT\u00c9GEANT LA PLAN\u00c8TE  - Karibian Descanso<\/title>\n<meta name=\"robots\" content=\"index, follow, max-snippet:-1, max-image-preview:large, max-video-preview:-1\" \/>\n<link rel=\"canonical\" href=\"https:\/\/karibiandescanso.com\/ru\/protegeant-la-planete\/\" \/>\n<meta property=\"og:locale\" content=\"fr_FR\" \/>\n<meta property=\"og:type\" content=\"article\" \/>\n<meta property=\"og:title\" content=\"[:es]PROTEGIENDO EL PLANETA[:en]PROTECTING THE PLANET[:fr]EN PROT\u00c9GEANT LA PLAN\u00c8TE [:ru]\u041e\u0425\u0420\u0410\u041d\u0410 \u041f\u041b\u0410\u041d\u0415\u0422\u042b[:] - Karibian Descanso\" \/>\n<meta property=\"og:description\" content=\"[:es]El D\u00eda 5 de Junio, se celebra el d\u00eda Mundial del Medio Ambiente. Karibian descanso, comprometido con el Medio ambiente, garantiza que sus productos no contienen sustancias nocivas para la salud... [:en]World Environment Day\u00a0is the most important annual event that promotes social action to protect our natural environment. Quality and sustainability go hand-in-hand. That is why at Karibian Descanso we include different[:fr]La Journ\u00e9e Mondiale de l\u00b4environnement\u00a0est l\u00b4\u00e9v\u00e9nement plus important pour la promotion de l\u00b4action social en faveur de la nature. Pendant le processus de fabrication de chaque mod\u00e8le de repos, il y a diff\u00e9rents facteurs.[:ru]\u0421\u043f\u0435\u0446\u0438\u0430\u043b\u0438\u0441\u0442\u044b \u0438\u0437 \u043a\u043e\u043c\u043f\u0430\u043d\u0438\u0438 Karibian Descanso \u043f\u0440\u0435\u043a\u0440\u0430\u0441\u043d\u043e \u043f\u043e\u043d\u0438\u043c\u0430\u044e\u0442, \u043a\u0430\u043a \u0432\u0430\u0436\u043d\u043e \u0437\u0430\u0431\u043e\u0442\u0438\u0442\u044c\u0441\u044f \u043e\u0431 \u043e\u043a\u0440\u0443\u0436\u0430\u044e\u0449\u0435\u0439 \u0441\u0440\u0435\u0434\u0435, \u043f\u043e\u044d\u0442\u043e\u043c\u0443 \u0432\u0441\u0435 \u043d\u0430\u0448\u0438 \u0442\u043e\u0432\u0430\u0440\u044b \u043e\u0431\u043b\u0430\u0434\u0430\u044e\u0442 \u0441\u043e\u043e\u0442\u0432\u0435\u0442\u0441\u0442\u0432\u0443\u044e\u0449\u0438\u043c\u0438 \u0441\u0435\u0440\u0442\u0438\u0444\u0438\u043a\u0430\u0442\u0430\u043c\u0438[:]\" \/>\n<meta property=\"og:url\" content=\"https:\/\/karibiandescanso.com\/ru\/protegeant-la-planete\/\" \/>\n<meta property=\"og:site_name\" content=\"Karibian Descanso\" \/>\n<meta property=\"article:published_time\" content=\"2018-06-05T09:28:54+00:00\" \/>\n<meta property=\"article:modified_time\" content=\"2019-02-25T12:13:00+00:00\" \/>\n<meta property=\"og:image\" content=\"https:\/\/karibiandescanso.com\/wp-content\/uploads\/2018\/06\/portada-blog-1.jpg\" \/>\n\t<meta property=\"og:image:width\" content=\"1920\" \/>\n\t<meta property=\"og:image:height\" content=\"1094\" \/>\n\t<meta property=\"og:image:type\" content=\"image\/jpeg\" \/>\n<meta name=\"author\" content=\"Karibian Descanso\" \/>\n<meta name=\"twitter:card\" content=\"summary_large_image\" \/>\n<meta name=\"twitter:label1\" content=\"\u00c9crit par\" \/>\n\t<meta name=\"twitter:data1\" content=\"Karibian Descanso\" \/>\n\t<meta name=\"twitter:label2\" content=\"Dur\u00e9e de lecture estim\u00e9e\" \/>\n\t<meta name=\"twitter:data2\" content=\"5 minutes\" \/>\n<script type=\"application\/ld+json\" class=\"yoast-schema-graph\">{\"@context\":\"https:\/\/schema.org\",\"@graph\":[{\"@type\":\"Article\",\"@id\":\"https:\/\/karibiandescanso.com\/ru\/protegeant-la-planete\/#article\",\"isPartOf\":{\"@id\":\"https:\/\/karibiandescanso.com\/ru\/protegeant-la-planete\/\"},\"author\":{\"name\":\"Karibian Descanso\",\"@id\":\"https:\/\/karibiandescanso.com\/#\/schema\/person\/23be63b9b19bd8da8980c8eecdd69d30\"},\"headline\":\"EN PROT\u00c9GEANT LA PLAN\u00c8TE\",\"datePublished\":\"2018-06-05T09:28:54+00:00\",\"dateModified\":\"2019-02-25T12:13:00+00:00\",\"mainEntityOfPage\":{\"@id\":\"https:\/\/karibiandescanso.com\/ru\/protegeant-la-planete\/\"},\"wordCount\":1249,\"commentCount\":0,\"image\":{\"@id\":\"https:\/\/karibiandescanso.com\/ru\/protegeant-la-planete\/#primaryimage\"},\"thumbnailUrl\":\"https:\/\/karibiandescanso.com\/wp-content\/uploads\/2018\/06\/portada-blog-1.jpg\",\"keywords\":[\"karibian descanso\",\"Materiales naturales\",\"5th June\",\"Nature\",\"Dia del Medio Ambiente\",\"World Environment Day\",\"Journ\u00e9e Mondiale de l\u00b4environnement\"],\"articleSection\":[\"actualit\u00e9s\"],\"inLanguage\":\"fr-FR\",\"potentialAction\":[{\"@type\":\"CommentAction\",\"name\":\"Comment\",\"target\":[\"https:\/\/karibiandescanso.com\/ru\/protegeant-la-planete\/#respond\"]}]},{\"@type\":\"WebPage\",\"@id\":\"https:\/\/karibiandescanso.com\/ru\/protegeant-la-planete\/\",\"url\":\"https:\/\/karibiandescanso.com\/ru\/protegeant-la-planete\/\",\"name\":\"[:es]PROTEGIENDO EL PLANETA[:en]PROTECTING THE PLANET[:fr]EN PROT\u00c9GEANT LA PLAN\u00c8TE [:ru]\u041e\u0425\u0420\u0410\u041d\u0410 \u041f\u041b\u0410\u041d\u0415\u0422\u042b[:] - Karibian Descanso\",\"isPartOf\":{\"@id\":\"https:\/\/karibiandescanso.com\/#website\"},\"primaryImageOfPage\":{\"@id\":\"https:\/\/karibiandescanso.com\/ru\/protegeant-la-planete\/#primaryimage\"},\"image\":{\"@id\":\"https:\/\/karibiandescanso.com\/ru\/protegeant-la-planete\/#primaryimage\"},\"thumbnailUrl\":\"https:\/\/karibiandescanso.com\/wp-content\/uploads\/2018\/06\/portada-blog-1.jpg\",\"datePublished\":\"2018-06-05T09:28:54+00:00\",\"dateModified\":\"2019-02-25T12:13:00+00:00\",\"author\":{\"@id\":\"https:\/\/karibiandescanso.com\/#\/schema\/person\/23be63b9b19bd8da8980c8eecdd69d30\"},\"breadcrumb\":{\"@id\":\"https:\/\/karibiandescanso.com\/ru\/protegeant-la-planete\/#breadcrumb\"},\"inLanguage\":\"fr-FR\",\"potentialAction\":[{\"@type\":\"ReadAction\",\"target\":[\"https:\/\/karibiandescanso.com\/ru\/protegeant-la-planete\/\"]}]},{\"@type\":\"ImageObject\",\"inLanguage\":\"fr-FR\",\"@id\":\"https:\/\/karibiandescanso.com\/ru\/protegeant-la-planete\/#primaryimage\",\"url\":\"https:\/\/karibiandescanso.com\/wp-content\/uploads\/2018\/06\/portada-blog-1.jpg\",\"contentUrl\":\"https:\/\/karibiandescanso.com\/wp-content\/uploads\/2018\/06\/portada-blog-1.jpg\",\"width\":1920,\"height\":1094},{\"@type\":\"BreadcrumbList\",\"@id\":\"https:\/\/karibiandescanso.com\/ru\/protegeant-la-planete\/#breadcrumb\",\"itemListElement\":[{\"@type\":\"ListItem\",\"position\":1,\"name\":\"Portada\",\"item\":\"https:\/\/karibiandescanso.com\/\"},{\"@type\":\"ListItem\",\"position\":2,\"name\":\"\u041e\u0425\u0420\u0410\u041d\u0410 \u041f\u041b\u0410\u041d\u0415\u0422\u042b\"}]},{\"@type\":\"WebSite\",\"@id\":\"https:\/\/karibiandescanso.com\/#website\",\"url\":\"https:\/\/karibiandescanso.com\/\",\"name\":\"Karibian Descanso\",\"description\":\"O\u00f9 est le repos\",\"potentialAction\":[{\"@type\":\"SearchAction\",\"target\":{\"@type\":\"EntryPoint\",\"urlTemplate\":\"https:\/\/karibiandescanso.com\/?s={search_term_string}\"},\"query-input\":{\"@type\":\"PropertyValueSpecification\",\"valueRequired\":true,\"valueName\":\"search_term_string\"}}],\"inLanguage\":\"fr-FR\"},{\"@type\":\"Person\",\"@id\":\"https:\/\/karibiandescanso.com\/#\/schema\/person\/23be63b9b19bd8da8980c8eecdd69d30\",\"name\":\"Karibian Descanso\",\"image\":{\"@type\":\"ImageObject\",\"inLanguage\":\"fr-FR\",\"@id\":\"https:\/\/karibiandescanso.com\/#\/schema\/person\/image\/\",\"url\":\"https:\/\/secure.gravatar.com\/avatar\/2f55039d31e0c8cf55d2c2b6e3bb49113343c35fd46d6d11806620d3c9641ba7?s=96&d=mm&r=g\",\"contentUrl\":\"https:\/\/secure.gravatar.com\/avatar\/2f55039d31e0c8cf55d2c2b6e3bb49113343c35fd46d6d11806620d3c9641ba7?s=96&d=mm&r=g\",\"caption\":\"Karibian Descanso\"},\"url\":\"https:\/\/karibiandescanso.com\/fr\/author\/karibian-descanso\/\"}]}<\/script>\n<!-- \/ Yoast SEO plugin. -->","yoast_head_json":{"title":"[:es]PROTEGIENDO EL PLANETA[:en]PROTECTING THE PLANET[:fr]EN PROT\u00c9GEANT LA PLAN\u00c8TE [:ru]\u041e\u0425\u0420\u0410\u041d\u0410 \u041f\u041b\u0410\u041d\u0415\u0422\u042b[:] - Karibian Descanso","robots":{"index":"index","follow":"follow","max-snippet":"max-snippet:-1","max-image-preview":"max-image-preview:large","max-video-preview":"max-video-preview:-1"},"canonical":"https:\/\/karibiandescanso.com\/ru\/protegeant-la-planete\/","og_locale":"fr_FR","og_type":"article","og_title":"[:es]PROTEGIENDO EL PLANETA[:en]PROTECTING THE PLANET[:fr]EN PROT\u00c9GEANT LA PLAN\u00c8TE [:ru]\u041e\u0425\u0420\u0410\u041d\u0410 \u041f\u041b\u0410\u041d\u0415\u0422\u042b[:] - Karibian Descanso","og_description":"[:es]El D\u00eda 5 de Junio, se celebra el d\u00eda Mundial del Medio Ambiente. Karibian descanso, comprometido con el Medio ambiente, garantiza que sus productos no contienen sustancias nocivas para la salud... [:en]World Environment Day\u00a0is the most important annual event that promotes social action to protect our natural environment. Quality and sustainability go hand-in-hand. That is why at Karibian Descanso we include different[:fr]La Journ\u00e9e Mondiale de l\u00b4environnement\u00a0est l\u00b4\u00e9v\u00e9nement plus important pour la promotion de l\u00b4action social en faveur de la nature. Pendant le processus de fabrication de chaque mod\u00e8le de repos, il y a diff\u00e9rents facteurs.[:ru]\u0421\u043f\u0435\u0446\u0438\u0430\u043b\u0438\u0441\u0442\u044b \u0438\u0437 \u043a\u043e\u043c\u043f\u0430\u043d\u0438\u0438 Karibian Descanso \u043f\u0440\u0435\u043a\u0440\u0430\u0441\u043d\u043e \u043f\u043e\u043d\u0438\u043c\u0430\u044e\u0442, \u043a\u0430\u043a \u0432\u0430\u0436\u043d\u043e \u0437\u0430\u0431\u043e\u0442\u0438\u0442\u044c\u0441\u044f \u043e\u0431 \u043e\u043a\u0440\u0443\u0436\u0430\u044e\u0449\u0435\u0439 \u0441\u0440\u0435\u0434\u0435, \u043f\u043e\u044d\u0442\u043e\u043c\u0443 \u0432\u0441\u0435 \u043d\u0430\u0448\u0438 \u0442\u043e\u0432\u0430\u0440\u044b \u043e\u0431\u043b\u0430\u0434\u0430\u044e\u0442 \u0441\u043e\u043e\u0442\u0432\u0435\u0442\u0441\u0442\u0432\u0443\u044e\u0449\u0438\u043c\u0438 \u0441\u0435\u0440\u0442\u0438\u0444\u0438\u043a\u0430\u0442\u0430\u043c\u0438[:]","og_url":"https:\/\/karibiandescanso.com\/ru\/protegeant-la-planete\/","og_site_name":"Karibian Descanso","article_published_time":"2018-06-05T09:28:54+00:00","article_modified_time":"2019-02-25T12:13:00+00:00","og_image":[{"width":1920,"height":1094,"url":"https:\/\/karibiandescanso.com\/wp-content\/uploads\/2018\/06\/portada-blog-1.jpg","type":"image\/jpeg"}],"author":"Karibian Descanso","twitter_card":"summary_large_image","twitter_misc":{"\u00c9crit par":"Karibian Descanso","Dur\u00e9e de lecture estim\u00e9e":"5 minutes"},"schema":{"@context":"https:\/\/schema.org","@graph":[{"@type":"Article","@id":"https:\/\/karibiandescanso.com\/ru\/protegeant-la-planete\/#article","isPartOf":{"@id":"https:\/\/karibiandescanso.com\/ru\/protegeant-la-planete\/"},"author":{"name":"Karibian Descanso","@id":"https:\/\/karibiandescanso.com\/#\/schema\/person\/23be63b9b19bd8da8980c8eecdd69d30"},"headline":"EN PROT\u00c9GEANT LA PLAN\u00c8TE","datePublished":"2018-06-05T09:28:54+00:00","dateModified":"2019-02-25T12:13:00+00:00","mainEntityOfPage":{"@id":"https:\/\/karibiandescanso.com\/ru\/protegeant-la-planete\/"},"wordCount":1249,"commentCount":0,"image":{"@id":"https:\/\/karibiandescanso.com\/ru\/protegeant-la-planete\/#primaryimage"},"thumbnailUrl":"https:\/\/karibiandescanso.com\/wp-content\/uploads\/2018\/06\/portada-blog-1.jpg","keywords":["karibian descanso","Materiales naturales","5th June","Nature","Dia del Medio Ambiente","World Environment Day","Journ\u00e9e Mondiale de l\u00b4environnement"],"articleSection":["actualit\u00e9s"],"inLanguage":"fr-FR","potentialAction":[{"@type":"CommentAction","name":"Comment","target":["https:\/\/karibiandescanso.com\/ru\/protegeant-la-planete\/#respond"]}]},{"@type":"WebPage","@id":"https:\/\/karibiandescanso.com\/ru\/protegeant-la-planete\/","url":"https:\/\/karibiandescanso.com\/ru\/protegeant-la-planete\/","name":"[:es]PROTEGIENDO EL PLANETA[:en]PROTECTING THE PLANET[:fr]EN PROT\u00c9GEANT LA PLAN\u00c8TE [:ru]\u041e\u0425\u0420\u0410\u041d\u0410 \u041f\u041b\u0410\u041d\u0415\u0422\u042b[:] - Karibian Descanso","isPartOf":{"@id":"https:\/\/karibiandescanso.com\/#website"},"primaryImageOfPage":{"@id":"https:\/\/karibiandescanso.com\/ru\/protegeant-la-planete\/#primaryimage"},"image":{"@id":"https:\/\/karibiandescanso.com\/ru\/protegeant-la-planete\/#primaryimage"},"thumbnailUrl":"https:\/\/karibiandescanso.com\/wp-content\/uploads\/2018\/06\/portada-blog-1.jpg","datePublished":"2018-06-05T09:28:54+00:00","dateModified":"2019-02-25T12:13:00+00:00","author":{"@id":"https:\/\/karibiandescanso.com\/#\/schema\/person\/23be63b9b19bd8da8980c8eecdd69d30"},"breadcrumb":{"@id":"https:\/\/karibiandescanso.com\/ru\/protegeant-la-planete\/#breadcrumb"},"inLanguage":"fr-FR","potentialAction":[{"@type":"ReadAction","target":["https:\/\/karibiandescanso.com\/ru\/protegeant-la-planete\/"]}]},{"@type":"ImageObject","inLanguage":"fr-FR","@id":"https:\/\/karibiandescanso.com\/ru\/protegeant-la-planete\/#primaryimage","url":"https:\/\/karibiandescanso.com\/wp-content\/uploads\/2018\/06\/portada-blog-1.jpg","contentUrl":"https:\/\/karibiandescanso.com\/wp-content\/uploads\/2018\/06\/portada-blog-1.jpg","width":1920,"height":1094},{"@type":"BreadcrumbList","@id":"https:\/\/karibiandescanso.com\/ru\/protegeant-la-planete\/#breadcrumb","itemListElement":[{"@type":"ListItem","position":1,"name":"Portada","item":"https:\/\/karibiandescanso.com\/"},{"@type":"ListItem","position":2,"name":"\u041e\u0425\u0420\u0410\u041d\u0410 \u041f\u041b\u0410\u041d\u0415\u0422\u042b"}]},{"@type":"WebSite","@id":"https:\/\/karibiandescanso.com\/#website","url":"https:\/\/karibiandescanso.com\/","name":"Karibian Descanso","description":"O\u00f9 est le repos","potentialAction":[{"@type":"SearchAction","target":{"@type":"EntryPoint","urlTemplate":"https:\/\/karibiandescanso.com\/?s={search_term_string}"},"query-input":{"@type":"PropertyValueSpecification","valueRequired":true,"valueName":"search_term_string"}}],"inLanguage":"fr-FR"},{"@type":"Person","@id":"https:\/\/karibiandescanso.com\/#\/schema\/person\/23be63b9b19bd8da8980c8eecdd69d30","name":"Karibian Descanso","image":{"@type":"ImageObject","inLanguage":"fr-FR","@id":"https:\/\/karibiandescanso.com\/#\/schema\/person\/image\/","url":"https:\/\/secure.gravatar.com\/avatar\/2f55039d31e0c8cf55d2c2b6e3bb49113343c35fd46d6d11806620d3c9641ba7?s=96&d=mm&r=g","contentUrl":"https:\/\/secure.gravatar.com\/avatar\/2f55039d31e0c8cf55d2c2b6e3bb49113343c35fd46d6d11806620d3c9641ba7?s=96&d=mm&r=g","caption":"Karibian Descanso"},"url":"https:\/\/karibiandescanso.com\/fr\/author\/karibian-descanso\/"}]}},"_links":{"self":[{"href":"https:\/\/karibiandescanso.com\/fr\/wp-json\/wp\/v2\/posts\/1983","targetHints":{"allow":["GET"]}}],"collection":[{"href":"https:\/\/karibiandescanso.com\/fr\/wp-json\/wp\/v2\/posts"}],"about":[{"href":"https:\/\/karibiandescanso.com\/fr\/wp-json\/wp\/v2\/types\/post"}],"author":[{"embeddable":true,"href":"https:\/\/karibiandescanso.com\/fr\/wp-json\/wp\/v2\/users\/2"}],"replies":[{"embeddable":true,"href":"https:\/\/karibiandescanso.com\/fr\/wp-json\/wp\/v2\/comments?post=1983"}],"version-history":[{"count":0,"href":"https:\/\/karibiandescanso.com\/fr\/wp-json\/wp\/v2\/posts\/1983\/revisions"}],"wp:featuredmedia":[{"embeddable":true,"href":"https:\/\/karibiandescanso.com\/fr\/wp-json\/wp\/v2\/media\/2216"}],"wp:attachment":[{"href":"https:\/\/karibiandescanso.com\/fr\/wp-json\/wp\/v2\/media?parent=1983"}],"wp:term":[{"taxonomy":"category","embeddable":true,"href":"https:\/\/karibiandescanso.com\/fr\/wp-json\/wp\/v2\/categories?post=1983"},{"taxonomy":"post_tag","embeddable":true,"href":"https:\/\/karibiandescanso.com\/fr\/wp-json\/wp\/v2\/tags?post=1983"}],"curies":[{"name":"wp","href":"https:\/\/api.w.org\/{rel}","templated":true}]}}