{"id":2789,"date":"2018-09-25T15:56:33","date_gmt":"2018-09-25T14:56:33","guid":{"rendered":"https:\/\/www.karibiandescanso.com\/?p=2789"},"modified":"2024-07-26T14:38:12","modified_gmt":"2024-07-26T12:38:12","slug":"57-edicion-fmy2018","status":"publish","type":"post","link":"https:\/\/karibiandescanso.com\/fr\/57-edicion-fmy2018\/","title":{"rendered":"57\u00c8ME \u00c9DITION FMY2018"},"content":{"rendered":"<p><a href=\"https:\/\/www.facebook.com\/FMYecla\/\"><img loading=\"lazy\" decoding=\"async\" class=\"wp-image-2796 aligncenter\" src=\"https:\/\/www.karibiandescanso.com\/wp-content\/uploads\/2018\/09\/FERIA-DE-YECLA-2018-1.jpg\" alt=\"\" width=\"792\" height=\"255\" srcset=\"https:\/\/karibiandescanso.com\/wp-content\/uploads\/2018\/09\/FERIA-DE-YECLA-2018-1.jpg 1920w, https:\/\/karibiandescanso.com\/wp-content\/uploads\/2018\/09\/FERIA-DE-YECLA-2018-1-300x97.jpg 300w, https:\/\/karibiandescanso.com\/wp-content\/uploads\/2018\/09\/FERIA-DE-YECLA-2018-1-1024x330.jpg 1024w\" sizes=\"auto, (max-width: 792px) 100vw, 792px\" \/><\/a><\/p>\n<p class=\"Cuerpo\" style=\"text-align: justify;\"><a href=\"https:\/\/www.karibiandescanso.com\/fr\"><b><u><span lang=\"FR\">Karibian Descanso\u00a0<\/span><\/u><\/b><\/a><span lang=\"FR\">a \u00e9t\u00e9 pr\u00e9sent une ann\u00e9e de plus au <a href=\"http:\/\/www.feriayecla.com\"><b><u>Salon du Meuble Yecla 2018<\/u><\/b><\/a>. Un point de rencontre pour les professionnels du secteur, tant \u00e0 niveau national qu\u2019international. L\u2019\u00e9v\u00e9nement s\u2019est tenu <b>du 17 au 20 de Septembre\u00a0<\/b>et a c\u00e9l\u00e9br\u00e9 sa <b>57\u00e8me \u00e9dition.<\/b><\/span><\/p>\n<p class=\"Cuerpo\" style=\"text-align: justify;\"><span lang=\"FR\">Un \u00e9v\u00e9nement incontournable pour les <b>professionnels du secteur de l\u2019ameublement<\/b>, o\u00f9 chaque ann\u00e9e, gr\u00e2ce \u00e0 la participation d\u2019experts prestigieux et des diff\u00e9rentes entreprises du secteur, augmente sa importance. Dans cette \u00e9dition, diff\u00e9rentes nouveaut\u00e9s ont \u00e9t\u00e9 pr\u00e9sent\u00e9s, telles que les tendances du mobilier, la possibilit\u00e9 de se mettre en r\u00e9seau entre professionnels, et de donner un nouvel \u00e9lan par l\u2019innovation. Tout \u00e7a, avec l\u2019objectif commun d\u2019ouvrir des nouveaux march\u00e9s de croissance, l\u2019engagement d\u2019un nouveau positionnement et le possible impact positif sur l\u2019industrie.<\/span><\/p>\n<h5 class=\"Cuerpo\"><span class=\"Ninguno\"><b><span lang=\"FR\">O\u00d9 L\u2019INNOVATION EST N\u00c9E<\/span><\/b><\/span><\/h5>\n<p class=\"Cuerpo\" style=\"text-align: justify;\"><span lang=\"FR\">Avec cette slogan, le plus ancien salon du meuble d\u2019Espagne, a \u00e9t\u00e9 accueilli avec ses presque 17000 m\u00b2de surface occup\u00e9s par 130 entreprises exposantes. Entre les professionnels les plus appr\u00e9ci\u00e9s de ce type de salon, nous pouvons souligner les architectes, les d\u00e9corateurs d\u2019int\u00e9rieur et les designers, qui sont devenus le profil majoritaire des visiteurs, avec des magasins et des cha\u00eenes de grand prestige. <\/span><\/p>\n<p class=\"Cuerpo\" style=\"text-align: justify;\"><b><u><span lang=\"FR\">Karibian Descanso\u00a0<\/span><\/u><\/b><span lang=\"FR\">et <em>Nosolopatas<\/em> ont pr\u00e9sent\u00e9 un stand innovant, sophistiqu\u00e9 et exclusif, pr\u00e9sentant une s\u00e9lection de leur gamme de produits de repos. Des nouvelles qui couvrent les derni\u00e8res tendances du march\u00e9 et des mat\u00e9riaux, con\u00e7us principalement pour r\u00e9pondre aux besoins de tous nos clients. <\/span><\/p>\n<p class=\"Cuerpo\" style=\"text-align: justify;\"><span lang=\"FR\">Ensuite, nous vous montrons une galerie de diff\u00e9rentes images de notre stand. <\/span><\/p>\n<p><a href=\"https:\/\/www.karibiandescanso.com\"><img loading=\"lazy\" decoding=\"async\" class=\"alignleft size-full wp-image-2926\" src=\"https:\/\/www.karibiandescanso.com\/wp-content\/uploads\/2018\/09\/PPAL-BLOG-.jpg\" alt=\"\" width=\"1920\" height=\"812\" srcset=\"https:\/\/karibiandescanso.com\/wp-content\/uploads\/2018\/09\/PPAL-BLOG-.jpg 1920w, https:\/\/karibiandescanso.com\/wp-content\/uploads\/2018\/09\/PPAL-BLOG--300x127.jpg 300w, https:\/\/karibiandescanso.com\/wp-content\/uploads\/2018\/09\/PPAL-BLOG--1024x433.jpg 1024w\" sizes=\"auto, (max-width: 1920px) 100vw, 1920px\" \/><\/a><\/p>\n<h5><img loading=\"lazy\" decoding=\"async\" class=\"alignleft size-full wp-image-2924\" src=\"https:\/\/www.karibiandescanso.com\/wp-content\/uploads\/2018\/09\/3-IMAGENES.jpg\" alt=\"\" width=\"1920\" height=\"567\" srcset=\"https:\/\/karibiandescanso.com\/wp-content\/uploads\/2018\/09\/3-IMAGENES.jpg 1920w, https:\/\/karibiandescanso.com\/wp-content\/uploads\/2018\/09\/3-IMAGENES-300x89.jpg 300w, https:\/\/karibiandescanso.com\/wp-content\/uploads\/2018\/09\/3-IMAGENES-1024x302.jpg 1024w\" sizes=\"auto, (max-width: 1920px) 100vw, 1920px\" \/><\/h5>\n<h5 style=\"text-align: justify;\"><strong>\u00a0<\/strong><\/h5>\n<h5 class=\"Cuerpo\"><b><span lang=\"FR\">NOUVEAU MAXIMUN 2019<\/span><\/b><\/h5>\n<p class=\"Cuerpo\" style=\"text-align: justify;\"><span lang=\"FR\">Profitant la 57\u00e8me \u00e9dition de <strong>FMY2018<\/strong>, Karibian Descanso a mis\u00e9 comme d\u2019habitude sur le design, de nouvelles lignes de produits et un concept plus ouvert et innovant. C\u2019est ainsi que nous vous pr\u00e9sentons le nouveau mod\u00e8le Maximun 2019. Une version renouvel\u00e9e d\u2019un de nos mod\u00e8les de repos les plus demand\u00e9s par nos clients. <\/span><\/p>\n<p style=\"text-align: justify;\"><a name=\"__DdeLink__478_1359859882\"><\/a><span lang=\"FR\">App<\/span><span lang=\"FR\">artenant \u00e0 la <a href=\"https:\/\/www.karibiandescanso.com\/fr\/productos\/serie-gold-karibian\/\">s\u00e9rie Gold<\/a>,\u00a0<b>Maximun 2019\u00a0<\/b>se caract\u00e9rise par sa composition fascinante, int\u00e9gr\u00e9e avec les meilleurs mat\u00e9riaux du march\u00e9. Combinaison de HR, avec Visco\u00e9lastique, et Gel-Therm\u00a0; soulignant le tissu Tencel, comme une fibre naturelle et \u00e9cologique. Un mod\u00e8le de confort, qui poss\u00e8de \u00e9galement des renforts lat\u00e9raux pour une longue durabilit\u00e9. Sans oublier que Maximun 2019 est Certifi\u00e9 par <a href=\"https:\/\/www.karibiandescanso.com\/fr\/oeko-tex\/\"><b><u>OEKO-TEX 2017K14452AITEX<\/u><\/b><\/a>, v\u00e9rifiant qu\u2019il s\u2019agit d\u2019un produit sans substances pr\u00e9judiciables et nocives pour la sant\u00e9. Comme tous les produits Karibian Descanso. <\/span><\/p>\n<p><a href=\"https:\/\/www.karibiandescanso.com\"><img loading=\"lazy\" decoding=\"async\" class=\"alignleft size-full wp-image-2939\" src=\"https:\/\/www.karibiandescanso.com\/wp-content\/uploads\/2018\/09\/CHICO-.jpg\" alt=\"\" width=\"1920\" height=\"740\" srcset=\"https:\/\/karibiandescanso.com\/wp-content\/uploads\/2018\/09\/CHICO-.jpg 1920w, https:\/\/karibiandescanso.com\/wp-content\/uploads\/2018\/09\/CHICO--300x116.jpg 300w, https:\/\/karibiandescanso.com\/wp-content\/uploads\/2018\/09\/CHICO--1024x395.jpg 1024w\" sizes=\"auto, (max-width: 1920px) 100vw, 1920px\" \/><\/a><\/p>\n<p class=\"Cuerpo\" style=\"text-align: justify;\"><span lang=\"FR\">Enfin, <b>Karibian Descanso\u00a0<\/b>tient \u00e0 remercier les personnes qui on visit\u00e9 notre stand\u00a0; clients, professionnels du secteur, designers et visiteurs en g\u00e9n\u00e9ral. Nous tenons \u00e9galement \u00e0 remercier toute l\u2019organisation de <b>FMY2018<\/b>, en les f\u00e9licitant pour le succ\u00e8s des diff\u00e9rentes \u00e9v\u00e9nements qu\u00b4ils ont organis\u00e9, et en les encourageant \u00e0 continuer \u00e0 travailler sur la prochaine \u00e9dition. <\/span><\/p>\n<p><span class=\"Ninguno\"><span lang=\"FR\">Visitez notre site web: <a href=\"https:\/\/www.karibiandescanso.com\/fr\">Karibiandescanso.com<\/a><\/span><\/span><\/p>","protected":false},"excerpt":{"rendered":"<p>Karibian Descanso\u00a0a \u00e9t\u00e9 pr\u00e9sent une ann\u00e9e de plus au Salon du Meuble Yecla 2018. Un point de rencontre pour les professionnels du secteur, tant \u00e0 niveau national qu\u2019international. L\u2019\u00e9v\u00e9nement s\u2019est tenu du 17 au 20 de<\/p>\n","protected":false},"author":2,"featured_media":2945,"comment_status":"open","ping_status":"open","sticky":false,"template":"","format":"standard","meta":{"footnotes":""},"categories":[1,10],"tags":[102,103,116,120,22,35,42,91,93,100],"class_list":["post-2789","post","type-post","status-publish","format-standard","has-post-thumbnail","hentry","category-sin-categoria","category-noticias","tag-fmy2018","tag-foiredumeuble","tag-viscoelasticas","tag-ameubement","tag-yecla","tag-confort","tag-karibiandescanso","tag-mattress","tag-feriadelmueble","tag-furniture"],"yoast_head":"<!-- This site is optimized with the Yoast SEO plugin v27.0 - https:\/\/yoast.com\/product\/yoast-seo-wordpress\/ -->\n<title>57\u00c8ME \u00c9DITION FMY2018 - Karibian Descanso<\/title>\n<meta name=\"robots\" content=\"index, follow, max-snippet:-1, max-image-preview:large, max-video-preview:-1\" \/>\n<link rel=\"canonical\" href=\"https:\/\/karibiandescanso.com\/pl\/57-edicion-fmy2018\/\" \/>\n<meta property=\"og:locale\" content=\"fr_FR\" \/>\n<meta property=\"og:type\" content=\"article\" \/>\n<meta property=\"og:title\" content=\"[:es]57 EDICI\u00d3N FMY2018[:en]57TH YECLA FURNITURE FAIR 2018[:fr]57\u00c8ME \u00c9DITION FMY2018[:ru]57 \u041c\u0415\u0411\u0415\u041b\u042c\u041d\u0410\u042f \u0412\u042b\u0421\u0422\u0410\u0412\u041a\u0410 \u0415\u041a\u041b\u042b 2018[:pl] 57 EDYCJA FMY 2018[:] - Karibian Descanso\" \/>\n<meta property=\"og:description\" content=\"[:es]Karibian Descanso particip\u00f3 en la 57 Edici\u00f3n de la Feria del Mueble de Yecla 2018, del 17 al 20 de Septiembre. Presentando un novedoso Stand, en el que se pod\u00edan descubrir distintos modelos de descanso.[:en]Karibian Descanso was present at the latest edition of the Yecla Furniture Fair, \u00a0a meeting point for industry professionals in Spain and beyond. Celebrating its 57th Edition, this event was held from 17 to 20 September.[:fr]Karibian Descanso\u00a0a \u00e9t\u00e9 pr\u00e9sent une ann\u00e9e de plus au Salon du Meuble Yecla 2018. Un point de rencontre pour les professionnels du secteur, tant \u00e0 niveau national qu\u2019international. L\u2019\u00e9v\u00e9nement s\u2019est tenu du 17 au 20 de[:ru]\u041a\u043e\u043c\u043f\u0430\u043d\u0438\u044f Karibian Descanso \u0432 \u043e\u0447\u0435\u0440\u0435\u0434\u043d\u043e\u0439 \u0440\u0430\u0437 \u043f\u0440\u0438\u043d\u044f\u043b\u0430 \u0443\u0447\u0430\u0441\u0442\u0438\u0435 \u0432 \u041c\u0435\u0431\u0435\u043b\u044c\u043d\u043e\u0439 \u0432\u044b\u0441\u0442\u0430\u0432\u043a\u0435 \u0415\u043a\u043b\u044b, \u043a\u043e\u0442\u043e\u0440\u0430\u044f \u0441\u043b\u0443\u0436\u0438\u0442 \u043c\u0435\u0441\u0442\u043e\u043c \u0432\u0441\u0442\u0440\u0435\u0447\u0438 \u0438\u0441\u043f\u0430\u043d\u0441\u043a\u0438\u043c \u0438 \u0438\u043d\u043e\u0441\u0442\u0440\u0430\u043d\u043d\u044b\u043c \u0441\u043f\u0435\u0446\u0438\u0430\u043b\u0438\u0441\u0442\u0430\u043c \u044d\u0442\u043e\u0433\u043e \u0441\u0435\u043a\u0442\u043e\u0440\u0430. 57-\u044f \u0432\u044b\u0441\u0442\u0430\u0432\u043a\u0430 \u043f\u0440\u043e\u0448\u043b\u0430 \u0441 17[:pl]Karibian Descanso wzi\u0105\u0142 udzia\u0142 w 57. Edycji Targ\u00f3w Mebli Yecla 2018, w dniach 17-20 wrze\u015bnia. Przedstawiamy nowe stoisko, na kt\u00f3rym mo\u017cna by\u0142o odkry\u0107 r\u00f3\u017cne modele podstawek.[:]\" \/>\n<meta property=\"og:url\" content=\"https:\/\/karibiandescanso.com\/pl\/57-edicion-fmy2018\/\" \/>\n<meta property=\"og:site_name\" content=\"Karibian Descanso\" \/>\n<meta property=\"article:published_time\" content=\"2018-09-25T14:56:33+00:00\" \/>\n<meta property=\"article:modified_time\" content=\"2024-07-26T12:38:12+00:00\" \/>\n<meta property=\"og:image\" content=\"https:\/\/karibiandescanso.com\/wp-content\/uploads\/2018\/09\/PORTADA-2-.jpg\" \/>\n\t<meta property=\"og:image:width\" content=\"1684\" \/>\n\t<meta property=\"og:image:height\" content=\"950\" \/>\n\t<meta property=\"og:image:type\" content=\"image\/jpeg\" \/>\n<meta name=\"author\" content=\"Karibian Descanso\" \/>\n<meta name=\"twitter:card\" content=\"summary_large_image\" \/>\n<meta name=\"twitter:label1\" content=\"\u00c9crit par\" \/>\n\t<meta name=\"twitter:data1\" content=\"Karibian Descanso\" \/>\n\t<meta name=\"twitter:label2\" content=\"Dur\u00e9e de lecture estim\u00e9e\" \/>\n\t<meta name=\"twitter:data2\" content=\"3 minutes\" \/>\n<script type=\"application\/ld+json\" class=\"yoast-schema-graph\">{\"@context\":\"https:\/\/schema.org\",\"@graph\":[{\"@type\":\"Article\",\"@id\":\"https:\/\/karibiandescanso.com\/pl\/57-edicion-fmy2018\/#article\",\"isPartOf\":{\"@id\":\"https:\/\/karibiandescanso.com\/pl\/57-edicion-fmy2018\/\"},\"author\":{\"name\":\"Karibian Descanso\",\"@id\":\"https:\/\/karibiandescanso.com\/#\/schema\/person\/23be63b9b19bd8da8980c8eecdd69d30\"},\"headline\":\"57\u00c8ME \u00c9DITION FMY2018\",\"datePublished\":\"2018-09-25T14:56:33+00:00\",\"dateModified\":\"2024-07-26T12:38:12+00:00\",\"mainEntityOfPage\":{\"@id\":\"https:\/\/karibiandescanso.com\/pl\/57-edicion-fmy2018\/\"},\"wordCount\":2399,\"commentCount\":0,\"image\":{\"@id\":\"https:\/\/karibiandescanso.com\/pl\/57-edicion-fmy2018\/#primaryimage\"},\"thumbnailUrl\":\"https:\/\/karibiandescanso.com\/wp-content\/uploads\/2018\/09\/PORTADA-2-.jpg\",\"keywords\":[\"FMY2018\",\"Foiredumeuble\",\"Viscoelasticas\",\"Ameubement\",\"yecla\",\"confort\",\"Karibiandescanso\",\"Mattress\",\"Feriadelmueble\",\"Furniture\"],\"articleSection\":[\"Sin categor\u00eda\",\"actualit\u00e9s\"],\"inLanguage\":\"fr-FR\",\"potentialAction\":[{\"@type\":\"CommentAction\",\"name\":\"Comment\",\"target\":[\"https:\/\/karibiandescanso.com\/pl\/57-edicion-fmy2018\/#respond\"]}]},{\"@type\":\"WebPage\",\"@id\":\"https:\/\/karibiandescanso.com\/pl\/57-edicion-fmy2018\/\",\"url\":\"https:\/\/karibiandescanso.com\/pl\/57-edicion-fmy2018\/\",\"name\":\"[:es]57 EDICI\u00d3N FMY2018[:en]57TH YECLA FURNITURE FAIR 2018[:fr]57\u00c8ME \u00c9DITION FMY2018[:ru]57 \u041c\u0415\u0411\u0415\u041b\u042c\u041d\u0410\u042f \u0412\u042b\u0421\u0422\u0410\u0412\u041a\u0410 \u0415\u041a\u041b\u042b 2018[:pl] 57 EDYCJA FMY 2018[:] - Karibian Descanso\",\"isPartOf\":{\"@id\":\"https:\/\/karibiandescanso.com\/#website\"},\"primaryImageOfPage\":{\"@id\":\"https:\/\/karibiandescanso.com\/pl\/57-edicion-fmy2018\/#primaryimage\"},\"image\":{\"@id\":\"https:\/\/karibiandescanso.com\/pl\/57-edicion-fmy2018\/#primaryimage\"},\"thumbnailUrl\":\"https:\/\/karibiandescanso.com\/wp-content\/uploads\/2018\/09\/PORTADA-2-.jpg\",\"datePublished\":\"2018-09-25T14:56:33+00:00\",\"dateModified\":\"2024-07-26T12:38:12+00:00\",\"author\":{\"@id\":\"https:\/\/karibiandescanso.com\/#\/schema\/person\/23be63b9b19bd8da8980c8eecdd69d30\"},\"breadcrumb\":{\"@id\":\"https:\/\/karibiandescanso.com\/pl\/57-edicion-fmy2018\/#breadcrumb\"},\"inLanguage\":\"fr-FR\",\"potentialAction\":[{\"@type\":\"ReadAction\",\"target\":[\"https:\/\/karibiandescanso.com\/pl\/57-edicion-fmy2018\/\"]}]},{\"@type\":\"ImageObject\",\"inLanguage\":\"fr-FR\",\"@id\":\"https:\/\/karibiandescanso.com\/pl\/57-edicion-fmy2018\/#primaryimage\",\"url\":\"https:\/\/karibiandescanso.com\/wp-content\/uploads\/2018\/09\/PORTADA-2-.jpg\",\"contentUrl\":\"https:\/\/karibiandescanso.com\/wp-content\/uploads\/2018\/09\/PORTADA-2-.jpg\",\"width\":1684,\"height\":950},{\"@type\":\"BreadcrumbList\",\"@id\":\"https:\/\/karibiandescanso.com\/pl\/57-edicion-fmy2018\/#breadcrumb\",\"itemListElement\":[{\"@type\":\"ListItem\",\"position\":1,\"name\":\"Portada\",\"item\":\"https:\/\/karibiandescanso.com\/\"},{\"@type\":\"ListItem\",\"position\":2,\"name\":\"57 EDYCJA FMY 2018\"}]},{\"@type\":\"WebSite\",\"@id\":\"https:\/\/karibiandescanso.com\/#website\",\"url\":\"https:\/\/karibiandescanso.com\/\",\"name\":\"Karibian Descanso\",\"description\":\"O\u00f9 est le repos\",\"potentialAction\":[{\"@type\":\"SearchAction\",\"target\":{\"@type\":\"EntryPoint\",\"urlTemplate\":\"https:\/\/karibiandescanso.com\/?s={search_term_string}\"},\"query-input\":{\"@type\":\"PropertyValueSpecification\",\"valueRequired\":true,\"valueName\":\"search_term_string\"}}],\"inLanguage\":\"fr-FR\"},{\"@type\":\"Person\",\"@id\":\"https:\/\/karibiandescanso.com\/#\/schema\/person\/23be63b9b19bd8da8980c8eecdd69d30\",\"name\":\"Karibian Descanso\",\"image\":{\"@type\":\"ImageObject\",\"inLanguage\":\"fr-FR\",\"@id\":\"https:\/\/karibiandescanso.com\/#\/schema\/person\/image\/\",\"url\":\"https:\/\/secure.gravatar.com\/avatar\/2f55039d31e0c8cf55d2c2b6e3bb49113343c35fd46d6d11806620d3c9641ba7?s=96&d=mm&r=g\",\"contentUrl\":\"https:\/\/secure.gravatar.com\/avatar\/2f55039d31e0c8cf55d2c2b6e3bb49113343c35fd46d6d11806620d3c9641ba7?s=96&d=mm&r=g\",\"caption\":\"Karibian Descanso\"},\"url\":\"https:\/\/karibiandescanso.com\/fr\/author\/karibian-descanso\/\"}]}<\/script>\n<!-- \/ Yoast SEO plugin. -->","yoast_head_json":{"title":"[:es]57 EDICI\u00d3N FMY2018[:en]57TH YECLA FURNITURE FAIR 2018[:fr]57\u00c8ME \u00c9DITION FMY2018[:ru]57 \u041c\u0415\u0411\u0415\u041b\u042c\u041d\u0410\u042f \u0412\u042b\u0421\u0422\u0410\u0412\u041a\u0410 \u0415\u041a\u041b\u042b 2018[:pl] 57 EDYCJA FMY 2018[:] - Karibian Descanso","robots":{"index":"index","follow":"follow","max-snippet":"max-snippet:-1","max-image-preview":"max-image-preview:large","max-video-preview":"max-video-preview:-1"},"canonical":"https:\/\/karibiandescanso.com\/pl\/57-edicion-fmy2018\/","og_locale":"fr_FR","og_type":"article","og_title":"[:es]57 EDICI\u00d3N FMY2018[:en]57TH YECLA FURNITURE FAIR 2018[:fr]57\u00c8ME \u00c9DITION FMY2018[:ru]57 \u041c\u0415\u0411\u0415\u041b\u042c\u041d\u0410\u042f \u0412\u042b\u0421\u0422\u0410\u0412\u041a\u0410 \u0415\u041a\u041b\u042b 2018[:pl] 57 EDYCJA FMY 2018[:] - Karibian Descanso","og_description":"[:es]Karibian Descanso particip\u00f3 en la 57 Edici\u00f3n de la Feria del Mueble de Yecla 2018, del 17 al 20 de Septiembre. Presentando un novedoso Stand, en el que se pod\u00edan descubrir distintos modelos de descanso.[:en]Karibian Descanso was present at the latest edition of the Yecla Furniture Fair, \u00a0a meeting point for industry professionals in Spain and beyond. Celebrating its 57th Edition, this event was held from 17 to 20 September.[:fr]Karibian Descanso\u00a0a \u00e9t\u00e9 pr\u00e9sent une ann\u00e9e de plus au Salon du Meuble Yecla 2018. Un point de rencontre pour les professionnels du secteur, tant \u00e0 niveau national qu\u2019international. L\u2019\u00e9v\u00e9nement s\u2019est tenu du 17 au 20 de[:ru]\u041a\u043e\u043c\u043f\u0430\u043d\u0438\u044f Karibian Descanso \u0432 \u043e\u0447\u0435\u0440\u0435\u0434\u043d\u043e\u0439 \u0440\u0430\u0437 \u043f\u0440\u0438\u043d\u044f\u043b\u0430 \u0443\u0447\u0430\u0441\u0442\u0438\u0435 \u0432 \u041c\u0435\u0431\u0435\u043b\u044c\u043d\u043e\u0439 \u0432\u044b\u0441\u0442\u0430\u0432\u043a\u0435 \u0415\u043a\u043b\u044b, \u043a\u043e\u0442\u043e\u0440\u0430\u044f \u0441\u043b\u0443\u0436\u0438\u0442 \u043c\u0435\u0441\u0442\u043e\u043c \u0432\u0441\u0442\u0440\u0435\u0447\u0438 \u0438\u0441\u043f\u0430\u043d\u0441\u043a\u0438\u043c \u0438 \u0438\u043d\u043e\u0441\u0442\u0440\u0430\u043d\u043d\u044b\u043c \u0441\u043f\u0435\u0446\u0438\u0430\u043b\u0438\u0441\u0442\u0430\u043c \u044d\u0442\u043e\u0433\u043e \u0441\u0435\u043a\u0442\u043e\u0440\u0430. 57-\u044f \u0432\u044b\u0441\u0442\u0430\u0432\u043a\u0430 \u043f\u0440\u043e\u0448\u043b\u0430 \u0441 17[:pl]Karibian Descanso wzi\u0105\u0142 udzia\u0142 w 57. Edycji Targ\u00f3w Mebli Yecla 2018, w dniach 17-20 wrze\u015bnia. Przedstawiamy nowe stoisko, na kt\u00f3rym mo\u017cna by\u0142o odkry\u0107 r\u00f3\u017cne modele podstawek.[:]","og_url":"https:\/\/karibiandescanso.com\/pl\/57-edicion-fmy2018\/","og_site_name":"Karibian Descanso","article_published_time":"2018-09-25T14:56:33+00:00","article_modified_time":"2024-07-26T12:38:12+00:00","og_image":[{"width":1684,"height":950,"url":"https:\/\/karibiandescanso.com\/wp-content\/uploads\/2018\/09\/PORTADA-2-.jpg","type":"image\/jpeg"}],"author":"Karibian Descanso","twitter_card":"summary_large_image","twitter_misc":{"\u00c9crit par":"Karibian Descanso","Dur\u00e9e de lecture estim\u00e9e":"3 minutes"},"schema":{"@context":"https:\/\/schema.org","@graph":[{"@type":"Article","@id":"https:\/\/karibiandescanso.com\/pl\/57-edicion-fmy2018\/#article","isPartOf":{"@id":"https:\/\/karibiandescanso.com\/pl\/57-edicion-fmy2018\/"},"author":{"name":"Karibian Descanso","@id":"https:\/\/karibiandescanso.com\/#\/schema\/person\/23be63b9b19bd8da8980c8eecdd69d30"},"headline":"57\u00c8ME \u00c9DITION FMY2018","datePublished":"2018-09-25T14:56:33+00:00","dateModified":"2024-07-26T12:38:12+00:00","mainEntityOfPage":{"@id":"https:\/\/karibiandescanso.com\/pl\/57-edicion-fmy2018\/"},"wordCount":2399,"commentCount":0,"image":{"@id":"https:\/\/karibiandescanso.com\/pl\/57-edicion-fmy2018\/#primaryimage"},"thumbnailUrl":"https:\/\/karibiandescanso.com\/wp-content\/uploads\/2018\/09\/PORTADA-2-.jpg","keywords":["FMY2018","Foiredumeuble","Viscoelasticas","Ameubement","yecla","confort","Karibiandescanso","Mattress","Feriadelmueble","Furniture"],"articleSection":["Sin categor\u00eda","actualit\u00e9s"],"inLanguage":"fr-FR","potentialAction":[{"@type":"CommentAction","name":"Comment","target":["https:\/\/karibiandescanso.com\/pl\/57-edicion-fmy2018\/#respond"]}]},{"@type":"WebPage","@id":"https:\/\/karibiandescanso.com\/pl\/57-edicion-fmy2018\/","url":"https:\/\/karibiandescanso.com\/pl\/57-edicion-fmy2018\/","name":"[:es]57 EDICI\u00d3N FMY2018[:en]57TH YECLA FURNITURE FAIR 2018[:fr]57\u00c8ME \u00c9DITION FMY2018[:ru]57 \u041c\u0415\u0411\u0415\u041b\u042c\u041d\u0410\u042f \u0412\u042b\u0421\u0422\u0410\u0412\u041a\u0410 \u0415\u041a\u041b\u042b 2018[:pl] 57 EDYCJA FMY 2018[:] - Karibian Descanso","isPartOf":{"@id":"https:\/\/karibiandescanso.com\/#website"},"primaryImageOfPage":{"@id":"https:\/\/karibiandescanso.com\/pl\/57-edicion-fmy2018\/#primaryimage"},"image":{"@id":"https:\/\/karibiandescanso.com\/pl\/57-edicion-fmy2018\/#primaryimage"},"thumbnailUrl":"https:\/\/karibiandescanso.com\/wp-content\/uploads\/2018\/09\/PORTADA-2-.jpg","datePublished":"2018-09-25T14:56:33+00:00","dateModified":"2024-07-26T12:38:12+00:00","author":{"@id":"https:\/\/karibiandescanso.com\/#\/schema\/person\/23be63b9b19bd8da8980c8eecdd69d30"},"breadcrumb":{"@id":"https:\/\/karibiandescanso.com\/pl\/57-edicion-fmy2018\/#breadcrumb"},"inLanguage":"fr-FR","potentialAction":[{"@type":"ReadAction","target":["https:\/\/karibiandescanso.com\/pl\/57-edicion-fmy2018\/"]}]},{"@type":"ImageObject","inLanguage":"fr-FR","@id":"https:\/\/karibiandescanso.com\/pl\/57-edicion-fmy2018\/#primaryimage","url":"https:\/\/karibiandescanso.com\/wp-content\/uploads\/2018\/09\/PORTADA-2-.jpg","contentUrl":"https:\/\/karibiandescanso.com\/wp-content\/uploads\/2018\/09\/PORTADA-2-.jpg","width":1684,"height":950},{"@type":"BreadcrumbList","@id":"https:\/\/karibiandescanso.com\/pl\/57-edicion-fmy2018\/#breadcrumb","itemListElement":[{"@type":"ListItem","position":1,"name":"Portada","item":"https:\/\/karibiandescanso.com\/"},{"@type":"ListItem","position":2,"name":"57 EDYCJA FMY 2018"}]},{"@type":"WebSite","@id":"https:\/\/karibiandescanso.com\/#website","url":"https:\/\/karibiandescanso.com\/","name":"Karibian Descanso","description":"O\u00f9 est le repos","potentialAction":[{"@type":"SearchAction","target":{"@type":"EntryPoint","urlTemplate":"https:\/\/karibiandescanso.com\/?s={search_term_string}"},"query-input":{"@type":"PropertyValueSpecification","valueRequired":true,"valueName":"search_term_string"}}],"inLanguage":"fr-FR"},{"@type":"Person","@id":"https:\/\/karibiandescanso.com\/#\/schema\/person\/23be63b9b19bd8da8980c8eecdd69d30","name":"Karibian Descanso","image":{"@type":"ImageObject","inLanguage":"fr-FR","@id":"https:\/\/karibiandescanso.com\/#\/schema\/person\/image\/","url":"https:\/\/secure.gravatar.com\/avatar\/2f55039d31e0c8cf55d2c2b6e3bb49113343c35fd46d6d11806620d3c9641ba7?s=96&d=mm&r=g","contentUrl":"https:\/\/secure.gravatar.com\/avatar\/2f55039d31e0c8cf55d2c2b6e3bb49113343c35fd46d6d11806620d3c9641ba7?s=96&d=mm&r=g","caption":"Karibian Descanso"},"url":"https:\/\/karibiandescanso.com\/fr\/author\/karibian-descanso\/"}]}},"_links":{"self":[{"href":"https:\/\/karibiandescanso.com\/fr\/wp-json\/wp\/v2\/posts\/2789","targetHints":{"allow":["GET"]}}],"collection":[{"href":"https:\/\/karibiandescanso.com\/fr\/wp-json\/wp\/v2\/posts"}],"about":[{"href":"https:\/\/karibiandescanso.com\/fr\/wp-json\/wp\/v2\/types\/post"}],"author":[{"embeddable":true,"href":"https:\/\/karibiandescanso.com\/fr\/wp-json\/wp\/v2\/users\/2"}],"replies":[{"embeddable":true,"href":"https:\/\/karibiandescanso.com\/fr\/wp-json\/wp\/v2\/comments?post=2789"}],"version-history":[{"count":0,"href":"https:\/\/karibiandescanso.com\/fr\/wp-json\/wp\/v2\/posts\/2789\/revisions"}],"wp:featuredmedia":[{"embeddable":true,"href":"https:\/\/karibiandescanso.com\/fr\/wp-json\/wp\/v2\/media\/2945"}],"wp:attachment":[{"href":"https:\/\/karibiandescanso.com\/fr\/wp-json\/wp\/v2\/media?parent=2789"}],"wp:term":[{"taxonomy":"category","embeddable":true,"href":"https:\/\/karibiandescanso.com\/fr\/wp-json\/wp\/v2\/categories?post=2789"},{"taxonomy":"post_tag","embeddable":true,"href":"https:\/\/karibiandescanso.com\/fr\/wp-json\/wp\/v2\/tags?post=2789"}],"curies":[{"name":"wp","href":"https:\/\/api.w.org\/{rel}","templated":true}]}}