{"id":5793,"date":"2020-01-02T13:35:27","date_gmt":"2020-01-02T12:35:27","guid":{"rendered":"https:\/\/www.karibiandescanso.com\/?p=5793"},"modified":"2024-07-24T15:36:44","modified_gmt":"2024-07-24T13:36:44","slug":"participacion-en-imm-cologne-2020","status":"publish","type":"post","link":"https:\/\/karibiandescanso.com\/fr\/participacion-en-imm-cologne-2020\/","title":{"rendered":"KARIBIAN AU SALON IMM COLOGNE 2020"},"content":{"rendered":"<p>[vc_row css_animation=&#8221;&#8221; row_type=&#8221;row&#8221; use_row_as_full_screen_section=&#8221;no&#8221; type=&#8221;full_width&#8221; angled_section=&#8221;no&#8221; text_align=&#8221;left&#8221; background_image_as_pattern=&#8221;without_pattern&#8221;][vc_column][vc_column_text]<strong><img loading=\"lazy\" decoding=\"async\" class=\"alignleft size-full wp-image-5796\" src=\"https:\/\/www.karibiandescanso.com\/wp-content\/uploads\/2019\/12\/Portada-p\u00e1gina-principal.png\" alt=\"\" width=\"1920\" height=\"628\" \/><\/strong><\/p>\n<p>&nbsp;<\/p>\n<p>&nbsp;<\/p>\n<p>&nbsp;<\/p>\n<p><b>SALON INTERNATIONAL DE COLOGNE DU 13 AU 19 JANVIER<\/b><\/p>\n<p style=\"text-align: justify;\"><b>Karibian Descanso<\/b> sera pr\u00e9sent au <b>Salon IMM Cologne 2020<\/b>, qui aura lieu du 13 au 19 janvier \u00e0 Cologne (Allemagne). Dans cette nouvelle \u00e9dition, le Salon pr\u00e9sente des chiffres impressionnants. L&#8217;\u00e9v\u00e9nement se d\u00e9roulera dans un espace de 246 500 m<sup>2<\/sup>, divis\u00e9 en plusieurs pavillons, exposants et zones de\u00a0c\u00e9l\u00e9bration d&#8217;\u00e9v\u00e8nements. En outre, il est pr\u00e9vu qu\u2019il y ait un total de 150 000 visiteurs de plus de 145 pays. Tous les participants auront l\u2019opportunit\u00e9 de rencontrer 1 158 exposants de meubles et de design d&#8217;int\u00e9rieur du monde entier.<\/p>\n<p>[\/vc_column_text][vc_empty_space height=&#8221;50px&#8221;][\/vc_column][\/vc_row][vc_row css_animation=&#8221;&#8221; row_type=&#8221;row&#8221; use_row_as_full_screen_section=&#8221;no&#8221; type=&#8221;full_width&#8221; angled_section=&#8221;no&#8221; text_align=&#8221;left&#8221; background_image_as_pattern=&#8221;without_pattern&#8221;][vc_column][vc_empty_space height=&#8221;50px&#8221;][vc_single_image image=&#8221;6521&#8243; img_size=&#8221;large&#8221; alignment=&#8221;right&#8221; qode_css_animation=&#8221;&#8221;][vc_empty_space height=&#8221;50px&#8221;][\/vc_column][\/vc_row][vc_row css_animation=&#8221;&#8221; row_type=&#8221;row&#8221; use_row_as_full_screen_section=&#8221;no&#8221; type=&#8221;full_width&#8221; angled_section=&#8221;no&#8221; text_align=&#8221;left&#8221; background_image_as_pattern=&#8221;without_pattern&#8221;][vc_column][vc_column_text]<strong>KARIBIAN, PROTAGONISTE AU SALON IMM COLOGNE 2020<span class=\"Apple-converted-space\">\u00a0<\/span><\/strong><\/p>\n<p style=\"text-align: justify;\">Le secteur du <a href=\"https:\/\/www.muebledeespana.com\/es\/marcas\/karibian-descanso\/\">meuble espagnol<\/a> aura un r\u00f4le central au Salon IMM Cologne 2020, l&#8217;un des principaux salons internationaux du meuble. La pr\u00e9sence espagnole significative n&#8217;est pas accidentelle \u00e9tant donn\u00e9 que l&#8217;Allemagne est le troisi\u00e8me march\u00e9 qui re\u00e7oit le plus grand nombre d&#8217;exportations de meubles espagnols. Lors de ce premier rendez-vous incontournable pour cette ann\u00e9e 2020, le secteur pr\u00e9sentera et exposera ses \u00e9volutions r\u00e9centes. Les cr\u00e9ations de design d&#8217;int\u00e9rieur vont sans doute enthousiasmer le monde international du secteur.<\/p>\n<p style=\"text-align: justify;\">Dans la section <b>\u00ab Home Sleep \u00bb<\/b> du Hall 9, vous allez d\u00e9couvrir des produits et des concepts qui englobent tout ce qui est n\u00e9cessaire et li\u00e9 au repos. Cette th\u00e9matique offre un grand confort innovant pour votre sommeil, compl\u00e9t\u00e9 par des philosophies de style de vie authentiques qui sont motiv\u00e9es par un concept de bien-\u00eatre\/ <i>wellness<\/i>. Karibian Descanso pariera sur des produits avec des lignes d\u2019avant-garde, ainsi que sur un concept plus ouvert et innovant. On va vous pr\u00e9senter des nouveaux mod\u00e8les de repos appartenant aux diff\u00e9rentes s\u00e9ries Comfort, des mod\u00e8les caract\u00e9ris\u00e9s par leurs compositions passionnantes, \u00e9tant int\u00e9gr\u00e9es aux meilleurs mat\u00e9riaux et aux principales technologies du march\u00e9.<\/p>\n<p>[\/vc_column_text][\/vc_column][\/vc_row][vc_row css_animation=&#8221;&#8221; row_type=&#8221;row&#8221; use_row_as_full_screen_section=&#8221;no&#8221; type=&#8221;full_width&#8221; angled_section=&#8221;no&#8221; text_align=&#8221;left&#8221; background_image_as_pattern=&#8221;without_pattern&#8221;][vc_column][vc_empty_space height=&#8221;100px&#8221;][vc_raw_html]JTNDdmlkZW8lMjBzdHlsZSUzRCUyMndpZHRoJTNBJTIwMTAwJTI1JTNCJTIyJTIwc3JjJTNEJTIyaHR0cHMlM0ElMkYlMkZ3d3cuaW1tLWNvbG9nbmUuY29tJTJGbWVkaWElMkZyZWRha3Rpb25lbGwlMkZpbW1fMSUyRmltZ18xMCUyRjAxX2xheW91dF80JTJGYnVlaG5lbmJpbGRlcl8zJTJGSU1NXzIzMDB4MTIzMC5tcDQlMjIlMjBhdXRvcGxheSUyMG11dGVkJTIwbG9vcCUzRSUzQyUyRnZpZGVvJTNF[\/vc_raw_html][vc_empty_space height=&#8221;100px&#8221;][\/vc_column][\/vc_row][vc_row css_animation=&#8221;&#8221; row_type=&#8221;row&#8221; use_row_as_full_screen_section=&#8221;no&#8221; type=&#8221;full_width&#8221; angled_section=&#8221;no&#8221; text_align=&#8221;left&#8221; background_image_as_pattern=&#8221;without_pattern&#8221;][vc_column width=&#8221;1\/2&#8243;][vc_column_text]<\/p>\n<h3>L&#8217;Allemagne repr\u00e9sente le troisi\u00e8me march\u00e9 avec le plus grand nombre d&#8217;exportations de meubles espagnols, ce qui suppose 6,8% du total.<\/h3>\n<p>[\/vc_column_text][vc_empty_space height=&#8221;50px&#8221;][vc_column_text]<\/p>\n<p lang=\"de-DE\" style=\"text-align: justify;\" align=\"justify\">Du 13 au 19 Janvier 2020, la ville allemande de Cologne accueillera une nouvelle \u00e9dition du Salon IMM Cologne. Il s\u2019agit d\u2019un salon 360 qui rassemble les meilleures marques du secteur du meuble, avec un total de 1 158 exposants de diff\u00e9rents pays.<\/p>\n<p lang=\"de-DE\" align=\"justify\"><strong>Vous pouvez visiter Karibian Descanso au stand C012\/ Hall 09.1 (Section Home Sleep).<\/strong><\/p>\n<p>[\/vc_column_text][\/vc_column][vc_column width=&#8221;1\/2&#8243;][vc_single_image image=&#8221;5877&#8243; img_size=&#8221;full&#8221; alignment=&#8221;center&#8221; qode_css_animation=&#8221;&#8221;][\/vc_column][\/vc_row][vc_row css_animation=&#8221;&#8221; row_type=&#8221;row&#8221; use_row_as_full_screen_section=&#8221;no&#8221; type=&#8221;full_width&#8221; angled_section=&#8221;no&#8221; text_align=&#8221;left&#8221; background_image_as_pattern=&#8221;without_pattern&#8221;][vc_column][vc_empty_space height=&#8221;100px&#8221;][vc_single_image image=&#8221;5882&#8243; img_size=&#8221;medium&#8221; alignment=&#8221;center&#8221; qode_css_animation=&#8221;&#8221;][\/vc_column][\/vc_row]<\/p>","protected":false},"excerpt":{"rendered":"<p>Le secteur du meuble espagnol aura un r\u00f4le central au Salon IMM Cologne 2020, l&#8217;un des principaux salons internationaux du meuble. La pr\u00e9sence espagnole significative n&#8217;est pas<\/p>\n","protected":false},"author":2,"featured_media":5798,"comment_status":"open","ping_status":"open","sticky":false,"template":"","format":"standard","meta":{"footnotes":""},"categories":[10],"tags":[25,61,91,100,158,159,160,161],"class_list":["post-5793","post","type-post","status-publish","format-standard","has-post-thumbnail","hentry","category-noticias","tag-karibian-descanso","tag-feria","tag-mattress","tag-furniture","tag-imm-cologne","tag-germany","tag-cologne","tag-mueble-de-espana"],"yoast_head":"<!-- This site is optimized with the Yoast SEO plugin v27.0 - https:\/\/yoast.com\/product\/yoast-seo-wordpress\/ -->\n<title>KARIBIAN AU SALON IMM COLOGNE 2020 - Karibian Descanso<\/title>\n<meta name=\"robots\" content=\"index, follow, max-snippet:-1, max-image-preview:large, max-video-preview:-1\" \/>\n<link rel=\"canonical\" href=\"https:\/\/karibiandescanso.com\/en\/participacion-en-imm-cologne-2020\/\" \/>\n<meta property=\"og:locale\" content=\"fr_FR\" \/>\n<meta property=\"og:type\" content=\"article\" \/>\n<meta property=\"og:title\" content=\"[:es]KARIBIAN EN IMM COLOGNE 2020[:en]KARIBIAN AT IMM COLOGNE 2020[:fr]KARIBIAN AU SALON IMM COLOGNE 2020[:ru]KARIBIAN \u041d\u0410 \u041c\u0415\u0416\u0414\u0423\u041d\u0410\u0420\u041e\u0414\u041d\u041e\u0419 \u041c\u0415\u0411\u0415\u041b\u042c\u041d\u041e\u0419 \u0412\u042b\u0421\u0422\u0410\u0412\u041a\u0415 2020 \u0412 \u041a\u0401\u041b\u042c\u041d\u0415[:pl]KARIBIAN NA IMM KOLONIA 2020[:] - Karibian Descanso\" \/>\n<meta property=\"og:description\" content=\"[:es]Karibian Descanso estar\u00e1 presente en la Feria IMM Cologne 2020, que se celebrar\u00e1 del 13 al 19 de Enero en Colonia (Alemania). Encu\u00e9ntranos en el Stand C012\/Hall 09.1 en la secci\u00f3n Home Sleep, presentando las[:en]Karibian Descanso will be present at IMM Cologne 2020, which will be held from 13 to 19 January in Cologne (Germany). This new edition of the fair boasts some impressive figures. The event will be held in a space of 246,500 m\u00b2 [:fr]Le secteur du meuble espagnol aura un r\u00f4le central au Salon IMM Cologne 2020, l&#039;un des principaux salons internationaux du meuble. La pr\u00e9sence espagnole significative n&#039;est pas[:ru]\u041a\u043e\u043c\u043f\u0430\u043d\u0438\u044f Karibian Descanso \u043f\u0440\u0438\u043c\u0435\u0442 \u0443\u0447\u0430\u0441\u0442\u0438\u0435 \u0432 \u041c\u0435\u0436\u0434\u0443\u043d\u0430\u0440\u043e\u0434\u043d\u043e\u0439 \u043c\u0435\u0431\u0435\u043b\u044c\u043d\u043e\u0439 \u0432\u044b\u0441\u0442\u0430\u0432\u043a\u0435 2020 \u0433\u043e\u0434\u0430, \u043a\u043e\u0442\u043e\u0440\u0430\u044f \u043f\u0440\u043e\u0439\u0434\u0435\u0442 \u0441 13 \u043f\u043e 19 \u044f\u043d\u0432\u0430\u0440\u044f \u0432[:pl]Karibian Descanso b\u0119dzie obecny na Targach IMM Cologne 2020, kt\u00f3re odb\u0119d\u0105 si\u0119 w dniach 13-19 stycznia w Kolonii (Niemcy). Znajd\u017a nas na stoisku C012\/hala 09.1 w sekcji Home Sleep, gdzie prezentujemy[:]\" \/>\n<meta property=\"og:url\" content=\"https:\/\/karibiandescanso.com\/en\/participacion-en-imm-cologne-2020\/\" \/>\n<meta property=\"og:site_name\" content=\"Karibian Descanso\" \/>\n<meta property=\"article:published_time\" content=\"2020-01-02T12:35:27+00:00\" \/>\n<meta property=\"article:modified_time\" content=\"2024-07-24T13:36:44+00:00\" \/>\n<meta property=\"og:image\" content=\"https:\/\/karibiandescanso.com\/wp-content\/uploads\/2019\/12\/COLOGNE-POST-2.png\" \/>\n\t<meta property=\"og:image:width\" content=\"583\" \/>\n\t<meta property=\"og:image:height\" content=\"330\" \/>\n\t<meta property=\"og:image:type\" content=\"image\/png\" \/>\n<meta name=\"author\" content=\"Karibian Descanso\" \/>\n<meta name=\"twitter:card\" content=\"summary_large_image\" \/>\n<meta name=\"twitter:label1\" content=\"\u00c9crit par\" \/>\n\t<meta name=\"twitter:data1\" content=\"Karibian Descanso\" \/>\n\t<meta name=\"twitter:label2\" content=\"Dur\u00e9e de lecture estim\u00e9e\" \/>\n\t<meta name=\"twitter:data2\" content=\"4 minutes\" \/>\n<script type=\"application\/ld+json\" class=\"yoast-schema-graph\">{\"@context\":\"https:\/\/schema.org\",\"@graph\":[{\"@type\":\"Article\",\"@id\":\"https:\/\/karibiandescanso.com\/en\/participacion-en-imm-cologne-2020\/#article\",\"isPartOf\":{\"@id\":\"https:\/\/karibiandescanso.com\/en\/participacion-en-imm-cologne-2020\/\"},\"author\":{\"name\":\"Karibian Descanso\",\"@id\":\"https:\/\/karibiandescanso.com\/#\/schema\/person\/23be63b9b19bd8da8980c8eecdd69d30\"},\"headline\":\"KARIBIAN AU SALON IMM COLOGNE 2020\",\"datePublished\":\"2020-01-02T12:35:27+00:00\",\"dateModified\":\"2024-07-24T13:36:44+00:00\",\"mainEntityOfPage\":{\"@id\":\"https:\/\/karibiandescanso.com\/en\/participacion-en-imm-cologne-2020\/\"},\"wordCount\":3397,\"commentCount\":0,\"image\":{\"@id\":\"https:\/\/karibiandescanso.com\/en\/participacion-en-imm-cologne-2020\/#primaryimage\"},\"thumbnailUrl\":\"https:\/\/karibiandescanso.com\/wp-content\/uploads\/2019\/12\/COLOGNE-POST-2.png\",\"keywords\":[\"karibian descanso\",\"Feria\",\"Mattress\",\"Furniture\",\"IMM Cologne\",\"Germany\",\"Cologne\",\"Mueble de Espa\u00f1a\"],\"articleSection\":[\"actualit\u00e9s\"],\"inLanguage\":\"fr-FR\",\"potentialAction\":[{\"@type\":\"CommentAction\",\"name\":\"Comment\",\"target\":[\"https:\/\/karibiandescanso.com\/en\/participacion-en-imm-cologne-2020\/#respond\"]}]},{\"@type\":\"WebPage\",\"@id\":\"https:\/\/karibiandescanso.com\/en\/participacion-en-imm-cologne-2020\/\",\"url\":\"https:\/\/karibiandescanso.com\/en\/participacion-en-imm-cologne-2020\/\",\"name\":\"[:es]KARIBIAN EN IMM COLOGNE 2020[:en]KARIBIAN AT IMM COLOGNE 2020[:fr]KARIBIAN AU SALON IMM COLOGNE 2020[:ru]KARIBIAN \u041d\u0410 \u041c\u0415\u0416\u0414\u0423\u041d\u0410\u0420\u041e\u0414\u041d\u041e\u0419 \u041c\u0415\u0411\u0415\u041b\u042c\u041d\u041e\u0419 \u0412\u042b\u0421\u0422\u0410\u0412\u041a\u0415 2020 \u0412 \u041a\u0401\u041b\u042c\u041d\u0415[:pl]KARIBIAN NA IMM KOLONIA 2020[:] - Karibian Descanso\",\"isPartOf\":{\"@id\":\"https:\/\/karibiandescanso.com\/#website\"},\"primaryImageOfPage\":{\"@id\":\"https:\/\/karibiandescanso.com\/en\/participacion-en-imm-cologne-2020\/#primaryimage\"},\"image\":{\"@id\":\"https:\/\/karibiandescanso.com\/en\/participacion-en-imm-cologne-2020\/#primaryimage\"},\"thumbnailUrl\":\"https:\/\/karibiandescanso.com\/wp-content\/uploads\/2019\/12\/COLOGNE-POST-2.png\",\"datePublished\":\"2020-01-02T12:35:27+00:00\",\"dateModified\":\"2024-07-24T13:36:44+00:00\",\"author\":{\"@id\":\"https:\/\/karibiandescanso.com\/#\/schema\/person\/23be63b9b19bd8da8980c8eecdd69d30\"},\"breadcrumb\":{\"@id\":\"https:\/\/karibiandescanso.com\/en\/participacion-en-imm-cologne-2020\/#breadcrumb\"},\"inLanguage\":\"fr-FR\",\"potentialAction\":[{\"@type\":\"ReadAction\",\"target\":[\"https:\/\/karibiandescanso.com\/en\/participacion-en-imm-cologne-2020\/\"]}]},{\"@type\":\"ImageObject\",\"inLanguage\":\"fr-FR\",\"@id\":\"https:\/\/karibiandescanso.com\/en\/participacion-en-imm-cologne-2020\/#primaryimage\",\"url\":\"https:\/\/karibiandescanso.com\/wp-content\/uploads\/2019\/12\/COLOGNE-POST-2.png\",\"contentUrl\":\"https:\/\/karibiandescanso.com\/wp-content\/uploads\/2019\/12\/COLOGNE-POST-2.png\",\"width\":583,\"height\":330},{\"@type\":\"BreadcrumbList\",\"@id\":\"https:\/\/karibiandescanso.com\/en\/participacion-en-imm-cologne-2020\/#breadcrumb\",\"itemListElement\":[{\"@type\":\"ListItem\",\"position\":1,\"name\":\"Portada\",\"item\":\"https:\/\/karibiandescanso.com\/\"},{\"@type\":\"ListItem\",\"position\":2,\"name\":\"KARIBIAN AT IMM COLOGNE 2020\"}]},{\"@type\":\"WebSite\",\"@id\":\"https:\/\/karibiandescanso.com\/#website\",\"url\":\"https:\/\/karibiandescanso.com\/\",\"name\":\"Karibian Descanso\",\"description\":\"O\u00f9 est le repos\",\"potentialAction\":[{\"@type\":\"SearchAction\",\"target\":{\"@type\":\"EntryPoint\",\"urlTemplate\":\"https:\/\/karibiandescanso.com\/?s={search_term_string}\"},\"query-input\":{\"@type\":\"PropertyValueSpecification\",\"valueRequired\":true,\"valueName\":\"search_term_string\"}}],\"inLanguage\":\"fr-FR\"},{\"@type\":\"Person\",\"@id\":\"https:\/\/karibiandescanso.com\/#\/schema\/person\/23be63b9b19bd8da8980c8eecdd69d30\",\"name\":\"Karibian Descanso\",\"image\":{\"@type\":\"ImageObject\",\"inLanguage\":\"fr-FR\",\"@id\":\"https:\/\/karibiandescanso.com\/#\/schema\/person\/image\/\",\"url\":\"https:\/\/secure.gravatar.com\/avatar\/2f55039d31e0c8cf55d2c2b6e3bb49113343c35fd46d6d11806620d3c9641ba7?s=96&d=mm&r=g\",\"contentUrl\":\"https:\/\/secure.gravatar.com\/avatar\/2f55039d31e0c8cf55d2c2b6e3bb49113343c35fd46d6d11806620d3c9641ba7?s=96&d=mm&r=g\",\"caption\":\"Karibian Descanso\"},\"url\":\"https:\/\/karibiandescanso.com\/fr\/author\/karibian-descanso\/\"}]}<\/script>\n<!-- \/ Yoast SEO plugin. -->","yoast_head_json":{"title":"[:es]KARIBIAN EN IMM COLOGNE 2020[:en]KARIBIAN AT IMM COLOGNE 2020[:fr]KARIBIAN AU SALON IMM COLOGNE 2020[:ru]KARIBIAN \u041d\u0410 \u041c\u0415\u0416\u0414\u0423\u041d\u0410\u0420\u041e\u0414\u041d\u041e\u0419 \u041c\u0415\u0411\u0415\u041b\u042c\u041d\u041e\u0419 \u0412\u042b\u0421\u0422\u0410\u0412\u041a\u0415 2020 \u0412 \u041a\u0401\u041b\u042c\u041d\u0415[:pl]KARIBIAN NA IMM KOLONIA 2020[:] - Karibian Descanso","robots":{"index":"index","follow":"follow","max-snippet":"max-snippet:-1","max-image-preview":"max-image-preview:large","max-video-preview":"max-video-preview:-1"},"canonical":"https:\/\/karibiandescanso.com\/en\/participacion-en-imm-cologne-2020\/","og_locale":"fr_FR","og_type":"article","og_title":"[:es]KARIBIAN EN IMM COLOGNE 2020[:en]KARIBIAN AT IMM COLOGNE 2020[:fr]KARIBIAN AU SALON IMM COLOGNE 2020[:ru]KARIBIAN \u041d\u0410 \u041c\u0415\u0416\u0414\u0423\u041d\u0410\u0420\u041e\u0414\u041d\u041e\u0419 \u041c\u0415\u0411\u0415\u041b\u042c\u041d\u041e\u0419 \u0412\u042b\u0421\u0422\u0410\u0412\u041a\u0415 2020 \u0412 \u041a\u0401\u041b\u042c\u041d\u0415[:pl]KARIBIAN NA IMM KOLONIA 2020[:] - Karibian Descanso","og_description":"[:es]Karibian Descanso estar\u00e1 presente en la Feria IMM Cologne 2020, que se celebrar\u00e1 del 13 al 19 de Enero en Colonia (Alemania). Encu\u00e9ntranos en el Stand C012\/Hall 09.1 en la secci\u00f3n Home Sleep, presentando las[:en]Karibian Descanso will be present at IMM Cologne 2020, which will be held from 13 to 19 January in Cologne (Germany). This new edition of the fair boasts some impressive figures. The event will be held in a space of 246,500 m\u00b2 [:fr]Le secteur du meuble espagnol aura un r\u00f4le central au Salon IMM Cologne 2020, l'un des principaux salons internationaux du meuble. La pr\u00e9sence espagnole significative n'est pas[:ru]\u041a\u043e\u043c\u043f\u0430\u043d\u0438\u044f Karibian Descanso \u043f\u0440\u0438\u043c\u0435\u0442 \u0443\u0447\u0430\u0441\u0442\u0438\u0435 \u0432 \u041c\u0435\u0436\u0434\u0443\u043d\u0430\u0440\u043e\u0434\u043d\u043e\u0439 \u043c\u0435\u0431\u0435\u043b\u044c\u043d\u043e\u0439 \u0432\u044b\u0441\u0442\u0430\u0432\u043a\u0435 2020 \u0433\u043e\u0434\u0430, \u043a\u043e\u0442\u043e\u0440\u0430\u044f \u043f\u0440\u043e\u0439\u0434\u0435\u0442 \u0441 13 \u043f\u043e 19 \u044f\u043d\u0432\u0430\u0440\u044f \u0432[:pl]Karibian Descanso b\u0119dzie obecny na Targach IMM Cologne 2020, kt\u00f3re odb\u0119d\u0105 si\u0119 w dniach 13-19 stycznia w Kolonii (Niemcy). Znajd\u017a nas na stoisku C012\/hala 09.1 w sekcji Home Sleep, gdzie prezentujemy[:]","og_url":"https:\/\/karibiandescanso.com\/en\/participacion-en-imm-cologne-2020\/","og_site_name":"Karibian Descanso","article_published_time":"2020-01-02T12:35:27+00:00","article_modified_time":"2024-07-24T13:36:44+00:00","og_image":[{"width":583,"height":330,"url":"https:\/\/karibiandescanso.com\/wp-content\/uploads\/2019\/12\/COLOGNE-POST-2.png","type":"image\/png"}],"author":"Karibian Descanso","twitter_card":"summary_large_image","twitter_misc":{"\u00c9crit par":"Karibian Descanso","Dur\u00e9e de lecture estim\u00e9e":"4 minutes"},"schema":{"@context":"https:\/\/schema.org","@graph":[{"@type":"Article","@id":"https:\/\/karibiandescanso.com\/en\/participacion-en-imm-cologne-2020\/#article","isPartOf":{"@id":"https:\/\/karibiandescanso.com\/en\/participacion-en-imm-cologne-2020\/"},"author":{"name":"Karibian Descanso","@id":"https:\/\/karibiandescanso.com\/#\/schema\/person\/23be63b9b19bd8da8980c8eecdd69d30"},"headline":"KARIBIAN AU SALON IMM COLOGNE 2020","datePublished":"2020-01-02T12:35:27+00:00","dateModified":"2024-07-24T13:36:44+00:00","mainEntityOfPage":{"@id":"https:\/\/karibiandescanso.com\/en\/participacion-en-imm-cologne-2020\/"},"wordCount":3397,"commentCount":0,"image":{"@id":"https:\/\/karibiandescanso.com\/en\/participacion-en-imm-cologne-2020\/#primaryimage"},"thumbnailUrl":"https:\/\/karibiandescanso.com\/wp-content\/uploads\/2019\/12\/COLOGNE-POST-2.png","keywords":["karibian descanso","Feria","Mattress","Furniture","IMM Cologne","Germany","Cologne","Mueble de Espa\u00f1a"],"articleSection":["actualit\u00e9s"],"inLanguage":"fr-FR","potentialAction":[{"@type":"CommentAction","name":"Comment","target":["https:\/\/karibiandescanso.com\/en\/participacion-en-imm-cologne-2020\/#respond"]}]},{"@type":"WebPage","@id":"https:\/\/karibiandescanso.com\/en\/participacion-en-imm-cologne-2020\/","url":"https:\/\/karibiandescanso.com\/en\/participacion-en-imm-cologne-2020\/","name":"[:es]KARIBIAN EN IMM COLOGNE 2020[:en]KARIBIAN AT IMM COLOGNE 2020[:fr]KARIBIAN AU SALON IMM COLOGNE 2020[:ru]KARIBIAN \u041d\u0410 \u041c\u0415\u0416\u0414\u0423\u041d\u0410\u0420\u041e\u0414\u041d\u041e\u0419 \u041c\u0415\u0411\u0415\u041b\u042c\u041d\u041e\u0419 \u0412\u042b\u0421\u0422\u0410\u0412\u041a\u0415 2020 \u0412 \u041a\u0401\u041b\u042c\u041d\u0415[:pl]KARIBIAN NA IMM KOLONIA 2020[:] - Karibian Descanso","isPartOf":{"@id":"https:\/\/karibiandescanso.com\/#website"},"primaryImageOfPage":{"@id":"https:\/\/karibiandescanso.com\/en\/participacion-en-imm-cologne-2020\/#primaryimage"},"image":{"@id":"https:\/\/karibiandescanso.com\/en\/participacion-en-imm-cologne-2020\/#primaryimage"},"thumbnailUrl":"https:\/\/karibiandescanso.com\/wp-content\/uploads\/2019\/12\/COLOGNE-POST-2.png","datePublished":"2020-01-02T12:35:27+00:00","dateModified":"2024-07-24T13:36:44+00:00","author":{"@id":"https:\/\/karibiandescanso.com\/#\/schema\/person\/23be63b9b19bd8da8980c8eecdd69d30"},"breadcrumb":{"@id":"https:\/\/karibiandescanso.com\/en\/participacion-en-imm-cologne-2020\/#breadcrumb"},"inLanguage":"fr-FR","potentialAction":[{"@type":"ReadAction","target":["https:\/\/karibiandescanso.com\/en\/participacion-en-imm-cologne-2020\/"]}]},{"@type":"ImageObject","inLanguage":"fr-FR","@id":"https:\/\/karibiandescanso.com\/en\/participacion-en-imm-cologne-2020\/#primaryimage","url":"https:\/\/karibiandescanso.com\/wp-content\/uploads\/2019\/12\/COLOGNE-POST-2.png","contentUrl":"https:\/\/karibiandescanso.com\/wp-content\/uploads\/2019\/12\/COLOGNE-POST-2.png","width":583,"height":330},{"@type":"BreadcrumbList","@id":"https:\/\/karibiandescanso.com\/en\/participacion-en-imm-cologne-2020\/#breadcrumb","itemListElement":[{"@type":"ListItem","position":1,"name":"Portada","item":"https:\/\/karibiandescanso.com\/"},{"@type":"ListItem","position":2,"name":"KARIBIAN AT IMM COLOGNE 2020"}]},{"@type":"WebSite","@id":"https:\/\/karibiandescanso.com\/#website","url":"https:\/\/karibiandescanso.com\/","name":"Karibian Descanso","description":"O\u00f9 est le repos","potentialAction":[{"@type":"SearchAction","target":{"@type":"EntryPoint","urlTemplate":"https:\/\/karibiandescanso.com\/?s={search_term_string}"},"query-input":{"@type":"PropertyValueSpecification","valueRequired":true,"valueName":"search_term_string"}}],"inLanguage":"fr-FR"},{"@type":"Person","@id":"https:\/\/karibiandescanso.com\/#\/schema\/person\/23be63b9b19bd8da8980c8eecdd69d30","name":"Karibian Descanso","image":{"@type":"ImageObject","inLanguage":"fr-FR","@id":"https:\/\/karibiandescanso.com\/#\/schema\/person\/image\/","url":"https:\/\/secure.gravatar.com\/avatar\/2f55039d31e0c8cf55d2c2b6e3bb49113343c35fd46d6d11806620d3c9641ba7?s=96&d=mm&r=g","contentUrl":"https:\/\/secure.gravatar.com\/avatar\/2f55039d31e0c8cf55d2c2b6e3bb49113343c35fd46d6d11806620d3c9641ba7?s=96&d=mm&r=g","caption":"Karibian Descanso"},"url":"https:\/\/karibiandescanso.com\/fr\/author\/karibian-descanso\/"}]}},"_links":{"self":[{"href":"https:\/\/karibiandescanso.com\/fr\/wp-json\/wp\/v2\/posts\/5793","targetHints":{"allow":["GET"]}}],"collection":[{"href":"https:\/\/karibiandescanso.com\/fr\/wp-json\/wp\/v2\/posts"}],"about":[{"href":"https:\/\/karibiandescanso.com\/fr\/wp-json\/wp\/v2\/types\/post"}],"author":[{"embeddable":true,"href":"https:\/\/karibiandescanso.com\/fr\/wp-json\/wp\/v2\/users\/2"}],"replies":[{"embeddable":true,"href":"https:\/\/karibiandescanso.com\/fr\/wp-json\/wp\/v2\/comments?post=5793"}],"version-history":[{"count":0,"href":"https:\/\/karibiandescanso.com\/fr\/wp-json\/wp\/v2\/posts\/5793\/revisions"}],"wp:featuredmedia":[{"embeddable":true,"href":"https:\/\/karibiandescanso.com\/fr\/wp-json\/wp\/v2\/media\/5798"}],"wp:attachment":[{"href":"https:\/\/karibiandescanso.com\/fr\/wp-json\/wp\/v2\/media?parent=5793"}],"wp:term":[{"taxonomy":"category","embeddable":true,"href":"https:\/\/karibiandescanso.com\/fr\/wp-json\/wp\/v2\/categories?post=5793"},{"taxonomy":"post_tag","embeddable":true,"href":"https:\/\/karibiandescanso.com\/fr\/wp-json\/wp\/v2\/tags?post=5793"}],"curies":[{"name":"wp","href":"https:\/\/api.w.org\/{rel}","templated":true}]}}