{"id":6112,"date":"2020-01-28T11:00:13","date_gmt":"2020-01-28T10:00:13","guid":{"rendered":"https:\/\/www.karibiandescanso.com\/?p=6112"},"modified":"2024-07-24T15:28:17","modified_gmt":"2024-07-24T13:28:17","slug":"7a-edicion-fmz","status":"publish","type":"post","link":"https:\/\/karibiandescanso.com\/fr\/7a-edicion-fmz\/","title":{"rendered":"7\u00c9ME SALON INTERNATIONAL DU MEUBLE \u00c0 SARAGOSSE"},"content":{"rendered":"<p>[vc_row css_animation=&#8221;&#8221; row_type=&#8221;row&#8221; use_row_as_full_screen_section=&#8221;no&#8221; type=&#8221;full_width&#8221; angled_section=&#8221;no&#8221; text_align=&#8221;left&#8221; background_image_as_pattern=&#8221;without_pattern&#8221;][vc_column][vc_single_image image=&#8221;6130&#8243; img_size=&#8221;full&#8221; qode_css_animation=&#8221;&#8221;][\/vc_column][\/vc_row][vc_row css_animation=&#8221;&#8221; row_type=&#8221;row&#8221; use_row_as_full_screen_section=&#8221;no&#8221; type=&#8221;full_width&#8221; angled_section=&#8221;no&#8221; text_align=&#8221;left&#8221; background_image_as_pattern=&#8221;without_pattern&#8221;][vc_column][vc_column_text]<\/p>\n<p style=\"text-align: justify;\">Vendredi dernier, 24 janvier, la<a href=\"https:\/\/www.feriazaragoza.es\/feria-del-mueble-2020\"> <b>7<\/b><b><sup>\u00e8me<\/sup><\/b><b> \u00e9dition du Salon international du meuble de Saragosse<\/b><\/a> s&#8217;est termin\u00e9e apr\u00e8s quatre jours d&#8217;activit\u00e9 intense. Selon des sources officielles, le Concours international auquel ont particip\u00e9 plus de 500 soci\u00e9t\u00e9s exposantes a \u00e9t\u00e9 visit\u00e9 par pr\u00e8s de 46 000 personnes. \u00c0 cette occasion, le Salon a \u00e9t\u00e9 cl\u00f4tur\u00e9 sur d&#8217;excellentes opportunit\u00e9s d&#8217;affaires et de haute qualit\u00e9 en termes de visiteurs professionnels. Les quatre axes sur lesquels cette \u00e9dition a tourn\u00e9 ont \u00e9t\u00e9 la conception, l\u2019internationalit\u00e9, le canal contractuel et la digitalisation. L\u2019espace d\u2019exposition a eu lieu sur plus de 80 000 m<sup>2<\/sup> d&#8217;exposition.<\/p>\n<p>[\/vc_column_text][\/vc_column][\/vc_row][vc_row css_animation=&#8221;&#8221; row_type=&#8221;row&#8221; use_row_as_full_screen_section=&#8221;no&#8221; type=&#8221;full_width&#8221; angled_section=&#8221;no&#8221; text_align=&#8221;left&#8221; background_image_as_pattern=&#8221;without_pattern&#8221;][vc_column][vc_single_image image=&#8221;6513&#8243; img_size=&#8221;full&#8221; qode_css_animation=&#8221;&#8221;][\/vc_column][\/vc_row][vc_row css_animation=&#8221;&#8221; row_type=&#8221;row&#8221; use_row_as_full_screen_section=&#8221;no&#8221; type=&#8221;full_width&#8221; angled_section=&#8221;no&#8221; text_align=&#8221;left&#8221; background_image_as_pattern=&#8221;without_pattern&#8221;][vc_column][vc_column_text]<\/p>\n<h2 style=\"text-align: justify;\"><b>Saragosse est au centre du secteur du meuble<\/b><\/h2>\n<p>[\/vc_column_text][vc_empty_space][vc_column_text]<\/p>\n<p style=\"text-align: justify;\">Lors de ce premier \u00e9v\u00e9nement \u00e0 l&#8217;\u00e9chelle nationale de 2020, Karibian Descanso a expos\u00e9 pendant quatre jours pour montrer les derni\u00e8res nouvelles de la marque, con\u00e7ues et \u00e9labor\u00e9es pour surprendre tous les visiteurs. Deux espaces ont \u00e9t\u00e9 charg\u00e9s de montrer les mod\u00e8les de Karibian pour se reposer, situ\u00e9s dans un environnement qui se caract\u00e9rise par la qualit\u00e9, le design et l&#8217;innovation.<\/p>\n<p style=\"text-align: justify;\">Profitant de cette vitrine professionnelle et \u00e9tant toujours attach\u00e9 \u00e0 l&#8217;environnement, Karibian a montr\u00e9 des nouveaux produits de haute qualit\u00e9 et avec un design unique, offrant ainsi \u00e0 tous les participants l\u2019opportunit\u00e9 de voyager \u00e0 travers les formes, les textures et les couleurs en ce qui concerne le repos.<\/p>\n<p style=\"text-align: justify;\">Botanic Collection recueille de fa\u00e7on exclusive les derni\u00e8res nouvelles et tendances en mati\u00e8re de matelas. L\u2019objectif est toujours le bien-\u00eatre de tous, tout en misant sur le design, sur les nouvelles gammes de produits, ainsi que sur un concept plus ouvert et innovant.<\/p>\n<p>[\/vc_column_text][\/vc_column][\/vc_row][vc_row css_animation=&#8221;&#8221; row_type=&#8221;row&#8221; use_row_as_full_screen_section=&#8221;no&#8221; type=&#8221;full_width&#8221; angled_section=&#8221;no&#8221; text_align=&#8221;left&#8221; background_image_as_pattern=&#8221;without_pattern&#8221;][vc_column][vc_single_image image=&#8221;6146&#8243; img_size=&#8221;full&#8221; qode_css_animation=&#8221;&#8221;][\/vc_column][\/vc_row][vc_row css_animation=&#8221;&#8221; row_type=&#8221;row&#8221; use_row_as_full_screen_section=&#8221;no&#8221; type=&#8221;full_width&#8221; angled_section=&#8221;no&#8221; text_align=&#8221;left&#8221; background_image_as_pattern=&#8221;without_pattern&#8221;][vc_column][vc_column_text]<\/p>\n<p style=\"text-align: justify;\">Une fois termin\u00e9 le 7<sup>\u00e8me<\/sup> Salon du meuble de Saragosse, <b>Karibian Descanso<\/b> veut remercier toutes les personnes qui ont visit\u00e9 nos stands. De plus, nous aimerions remercier aussi toute l&#8217;organisation du FMZ2020, les f\u00e9liciter pour le succ\u00e8s des diff\u00e9rents \u00e9v\u00e9nements d\u2019assistance massive et les encourager \u00e0 continuer \u00e0 travailler pour la prochaine \u00e9dition.<\/p>\n<p style=\"text-align: justify;\">Quant \u00e0 vous, merci de nous avoir accompagn\u00e9 une fois de plus\u00a0! Nous continuerons \u00e0 travailler pour toujours offrir les meilleurs produits et nous.<\/p>\n<h3 style=\"text-align: justify;\"><span style=\"color: #000000;\">Nous rencontrerons \u00e0 la prochaine \u00e9dition!<\/span><\/h3>\n<p>[\/vc_column_text][vc_empty_space height=&#8221;80px&#8221;][\/vc_column][\/vc_row][vc_row css_animation=&#8221;&#8221; row_type=&#8221;row&#8221; use_row_as_full_screen_section=&#8221;no&#8221; type=&#8221;full_width&#8221; angled_section=&#8221;no&#8221; text_align=&#8221;left&#8221; background_image_as_pattern=&#8221;without_pattern&#8221;][vc_column][vc_video link=&#8221;https:\/\/vimeo.com\/384774652&#8243;][\/vc_column][\/vc_row]<\/p>","protected":false},"excerpt":{"rendered":"<p>Vendredi dernier, 24 janvier, la 7\u00e8me \u00e9dition du Salon international du meuble de Saragosse s&#8217;est termin\u00e9e apr\u00e8s quatre jours d&#8217;activit\u00e9 intense. Selon des sources officielles<\/p>\n","protected":false},"author":2,"featured_media":6140,"comment_status":"open","ping_status":"open","sticky":false,"template":"","format":"standard","meta":{"footnotes":""},"categories":[10],"tags":[162,163,166,167,168,25,80,91,100],"class_list":["post-6112","post","type-post","status-publish","format-standard","has-post-thumbnail","hentry","category-noticias","tag-feria-mueble-zaragoza","tag-fmz2020","tag-zaragoza-es-mueble","tag-spain-furniture","tag-spain-interiors","tag-karibian-descanso","tag-colchon","tag-mattress","tag-furniture"],"yoast_head":"<!-- This site is optimized with the Yoast SEO plugin v27.0 - https:\/\/yoast.com\/product\/yoast-seo-wordpress\/ -->\n<title>7\u00c9ME SALON INTERNATIONAL DU MEUBLE \u00c0 SARAGOSSE - Karibian Descanso<\/title>\n<meta name=\"robots\" content=\"index, follow, max-snippet:-1, max-image-preview:large, max-video-preview:-1\" \/>\n<link rel=\"canonical\" href=\"https:\/\/karibiandescanso.com\/ru\/7a-edicion-fmz\/\" \/>\n<meta property=\"og:locale\" content=\"fr_FR\" \/>\n<meta property=\"og:type\" content=\"article\" \/>\n<meta property=\"og:title\" content=\"[:es]7\u00aa FERIA MUEBLE ZARAGOZA[:en]7TH ZARAGOZA FURNITURE EXHIBITION[:fr]7\u00c9ME SALON INTERNATIONAL DU MEUBLE \u00c0 SARAGOSSE[:ru]VII \u041c\u0415\u0411\u0415\u041b\u042c\u041d\u0410\u042f \u0412\u042b\u0421\u0422\u0410\u0412\u041a\u0410 \u0421\u0410\u0420\u0410\u0413\u041e\u0421\u042b[:pl] 7. TARGI MEBLOWE SARAGOSSA[:] - Karibian Descanso\" \/>\n<meta property=\"og:description\" content=\"[:es]La 7\u00aa Edici\u00f3n de la Feria del Mueble de Zaragoza, tuvo lugar del 21 al 24 de enero. Karibian Descanso particip\u00f3 en este evento en el que participaron m\u00e1s de 500 firmas y fue visitado por casi 46000 personas. [:en]The 7th Edition of the Zaragoza Furniture Exhibition came to an end on Friday, 24 January, after four days of intense activity. According to official sources[:fr]Vendredi dernier, 24 janvier, la 7\u00e8me \u00e9dition du Salon international du meuble de Saragosse s&#039;est termin\u00e9e apr\u00e8s quatre jours d&#039;activit\u00e9 intense. Selon des sources officielles[:ru]\u0412 \u043f\u044f\u0442\u043d\u0438\u0446\u0443 24 \u044f\u043d\u0432\u0430\u0440\u044f \u043f\u043e\u0441\u043b\u0435 \u0447\u0435\u0442\u044b\u0440\u0435\u0445 \u043e\u0447\u0435\u043d\u044c \u043d\u0430\u0441\u044b\u0449\u0435\u043d\u043d\u044b\u0445 \u0434\u043d\u0435\u0439 \u0437\u0430\u0432\u0435\u0440\u0448\u0438\u043b\u0430 \u0441\u0432\u043e\u044e \u0440\u0430\u0431\u043e\u0442\u0443 VII \u041c\u0435\u0431\u0435\u043b\u044c\u043d\u0430\u044f \u0432\u044b\u0441\u0442\u0430\u0432\u043a\u0430 \u0421\u0430\u0440\u0430\u0433\u043e\u0441\u044b. \u0421\u043e\u0433\u043b\u0430\u0441\u043d\u043e \u043e\u0444\u0438\u0446\u0438\u0430\u043b\u044c\u043d\u044b\u043c \u0438\u0441\u0442\u043e\u0447\u043d\u0438\u043a\u0430\u043c, \u044d\u0442\u043e[:pl]W dniach 21-24 stycznia odby\u0142a si\u0119 VII edycja Targ\u00f3w Meblowych w Saragossie. Karibian Descanso wzi\u0105\u0142 udzia\u0142 w tym wydarzeniu, w kt\u00f3rym wzi\u0119\u0142o udzia\u0142 ponad 500 podpis\u00f3w i kt\u00f3re odwiedzi\u0142o prawie 46 000 os\u00f3b.[:]\" \/>\n<meta property=\"og:url\" content=\"https:\/\/karibiandescanso.com\/ru\/7a-edicion-fmz\/\" \/>\n<meta property=\"og:site_name\" content=\"Karibian Descanso\" \/>\n<meta property=\"article:published_time\" content=\"2020-01-28T10:00:13+00:00\" \/>\n<meta property=\"article:modified_time\" content=\"2024-07-24T13:28:17+00:00\" \/>\n<meta property=\"og:image\" content=\"https:\/\/karibiandescanso.com\/wp-content\/uploads\/2020\/01\/karibian-portada.jpg\" \/>\n\t<meta property=\"og:image:width\" content=\"583\" \/>\n\t<meta property=\"og:image:height\" content=\"330\" \/>\n\t<meta property=\"og:image:type\" content=\"image\/jpeg\" \/>\n<meta name=\"author\" content=\"Karibian Descanso\" \/>\n<meta name=\"twitter:card\" content=\"summary_large_image\" \/>\n<meta name=\"twitter:label1\" content=\"\u00c9crit par\" \/>\n\t<meta name=\"twitter:data1\" content=\"Karibian Descanso\" \/>\n\t<meta name=\"twitter:label2\" content=\"Dur\u00e9e de lecture estim\u00e9e\" \/>\n\t<meta name=\"twitter:data2\" content=\"3 minutes\" \/>\n<script type=\"application\/ld+json\" class=\"yoast-schema-graph\">{\"@context\":\"https:\/\/schema.org\",\"@graph\":[{\"@type\":\"Article\",\"@id\":\"https:\/\/karibiandescanso.com\/ru\/7a-edicion-fmz\/#article\",\"isPartOf\":{\"@id\":\"https:\/\/karibiandescanso.com\/ru\/7a-edicion-fmz\/\"},\"author\":{\"name\":\"Karibian Descanso\",\"@id\":\"https:\/\/karibiandescanso.com\/#\/schema\/person\/23be63b9b19bd8da8980c8eecdd69d30\"},\"headline\":\"7\u00c9ME SALON INTERNATIONAL DU MEUBLE \u00c0 SARAGOSSE\",\"datePublished\":\"2020-01-28T10:00:13+00:00\",\"dateModified\":\"2024-07-24T13:28:17+00:00\",\"mainEntityOfPage\":{\"@id\":\"https:\/\/karibiandescanso.com\/ru\/7a-edicion-fmz\/\"},\"wordCount\":3095,\"commentCount\":0,\"image\":{\"@id\":\"https:\/\/karibiandescanso.com\/ru\/7a-edicion-fmz\/#primaryimage\"},\"thumbnailUrl\":\"https:\/\/karibiandescanso.com\/wp-content\/uploads\/2020\/01\/karibian-portada.jpg\",\"keywords\":[\"Feria Mueble Zaragoza\",\"FMZ2020\",\"Zaragoza es mueble\",\"Spain Furniture\",\"Spain Interiors\",\"karibian descanso\",\"Colchon\",\"Mattress\",\"Furniture\"],\"articleSection\":[\"actualit\u00e9s\"],\"inLanguage\":\"fr-FR\",\"potentialAction\":[{\"@type\":\"CommentAction\",\"name\":\"Comment\",\"target\":[\"https:\/\/karibiandescanso.com\/ru\/7a-edicion-fmz\/#respond\"]}]},{\"@type\":\"WebPage\",\"@id\":\"https:\/\/karibiandescanso.com\/ru\/7a-edicion-fmz\/\",\"url\":\"https:\/\/karibiandescanso.com\/ru\/7a-edicion-fmz\/\",\"name\":\"[:es]7\u00aa FERIA MUEBLE ZARAGOZA[:en]7TH ZARAGOZA FURNITURE EXHIBITION[:fr]7\u00c9ME SALON INTERNATIONAL DU MEUBLE \u00c0 SARAGOSSE[:ru]VII \u041c\u0415\u0411\u0415\u041b\u042c\u041d\u0410\u042f \u0412\u042b\u0421\u0422\u0410\u0412\u041a\u0410 \u0421\u0410\u0420\u0410\u0413\u041e\u0421\u042b[:pl] 7. TARGI MEBLOWE SARAGOSSA[:] - Karibian Descanso\",\"isPartOf\":{\"@id\":\"https:\/\/karibiandescanso.com\/#website\"},\"primaryImageOfPage\":{\"@id\":\"https:\/\/karibiandescanso.com\/ru\/7a-edicion-fmz\/#primaryimage\"},\"image\":{\"@id\":\"https:\/\/karibiandescanso.com\/ru\/7a-edicion-fmz\/#primaryimage\"},\"thumbnailUrl\":\"https:\/\/karibiandescanso.com\/wp-content\/uploads\/2020\/01\/karibian-portada.jpg\",\"datePublished\":\"2020-01-28T10:00:13+00:00\",\"dateModified\":\"2024-07-24T13:28:17+00:00\",\"author\":{\"@id\":\"https:\/\/karibiandescanso.com\/#\/schema\/person\/23be63b9b19bd8da8980c8eecdd69d30\"},\"breadcrumb\":{\"@id\":\"https:\/\/karibiandescanso.com\/ru\/7a-edicion-fmz\/#breadcrumb\"},\"inLanguage\":\"fr-FR\",\"potentialAction\":[{\"@type\":\"ReadAction\",\"target\":[\"https:\/\/karibiandescanso.com\/ru\/7a-edicion-fmz\/\"]}]},{\"@type\":\"ImageObject\",\"inLanguage\":\"fr-FR\",\"@id\":\"https:\/\/karibiandescanso.com\/ru\/7a-edicion-fmz\/#primaryimage\",\"url\":\"https:\/\/karibiandescanso.com\/wp-content\/uploads\/2020\/01\/karibian-portada.jpg\",\"contentUrl\":\"https:\/\/karibiandescanso.com\/wp-content\/uploads\/2020\/01\/karibian-portada.jpg\",\"width\":583,\"height\":330},{\"@type\":\"BreadcrumbList\",\"@id\":\"https:\/\/karibiandescanso.com\/ru\/7a-edicion-fmz\/#breadcrumb\",\"itemListElement\":[{\"@type\":\"ListItem\",\"position\":1,\"name\":\"Portada\",\"item\":\"https:\/\/karibiandescanso.com\/\"},{\"@type\":\"ListItem\",\"position\":2,\"name\":\"VII \u041c\u0415\u0411\u0415\u041b\u042c\u041d\u0410\u042f \u0412\u042b\u0421\u0422\u0410\u0412\u041a\u0410 \u0421\u0410\u0420\u0410\u0413\u041e\u0421\u042b\"}]},{\"@type\":\"WebSite\",\"@id\":\"https:\/\/karibiandescanso.com\/#website\",\"url\":\"https:\/\/karibiandescanso.com\/\",\"name\":\"Karibian Descanso\",\"description\":\"O\u00f9 est le repos\",\"potentialAction\":[{\"@type\":\"SearchAction\",\"target\":{\"@type\":\"EntryPoint\",\"urlTemplate\":\"https:\/\/karibiandescanso.com\/?s={search_term_string}\"},\"query-input\":{\"@type\":\"PropertyValueSpecification\",\"valueRequired\":true,\"valueName\":\"search_term_string\"}}],\"inLanguage\":\"fr-FR\"},{\"@type\":\"Person\",\"@id\":\"https:\/\/karibiandescanso.com\/#\/schema\/person\/23be63b9b19bd8da8980c8eecdd69d30\",\"name\":\"Karibian Descanso\",\"image\":{\"@type\":\"ImageObject\",\"inLanguage\":\"fr-FR\",\"@id\":\"https:\/\/karibiandescanso.com\/#\/schema\/person\/image\/\",\"url\":\"https:\/\/secure.gravatar.com\/avatar\/2f55039d31e0c8cf55d2c2b6e3bb49113343c35fd46d6d11806620d3c9641ba7?s=96&d=mm&r=g\",\"contentUrl\":\"https:\/\/secure.gravatar.com\/avatar\/2f55039d31e0c8cf55d2c2b6e3bb49113343c35fd46d6d11806620d3c9641ba7?s=96&d=mm&r=g\",\"caption\":\"Karibian Descanso\"},\"url\":\"https:\/\/karibiandescanso.com\/fr\/author\/karibian-descanso\/\"}]}<\/script>\n<!-- \/ Yoast SEO plugin. -->","yoast_head_json":{"title":"[:es]7\u00aa FERIA MUEBLE ZARAGOZA[:en]7TH ZARAGOZA FURNITURE EXHIBITION[:fr]7\u00c9ME SALON INTERNATIONAL DU MEUBLE \u00c0 SARAGOSSE[:ru]VII \u041c\u0415\u0411\u0415\u041b\u042c\u041d\u0410\u042f \u0412\u042b\u0421\u0422\u0410\u0412\u041a\u0410 \u0421\u0410\u0420\u0410\u0413\u041e\u0421\u042b[:pl] 7. TARGI MEBLOWE SARAGOSSA[:] - Karibian Descanso","robots":{"index":"index","follow":"follow","max-snippet":"max-snippet:-1","max-image-preview":"max-image-preview:large","max-video-preview":"max-video-preview:-1"},"canonical":"https:\/\/karibiandescanso.com\/ru\/7a-edicion-fmz\/","og_locale":"fr_FR","og_type":"article","og_title":"[:es]7\u00aa FERIA MUEBLE ZARAGOZA[:en]7TH ZARAGOZA FURNITURE EXHIBITION[:fr]7\u00c9ME SALON INTERNATIONAL DU MEUBLE \u00c0 SARAGOSSE[:ru]VII \u041c\u0415\u0411\u0415\u041b\u042c\u041d\u0410\u042f \u0412\u042b\u0421\u0422\u0410\u0412\u041a\u0410 \u0421\u0410\u0420\u0410\u0413\u041e\u0421\u042b[:pl] 7. TARGI MEBLOWE SARAGOSSA[:] - Karibian Descanso","og_description":"[:es]La 7\u00aa Edici\u00f3n de la Feria del Mueble de Zaragoza, tuvo lugar del 21 al 24 de enero. Karibian Descanso particip\u00f3 en este evento en el que participaron m\u00e1s de 500 firmas y fue visitado por casi 46000 personas. [:en]The 7th Edition of the Zaragoza Furniture Exhibition came to an end on Friday, 24 January, after four days of intense activity. According to official sources[:fr]Vendredi dernier, 24 janvier, la 7\u00e8me \u00e9dition du Salon international du meuble de Saragosse s'est termin\u00e9e apr\u00e8s quatre jours d'activit\u00e9 intense. Selon des sources officielles[:ru]\u0412 \u043f\u044f\u0442\u043d\u0438\u0446\u0443 24 \u044f\u043d\u0432\u0430\u0440\u044f \u043f\u043e\u0441\u043b\u0435 \u0447\u0435\u0442\u044b\u0440\u0435\u0445 \u043e\u0447\u0435\u043d\u044c \u043d\u0430\u0441\u044b\u0449\u0435\u043d\u043d\u044b\u0445 \u0434\u043d\u0435\u0439 \u0437\u0430\u0432\u0435\u0440\u0448\u0438\u043b\u0430 \u0441\u0432\u043e\u044e \u0440\u0430\u0431\u043e\u0442\u0443 VII \u041c\u0435\u0431\u0435\u043b\u044c\u043d\u0430\u044f \u0432\u044b\u0441\u0442\u0430\u0432\u043a\u0430 \u0421\u0430\u0440\u0430\u0433\u043e\u0441\u044b. \u0421\u043e\u0433\u043b\u0430\u0441\u043d\u043e \u043e\u0444\u0438\u0446\u0438\u0430\u043b\u044c\u043d\u044b\u043c \u0438\u0441\u0442\u043e\u0447\u043d\u0438\u043a\u0430\u043c, \u044d\u0442\u043e[:pl]W dniach 21-24 stycznia odby\u0142a si\u0119 VII edycja Targ\u00f3w Meblowych w Saragossie. Karibian Descanso wzi\u0105\u0142 udzia\u0142 w tym wydarzeniu, w kt\u00f3rym wzi\u0119\u0142o udzia\u0142 ponad 500 podpis\u00f3w i kt\u00f3re odwiedzi\u0142o prawie 46 000 os\u00f3b.[:]","og_url":"https:\/\/karibiandescanso.com\/ru\/7a-edicion-fmz\/","og_site_name":"Karibian Descanso","article_published_time":"2020-01-28T10:00:13+00:00","article_modified_time":"2024-07-24T13:28:17+00:00","og_image":[{"width":583,"height":330,"url":"https:\/\/karibiandescanso.com\/wp-content\/uploads\/2020\/01\/karibian-portada.jpg","type":"image\/jpeg"}],"author":"Karibian Descanso","twitter_card":"summary_large_image","twitter_misc":{"\u00c9crit par":"Karibian Descanso","Dur\u00e9e de lecture estim\u00e9e":"3 minutes"},"schema":{"@context":"https:\/\/schema.org","@graph":[{"@type":"Article","@id":"https:\/\/karibiandescanso.com\/ru\/7a-edicion-fmz\/#article","isPartOf":{"@id":"https:\/\/karibiandescanso.com\/ru\/7a-edicion-fmz\/"},"author":{"name":"Karibian Descanso","@id":"https:\/\/karibiandescanso.com\/#\/schema\/person\/23be63b9b19bd8da8980c8eecdd69d30"},"headline":"7\u00c9ME SALON INTERNATIONAL DU MEUBLE \u00c0 SARAGOSSE","datePublished":"2020-01-28T10:00:13+00:00","dateModified":"2024-07-24T13:28:17+00:00","mainEntityOfPage":{"@id":"https:\/\/karibiandescanso.com\/ru\/7a-edicion-fmz\/"},"wordCount":3095,"commentCount":0,"image":{"@id":"https:\/\/karibiandescanso.com\/ru\/7a-edicion-fmz\/#primaryimage"},"thumbnailUrl":"https:\/\/karibiandescanso.com\/wp-content\/uploads\/2020\/01\/karibian-portada.jpg","keywords":["Feria Mueble Zaragoza","FMZ2020","Zaragoza es mueble","Spain Furniture","Spain Interiors","karibian descanso","Colchon","Mattress","Furniture"],"articleSection":["actualit\u00e9s"],"inLanguage":"fr-FR","potentialAction":[{"@type":"CommentAction","name":"Comment","target":["https:\/\/karibiandescanso.com\/ru\/7a-edicion-fmz\/#respond"]}]},{"@type":"WebPage","@id":"https:\/\/karibiandescanso.com\/ru\/7a-edicion-fmz\/","url":"https:\/\/karibiandescanso.com\/ru\/7a-edicion-fmz\/","name":"[:es]7\u00aa FERIA MUEBLE ZARAGOZA[:en]7TH ZARAGOZA FURNITURE EXHIBITION[:fr]7\u00c9ME SALON INTERNATIONAL DU MEUBLE \u00c0 SARAGOSSE[:ru]VII \u041c\u0415\u0411\u0415\u041b\u042c\u041d\u0410\u042f \u0412\u042b\u0421\u0422\u0410\u0412\u041a\u0410 \u0421\u0410\u0420\u0410\u0413\u041e\u0421\u042b[:pl] 7. TARGI MEBLOWE SARAGOSSA[:] - Karibian Descanso","isPartOf":{"@id":"https:\/\/karibiandescanso.com\/#website"},"primaryImageOfPage":{"@id":"https:\/\/karibiandescanso.com\/ru\/7a-edicion-fmz\/#primaryimage"},"image":{"@id":"https:\/\/karibiandescanso.com\/ru\/7a-edicion-fmz\/#primaryimage"},"thumbnailUrl":"https:\/\/karibiandescanso.com\/wp-content\/uploads\/2020\/01\/karibian-portada.jpg","datePublished":"2020-01-28T10:00:13+00:00","dateModified":"2024-07-24T13:28:17+00:00","author":{"@id":"https:\/\/karibiandescanso.com\/#\/schema\/person\/23be63b9b19bd8da8980c8eecdd69d30"},"breadcrumb":{"@id":"https:\/\/karibiandescanso.com\/ru\/7a-edicion-fmz\/#breadcrumb"},"inLanguage":"fr-FR","potentialAction":[{"@type":"ReadAction","target":["https:\/\/karibiandescanso.com\/ru\/7a-edicion-fmz\/"]}]},{"@type":"ImageObject","inLanguage":"fr-FR","@id":"https:\/\/karibiandescanso.com\/ru\/7a-edicion-fmz\/#primaryimage","url":"https:\/\/karibiandescanso.com\/wp-content\/uploads\/2020\/01\/karibian-portada.jpg","contentUrl":"https:\/\/karibiandescanso.com\/wp-content\/uploads\/2020\/01\/karibian-portada.jpg","width":583,"height":330},{"@type":"BreadcrumbList","@id":"https:\/\/karibiandescanso.com\/ru\/7a-edicion-fmz\/#breadcrumb","itemListElement":[{"@type":"ListItem","position":1,"name":"Portada","item":"https:\/\/karibiandescanso.com\/"},{"@type":"ListItem","position":2,"name":"VII \u041c\u0415\u0411\u0415\u041b\u042c\u041d\u0410\u042f \u0412\u042b\u0421\u0422\u0410\u0412\u041a\u0410 \u0421\u0410\u0420\u0410\u0413\u041e\u0421\u042b"}]},{"@type":"WebSite","@id":"https:\/\/karibiandescanso.com\/#website","url":"https:\/\/karibiandescanso.com\/","name":"Karibian Descanso","description":"O\u00f9 est le repos","potentialAction":[{"@type":"SearchAction","target":{"@type":"EntryPoint","urlTemplate":"https:\/\/karibiandescanso.com\/?s={search_term_string}"},"query-input":{"@type":"PropertyValueSpecification","valueRequired":true,"valueName":"search_term_string"}}],"inLanguage":"fr-FR"},{"@type":"Person","@id":"https:\/\/karibiandescanso.com\/#\/schema\/person\/23be63b9b19bd8da8980c8eecdd69d30","name":"Karibian Descanso","image":{"@type":"ImageObject","inLanguage":"fr-FR","@id":"https:\/\/karibiandescanso.com\/#\/schema\/person\/image\/","url":"https:\/\/secure.gravatar.com\/avatar\/2f55039d31e0c8cf55d2c2b6e3bb49113343c35fd46d6d11806620d3c9641ba7?s=96&d=mm&r=g","contentUrl":"https:\/\/secure.gravatar.com\/avatar\/2f55039d31e0c8cf55d2c2b6e3bb49113343c35fd46d6d11806620d3c9641ba7?s=96&d=mm&r=g","caption":"Karibian Descanso"},"url":"https:\/\/karibiandescanso.com\/fr\/author\/karibian-descanso\/"}]}},"_links":{"self":[{"href":"https:\/\/karibiandescanso.com\/fr\/wp-json\/wp\/v2\/posts\/6112","targetHints":{"allow":["GET"]}}],"collection":[{"href":"https:\/\/karibiandescanso.com\/fr\/wp-json\/wp\/v2\/posts"}],"about":[{"href":"https:\/\/karibiandescanso.com\/fr\/wp-json\/wp\/v2\/types\/post"}],"author":[{"embeddable":true,"href":"https:\/\/karibiandescanso.com\/fr\/wp-json\/wp\/v2\/users\/2"}],"replies":[{"embeddable":true,"href":"https:\/\/karibiandescanso.com\/fr\/wp-json\/wp\/v2\/comments?post=6112"}],"version-history":[{"count":0,"href":"https:\/\/karibiandescanso.com\/fr\/wp-json\/wp\/v2\/posts\/6112\/revisions"}],"wp:featuredmedia":[{"embeddable":true,"href":"https:\/\/karibiandescanso.com\/fr\/wp-json\/wp\/v2\/media\/6140"}],"wp:attachment":[{"href":"https:\/\/karibiandescanso.com\/fr\/wp-json\/wp\/v2\/media?parent=6112"}],"wp:term":[{"taxonomy":"category","embeddable":true,"href":"https:\/\/karibiandescanso.com\/fr\/wp-json\/wp\/v2\/categories?post=6112"},{"taxonomy":"post_tag","embeddable":true,"href":"https:\/\/karibiandescanso.com\/fr\/wp-json\/wp\/v2\/tags?post=6112"}],"curies":[{"name":"wp","href":"https:\/\/api.w.org\/{rel}","templated":true}]}}