{"id":8240,"date":"2020-11-11T14:07:55","date_gmt":"2020-11-11T13:07:55","guid":{"rendered":"https:\/\/www.karibiandescanso.com\/?p=8240"},"modified":"2024-07-22T12:08:40","modified_gmt":"2024-07-22T10:08:40","slug":"premio-tecnologia-e-innovacion","status":"publish","type":"post","link":"https:\/\/karibiandescanso.com\/fr\/premio-tecnologia-e-innovacion\/","title":{"rendered":"PRIX DE LA TECHNOLOGIE ET L&#8217;INNOVATION"},"content":{"rendered":"<p>[vc_row css_animation=&#8221;&#8221; row_type=&#8221;row&#8221; use_row_as_full_screen_section=&#8221;no&#8221; type=&#8221;full_width&#8221; angled_section=&#8221;no&#8221; text_align=&#8221;left&#8221; background_image_as_pattern=&#8221;without_pattern&#8221;][vc_column][vc_empty_space height=&#8221;60px&#8221;][vc_single_image image=&#8221;8357&#8243; img_size=&#8221;full&#8221; alignment=&#8221;center&#8221; onclick=&#8221;custom_link&#8221; img_link_target=&#8221;_blank&#8221; qode_css_animation=&#8221;&#8221; css=&#8221;.vc_custom_1606120747465{margin-bottom: 40px !important;border-right-width: px !important;border-left-width: px !important;padding-right: 200px !important;padding-left: 200px !important;}&#8221; link=&#8221;https:\/\/www.karibiandescanso.com\/wp-content\/uploads\/2020\/11\/KARIBIAN-PRIX.pdf&#8221;][vc_empty_space height=&#8221;10px&#8221;][vc_column_text]<\/p>\n<h4 style=\"text-align: center;\"><strong>Karibian Descanso a re\u00e7u le prix \u00ab\u00a0Innovation en mati\u00e8re de repos\u00a0\u00bb du journal <i>La Raz\u00f3n<\/i>, <\/strong><\/h4>\n<h4 style=\"text-align: center;\"><strong>dans le cadre de la IV<sup>\u00e8me<\/sup> \u00e9dition des prix de la technologie et l&#8217;innovation.<\/strong><\/h4>\n<blockquote>\n<h4 style=\"text-align: center;\"><\/h4>\n<\/blockquote>\n<p>[\/vc_column_text][vc_column_text css=&#8221;.vc_custom_1606120092470{padding-right: 0px !important;padding-left: 0px !important;}&#8221;]<\/p>\n<p style=\"text-align: justify;\">Ce m\u00e9dia national reconna\u00eet les professionnels et les entreprises qui rendent possible le d\u00e9veloppement et l&#8217;\u00e9volution de la soci\u00e9t\u00e9, gr\u00e2ce au progr\u00e8s technologique.\u00a0Au total, 27 entreprises et institutions de toute l&#8217;Espagne ont obtenu ces distinctions, qui ont \u00e9t\u00e9 jug\u00e9s au pr\u00e9alable par un jury de sp\u00e9cialistes de renom.<\/p>\n<p style=\"text-align: justify;\">L&#8217;\u00e9v\u00e9nement a \u00e9t\u00e9 pr\u00e9sent\u00e9 par le journaliste et pr\u00e9sentateur d&#8217;AtresMedia, <strong>Roberto Brasero<\/strong>, \u00e9tant pr\u00e9sid\u00e9 par le directeur du journal, <strong>Francisco Marhuenda<\/strong>, et par <strong>Manuel Gim\u00e9nez<\/strong>, Conseiller de l&#8217;\u00e9conomie, de l&#8217;emploi et de la comp\u00e9titivit\u00e9 de la Communaut\u00e9 de Madrid. Au d\u00e9but de l&#8217;\u00e9v\u00e9nement, le directeur de <i>La Raz\u00f3n<\/i>, Francisco Marhuenda, a d\u00e9di\u00e9 quelques mots \u00e0 tous les laur\u00e9ats, soulignant la valeur des entrepreneurs en ces temps de crise, tout en mettant en avant la capacit\u00e9 d&#8217;adaptation lors de la situation g\u00e9n\u00e9r\u00e9e par le coronavirus et en les remerciant de leur contribution.<\/p>\n<p>[\/vc_column_text][vc_empty_space height=&#8221;50px&#8221;][\/vc_column][\/vc_row][vc_row css_animation=&#8221;&#8221; row_type=&#8221;row&#8221; use_row_as_full_screen_section=&#8221;no&#8221; type=&#8221;full_width&#8221; angled_section=&#8221;no&#8221; text_align=&#8221;left&#8221; background_image_as_pattern=&#8221;without_pattern&#8221;][vc_column width=&#8221;1\/2&#8243;][vc_single_image image=&#8221;8319&#8243; img_size=&#8221;full&#8221; alignment=&#8221;center&#8221; qode_css_animation=&#8221;&#8221;][vc_empty_space height=&#8221;20px&#8221;][vc_column_text css=&#8221;.vc_custom_1606120107612{padding-right: 15px !important;padding-left: 15px !important;}&#8221;]<\/p>\n<p style=\"text-align: center;\">La remise des prix a eu lieu le 27 octobre, \u00e0 Madrid.<\/p>\n<p>[\/vc_column_text][\/vc_column][vc_column width=&#8221;1\/2&#8243;][vc_single_image image=&#8221;8311&#8243; img_size=&#8221;full&#8221; alignment=&#8221;center&#8221; qode_css_animation=&#8221;&#8221;][vc_empty_space height=&#8221;20px&#8221;][vc_column_text css=&#8221;.vc_custom_1606120119234{padding-right: 15px !important;padding-left: 15px !important;}&#8221;]<\/p>\n<p style=\"text-align: center;\">Le directeur g\u00e9n\u00e9ral de Karibian Descanso, Antonio Alonso Gil, a re\u00e7u le prix livr\u00e9 par Manuel Gim\u00e9nez.<\/p>\n<p>[\/vc_column_text][\/vc_column][\/vc_row][vc_row css_animation=&#8221;&#8221; row_type=&#8221;row&#8221; use_row_as_full_screen_section=&#8221;no&#8221; type=&#8221;full_width&#8221; angled_section=&#8221;no&#8221; text_align=&#8221;left&#8221; background_image_as_pattern=&#8221;without_pattern&#8221;][vc_column][vc_empty_space height=&#8221;50px&#8221;][vc_single_image image=&#8221;8308&#8243; img_size=&#8221;full&#8221; alignment=&#8221;center&#8221; onclick=&#8221;custom_link&#8221; img_link_target=&#8221;_blank&#8221; qode_css_animation=&#8221;&#8221; css=&#8221;.vc_custom_1605515313415{padding-right: 0px !important;padding-left: 0px !important;}&#8221; link=&#8221;https:\/\/www.larazon.es\/economia\/20201101\/43hfo7fpdvfczmffqibaooll44.html&#8221;][vc_empty_space height=&#8221;50px&#8221;][\/vc_column][\/vc_row][vc_row css_animation=&#8221;&#8221; row_type=&#8221;row&#8221; use_row_as_full_screen_section=&#8221;no&#8221; type=&#8221;full_width&#8221; angled_section=&#8221;no&#8221; text_align=&#8221;left&#8221; background_image_as_pattern=&#8221;without_pattern&#8221;][vc_column][vc_column_text]<\/p>\n<blockquote>\n<h4 style=\"text-align: center;\"><b>RECONNAISSANCE DE LA QUALIT\u00c9R<\/b><b><\/b><\/h4>\n<\/blockquote>\n<p>[\/vc_column_text][vc_column_text css=&#8221;.vc_custom_1606120226620{padding-right: 0px !important;padding-left: 0px !important;}&#8221;]<\/p>\n<p style=\"text-align: justify;\">Pour Karibian Descanso, cette formidable distinction repr\u00e9sente un hommage en signe de gratitude pour son apport au secteur du repos, pendant ses 23 ans de trajectoire.\u00a0Ce prix nous rend in\u00e9vitablement fiers et nous pousse \u00e0 continuer \u00e0 nous d\u00e9velopper, ainsi qu\u2019\u00e0 maintenir la cr\u00e9ation des produits de qualit\u00e9.<span class=\"Apple-converted-space\">\u00a0<\/span><\/p>\n<p>[\/vc_column_text][vc_empty_space height=&#8221;30px&#8221;][vc_column_text css=&#8221;.vc_custom_1606120185618{padding-right: 0px !important;padding-left: 0px !important;}&#8221;]<\/p>\n<h5 style=\"text-align: center;\">Il s\u2019agit du r\u00e9sultat du travail et de la productivit\u00e9 de chacun des professionnels qui composent l&#8217;entreprise. C\u2019est-\u00e0 dire, la grande \u00e9quipe humaine form\u00e9e par: les travailleurs, le r\u00e9seau commercial et la confiance que chacun de nos clients nous accorde au quotidien.<\/h5>\n<p>[\/vc_column_text][vc_empty_space height=&#8221;50px&#8221;][\/vc_column][\/vc_row][vc_row css_animation=&#8221;&#8221; row_type=&#8221;row&#8221; use_row_as_full_screen_section=&#8221;no&#8221; type=&#8221;full_width&#8221; angled_section=&#8221;no&#8221; text_align=&#8221;left&#8221; background_image_as_pattern=&#8221;without_pattern&#8221;][vc_column width=&#8221;2\/3&#8243;][vc_empty_space height=&#8221;25px&#8221;][vc_video link=&#8221;https:\/\/youtu.be\/HM2RX1wwI5A&#8221;][vc_empty_space height=&#8221;30px&#8221;]<a  itemprop=\"url\" href=\"https:\/\/www.karibiandescanso.com\/wp-content\/uploads\/2020\/11\/KARIBIAN-PRIX.pdf\" target=\"_self\"  class=\"qbutton  large default\" style=\"\">TELECHARGER L'ARTICLE<\/a>[\/vc_column][vc_column width=&#8221;1\/3&#8243;][vc_column_text css=&#8221;.vc_custom_1605514764269{padding-top: 0px !important;}&#8221;]https:\/\/twitter.com\/larazon_es\/status\/1321190153604505601?s=20[\/vc_column_text][\/vc_column][\/vc_row]<\/p>","protected":false},"excerpt":{"rendered":"<p>Karibian Descanso a re\u00e7u le prix \u00ab\u00a0Innovation en mati\u00e8re de repos\u00a0\u00bb du journal La Raz\u00f3n, dans le cadre de la IV\u00e8me \u00e9dition des prix de la technologie et l&#8217;innovation. La remise des prix a eu lieu le 27 octobre, \u00e0 Madrid.<\/p>\n","protected":false},"author":2,"featured_media":8274,"comment_status":"open","ping_status":"open","sticky":false,"template":"","format":"standard","meta":{"footnotes":""},"categories":[10],"tags":[25,58,80,91,139,161,208,209,210,212,213,214],"class_list":["post-8240","post","type-post","status-publish","format-standard","has-post-thumbnail","hentry","category-noticias","tag-karibian-descanso","tag-calidad","tag-colchon","tag-mattress","tag-tecnologia","tag-mueble-de-espana","tag-premio","tag-larazon","tag-innovacion","tag-periodico","tag-reconocimiento","tag-crecimiento"],"yoast_head":"<!-- This site is optimized with the Yoast SEO plugin v27.0 - https:\/\/yoast.com\/product\/yoast-seo-wordpress\/ -->\n<title>PRIX DE LA TECHNOLOGIE ET L&#039;INNOVATION - Karibian Descanso<\/title>\n<meta name=\"robots\" content=\"index, follow, max-snippet:-1, max-image-preview:large, max-video-preview:-1\" \/>\n<link rel=\"canonical\" href=\"https:\/\/karibiandescanso.com\/en\/premio-tecnologia-e-innovacion\/\" \/>\n<meta property=\"og:locale\" content=\"fr_FR\" \/>\n<meta property=\"og:type\" content=\"article\" \/>\n<meta property=\"og:title\" content=\"[:es]PREMIO TECNOLOG\u00cdA E INNOVACI\u00d3N[:en]TECNOLOGY AND INNOVATION AWARD[:fr]PRIX DE LA TECHNOLOGIE ET L&#039;INNOVATION[:ru]IV \u041d\u0430\u0433\u0440\u0430\u0434\u044b - \u0422\u0435\u0445\u043d\u043e\u043b\u043e\u0433\u0438\u0438 \u0438 \u0438\u043d\u043d\u043e\u0432\u0430\u0446\u0438\u0438[:pl]NAGRODA TECHNOLOGII I INNOWACJI [:] - Karibian Descanso\" \/>\n<meta property=\"og:description\" content=\"[:es]Karibian Descanso ha sido galardonado con el premio &quot;Innovaci\u00f3n en descanso&quot; otorgado por el diario La Raz\u00f3n en su IV Edici\u00f3n de los Premios Tecnolog\u00eda e Innovaci\u00f3n. El evento tuvo lugar en Madrid el 27 de octubre.  [:en]Karibian Descanso has been awarded the \u2018Innovation in Sleep\u2019 prize conferred by La Raz\u00f3n daily newspaper, at the 4th Edition of its Technology and Innovation Awards. The event took place on 27 October in Madrid. [:fr]Karibian Descanso a re\u00e7u le prix \u00ab\u00a0Innovation en mati\u00e8re de repos\u00a0\u00bb du journal La Raz\u00f3n, dans le cadre de la IV\u00e8me \u00e9dition des prix de la technologie et l&#039;innovation. La remise des prix a eu lieu le 27 octobre, \u00e0 Madrid. [:ru]Karibian Descanso \u043f\u043e\u043b\u0443\u0447\u0430\u0435\u0442 \u043d\u0430\u0433\u0440\u0430\u0434\u0443 \u00ab\u0418\u043d\u043d\u043e\u0432\u0430\u0446\u0438\u0438 \u0438 \u043e\u0442\u0434\u044b\u0445\u00bb \u043e\u0442 \u0433\u0430\u0437\u0435\u0442\u044b La Raz\u00f3n \u0432 \u0441\u0432\u043e\u0435\u043c IV \u0432\u044b\u043f\u0443\u0441\u043a\u0435 \u043a\u043e\u043d\u043a\u0443\u0440\u0441\u0430 \u0422\u0435\u0445\u043d\u043e\u043b\u043e\u0433\u0438\u0438 \u0438 \u0418\u043d\u043e\u0432\u0430\u0446\u0438\u0438. \u041d\u0430\u0433\u0440\u0430\u0434\u044b \u0431\u044b\u043b\u0438 \u0432\u0440\u0443\u0447\u0435\u043d\u044b \u043d\u0430  [:pl]Karibian Descanso zosta\u0142 uhonorowany nagrod\u0105 \u201eInnowacja w odpoczynku\u201d przyznan\u0105 przez gazet\u0119 La Raz\u00f3n w IV edycji konkursu Technology and Innovation Awards. Do zdarzenia dosz\u0142o 27 pa\u017adziernika w Madrycie.[:]\" \/>\n<meta property=\"og:url\" content=\"https:\/\/karibiandescanso.com\/en\/premio-tecnologia-e-innovacion\/\" \/>\n<meta property=\"og:site_name\" content=\"Karibian Descanso\" \/>\n<meta property=\"article:published_time\" content=\"2020-11-11T13:07:55+00:00\" \/>\n<meta property=\"article:modified_time\" content=\"2024-07-22T10:08:40+00:00\" \/>\n<meta property=\"og:image\" content=\"https:\/\/karibiandescanso.com\/wp-content\/uploads\/2020\/11\/PORTADA-1.jpg\" \/>\n\t<meta property=\"og:image:width\" content=\"1421\" \/>\n\t<meta property=\"og:image:height\" content=\"808\" \/>\n\t<meta property=\"og:image:type\" content=\"image\/jpeg\" \/>\n<meta name=\"author\" content=\"Karibian Descanso\" \/>\n<meta name=\"twitter:card\" content=\"summary_large_image\" \/>\n<meta name=\"twitter:label1\" content=\"\u00c9crit par\" \/>\n\t<meta name=\"twitter:data1\" content=\"Karibian Descanso\" \/>\n\t<meta name=\"twitter:label2\" content=\"Dur\u00e9e de lecture estim\u00e9e\" \/>\n\t<meta name=\"twitter:data2\" content=\"5 minutes\" \/>\n<script type=\"application\/ld+json\" class=\"yoast-schema-graph\">{\"@context\":\"https:\/\/schema.org\",\"@graph\":[{\"@type\":\"Article\",\"@id\":\"https:\/\/karibiandescanso.com\/en\/premio-tecnologia-e-innovacion\/#article\",\"isPartOf\":{\"@id\":\"https:\/\/karibiandescanso.com\/en\/premio-tecnologia-e-innovacion\/\"},\"author\":{\"name\":\"Karibian Descanso\",\"@id\":\"https:\/\/karibiandescanso.com\/#\/schema\/person\/23be63b9b19bd8da8980c8eecdd69d30\"},\"headline\":\"PRIX DE LA TECHNOLOGIE ET L&#8217;INNOVATION\",\"datePublished\":\"2020-11-11T13:07:55+00:00\",\"dateModified\":\"2024-07-22T10:08:40+00:00\",\"mainEntityOfPage\":{\"@id\":\"https:\/\/karibiandescanso.com\/en\/premio-tecnologia-e-innovacion\/\"},\"wordCount\":4100,\"commentCount\":0,\"image\":{\"@id\":\"https:\/\/karibiandescanso.com\/en\/premio-tecnologia-e-innovacion\/#primaryimage\"},\"thumbnailUrl\":\"https:\/\/karibiandescanso.com\/wp-content\/uploads\/2020\/11\/PORTADA-1.jpg\",\"keywords\":[\"karibian descanso\",\"Calidad\",\"Colchon\",\"Mattress\",\"Tecnologia\",\"Mueble de Espa\u00f1a\",\"Premio\",\"LaRaz\u00f3n\",\"Innovacion\",\"Peri\u00f3dico\",\"Reconocimiento\",\"Crecimiento\"],\"articleSection\":[\"actualit\u00e9s\"],\"inLanguage\":\"fr-FR\",\"potentialAction\":[{\"@type\":\"CommentAction\",\"name\":\"Comment\",\"target\":[\"https:\/\/karibiandescanso.com\/en\/premio-tecnologia-e-innovacion\/#respond\"]}]},{\"@type\":\"WebPage\",\"@id\":\"https:\/\/karibiandescanso.com\/en\/premio-tecnologia-e-innovacion\/\",\"url\":\"https:\/\/karibiandescanso.com\/en\/premio-tecnologia-e-innovacion\/\",\"name\":\"[:es]PREMIO TECNOLOG\u00cdA E INNOVACI\u00d3N[:en]TECNOLOGY AND INNOVATION AWARD[:fr]PRIX DE LA TECHNOLOGIE ET L'INNOVATION[:ru]IV \u041d\u0430\u0433\u0440\u0430\u0434\u044b - \u0422\u0435\u0445\u043d\u043e\u043b\u043e\u0433\u0438\u0438 \u0438 \u0438\u043d\u043d\u043e\u0432\u0430\u0446\u0438\u0438[:pl]NAGRODA TECHNOLOGII I INNOWACJI [:] - Karibian Descanso\",\"isPartOf\":{\"@id\":\"https:\/\/karibiandescanso.com\/#website\"},\"primaryImageOfPage\":{\"@id\":\"https:\/\/karibiandescanso.com\/en\/premio-tecnologia-e-innovacion\/#primaryimage\"},\"image\":{\"@id\":\"https:\/\/karibiandescanso.com\/en\/premio-tecnologia-e-innovacion\/#primaryimage\"},\"thumbnailUrl\":\"https:\/\/karibiandescanso.com\/wp-content\/uploads\/2020\/11\/PORTADA-1.jpg\",\"datePublished\":\"2020-11-11T13:07:55+00:00\",\"dateModified\":\"2024-07-22T10:08:40+00:00\",\"author\":{\"@id\":\"https:\/\/karibiandescanso.com\/#\/schema\/person\/23be63b9b19bd8da8980c8eecdd69d30\"},\"breadcrumb\":{\"@id\":\"https:\/\/karibiandescanso.com\/en\/premio-tecnologia-e-innovacion\/#breadcrumb\"},\"inLanguage\":\"fr-FR\",\"potentialAction\":[{\"@type\":\"ReadAction\",\"target\":[\"https:\/\/karibiandescanso.com\/en\/premio-tecnologia-e-innovacion\/\"]}]},{\"@type\":\"ImageObject\",\"inLanguage\":\"fr-FR\",\"@id\":\"https:\/\/karibiandescanso.com\/en\/premio-tecnologia-e-innovacion\/#primaryimage\",\"url\":\"https:\/\/karibiandescanso.com\/wp-content\/uploads\/2020\/11\/PORTADA-1.jpg\",\"contentUrl\":\"https:\/\/karibiandescanso.com\/wp-content\/uploads\/2020\/11\/PORTADA-1.jpg\",\"width\":1421,\"height\":808},{\"@type\":\"BreadcrumbList\",\"@id\":\"https:\/\/karibiandescanso.com\/en\/premio-tecnologia-e-innovacion\/#breadcrumb\",\"itemListElement\":[{\"@type\":\"ListItem\",\"position\":1,\"name\":\"Portada\",\"item\":\"https:\/\/karibiandescanso.com\/\"},{\"@type\":\"ListItem\",\"position\":2,\"name\":\"TECNOLOGY AND INNOVATION AWARD\"}]},{\"@type\":\"WebSite\",\"@id\":\"https:\/\/karibiandescanso.com\/#website\",\"url\":\"https:\/\/karibiandescanso.com\/\",\"name\":\"Karibian Descanso\",\"description\":\"O\u00f9 est le repos\",\"potentialAction\":[{\"@type\":\"SearchAction\",\"target\":{\"@type\":\"EntryPoint\",\"urlTemplate\":\"https:\/\/karibiandescanso.com\/?s={search_term_string}\"},\"query-input\":{\"@type\":\"PropertyValueSpecification\",\"valueRequired\":true,\"valueName\":\"search_term_string\"}}],\"inLanguage\":\"fr-FR\"},{\"@type\":\"Person\",\"@id\":\"https:\/\/karibiandescanso.com\/#\/schema\/person\/23be63b9b19bd8da8980c8eecdd69d30\",\"name\":\"Karibian Descanso\",\"image\":{\"@type\":\"ImageObject\",\"inLanguage\":\"fr-FR\",\"@id\":\"https:\/\/karibiandescanso.com\/#\/schema\/person\/image\/\",\"url\":\"https:\/\/secure.gravatar.com\/avatar\/2f55039d31e0c8cf55d2c2b6e3bb49113343c35fd46d6d11806620d3c9641ba7?s=96&d=mm&r=g\",\"contentUrl\":\"https:\/\/secure.gravatar.com\/avatar\/2f55039d31e0c8cf55d2c2b6e3bb49113343c35fd46d6d11806620d3c9641ba7?s=96&d=mm&r=g\",\"caption\":\"Karibian Descanso\"},\"url\":\"https:\/\/karibiandescanso.com\/fr\/author\/karibian-descanso\/\"}]}<\/script>\n<!-- \/ Yoast SEO plugin. -->","yoast_head_json":{"title":"[:es]PREMIO TECNOLOG\u00cdA E INNOVACI\u00d3N[:en]TECNOLOGY AND INNOVATION AWARD[:fr]PRIX DE LA TECHNOLOGIE ET L'INNOVATION[:ru]IV \u041d\u0430\u0433\u0440\u0430\u0434\u044b - \u0422\u0435\u0445\u043d\u043e\u043b\u043e\u0433\u0438\u0438 \u0438 \u0438\u043d\u043d\u043e\u0432\u0430\u0446\u0438\u0438[:pl]NAGRODA TECHNOLOGII I INNOWACJI [:] - Karibian Descanso","robots":{"index":"index","follow":"follow","max-snippet":"max-snippet:-1","max-image-preview":"max-image-preview:large","max-video-preview":"max-video-preview:-1"},"canonical":"https:\/\/karibiandescanso.com\/en\/premio-tecnologia-e-innovacion\/","og_locale":"fr_FR","og_type":"article","og_title":"[:es]PREMIO TECNOLOG\u00cdA E INNOVACI\u00d3N[:en]TECNOLOGY AND INNOVATION AWARD[:fr]PRIX DE LA TECHNOLOGIE ET L'INNOVATION[:ru]IV \u041d\u0430\u0433\u0440\u0430\u0434\u044b - \u0422\u0435\u0445\u043d\u043e\u043b\u043e\u0433\u0438\u0438 \u0438 \u0438\u043d\u043d\u043e\u0432\u0430\u0446\u0438\u0438[:pl]NAGRODA TECHNOLOGII I INNOWACJI [:] - Karibian Descanso","og_description":"[:es]Karibian Descanso ha sido galardonado con el premio \"Innovaci\u00f3n en descanso\" otorgado por el diario La Raz\u00f3n en su IV Edici\u00f3n de los Premios Tecnolog\u00eda e Innovaci\u00f3n. El evento tuvo lugar en Madrid el 27 de octubre.  [:en]Karibian Descanso has been awarded the \u2018Innovation in Sleep\u2019 prize conferred by La Raz\u00f3n daily newspaper, at the 4th Edition of its Technology and Innovation Awards. The event took place on 27 October in Madrid. [:fr]Karibian Descanso a re\u00e7u le prix \u00ab\u00a0Innovation en mati\u00e8re de repos\u00a0\u00bb du journal La Raz\u00f3n, dans le cadre de la IV\u00e8me \u00e9dition des prix de la technologie et l'innovation. La remise des prix a eu lieu le 27 octobre, \u00e0 Madrid. [:ru]Karibian Descanso \u043f\u043e\u043b\u0443\u0447\u0430\u0435\u0442 \u043d\u0430\u0433\u0440\u0430\u0434\u0443 \u00ab\u0418\u043d\u043d\u043e\u0432\u0430\u0446\u0438\u0438 \u0438 \u043e\u0442\u0434\u044b\u0445\u00bb \u043e\u0442 \u0433\u0430\u0437\u0435\u0442\u044b La Raz\u00f3n \u0432 \u0441\u0432\u043e\u0435\u043c IV \u0432\u044b\u043f\u0443\u0441\u043a\u0435 \u043a\u043e\u043d\u043a\u0443\u0440\u0441\u0430 \u0422\u0435\u0445\u043d\u043e\u043b\u043e\u0433\u0438\u0438 \u0438 \u0418\u043d\u043e\u0432\u0430\u0446\u0438\u0438. \u041d\u0430\u0433\u0440\u0430\u0434\u044b \u0431\u044b\u043b\u0438 \u0432\u0440\u0443\u0447\u0435\u043d\u044b \u043d\u0430  [:pl]Karibian Descanso zosta\u0142 uhonorowany nagrod\u0105 \u201eInnowacja w odpoczynku\u201d przyznan\u0105 przez gazet\u0119 La Raz\u00f3n w IV edycji konkursu Technology and Innovation Awards. Do zdarzenia dosz\u0142o 27 pa\u017adziernika w Madrycie.[:]","og_url":"https:\/\/karibiandescanso.com\/en\/premio-tecnologia-e-innovacion\/","og_site_name":"Karibian Descanso","article_published_time":"2020-11-11T13:07:55+00:00","article_modified_time":"2024-07-22T10:08:40+00:00","og_image":[{"width":1421,"height":808,"url":"https:\/\/karibiandescanso.com\/wp-content\/uploads\/2020\/11\/PORTADA-1.jpg","type":"image\/jpeg"}],"author":"Karibian Descanso","twitter_card":"summary_large_image","twitter_misc":{"\u00c9crit par":"Karibian Descanso","Dur\u00e9e de lecture estim\u00e9e":"5 minutes"},"schema":{"@context":"https:\/\/schema.org","@graph":[{"@type":"Article","@id":"https:\/\/karibiandescanso.com\/en\/premio-tecnologia-e-innovacion\/#article","isPartOf":{"@id":"https:\/\/karibiandescanso.com\/en\/premio-tecnologia-e-innovacion\/"},"author":{"name":"Karibian Descanso","@id":"https:\/\/karibiandescanso.com\/#\/schema\/person\/23be63b9b19bd8da8980c8eecdd69d30"},"headline":"PRIX DE LA TECHNOLOGIE ET L&#8217;INNOVATION","datePublished":"2020-11-11T13:07:55+00:00","dateModified":"2024-07-22T10:08:40+00:00","mainEntityOfPage":{"@id":"https:\/\/karibiandescanso.com\/en\/premio-tecnologia-e-innovacion\/"},"wordCount":4100,"commentCount":0,"image":{"@id":"https:\/\/karibiandescanso.com\/en\/premio-tecnologia-e-innovacion\/#primaryimage"},"thumbnailUrl":"https:\/\/karibiandescanso.com\/wp-content\/uploads\/2020\/11\/PORTADA-1.jpg","keywords":["karibian descanso","Calidad","Colchon","Mattress","Tecnologia","Mueble de Espa\u00f1a","Premio","LaRaz\u00f3n","Innovacion","Peri\u00f3dico","Reconocimiento","Crecimiento"],"articleSection":["actualit\u00e9s"],"inLanguage":"fr-FR","potentialAction":[{"@type":"CommentAction","name":"Comment","target":["https:\/\/karibiandescanso.com\/en\/premio-tecnologia-e-innovacion\/#respond"]}]},{"@type":"WebPage","@id":"https:\/\/karibiandescanso.com\/en\/premio-tecnologia-e-innovacion\/","url":"https:\/\/karibiandescanso.com\/en\/premio-tecnologia-e-innovacion\/","name":"[:es]PREMIO TECNOLOG\u00cdA E INNOVACI\u00d3N[:en]TECNOLOGY AND INNOVATION AWARD[:fr]PRIX DE LA TECHNOLOGIE ET L'INNOVATION[:ru]IV \u041d\u0430\u0433\u0440\u0430\u0434\u044b - \u0422\u0435\u0445\u043d\u043e\u043b\u043e\u0433\u0438\u0438 \u0438 \u0438\u043d\u043d\u043e\u0432\u0430\u0446\u0438\u0438[:pl]NAGRODA TECHNOLOGII I INNOWACJI [:] - Karibian Descanso","isPartOf":{"@id":"https:\/\/karibiandescanso.com\/#website"},"primaryImageOfPage":{"@id":"https:\/\/karibiandescanso.com\/en\/premio-tecnologia-e-innovacion\/#primaryimage"},"image":{"@id":"https:\/\/karibiandescanso.com\/en\/premio-tecnologia-e-innovacion\/#primaryimage"},"thumbnailUrl":"https:\/\/karibiandescanso.com\/wp-content\/uploads\/2020\/11\/PORTADA-1.jpg","datePublished":"2020-11-11T13:07:55+00:00","dateModified":"2024-07-22T10:08:40+00:00","author":{"@id":"https:\/\/karibiandescanso.com\/#\/schema\/person\/23be63b9b19bd8da8980c8eecdd69d30"},"breadcrumb":{"@id":"https:\/\/karibiandescanso.com\/en\/premio-tecnologia-e-innovacion\/#breadcrumb"},"inLanguage":"fr-FR","potentialAction":[{"@type":"ReadAction","target":["https:\/\/karibiandescanso.com\/en\/premio-tecnologia-e-innovacion\/"]}]},{"@type":"ImageObject","inLanguage":"fr-FR","@id":"https:\/\/karibiandescanso.com\/en\/premio-tecnologia-e-innovacion\/#primaryimage","url":"https:\/\/karibiandescanso.com\/wp-content\/uploads\/2020\/11\/PORTADA-1.jpg","contentUrl":"https:\/\/karibiandescanso.com\/wp-content\/uploads\/2020\/11\/PORTADA-1.jpg","width":1421,"height":808},{"@type":"BreadcrumbList","@id":"https:\/\/karibiandescanso.com\/en\/premio-tecnologia-e-innovacion\/#breadcrumb","itemListElement":[{"@type":"ListItem","position":1,"name":"Portada","item":"https:\/\/karibiandescanso.com\/"},{"@type":"ListItem","position":2,"name":"TECNOLOGY AND INNOVATION AWARD"}]},{"@type":"WebSite","@id":"https:\/\/karibiandescanso.com\/#website","url":"https:\/\/karibiandescanso.com\/","name":"Karibian Descanso","description":"O\u00f9 est le repos","potentialAction":[{"@type":"SearchAction","target":{"@type":"EntryPoint","urlTemplate":"https:\/\/karibiandescanso.com\/?s={search_term_string}"},"query-input":{"@type":"PropertyValueSpecification","valueRequired":true,"valueName":"search_term_string"}}],"inLanguage":"fr-FR"},{"@type":"Person","@id":"https:\/\/karibiandescanso.com\/#\/schema\/person\/23be63b9b19bd8da8980c8eecdd69d30","name":"Karibian Descanso","image":{"@type":"ImageObject","inLanguage":"fr-FR","@id":"https:\/\/karibiandescanso.com\/#\/schema\/person\/image\/","url":"https:\/\/secure.gravatar.com\/avatar\/2f55039d31e0c8cf55d2c2b6e3bb49113343c35fd46d6d11806620d3c9641ba7?s=96&d=mm&r=g","contentUrl":"https:\/\/secure.gravatar.com\/avatar\/2f55039d31e0c8cf55d2c2b6e3bb49113343c35fd46d6d11806620d3c9641ba7?s=96&d=mm&r=g","caption":"Karibian Descanso"},"url":"https:\/\/karibiandescanso.com\/fr\/author\/karibian-descanso\/"}]}},"_links":{"self":[{"href":"https:\/\/karibiandescanso.com\/fr\/wp-json\/wp\/v2\/posts\/8240","targetHints":{"allow":["GET"]}}],"collection":[{"href":"https:\/\/karibiandescanso.com\/fr\/wp-json\/wp\/v2\/posts"}],"about":[{"href":"https:\/\/karibiandescanso.com\/fr\/wp-json\/wp\/v2\/types\/post"}],"author":[{"embeddable":true,"href":"https:\/\/karibiandescanso.com\/fr\/wp-json\/wp\/v2\/users\/2"}],"replies":[{"embeddable":true,"href":"https:\/\/karibiandescanso.com\/fr\/wp-json\/wp\/v2\/comments?post=8240"}],"version-history":[{"count":0,"href":"https:\/\/karibiandescanso.com\/fr\/wp-json\/wp\/v2\/posts\/8240\/revisions"}],"wp:featuredmedia":[{"embeddable":true,"href":"https:\/\/karibiandescanso.com\/fr\/wp-json\/wp\/v2\/media\/8274"}],"wp:attachment":[{"href":"https:\/\/karibiandescanso.com\/fr\/wp-json\/wp\/v2\/media?parent=8240"}],"wp:term":[{"taxonomy":"category","embeddable":true,"href":"https:\/\/karibiandescanso.com\/fr\/wp-json\/wp\/v2\/categories?post=8240"},{"taxonomy":"post_tag","embeddable":true,"href":"https:\/\/karibiandescanso.com\/fr\/wp-json\/wp\/v2\/tags?post=8240"}],"curies":[{"name":"wp","href":"https:\/\/api.w.org\/{rel}","templated":true}]}}