{"id":10108,"date":"2022-03-30T13:12:29","date_gmt":"2022-03-30T11:12:29","guid":{"rendered":"https:\/\/www.karibiandescanso.com\/?p=10108"},"modified":"2024-07-18T09:39:15","modified_gmt":"2024-07-18T07:39:15","slug":"8-feria-mueble-zaragoza","status":"publish","type":"post","link":"https:\/\/karibiandescanso.com\/pl\/8-feria-mueble-zaragoza\/","title":{"rendered":"8. TARGI MEBLOWE SARAGOSSA"},"content":{"rendered":"<p>[vc_row css_animation=&#8221;&#8221; row_type=&#8221;row&#8221; use_row_as_full_screen_section=&#8221;no&#8221; type=&#8221;full_width&#8221; angled_section=&#8221;no&#8221; text_align=&#8221;left&#8221; background_image_as_pattern=&#8221;without_pattern&#8221;][vc_column][vc_column_text]<\/p>\n<p style=\"text-align: justify;\">W dniach 22-25 marca firma Karibian Descanso zaprezentowa\u0142a swoje najnowsze produkty wypoczynkowe na<span class=\"Apple-converted-space\">\u00a0<\/span><a href=\"https:\/\/www.feriazaragoza.es\/feria-del-mueble-2022\"><b> 8. Edycji Targ\u00f3w Mebli w Saragossie.<\/b><\/a><b> <\/b>Na powierzchni 48.000 m2 to mi\u0119dzynarodowe wydarzenie zgromadzi\u0142o profesjonalist\u00f3w z wszystkich mi\u0119dzynarodowych sektor\u00f3w, b\u0119d\u0105c centralnym kana\u0142em pomi\u0119dzy producentami a sprzedawcami i dystrybucj\u0105.<span class=\"Apple-converted-space\">\u00a0<\/span><\/p>\n<p>[\/vc_column_text][vc_empty_space height=&#8221;25px&#8221;][vc_gallery interval=&#8221;3&#8243; images=&#8221;10116,10117,10118,10119&#8243; img_size=&#8221;full&#8221;][\/vc_column][\/vc_row][vc_row css_animation=&#8221;&#8221; row_type=&#8221;row&#8221; use_row_as_full_screen_section=&#8221;no&#8221; type=&#8221;full_width&#8221; angled_section=&#8221;no&#8221; text_align=&#8221;left&#8221; background_image_as_pattern=&#8221;without_pattern&#8221;][vc_column width=&#8221;1\/2&#8243;][vc_empty_space height=&#8221;50px&#8221;][vc_column_text]<\/p>\n<p style=\"text-align: justify;\">Karibian Descanso przyby\u0142 do Saragossy z przytulnym, bardzo starannie zaprojektowanym stanowiskiem, b\u0119d\u0105cym idealn\u0105 wizyt\u00f3wk\u0105 i miejscem do zaprezentowania najnowszych produkt\u00f3w. Wybrane modele by\u0142y prawdziwymi bohaterami, przedstawiaj\u0105c charakterystyczn\u0105 dla firmy filozofi\u0119 i koncepcj\u0119. Targi FMZ zawsze by\u0142y dogodnym miejscem do prezentacji nowych kolekcji.<\/p>\n<p>[\/vc_column_text][vc_empty_space][\/vc_column][vc_column width=&#8221;1\/2&#8243;][vc_empty_space height=&#8221;50px&#8221;][vc_column_text]<\/p>\n<p style=\"text-align: justify;\"><b>Targi Meblowe w Saragossie<\/b> to wa\u017cne wydarzenie dla profesjonalist\u00f3w z bran\u017cy meblarskiej i dekoracyjnej, a to ze wzgl\u0119du na sw\u00f3j mi\u0119dzynarodowy presti\u017c. R\u00f3wnie\u017c, dlatego na to wydarzenie przyby\u0142o oko\u0142o 240 wystawc\u00f3w i ogromny nap\u0142yw ludzi z ca\u0142ego \u015bwiata skupia\u0142 si\u0119 g\u0142\u00f3wnie na czterech aspektach: design, mi\u0119dzynarodowy zasi\u0119g, networking i digitalizacja. <span class=\"Apple-converted-space\">\u00a0<\/span><\/p>\n<p>[\/vc_column_text][vc_empty_space][\/vc_column][\/vc_row][vc_row row_type=&#8221;expandable&#8221; text_align=&#8221;center&#8221; button_position=&#8221;center&#8221; more_button_label=&#8221;Descubre nuestro paso por Zaragoza&#8221; less_button_label=&#8221;Contraer&#8221; hover_color=&#8221;#a5a5a5&#8243; css=&#8221;.vc_custom_1582651899453{margin-top: 80px !important;}&#8221;][vc_column][vc_video link=&#8221;https:\/\/www.youtube.com\/watch?v=wkSMm0hueTY&#8221;][\/vc_column][\/vc_row][vc_row css_animation=&#8221;&#8221; row_type=&#8221;row&#8221; use_row_as_full_screen_section=&#8221;no&#8221; type=&#8221;full_width&#8221; angled_section=&#8221;no&#8221; text_align=&#8221;left&#8221; background_image_as_pattern=&#8221;without_pattern&#8221;][vc_column][vc_single_image image=&#8221;10124&#8243; img_size=&#8221;full&#8221; alignment=&#8221;center&#8221; qode_css_animation=&#8221;&#8221;][vc_empty_space][vc_column_text]<\/p>\n<p style=\"text-align: justify;\">Podczas tego pierwszego og\u00f3lnokrajowego wydarzenia w 2022 roku firma Karibian przez cztery dni prezentowa\u0142a najnowsze innowacje zaprojektowane tak, aby zaskoczy\u0107 wszystkich odwiedzaj\u0105cych. Nowa lokalizacja z wi\u0119ksz\u0105 przestrzeni\u0105<span class=\"Apple-converted-space\">\u00a0 <\/span>(Pawilon 5 \/ Ulica B-D Stanowisko 11-16), to tam zosta\u0142y wystawione modele firmy Karibian otoczone atmosfer\u0105 wysokiej jako\u015bci designu i innowacji.<span class=\"Apple-converted-space\">\u00a0<\/span><\/p>\n<p>[\/vc_column_text][vc_empty_space][vc_column_text]<\/p>\n<h3 style=\"text-align: left;\">SARAGOSSA TO MEBLE<\/h3>\n<p>[\/vc_column_text][vc_empty_space height=&#8221;20px&#8221;][vc_column_text]<\/p>\n<p style=\"text-align: justify;\">Wed\u0142ug oficjalnych \u017ar\u00f3de\u0142 w FMZ 2022 wzi\u0119\u0142o udzia\u0142 36.000 profesjonalist\u00f3w z kraj\u00f3w takich jak Portugalia, Francja, Polska, Algieria, Maroko czy Turcja. Wydarzenie to spe\u0142ni\u0142o sw\u00f3j g\u0142\u00f3wny cel, staj\u0105c si\u0119 idealn\u0105 przestrzeni\u0105 dla promocji i biznesu, w kt\u00f3rym spotykaj\u0105 si\u0119 bezpo\u015brednio producenci, dostawcy i handlowcy.<\/p>\n<p>[\/vc_column_text][\/vc_column][\/vc_row][vc_row css_animation=&#8221;&#8221; row_type=&#8221;row&#8221; use_row_as_full_screen_section=&#8221;no&#8221; type=&#8221;full_width&#8221; angled_section=&#8221;no&#8221; text_align=&#8221;left&#8221; background_image_as_pattern=&#8221;without_pattern&#8221;][vc_column][vc_empty_space][vc_column_text]<\/p>\n<p style=\"text-align: justify;\">Na zako\u0144czenie 8 Targ\u00f3w Meblowych w Saragossie firma Karibian Descanso pragnie podzi\u0119kowa\u0107 wszystkim, kt\u00f3rzy odwiedzili nasze stanowisko. Opr\u00f3cz podzi\u0119kowa\u0144 dla ca\u0142ej organizacji FMZ2022 gratulujemy sukces\u00f3w w r\u00f3\u017cnych wydarzeniach, w kt\u00f3rych uczestniczyli i zach\u0119camy do dalszej pracy nad kolejnymi edycjami.<span class=\"Apple-converted-space\">\u00a0<\/span><\/p>\n<p style=\"text-align: justify;\">Bardzo dzi\u0119kujemy za to, \u017ce ponownie nam towarzyszyli\u015bcie. B\u0119dziemy nadal pracowa\u0107, aby zawsze oferowa\u0107 to, co najlepsze.<span class=\"Apple-converted-space\">\u00a0<\/span><\/p>\n<p style=\"text-align: justify;\">Do zobaczenia przy nast\u0119pnej edycji!<\/p>\n<p>[\/vc_column_text][vc_empty_space][\/vc_column][\/vc_row]<\/p>","protected":false},"excerpt":{"rendered":"<p>Karibian zaprezentowa\u0142 swoje najnowsze innowacje w modelach wypoczynkowych na 8. Targach Mebli w Saragossie 2022. Wydarzenie odby\u0142o si\u0119 w dniach 22-25 marca i mia\u0142o charakter profesjonalny.<\/p>\n","protected":false},"author":2,"featured_media":10110,"comment_status":"open","ping_status":"open","sticky":false,"template":"","format":"standard","meta":{"footnotes":""},"categories":[10,164],"tags":[25,80,91,100,161,162,166,167,168,234,235],"class_list":["post-10108","post","type-post","status-publish","format-standard","has-post-thumbnail","hentry","category-noticias","category-ferias","tag-karibian-descanso","tag-colchon","tag-mattress","tag-furniture","tag-mueble-de-espana","tag-feria-mueble-zaragoza","tag-zaragoza-es-mueble","tag-spain-furniture","tag-spain-interiors","tag-fmz","tag-fmz2022"],"yoast_head":"<!-- This site is optimized with the Yoast SEO plugin v27.0 - https:\/\/yoast.com\/product\/yoast-seo-wordpress\/ -->\n<title>8. TARGI MEBLOWE SARAGOSSA - Karibian Descanso<\/title>\n<meta name=\"robots\" content=\"index, follow, max-snippet:-1, max-image-preview:large, max-video-preview:-1\" \/>\n<link rel=\"canonical\" href=\"https:\/\/karibiandescanso.com\/fr\/8-feria-mueble-zaragoza\/\" \/>\n<meta property=\"og:locale\" content=\"pl_PL\" \/>\n<meta property=\"og:type\" content=\"article\" \/>\n<meta property=\"og:title\" content=\"[:es]8\u00aa FERIA MUEBLE ZARAGOZA[:en]8TH ZARAGOZA FURNITURE FAIR[:fr]8EME SALON DU MEUBLE DE SARAGOSSE[:ru]8\u00aa \u041c\u0415\u0411\u0415\u041b\u042c\u041d\u0410\u042f \u042f\u0420\u041c\u0410\u0420\u041a\u0410 ZARAGOZA[:pl]8. TARGI MEBLOWE SARAGOSSA[:] - Karibian Descanso\" \/>\n<meta property=\"og:description\" content=\"[:es]Karibian present\u00f3 sus \u00faltimas novedades en modelos de descanso, en la 8\u00aa Feria del Mueble de Zaragoza 2022. El evento se celebr\u00f3 del 22 al 25 de marzo y fue todo un acontecimiento profesional.[:en]From 22 to 25 March, Karibian Descanso presented its latest bedding products at the 8th edition of the Zaragoza Furniture Fair (FMZ). This international event brings together professionals from all over the world[:fr]Du 22 au 25 mars, Karibian Descanso a pr\u00e9sent\u00e9 ses derni\u00e8res innovations en mati\u00e8re d&#039;articles de repos lors de la 8e \u00e9dition du Salon du meuble de Saragosse. Cet \u00e9v\u00e9nement international rassemble des professionnels du[:ru]Karibian \u043f\u0440\u0435\u0434\u0441\u0442\u0430\u0432\u0438\u043b\u0430 \u0441\u0432\u043e\u0438 \u043f\u043e\u0441\u043b\u0435\u0434\u043d\u0438\u0435 \u043d\u043e\u0432\u0438\u043d\u043a\u0438 \u0441\u0440\u0435\u0434\u0438 \u043c\u043e\u0434\u0435\u043b\u0435\u0439 \u0434\u043b\u044f \u043e\u0442\u0434\u044b\u0445\u0430 \u043d\u0430 8-\u0439 \u0412\u044b\u0441\u0442\u0430\u0432\u043a\u0435 \u043c\u0435\u0431\u0435\u043b\u0438 \u0432 \u0421\u0430\u0440\u0430\u0433\u043e\u0441\u0435 2022. \u041a\u043e\u043d\u043a\u0443\u0440\u0441 \u043f\u0440\u043e\u0445\u043e\u0434\u0438\u043b \u0441 22 \u043f\u043e 25 \u043c\u0430\u0440\u0442\u0430 \u0438 \u0441\u0442\u0430\u043b \u043f\u0435\u0440\u0432\u044b\u043c \u043f\u0440\u043e\u0444\u0435\u0441\u0441\u0438\u043e\u043d\u0430\u043b\u044c\u043d\u044b\u043c \u043c\u0435\u0440\u043e\u043f\u0440\u0438\u044f\u0442\u0438\u0435\u043c \u0433\u043e\u0434\u0430.[:pl]Karibian zaprezentowa\u0142 swoje najnowsze innowacje w modelach wypoczynkowych na 8. Targach Mebli w Saragossie 2022. Wydarzenie odby\u0142o si\u0119 w dniach 22-25 marca i mia\u0142o charakter profesjonalny.[:]\" \/>\n<meta property=\"og:url\" content=\"https:\/\/karibiandescanso.com\/fr\/8-feria-mueble-zaragoza\/\" \/>\n<meta property=\"og:site_name\" content=\"Karibian Descanso\" \/>\n<meta property=\"article:published_time\" content=\"2022-03-30T11:12:29+00:00\" \/>\n<meta property=\"article:modified_time\" content=\"2024-07-18T07:39:15+00:00\" \/>\n<meta property=\"og:image\" content=\"https:\/\/karibiandescanso.com\/wp-content\/uploads\/2022\/04\/FERIA-ZARAGOZA.jpg\" \/>\n\t<meta property=\"og:image:width\" content=\"583\" \/>\n\t<meta property=\"og:image:height\" content=\"330\" \/>\n\t<meta property=\"og:image:type\" content=\"image\/jpeg\" \/>\n<meta name=\"author\" content=\"Karibian Descanso\" \/>\n<meta name=\"twitter:card\" content=\"summary_large_image\" \/>\n<meta name=\"twitter:label1\" content=\"Napisane przez\" \/>\n\t<meta name=\"twitter:data1\" content=\"Karibian Descanso\" \/>\n\t<meta name=\"twitter:label2\" content=\"Szacowany czas czytania\" \/>\n\t<meta name=\"twitter:data2\" content=\"5 minut\" \/>\n<script type=\"application\/ld+json\" class=\"yoast-schema-graph\">{\"@context\":\"https:\/\/schema.org\",\"@graph\":[{\"@type\":\"Article\",\"@id\":\"https:\/\/karibiandescanso.com\/fr\/8-feria-mueble-zaragoza\/#article\",\"isPartOf\":{\"@id\":\"https:\/\/karibiandescanso.com\/fr\/8-feria-mueble-zaragoza\/\"},\"author\":{\"name\":\"Karibian Descanso\",\"@id\":\"https:\/\/karibiandescanso.com\/#\/schema\/person\/23be63b9b19bd8da8980c8eecdd69d30\"},\"headline\":\"8. TARGI MEBLOWE SARAGOSSA\",\"datePublished\":\"2022-03-30T11:12:29+00:00\",\"dateModified\":\"2024-07-18T07:39:15+00:00\",\"mainEntityOfPage\":{\"@id\":\"https:\/\/karibiandescanso.com\/fr\/8-feria-mueble-zaragoza\/\"},\"wordCount\":3306,\"commentCount\":0,\"image\":{\"@id\":\"https:\/\/karibiandescanso.com\/fr\/8-feria-mueble-zaragoza\/#primaryimage\"},\"thumbnailUrl\":\"https:\/\/karibiandescanso.com\/wp-content\/uploads\/2022\/04\/FERIA-ZARAGOZA.jpg\",\"keywords\":[\"karibian descanso\",\"Colchon\",\"Mattress\",\"Furniture\",\"Mueble de Espa\u00f1a\",\"Feria Mueble Zaragoza\",\"Zaragoza es mueble\",\"Spain Furniture\",\"Spain Interiors\",\"FMZ\",\"FMZ2022\"],\"articleSection\":[\"noticias\",\"Ferias\"],\"inLanguage\":\"pl-PL\",\"potentialAction\":[{\"@type\":\"CommentAction\",\"name\":\"Comment\",\"target\":[\"https:\/\/karibiandescanso.com\/fr\/8-feria-mueble-zaragoza\/#respond\"]}]},{\"@type\":\"WebPage\",\"@id\":\"https:\/\/karibiandescanso.com\/fr\/8-feria-mueble-zaragoza\/\",\"url\":\"https:\/\/karibiandescanso.com\/fr\/8-feria-mueble-zaragoza\/\",\"name\":\"[:es]8\u00aa FERIA MUEBLE ZARAGOZA[:en]8TH ZARAGOZA FURNITURE FAIR[:fr]8EME SALON DU MEUBLE DE SARAGOSSE[:ru]8\u00aa \u041c\u0415\u0411\u0415\u041b\u042c\u041d\u0410\u042f \u042f\u0420\u041c\u0410\u0420\u041a\u0410 ZARAGOZA[:pl]8. TARGI MEBLOWE SARAGOSSA[:] - Karibian Descanso\",\"isPartOf\":{\"@id\":\"https:\/\/karibiandescanso.com\/#website\"},\"primaryImageOfPage\":{\"@id\":\"https:\/\/karibiandescanso.com\/fr\/8-feria-mueble-zaragoza\/#primaryimage\"},\"image\":{\"@id\":\"https:\/\/karibiandescanso.com\/fr\/8-feria-mueble-zaragoza\/#primaryimage\"},\"thumbnailUrl\":\"https:\/\/karibiandescanso.com\/wp-content\/uploads\/2022\/04\/FERIA-ZARAGOZA.jpg\",\"datePublished\":\"2022-03-30T11:12:29+00:00\",\"dateModified\":\"2024-07-18T07:39:15+00:00\",\"author\":{\"@id\":\"https:\/\/karibiandescanso.com\/#\/schema\/person\/23be63b9b19bd8da8980c8eecdd69d30\"},\"breadcrumb\":{\"@id\":\"https:\/\/karibiandescanso.com\/fr\/8-feria-mueble-zaragoza\/#breadcrumb\"},\"inLanguage\":\"pl-PL\",\"potentialAction\":[{\"@type\":\"ReadAction\",\"target\":[\"https:\/\/karibiandescanso.com\/fr\/8-feria-mueble-zaragoza\/\"]}]},{\"@type\":\"ImageObject\",\"inLanguage\":\"pl-PL\",\"@id\":\"https:\/\/karibiandescanso.com\/fr\/8-feria-mueble-zaragoza\/#primaryimage\",\"url\":\"https:\/\/karibiandescanso.com\/wp-content\/uploads\/2022\/04\/FERIA-ZARAGOZA.jpg\",\"contentUrl\":\"https:\/\/karibiandescanso.com\/wp-content\/uploads\/2022\/04\/FERIA-ZARAGOZA.jpg\",\"width\":583,\"height\":330},{\"@type\":\"BreadcrumbList\",\"@id\":\"https:\/\/karibiandescanso.com\/fr\/8-feria-mueble-zaragoza\/#breadcrumb\",\"itemListElement\":[{\"@type\":\"ListItem\",\"position\":1,\"name\":\"Portada\",\"item\":\"https:\/\/karibiandescanso.com\/\"},{\"@type\":\"ListItem\",\"position\":2,\"name\":\"8EME SALON DU MEUBLE DE SARAGOSSE\"}]},{\"@type\":\"WebSite\",\"@id\":\"https:\/\/karibiandescanso.com\/#website\",\"url\":\"https:\/\/karibiandescanso.com\/\",\"name\":\"Karibian Descanso\",\"description\":\"Gdzie jest odpoczynek\",\"potentialAction\":[{\"@type\":\"SearchAction\",\"target\":{\"@type\":\"EntryPoint\",\"urlTemplate\":\"https:\/\/karibiandescanso.com\/?s={search_term_string}\"},\"query-input\":{\"@type\":\"PropertyValueSpecification\",\"valueRequired\":true,\"valueName\":\"search_term_string\"}}],\"inLanguage\":\"pl-PL\"},{\"@type\":\"Person\",\"@id\":\"https:\/\/karibiandescanso.com\/#\/schema\/person\/23be63b9b19bd8da8980c8eecdd69d30\",\"name\":\"Karibian Descanso\",\"image\":{\"@type\":\"ImageObject\",\"inLanguage\":\"pl-PL\",\"@id\":\"https:\/\/karibiandescanso.com\/#\/schema\/person\/image\/\",\"url\":\"https:\/\/secure.gravatar.com\/avatar\/2f55039d31e0c8cf55d2c2b6e3bb49113343c35fd46d6d11806620d3c9641ba7?s=96&d=mm&r=g\",\"contentUrl\":\"https:\/\/secure.gravatar.com\/avatar\/2f55039d31e0c8cf55d2c2b6e3bb49113343c35fd46d6d11806620d3c9641ba7?s=96&d=mm&r=g\",\"caption\":\"Karibian Descanso\"},\"url\":\"https:\/\/karibiandescanso.com\/pl\/author\/karibian-descanso\/\"}]}<\/script>\n<!-- \/ Yoast SEO plugin. -->","yoast_head_json":{"title":"[:es]8\u00aa FERIA MUEBLE ZARAGOZA[:en]8TH ZARAGOZA FURNITURE FAIR[:fr]8EME SALON DU MEUBLE DE SARAGOSSE[:ru]8\u00aa \u041c\u0415\u0411\u0415\u041b\u042c\u041d\u0410\u042f \u042f\u0420\u041c\u0410\u0420\u041a\u0410 ZARAGOZA[:pl]8. TARGI MEBLOWE SARAGOSSA[:] - Karibian Descanso","robots":{"index":"index","follow":"follow","max-snippet":"max-snippet:-1","max-image-preview":"max-image-preview:large","max-video-preview":"max-video-preview:-1"},"canonical":"https:\/\/karibiandescanso.com\/fr\/8-feria-mueble-zaragoza\/","og_locale":"pl_PL","og_type":"article","og_title":"[:es]8\u00aa FERIA MUEBLE ZARAGOZA[:en]8TH ZARAGOZA FURNITURE FAIR[:fr]8EME SALON DU MEUBLE DE SARAGOSSE[:ru]8\u00aa \u041c\u0415\u0411\u0415\u041b\u042c\u041d\u0410\u042f \u042f\u0420\u041c\u0410\u0420\u041a\u0410 ZARAGOZA[:pl]8. TARGI MEBLOWE SARAGOSSA[:] - Karibian Descanso","og_description":"[:es]Karibian present\u00f3 sus \u00faltimas novedades en modelos de descanso, en la 8\u00aa Feria del Mueble de Zaragoza 2022. El evento se celebr\u00f3 del 22 al 25 de marzo y fue todo un acontecimiento profesional.[:en]From 22 to 25 March, Karibian Descanso presented its latest bedding products at the 8th edition of the Zaragoza Furniture Fair (FMZ). This international event brings together professionals from all over the world[:fr]Du 22 au 25 mars, Karibian Descanso a pr\u00e9sent\u00e9 ses derni\u00e8res innovations en mati\u00e8re d'articles de repos lors de la 8e \u00e9dition du Salon du meuble de Saragosse. Cet \u00e9v\u00e9nement international rassemble des professionnels du[:ru]Karibian \u043f\u0440\u0435\u0434\u0441\u0442\u0430\u0432\u0438\u043b\u0430 \u0441\u0432\u043e\u0438 \u043f\u043e\u0441\u043b\u0435\u0434\u043d\u0438\u0435 \u043d\u043e\u0432\u0438\u043d\u043a\u0438 \u0441\u0440\u0435\u0434\u0438 \u043c\u043e\u0434\u0435\u043b\u0435\u0439 \u0434\u043b\u044f \u043e\u0442\u0434\u044b\u0445\u0430 \u043d\u0430 8-\u0439 \u0412\u044b\u0441\u0442\u0430\u0432\u043a\u0435 \u043c\u0435\u0431\u0435\u043b\u0438 \u0432 \u0421\u0430\u0440\u0430\u0433\u043e\u0441\u0435 2022. \u041a\u043e\u043d\u043a\u0443\u0440\u0441 \u043f\u0440\u043e\u0445\u043e\u0434\u0438\u043b \u0441 22 \u043f\u043e 25 \u043c\u0430\u0440\u0442\u0430 \u0438 \u0441\u0442\u0430\u043b \u043f\u0435\u0440\u0432\u044b\u043c \u043f\u0440\u043e\u0444\u0435\u0441\u0441\u0438\u043e\u043d\u0430\u043b\u044c\u043d\u044b\u043c \u043c\u0435\u0440\u043e\u043f\u0440\u0438\u044f\u0442\u0438\u0435\u043c \u0433\u043e\u0434\u0430.[:pl]Karibian zaprezentowa\u0142 swoje najnowsze innowacje w modelach wypoczynkowych na 8. Targach Mebli w Saragossie 2022. Wydarzenie odby\u0142o si\u0119 w dniach 22-25 marca i mia\u0142o charakter profesjonalny.[:]","og_url":"https:\/\/karibiandescanso.com\/fr\/8-feria-mueble-zaragoza\/","og_site_name":"Karibian Descanso","article_published_time":"2022-03-30T11:12:29+00:00","article_modified_time":"2024-07-18T07:39:15+00:00","og_image":[{"width":583,"height":330,"url":"https:\/\/karibiandescanso.com\/wp-content\/uploads\/2022\/04\/FERIA-ZARAGOZA.jpg","type":"image\/jpeg"}],"author":"Karibian Descanso","twitter_card":"summary_large_image","twitter_misc":{"Napisane przez":"Karibian Descanso","Szacowany czas czytania":"5 minut"},"schema":{"@context":"https:\/\/schema.org","@graph":[{"@type":"Article","@id":"https:\/\/karibiandescanso.com\/fr\/8-feria-mueble-zaragoza\/#article","isPartOf":{"@id":"https:\/\/karibiandescanso.com\/fr\/8-feria-mueble-zaragoza\/"},"author":{"name":"Karibian Descanso","@id":"https:\/\/karibiandescanso.com\/#\/schema\/person\/23be63b9b19bd8da8980c8eecdd69d30"},"headline":"8. TARGI MEBLOWE SARAGOSSA","datePublished":"2022-03-30T11:12:29+00:00","dateModified":"2024-07-18T07:39:15+00:00","mainEntityOfPage":{"@id":"https:\/\/karibiandescanso.com\/fr\/8-feria-mueble-zaragoza\/"},"wordCount":3306,"commentCount":0,"image":{"@id":"https:\/\/karibiandescanso.com\/fr\/8-feria-mueble-zaragoza\/#primaryimage"},"thumbnailUrl":"https:\/\/karibiandescanso.com\/wp-content\/uploads\/2022\/04\/FERIA-ZARAGOZA.jpg","keywords":["karibian descanso","Colchon","Mattress","Furniture","Mueble de Espa\u00f1a","Feria Mueble Zaragoza","Zaragoza es mueble","Spain Furniture","Spain Interiors","FMZ","FMZ2022"],"articleSection":["noticias","Ferias"],"inLanguage":"pl-PL","potentialAction":[{"@type":"CommentAction","name":"Comment","target":["https:\/\/karibiandescanso.com\/fr\/8-feria-mueble-zaragoza\/#respond"]}]},{"@type":"WebPage","@id":"https:\/\/karibiandescanso.com\/fr\/8-feria-mueble-zaragoza\/","url":"https:\/\/karibiandescanso.com\/fr\/8-feria-mueble-zaragoza\/","name":"[:es]8\u00aa FERIA MUEBLE ZARAGOZA[:en]8TH ZARAGOZA FURNITURE FAIR[:fr]8EME SALON DU MEUBLE DE SARAGOSSE[:ru]8\u00aa \u041c\u0415\u0411\u0415\u041b\u042c\u041d\u0410\u042f \u042f\u0420\u041c\u0410\u0420\u041a\u0410 ZARAGOZA[:pl]8. TARGI MEBLOWE SARAGOSSA[:] - Karibian Descanso","isPartOf":{"@id":"https:\/\/karibiandescanso.com\/#website"},"primaryImageOfPage":{"@id":"https:\/\/karibiandescanso.com\/fr\/8-feria-mueble-zaragoza\/#primaryimage"},"image":{"@id":"https:\/\/karibiandescanso.com\/fr\/8-feria-mueble-zaragoza\/#primaryimage"},"thumbnailUrl":"https:\/\/karibiandescanso.com\/wp-content\/uploads\/2022\/04\/FERIA-ZARAGOZA.jpg","datePublished":"2022-03-30T11:12:29+00:00","dateModified":"2024-07-18T07:39:15+00:00","author":{"@id":"https:\/\/karibiandescanso.com\/#\/schema\/person\/23be63b9b19bd8da8980c8eecdd69d30"},"breadcrumb":{"@id":"https:\/\/karibiandescanso.com\/fr\/8-feria-mueble-zaragoza\/#breadcrumb"},"inLanguage":"pl-PL","potentialAction":[{"@type":"ReadAction","target":["https:\/\/karibiandescanso.com\/fr\/8-feria-mueble-zaragoza\/"]}]},{"@type":"ImageObject","inLanguage":"pl-PL","@id":"https:\/\/karibiandescanso.com\/fr\/8-feria-mueble-zaragoza\/#primaryimage","url":"https:\/\/karibiandescanso.com\/wp-content\/uploads\/2022\/04\/FERIA-ZARAGOZA.jpg","contentUrl":"https:\/\/karibiandescanso.com\/wp-content\/uploads\/2022\/04\/FERIA-ZARAGOZA.jpg","width":583,"height":330},{"@type":"BreadcrumbList","@id":"https:\/\/karibiandescanso.com\/fr\/8-feria-mueble-zaragoza\/#breadcrumb","itemListElement":[{"@type":"ListItem","position":1,"name":"Portada","item":"https:\/\/karibiandescanso.com\/"},{"@type":"ListItem","position":2,"name":"8EME SALON DU MEUBLE DE SARAGOSSE"}]},{"@type":"WebSite","@id":"https:\/\/karibiandescanso.com\/#website","url":"https:\/\/karibiandescanso.com\/","name":"Karibian Descanso","description":"Gdzie jest odpoczynek","potentialAction":[{"@type":"SearchAction","target":{"@type":"EntryPoint","urlTemplate":"https:\/\/karibiandescanso.com\/?s={search_term_string}"},"query-input":{"@type":"PropertyValueSpecification","valueRequired":true,"valueName":"search_term_string"}}],"inLanguage":"pl-PL"},{"@type":"Person","@id":"https:\/\/karibiandescanso.com\/#\/schema\/person\/23be63b9b19bd8da8980c8eecdd69d30","name":"Karibian Descanso","image":{"@type":"ImageObject","inLanguage":"pl-PL","@id":"https:\/\/karibiandescanso.com\/#\/schema\/person\/image\/","url":"https:\/\/secure.gravatar.com\/avatar\/2f55039d31e0c8cf55d2c2b6e3bb49113343c35fd46d6d11806620d3c9641ba7?s=96&d=mm&r=g","contentUrl":"https:\/\/secure.gravatar.com\/avatar\/2f55039d31e0c8cf55d2c2b6e3bb49113343c35fd46d6d11806620d3c9641ba7?s=96&d=mm&r=g","caption":"Karibian Descanso"},"url":"https:\/\/karibiandescanso.com\/pl\/author\/karibian-descanso\/"}]}},"_links":{"self":[{"href":"https:\/\/karibiandescanso.com\/pl\/wp-json\/wp\/v2\/posts\/10108","targetHints":{"allow":["GET"]}}],"collection":[{"href":"https:\/\/karibiandescanso.com\/pl\/wp-json\/wp\/v2\/posts"}],"about":[{"href":"https:\/\/karibiandescanso.com\/pl\/wp-json\/wp\/v2\/types\/post"}],"author":[{"embeddable":true,"href":"https:\/\/karibiandescanso.com\/pl\/wp-json\/wp\/v2\/users\/2"}],"replies":[{"embeddable":true,"href":"https:\/\/karibiandescanso.com\/pl\/wp-json\/wp\/v2\/comments?post=10108"}],"version-history":[{"count":0,"href":"https:\/\/karibiandescanso.com\/pl\/wp-json\/wp\/v2\/posts\/10108\/revisions"}],"wp:featuredmedia":[{"embeddable":true,"href":"https:\/\/karibiandescanso.com\/pl\/wp-json\/wp\/v2\/media\/10110"}],"wp:attachment":[{"href":"https:\/\/karibiandescanso.com\/pl\/wp-json\/wp\/v2\/media?parent=10108"}],"wp:term":[{"taxonomy":"category","embeddable":true,"href":"https:\/\/karibiandescanso.com\/pl\/wp-json\/wp\/v2\/categories?post=10108"},{"taxonomy":"post_tag","embeddable":true,"href":"https:\/\/karibiandescanso.com\/pl\/wp-json\/wp\/v2\/tags?post=10108"}],"curies":[{"name":"wp","href":"https:\/\/api.w.org\/{rel}","templated":true}]}}