{"id":11575,"date":"2023-04-25T13:02:45","date_gmt":"2023-04-25T11:02:45","guid":{"rendered":"https:\/\/www.karibiandescanso.com\/?p=11575"},"modified":"2024-07-19T08:37:47","modified_gmt":"2024-07-19T06:37:47","slug":"61-salone-del-mobile-milano","status":"publish","type":"post","link":"https:\/\/karibiandescanso.com\/pl\/61-salone-del-mobile-milano\/","title":{"rendered":"61 SALONE DEL MOBILE MILANO"},"content":{"rendered":"<p>[vc_row css_animation=&#8221;&#8221; row_type=&#8221;row&#8221; use_row_as_full_screen_section=&#8221;no&#8221; type=&#8221;full_width&#8221; angled_section=&#8221;no&#8221; text_align=&#8221;left&#8221; background_image_as_pattern=&#8221;without_pattern&#8221;][vc_column][vc_column_text]<\/p>\n<p style=\"text-align: justify;\">W zesz\u0142ym tygodniu Karibian Descanso wzi\u0105\u0142 udzia\u0142 w 61. Salone del Mobile.Milano, kt\u00f3re odby\u0142o si\u0119 w dniach 18-23 kwietnia w Mediolanie (W\u0142ochy). Ten Mi\u0119dzynarodowy Konkurs by\u0142 miejscem spotka\u0144 wiod\u0105cych \u015bwiatowych producent\u00f3w i projektant\u00f3w.<\/p>\n<p style=\"text-align: justify;\">Targi Meblowe w Mediolanie to najwa\u017cniejsze targi w bran\u017cy meblarskiej. W tej nowej, masowej edycji wzi\u0119\u0142o udzia\u0142 2000 wystawc\u00f3w, a odwiedzaj\u0105cych by\u0142o o 15% wi\u0119cej, rejestruj\u0105c \u0142\u0105cznie 307 000 os\u00f3b. Wydarzenie to odnios\u0142o mi\u0119dzynarodowy sukces i przekroczy\u0142o oczekiwania.<\/p>\n<p>[\/vc_column_text][vc_empty_space][vc_single_image image=&#8221;11580&#8243; img_size=&#8221;full&#8221; alignment=&#8221;center&#8221; qode_css_animation=&#8221;&#8221; css=&#8221;.vc_custom_1682418097338{margin-bottom: 80px !important;}&#8221;][vc_column_text]<\/p>\n<p style=\"text-align: justify;\">Dla Karibian Salone del Mobile w Mediolanie jest wydarzeniem niezb\u0119dnym.<\/p>\n<p style=\"text-align: justify;\">Stoisko Karibian by\u0142o idealn\u0105 sceneri\u0105 do zaprezentowania najnowszych produkt\u00f3w firmy na rynku w\u0142oskim, a tak\u017ce wszystkim profesjonalistom. Marka po raz kolejny pokaza\u0142a sw\u00f3j innowacyjny charakter, odnawiaj\u0105c swoje zaanga\u017cowanie i zaanga\u017cowanie na rzecz wszystkich odwiedzaj\u0105cych.<\/p>\n<p style=\"text-align: justify;\">Najbardziej aktualne i innowacyjne modele wypoczynku Karibian zosta\u0142y zaprezentowane na atrakcyjnym i przytulnym stoisku obok \u0142\u00f3\u017cek Koala. Po raz pierwszy zaprezentowano w nim ekskluzywny wyb\u00f3r artyku\u0142\u00f3w zapewniaj\u0105cych komfort.<\/p>\n<p>[\/vc_column_text][\/vc_column][\/vc_row][vc_row row_type=&#8221;expandable&#8221; text_align=&#8221;center&#8221; button_position=&#8221;center&#8221; more_button_label=&#8221;Descubre nuestro Stand B06\/B08 (Hall 24)&#8221; less_button_label=&#8221;Contraer&#8221; hover_color=&#8221;#a5a5a5&#8243; css=&#8221;.vc_custom_1582651899453{margin-top: 80px !important;}&#8221;][vc_column width=&#8221;1\/2&#8243;][vc_single_image image=&#8221;11593&#8243; img_size=&#8221;full&#8221; qode_css_animation=&#8221;&#8221;][vc_empty_space][vc_single_image image=&#8221;11591&#8243; img_size=&#8221;full&#8221; qode_css_animation=&#8221;&#8221;][\/vc_column][vc_column width=&#8221;1\/2&#8243;][vc_single_image image=&#8221;11592&#8243; img_size=&#8221;full&#8221; qode_css_animation=&#8221;&#8221;][vc_empty_space][vc_single_image image=&#8221;11590&#8243; img_size=&#8221;full&#8221; qode_css_animation=&#8221;&#8221;][\/vc_column][\/vc_row][vc_row css_animation=&#8221;&#8221; row_type=&#8221;row&#8221; use_row_as_full_screen_section=&#8221;no&#8221; type=&#8221;full_width&#8221; angled_section=&#8221;no&#8221; text_align=&#8221;left&#8221; background_image_as_pattern=&#8221;without_pattern&#8221;][vc_column][vc_empty_space][\/vc_column][\/vc_row][vc_row css_animation=&#8221;&#8221; row_type=&#8221;row&#8221; use_row_as_full_screen_section=&#8221;no&#8221; type=&#8221;full_width&#8221; angled_section=&#8221;no&#8221; text_align=&#8221;left&#8221; background_image_as_pattern=&#8221;without_pattern&#8221;][vc_column][vc_empty_space][vc_column_text]<\/p>\n<h3 style=\"text-align: center;\">Do you speak design?<\/h3>\n<p>[\/vc_column_text][vc_empty_space height=&#8221;60px&#8221;][\/vc_column][\/vc_row][vc_row css_animation=&#8221;&#8221; row_type=&#8221;row&#8221; use_row_as_full_screen_section=&#8221;no&#8221; type=&#8221;full_width&#8221; angled_section=&#8221;no&#8221; text_align=&#8221;left&#8221; background_image_as_pattern=&#8221;without_pattern&#8221; css=&#8221;.vc_custom_1609225272285{padding-right: 75px !important;padding-left: 75px !important;}&#8221; z_index=&#8221;&#8221;][vc_column width=&#8221;1\/2&#8243;][vc_single_image image=&#8221;11587&#8243; img_size=&#8221;full&#8221; alignment=&#8221;center&#8221; qode_css_animation=&#8221;&#8221; css=&#8221;.vc_custom_1682422211143{padding-left: 0px !important;}&#8221;][vc_empty_space height=&#8221;30px&#8221;][\/vc_column][vc_column width=&#8221;1\/2&#8243;][vc_empty_space height=&#8221;295px&#8221;][vc_separator css_animation=&#8221;top-to-bottom&#8221; type=&#8221;normal&#8221;][vc_empty_space height=&#8221;30px&#8221;][vc_column_text css=&#8221;.vc_custom_1721370918036{padding-right: 0px !important;padding-left: 0px !important;}&#8221;]<\/p>\n<h3 style=\"text-align: center;\">Ta nowa edycja by\u0142a idealnym miejscem do zaprezentowania nowych kolekcji wypoczynkowych, wszystkich wyprodukowanych zgodnie z jako\u015bci\u0105 i wzornictwem, kt\u00f3re nas reprezentuj\u0105.<\/h3>\n<p>[\/vc_column_text][vc_empty_space height=&#8221;30px&#8221;][vc_separator css_animation=&#8221;top-to-bottom&#8221; type=&#8221;normal&#8221;][vc_empty_space height=&#8221;30px&#8221;][\/vc_column][\/vc_row][vc_row css_animation=&#8221;&#8221; row_type=&#8221;row&#8221; use_row_as_full_screen_section=&#8221;no&#8221; type=&#8221;full_width&#8221; angled_section=&#8221;no&#8221; text_align=&#8221;left&#8221; background_image_as_pattern=&#8221;without_pattern&#8221; css=&#8221;.vc_custom_1609225272285{padding-right: 75px !important;padding-left: 75px !important;}&#8221; z_index=&#8221;&#8221;][vc_column width=&#8221;1\/2&#8243;][vc_empty_space height=&#8221;275px&#8221;][vc_separator css_animation=&#8221;top-to-bottom&#8221; type=&#8221;normal&#8221;][vc_empty_space height=&#8221;40px&#8221;][vc_column_text css=&#8221;.vc_custom_1721370931957{padding-right: 0px !important;padding-left: 0px !important;}&#8221;]<\/p>\n<h3 style=\"text-align: center;\">Zawsze stawiamy na design i jako\u015b\u0107 oraz dzia\u0142anie na dobro ludzi, co jest podstawow\u0105 przes\u0142ank\u0105 ka\u017cdego z prezentowanych modeli komfortu.<\/h3>\n<p>[\/vc_column_text][vc_empty_space height=&#8221;30px&#8221;][vc_separator css_animation=&#8221;top-to-bottom&#8221; type=&#8221;normal&#8221;][\/vc_column][vc_column width=&#8221;1\/2&#8243;][vc_single_image image=&#8221;11588&#8243; img_size=&#8221;full&#8221; alignment=&#8221;center&#8221; qode_css_animation=&#8221;&#8221; css=&#8221;.vc_custom_1682422191558{padding-left: 0px !important;}&#8221;][vc_empty_space height=&#8221;30px&#8221;][\/vc_column][\/vc_row][vc_row css_animation=&#8221;&#8221; row_type=&#8221;row&#8221; use_row_as_full_screen_section=&#8221;no&#8221; type=&#8221;full_width&#8221; angled_section=&#8221;no&#8221; text_align=&#8221;left&#8221; background_image_as_pattern=&#8221;without_pattern&#8221;][vc_column][vc_empty_space height=&#8221;40px&#8221;][vc_column_text]<\/p>\n<p style=\"text-align: justify;\">Podczas tych dni w Salone del Mobile go\u015bcili\u015bmy klient\u00f3w i profesjonalist\u00f3w z ca\u0142ego \u015bwiata. Karibian, pragnie ka\u017cdemu z nich podzi\u0119kowa\u0107 za wizyt\u0119. Gratulujemy tak\u017ce organizacji Salone del Mobile sukces\u00f3w odniesionych na organizowanych imprezach.<\/p>\n<p style=\"text-align: justify;\">Dzi\u0119kujemy bardzo za odwiedzenie nas!<\/p>\n<p>[\/vc_column_text][\/vc_column][\/vc_row][vc_row css_animation=&#8221;&#8221; row_type=&#8221;row&#8221; use_row_as_full_screen_section=&#8221;no&#8221; type=&#8221;full_width&#8221; angled_section=&#8221;no&#8221; text_align=&#8221;left&#8221; background_image_as_pattern=&#8221;without_pattern&#8221;][vc_column][vc_empty_space height=&#8221;20px&#8221;]<a  itemprop=\"url\" href=\"https:\/\/www.youtube.com\/watch?v=FMNSLtMTquo\" target=\"_self\"  class=\"qbutton  default\" style=\"\">Obejrzyj podsumowanie wideo<\/a>[\/vc_column][\/vc_row]<\/p>","protected":false},"excerpt":{"rendered":"<p>Karibian Descanso wzi\u0105\u0142 udzia\u0142 w 61. Salone del Mobile de Milano, kt\u00f3ry odby\u0142 si\u0119 w dniach 18-23 kwietnia w Mediolanie (W\u0142ochy). Wszystkim uczestnikom zaprezentowano najbardziej innowacyjne modele firmy.<\/p>\n","protected":false},"author":2,"featured_media":11584,"comment_status":"open","ping_status":"open","sticky":false,"template":"","format":"standard","meta":{"footnotes":""},"categories":[10,164],"tags":[25,80,91,97,100,161,167,168,239,240,241,242],"class_list":["post-11575","post","type-post","status-publish","format-standard","has-post-thumbnail","hentry","category-noticias","category-ferias","tag-karibian-descanso","tag-colchon","tag-mattress","tag-europe","tag-furniture","tag-mueble-de-espana","tag-spain-furniture","tag-spain-interiors","tag-italy","tag-isaloni","tag-salone-mobile-milano","tag-feria-mueble"],"yoast_head":"<!-- This site is optimized with the Yoast SEO plugin v27.0 - https:\/\/yoast.com\/product\/yoast-seo-wordpress\/ -->\n<title>61 SALONE DEL MOBILE MILANO - Karibian Descanso<\/title>\n<meta name=\"robots\" content=\"index, follow, max-snippet:-1, max-image-preview:large, max-video-preview:-1\" \/>\n<link rel=\"canonical\" href=\"https:\/\/karibiandescanso.com\/en\/61-salone-del-mobile-milano\/\" \/>\n<meta property=\"og:locale\" content=\"pl_PL\" \/>\n<meta property=\"og:type\" content=\"article\" \/>\n<meta property=\"og:title\" content=\"[:es]61 SALONE DEL MOBILE MILANO[:en]61 SALONE DEL MOBILE MILANO[:fr]61 SALONE DEL MOBILE MILANO[:ru]61 SALONE MOBILE MILANO[:pl]61 SALONE DEL MOBILE MILANO[:] - Karibian Descanso\" \/>\n<meta property=\"og:description\" content=\"[:es]Karibian Descanso particip\u00f3 en el 61\u00ba Salone del Mobile de Milano, que tuvo lugar del 18 al 23 de abril en Mil\u00e1n (Italia). Los modelos m\u00e1s innovadores de la firma, fueron presentados a todos los visitantes.[:en]Last week, Karibian Descanso took part in the 60th Salone del Mobile Milano, held from 7 to 12 June in Milan, Italy. After a two-year hiatus, this international exhibition opened its doors again as a meeting point for the world&#039;s leading manufacturers, brands and professionals.[:fr]Karibian Rest J&#039;ai particip\u00e9 au 60e Salone del Mobile de Milan, qui se tient du 7 au 12 juin \u00e0 Milan (Italie). Les mod\u00e8les de literie les plus actuels et innovants de Karibian ont \u00e9t\u00e9 pr\u00e9sent\u00e9s dans un stand attractif et accueillant, aux c\u00f4t\u00e9s des lits Koala.[:ru]\u041d\u0430 \u043f\u0440\u043e\u0448\u043b\u043e\u0439 \u043d\u0435\u0434\u0435\u043b\u0435 Karibian Descanso \u043f\u0440\u0438\u043d\u044f\u043b\u0430 \u0443\u0447\u0430\u0441\u0442\u0438\u0435 \u0432 61 Salone del Mobile.Milano, \u043a\u043e\u0442\u043e\u0440\u044b\u0439 \u043f\u0440\u043e\u0445\u043e\u0434\u0438\u043b \u0441 18 \u043f\u043e 23 \u0430\u043f\u0440\u0435\u043b\u044f \u0432 \u041c\u0438\u043b\u0430\u043d\u0435 (\u0418\u0442\u0430\u043b\u0438\u044f). \u042d\u0442\u043e\u0442 \u043c\u0435\u0436\u0434\u0443\u043d\u0430\u0440\u043e\u0434\u043d\u044b\u0439 \u043a\u043e\u043d\u043a\u0443\u0440\u0441 \u0441\u0442\u0430\u043b \u043c\u0435\u0441\u0442\u043e\u043c[:pl]Karibian Descanso wzi\u0105\u0142 udzia\u0142 w 61. Salone del Mobile de Milano, kt\u00f3ry odby\u0142 si\u0119 w dniach 18-23 kwietnia w Mediolanie (W\u0142ochy). Wszystkim uczestnikom zaprezentowano najbardziej innowacyjne modele firmy.[:]\" \/>\n<meta property=\"og:url\" content=\"https:\/\/karibiandescanso.com\/en\/61-salone-del-mobile-milano\/\" \/>\n<meta property=\"og:site_name\" content=\"Karibian Descanso\" \/>\n<meta property=\"article:published_time\" content=\"2023-04-25T11:02:45+00:00\" \/>\n<meta property=\"article:modified_time\" content=\"2024-07-19T06:37:47+00:00\" \/>\n<meta property=\"og:image\" content=\"https:\/\/karibiandescanso.com\/wp-content\/uploads\/2023\/04\/ISALONI-PORTADA.jpg\" \/>\n\t<meta property=\"og:image:width\" content=\"2024\" \/>\n\t<meta property=\"og:image:height\" content=\"1146\" \/>\n\t<meta property=\"og:image:type\" content=\"image\/jpeg\" \/>\n<meta name=\"author\" content=\"Karibian Descanso\" \/>\n<meta name=\"twitter:card\" content=\"summary_large_image\" \/>\n<meta name=\"twitter:label1\" content=\"Napisane przez\" \/>\n\t<meta name=\"twitter:data1\" content=\"Karibian Descanso\" \/>\n\t<meta name=\"twitter:label2\" content=\"Szacowany czas czytania\" \/>\n\t<meta name=\"twitter:data2\" content=\"3 minuty\" \/>\n<script type=\"application\/ld+json\" class=\"yoast-schema-graph\">{\"@context\":\"https:\/\/schema.org\",\"@graph\":[{\"@type\":\"Article\",\"@id\":\"https:\/\/karibiandescanso.com\/en\/61-salone-del-mobile-milano\/#article\",\"isPartOf\":{\"@id\":\"https:\/\/karibiandescanso.com\/en\/61-salone-del-mobile-milano\/\"},\"author\":{\"name\":\"Karibian Descanso\",\"@id\":\"https:\/\/karibiandescanso.com\/#\/schema\/person\/23be63b9b19bd8da8980c8eecdd69d30\"},\"headline\":\"61 SALONE DEL MOBILE MILANO\",\"datePublished\":\"2023-04-25T11:02:45+00:00\",\"dateModified\":\"2024-07-19T06:37:47+00:00\",\"mainEntityOfPage\":{\"@id\":\"https:\/\/karibiandescanso.com\/en\/61-salone-del-mobile-milano\/\"},\"wordCount\":4422,\"commentCount\":0,\"image\":{\"@id\":\"https:\/\/karibiandescanso.com\/en\/61-salone-del-mobile-milano\/#primaryimage\"},\"thumbnailUrl\":\"https:\/\/karibiandescanso.com\/wp-content\/uploads\/2023\/04\/ISALONI-PORTADA.jpg\",\"keywords\":[\"karibian descanso\",\"Colchon\",\"Mattress\",\"Europe\",\"Furniture\",\"Mueble de Espa\u00f1a\",\"Spain Furniture\",\"Spain Interiors\",\"Italy\",\"ISaloni\",\"Salone Mobile Milano\",\"Feria Mueble\"],\"articleSection\":[\"noticias\",\"Ferias\"],\"inLanguage\":\"pl-PL\",\"potentialAction\":[{\"@type\":\"CommentAction\",\"name\":\"Comment\",\"target\":[\"https:\/\/karibiandescanso.com\/en\/61-salone-del-mobile-milano\/#respond\"]}]},{\"@type\":\"WebPage\",\"@id\":\"https:\/\/karibiandescanso.com\/en\/61-salone-del-mobile-milano\/\",\"url\":\"https:\/\/karibiandescanso.com\/en\/61-salone-del-mobile-milano\/\",\"name\":\"[:es]61 SALONE DEL MOBILE MILANO[:en]61 SALONE DEL MOBILE MILANO[:fr]61 SALONE DEL MOBILE MILANO[:ru]61 SALONE MOBILE MILANO[:pl]61 SALONE DEL MOBILE MILANO[:] - Karibian Descanso\",\"isPartOf\":{\"@id\":\"https:\/\/karibiandescanso.com\/#website\"},\"primaryImageOfPage\":{\"@id\":\"https:\/\/karibiandescanso.com\/en\/61-salone-del-mobile-milano\/#primaryimage\"},\"image\":{\"@id\":\"https:\/\/karibiandescanso.com\/en\/61-salone-del-mobile-milano\/#primaryimage\"},\"thumbnailUrl\":\"https:\/\/karibiandescanso.com\/wp-content\/uploads\/2023\/04\/ISALONI-PORTADA.jpg\",\"datePublished\":\"2023-04-25T11:02:45+00:00\",\"dateModified\":\"2024-07-19T06:37:47+00:00\",\"author\":{\"@id\":\"https:\/\/karibiandescanso.com\/#\/schema\/person\/23be63b9b19bd8da8980c8eecdd69d30\"},\"breadcrumb\":{\"@id\":\"https:\/\/karibiandescanso.com\/en\/61-salone-del-mobile-milano\/#breadcrumb\"},\"inLanguage\":\"pl-PL\",\"potentialAction\":[{\"@type\":\"ReadAction\",\"target\":[\"https:\/\/karibiandescanso.com\/en\/61-salone-del-mobile-milano\/\"]}]},{\"@type\":\"ImageObject\",\"inLanguage\":\"pl-PL\",\"@id\":\"https:\/\/karibiandescanso.com\/en\/61-salone-del-mobile-milano\/#primaryimage\",\"url\":\"https:\/\/karibiandescanso.com\/wp-content\/uploads\/2023\/04\/ISALONI-PORTADA.jpg\",\"contentUrl\":\"https:\/\/karibiandescanso.com\/wp-content\/uploads\/2023\/04\/ISALONI-PORTADA.jpg\",\"width\":2024,\"height\":1146},{\"@type\":\"BreadcrumbList\",\"@id\":\"https:\/\/karibiandescanso.com\/en\/61-salone-del-mobile-milano\/#breadcrumb\",\"itemListElement\":[{\"@type\":\"ListItem\",\"position\":1,\"name\":\"Portada\",\"item\":\"https:\/\/karibiandescanso.com\/\"},{\"@type\":\"ListItem\",\"position\":2,\"name\":\"61 SALONE DEL MOBILE MILANO\"}]},{\"@type\":\"WebSite\",\"@id\":\"https:\/\/karibiandescanso.com\/#website\",\"url\":\"https:\/\/karibiandescanso.com\/\",\"name\":\"Karibian Descanso\",\"description\":\"Gdzie jest odpoczynek\",\"potentialAction\":[{\"@type\":\"SearchAction\",\"target\":{\"@type\":\"EntryPoint\",\"urlTemplate\":\"https:\/\/karibiandescanso.com\/?s={search_term_string}\"},\"query-input\":{\"@type\":\"PropertyValueSpecification\",\"valueRequired\":true,\"valueName\":\"search_term_string\"}}],\"inLanguage\":\"pl-PL\"},{\"@type\":\"Person\",\"@id\":\"https:\/\/karibiandescanso.com\/#\/schema\/person\/23be63b9b19bd8da8980c8eecdd69d30\",\"name\":\"Karibian Descanso\",\"image\":{\"@type\":\"ImageObject\",\"inLanguage\":\"pl-PL\",\"@id\":\"https:\/\/karibiandescanso.com\/#\/schema\/person\/image\/\",\"url\":\"https:\/\/secure.gravatar.com\/avatar\/2f55039d31e0c8cf55d2c2b6e3bb49113343c35fd46d6d11806620d3c9641ba7?s=96&d=mm&r=g\",\"contentUrl\":\"https:\/\/secure.gravatar.com\/avatar\/2f55039d31e0c8cf55d2c2b6e3bb49113343c35fd46d6d11806620d3c9641ba7?s=96&d=mm&r=g\",\"caption\":\"Karibian Descanso\"},\"url\":\"https:\/\/karibiandescanso.com\/pl\/author\/karibian-descanso\/\"}]}<\/script>\n<!-- \/ Yoast SEO plugin. -->","yoast_head_json":{"title":"[:es]61 SALONE DEL MOBILE MILANO[:en]61 SALONE DEL MOBILE MILANO[:fr]61 SALONE DEL MOBILE MILANO[:ru]61 SALONE MOBILE MILANO[:pl]61 SALONE DEL MOBILE MILANO[:] - Karibian Descanso","robots":{"index":"index","follow":"follow","max-snippet":"max-snippet:-1","max-image-preview":"max-image-preview:large","max-video-preview":"max-video-preview:-1"},"canonical":"https:\/\/karibiandescanso.com\/en\/61-salone-del-mobile-milano\/","og_locale":"pl_PL","og_type":"article","og_title":"[:es]61 SALONE DEL MOBILE MILANO[:en]61 SALONE DEL MOBILE MILANO[:fr]61 SALONE DEL MOBILE MILANO[:ru]61 SALONE MOBILE MILANO[:pl]61 SALONE DEL MOBILE MILANO[:] - Karibian Descanso","og_description":"[:es]Karibian Descanso particip\u00f3 en el 61\u00ba Salone del Mobile de Milano, que tuvo lugar del 18 al 23 de abril en Mil\u00e1n (Italia). Los modelos m\u00e1s innovadores de la firma, fueron presentados a todos los visitantes.[:en]Last week, Karibian Descanso took part in the 60th Salone del Mobile Milano, held from 7 to 12 June in Milan, Italy. After a two-year hiatus, this international exhibition opened its doors again as a meeting point for the world's leading manufacturers, brands and professionals.[:fr]Karibian Rest J'ai particip\u00e9 au 60e Salone del Mobile de Milan, qui se tient du 7 au 12 juin \u00e0 Milan (Italie). Les mod\u00e8les de literie les plus actuels et innovants de Karibian ont \u00e9t\u00e9 pr\u00e9sent\u00e9s dans un stand attractif et accueillant, aux c\u00f4t\u00e9s des lits Koala.[:ru]\u041d\u0430 \u043f\u0440\u043e\u0448\u043b\u043e\u0439 \u043d\u0435\u0434\u0435\u043b\u0435 Karibian Descanso \u043f\u0440\u0438\u043d\u044f\u043b\u0430 \u0443\u0447\u0430\u0441\u0442\u0438\u0435 \u0432 61 Salone del Mobile.Milano, \u043a\u043e\u0442\u043e\u0440\u044b\u0439 \u043f\u0440\u043e\u0445\u043e\u0434\u0438\u043b \u0441 18 \u043f\u043e 23 \u0430\u043f\u0440\u0435\u043b\u044f \u0432 \u041c\u0438\u043b\u0430\u043d\u0435 (\u0418\u0442\u0430\u043b\u0438\u044f). \u042d\u0442\u043e\u0442 \u043c\u0435\u0436\u0434\u0443\u043d\u0430\u0440\u043e\u0434\u043d\u044b\u0439 \u043a\u043e\u043d\u043a\u0443\u0440\u0441 \u0441\u0442\u0430\u043b \u043c\u0435\u0441\u0442\u043e\u043c[:pl]Karibian Descanso wzi\u0105\u0142 udzia\u0142 w 61. Salone del Mobile de Milano, kt\u00f3ry odby\u0142 si\u0119 w dniach 18-23 kwietnia w Mediolanie (W\u0142ochy). Wszystkim uczestnikom zaprezentowano najbardziej innowacyjne modele firmy.[:]","og_url":"https:\/\/karibiandescanso.com\/en\/61-salone-del-mobile-milano\/","og_site_name":"Karibian Descanso","article_published_time":"2023-04-25T11:02:45+00:00","article_modified_time":"2024-07-19T06:37:47+00:00","og_image":[{"width":2024,"height":1146,"url":"https:\/\/karibiandescanso.com\/wp-content\/uploads\/2023\/04\/ISALONI-PORTADA.jpg","type":"image\/jpeg"}],"author":"Karibian Descanso","twitter_card":"summary_large_image","twitter_misc":{"Napisane przez":"Karibian Descanso","Szacowany czas czytania":"3 minuty"},"schema":{"@context":"https:\/\/schema.org","@graph":[{"@type":"Article","@id":"https:\/\/karibiandescanso.com\/en\/61-salone-del-mobile-milano\/#article","isPartOf":{"@id":"https:\/\/karibiandescanso.com\/en\/61-salone-del-mobile-milano\/"},"author":{"name":"Karibian Descanso","@id":"https:\/\/karibiandescanso.com\/#\/schema\/person\/23be63b9b19bd8da8980c8eecdd69d30"},"headline":"61 SALONE DEL MOBILE MILANO","datePublished":"2023-04-25T11:02:45+00:00","dateModified":"2024-07-19T06:37:47+00:00","mainEntityOfPage":{"@id":"https:\/\/karibiandescanso.com\/en\/61-salone-del-mobile-milano\/"},"wordCount":4422,"commentCount":0,"image":{"@id":"https:\/\/karibiandescanso.com\/en\/61-salone-del-mobile-milano\/#primaryimage"},"thumbnailUrl":"https:\/\/karibiandescanso.com\/wp-content\/uploads\/2023\/04\/ISALONI-PORTADA.jpg","keywords":["karibian descanso","Colchon","Mattress","Europe","Furniture","Mueble de Espa\u00f1a","Spain Furniture","Spain Interiors","Italy","ISaloni","Salone Mobile Milano","Feria Mueble"],"articleSection":["noticias","Ferias"],"inLanguage":"pl-PL","potentialAction":[{"@type":"CommentAction","name":"Comment","target":["https:\/\/karibiandescanso.com\/en\/61-salone-del-mobile-milano\/#respond"]}]},{"@type":"WebPage","@id":"https:\/\/karibiandescanso.com\/en\/61-salone-del-mobile-milano\/","url":"https:\/\/karibiandescanso.com\/en\/61-salone-del-mobile-milano\/","name":"[:es]61 SALONE DEL MOBILE MILANO[:en]61 SALONE DEL MOBILE MILANO[:fr]61 SALONE DEL MOBILE MILANO[:ru]61 SALONE MOBILE MILANO[:pl]61 SALONE DEL MOBILE MILANO[:] - Karibian Descanso","isPartOf":{"@id":"https:\/\/karibiandescanso.com\/#website"},"primaryImageOfPage":{"@id":"https:\/\/karibiandescanso.com\/en\/61-salone-del-mobile-milano\/#primaryimage"},"image":{"@id":"https:\/\/karibiandescanso.com\/en\/61-salone-del-mobile-milano\/#primaryimage"},"thumbnailUrl":"https:\/\/karibiandescanso.com\/wp-content\/uploads\/2023\/04\/ISALONI-PORTADA.jpg","datePublished":"2023-04-25T11:02:45+00:00","dateModified":"2024-07-19T06:37:47+00:00","author":{"@id":"https:\/\/karibiandescanso.com\/#\/schema\/person\/23be63b9b19bd8da8980c8eecdd69d30"},"breadcrumb":{"@id":"https:\/\/karibiandescanso.com\/en\/61-salone-del-mobile-milano\/#breadcrumb"},"inLanguage":"pl-PL","potentialAction":[{"@type":"ReadAction","target":["https:\/\/karibiandescanso.com\/en\/61-salone-del-mobile-milano\/"]}]},{"@type":"ImageObject","inLanguage":"pl-PL","@id":"https:\/\/karibiandescanso.com\/en\/61-salone-del-mobile-milano\/#primaryimage","url":"https:\/\/karibiandescanso.com\/wp-content\/uploads\/2023\/04\/ISALONI-PORTADA.jpg","contentUrl":"https:\/\/karibiandescanso.com\/wp-content\/uploads\/2023\/04\/ISALONI-PORTADA.jpg","width":2024,"height":1146},{"@type":"BreadcrumbList","@id":"https:\/\/karibiandescanso.com\/en\/61-salone-del-mobile-milano\/#breadcrumb","itemListElement":[{"@type":"ListItem","position":1,"name":"Portada","item":"https:\/\/karibiandescanso.com\/"},{"@type":"ListItem","position":2,"name":"61 SALONE DEL MOBILE MILANO"}]},{"@type":"WebSite","@id":"https:\/\/karibiandescanso.com\/#website","url":"https:\/\/karibiandescanso.com\/","name":"Karibian Descanso","description":"Gdzie jest odpoczynek","potentialAction":[{"@type":"SearchAction","target":{"@type":"EntryPoint","urlTemplate":"https:\/\/karibiandescanso.com\/?s={search_term_string}"},"query-input":{"@type":"PropertyValueSpecification","valueRequired":true,"valueName":"search_term_string"}}],"inLanguage":"pl-PL"},{"@type":"Person","@id":"https:\/\/karibiandescanso.com\/#\/schema\/person\/23be63b9b19bd8da8980c8eecdd69d30","name":"Karibian Descanso","image":{"@type":"ImageObject","inLanguage":"pl-PL","@id":"https:\/\/karibiandescanso.com\/#\/schema\/person\/image\/","url":"https:\/\/secure.gravatar.com\/avatar\/2f55039d31e0c8cf55d2c2b6e3bb49113343c35fd46d6d11806620d3c9641ba7?s=96&d=mm&r=g","contentUrl":"https:\/\/secure.gravatar.com\/avatar\/2f55039d31e0c8cf55d2c2b6e3bb49113343c35fd46d6d11806620d3c9641ba7?s=96&d=mm&r=g","caption":"Karibian Descanso"},"url":"https:\/\/karibiandescanso.com\/pl\/author\/karibian-descanso\/"}]}},"_links":{"self":[{"href":"https:\/\/karibiandescanso.com\/pl\/wp-json\/wp\/v2\/posts\/11575","targetHints":{"allow":["GET"]}}],"collection":[{"href":"https:\/\/karibiandescanso.com\/pl\/wp-json\/wp\/v2\/posts"}],"about":[{"href":"https:\/\/karibiandescanso.com\/pl\/wp-json\/wp\/v2\/types\/post"}],"author":[{"embeddable":true,"href":"https:\/\/karibiandescanso.com\/pl\/wp-json\/wp\/v2\/users\/2"}],"replies":[{"embeddable":true,"href":"https:\/\/karibiandescanso.com\/pl\/wp-json\/wp\/v2\/comments?post=11575"}],"version-history":[{"count":0,"href":"https:\/\/karibiandescanso.com\/pl\/wp-json\/wp\/v2\/posts\/11575\/revisions"}],"wp:featuredmedia":[{"embeddable":true,"href":"https:\/\/karibiandescanso.com\/pl\/wp-json\/wp\/v2\/media\/11584"}],"wp:attachment":[{"href":"https:\/\/karibiandescanso.com\/pl\/wp-json\/wp\/v2\/media?parent=11575"}],"wp:term":[{"taxonomy":"category","embeddable":true,"href":"https:\/\/karibiandescanso.com\/pl\/wp-json\/wp\/v2\/categories?post=11575"},{"taxonomy":"post_tag","embeddable":true,"href":"https:\/\/karibiandescanso.com\/pl\/wp-json\/wp\/v2\/tags?post=11575"}],"curies":[{"name":"wp","href":"https:\/\/api.w.org\/{rel}","templated":true}]}}