{"id":1179,"date":"2017-12-27T16:18:36","date_gmt":"2017-12-27T15:18:36","guid":{"rendered":"https:\/\/www.karibiandescanso.com\/?p=1179"},"modified":"2019-03-11T08:16:19","modified_gmt":"2019-03-11T07:16:19","slug":"espritmeuble-paris-2017","status":"publish","type":"post","link":"https:\/\/karibiandescanso.com\/pl\/espritmeuble-paris-2017\/","title":{"rendered":"ESPRITMEUBLE PARIS 2017"},"content":{"rendered":"<p class=\"qtranxs-available-languages-message qtranxs-available-languages-message-pl\">Przepraszamy, ten wpis jest dost\u0119pny tylko w j\u0119zyku <a href=\"https:\/\/karibiandescanso.com\/es\/wp-json\/wp\/v2\/posts\/1179\" class=\"qtranxs-available-language-link qtranxs-available-language-link-es\" title=\"Espa\u00f1ol\">Espa\u00f1ol<\/a>, <a href=\"https:\/\/karibiandescanso.com\/en\/wp-json\/wp\/v2\/posts\/1179\" class=\"qtranxs-available-language-link qtranxs-available-language-link-en\" title=\"English\">English<\/a>, <a href=\"https:\/\/karibiandescanso.com\/fr\/wp-json\/wp\/v2\/posts\/1179\" class=\"qtranxs-available-language-link qtranxs-available-language-link-fr\" title=\"Fran\u00e7ais\">Fran\u00e7ais<\/a> i <a href=\"https:\/\/karibiandescanso.com\/ru\/wp-json\/wp\/v2\/posts\/1179\" class=\"qtranxs-available-language-link qtranxs-available-language-link-ru\" title=\"\u0420\u0443\u0441\u0441\u043a\u0438\u0439\">\u0420\u0443\u0441\u0441\u043a\u0438\u0439<\/a>.<\/p>","protected":false},"excerpt":{"rendered":"<p class=\"qtranxs-available-languages-message qtranxs-available-languages-message-pl\">Przepraszamy, ten wpis jest dost\u0119pny tylko w j\u0119zyku <a href=\"https:\/\/karibiandescanso.com\/es\/wp-json\/wp\/v2\/posts\/1179\" class=\"qtranxs-available-language-link qtranxs-available-language-link-es\" title=\"Espa\u00f1ol\">Espa\u00f1ol<\/a>, <a href=\"https:\/\/karibiandescanso.com\/en\/wp-json\/wp\/v2\/posts\/1179\" class=\"qtranxs-available-language-link qtranxs-available-language-link-en\" title=\"English\">English<\/a>, <a href=\"https:\/\/karibiandescanso.com\/fr\/wp-json\/wp\/v2\/posts\/1179\" class=\"qtranxs-available-language-link qtranxs-available-language-link-fr\" title=\"Fran\u00e7ais\">Fran\u00e7ais<\/a> i <a href=\"https:\/\/karibiandescanso.com\/ru\/wp-json\/wp\/v2\/posts\/1179\" class=\"qtranxs-available-language-link qtranxs-available-language-link-ru\" title=\"\u0420\u0443\u0441\u0441\u043a\u0438\u0439\">\u0420\u0443\u0441\u0441\u043a\u0438\u0439<\/a>.<\/p>\n","protected":false},"author":2,"featured_media":1258,"comment_status":"open","ping_status":"open","sticky":false,"template":"","format":"standard","meta":{"footnotes":""},"categories":[10],"tags":[23,24,25,85,87],"class_list":["post-1179","post","type-post","status-publish","format-standard","has-post-thumbnail","hentry","category-noticias","tag-feria-del-mueble","tag-24","tag-karibian-descanso","tag-paris","tag-espritmeuble"],"yoast_head":"<!-- This site is optimized with the Yoast SEO plugin v27.0 - https:\/\/yoast.com\/product\/yoast-seo-wordpress\/ -->\n<title>ESPRITMEUBLE PARIS 2017 - Karibian Descanso<\/title>\n<meta name=\"robots\" content=\"index, follow, max-snippet:-1, max-image-preview:large, max-video-preview:-1\" \/>\n<link rel=\"canonical\" href=\"https:\/\/karibiandescanso.com\/en\/espritmeuble-paris-2017\/\" \/>\n<meta property=\"og:locale\" content=\"pl_PL\" \/>\n<meta property=\"og:type\" content=\"article\" \/>\n<meta property=\"og:title\" content=\"ESPRITMEUBLE PARIS 2017 - Karibian Descanso\" \/>\n<meta property=\"og:description\" content=\"[:es]En nuestro continuo esfuerzo por crecer y abrir nuevas fronteras, Karibian Descanso estuvo presente en el\u00a0Sal\u00f3n Espritmeuble de Par\u00eds,\u00a0los pasados 02 al 05 de Diciembre del 2017. Un punto de encuentro de profesionales[:en]As part of our ongoing efforts to grow and open new frontiers, Karibian Descanso attended the Espritmeuble Trade Fair in Paris from 2 and 5 December 2017. A meeting point for European bedding industry professionals.[:fr]Dans notre effort constant de croissance et ouverture de fronti\u00e8res, nous avons \u00e9t\u00e9 pr\u00e9sentes au salon Espritmeuble Paris 2017, du 02 au 05 D\u00e9cembre 2017. Un lieu de rencontre pour professionnelles du monde du meuble...[:ru]Karibian Descanso \u043f\u043e\u0441\u0442\u043e\u044f\u043d\u043d\u043e \u0441\u0442\u0440\u0435\u043c\u0438\u0442\u0441\u044f \u043a \u0440\u043e\u0441\u0442\u0443 \u0438 \u0443\u043a\u0440\u0435\u043f\u043b\u0435\u043d\u0438\u044e \u0441\u0432\u043e\u0438\u0445 \u043f\u043e\u0437\u0438\u0446\u0438\u0439 \u043d\u0430 \u043c\u0438\u0440\u043e\u0432\u043e\u043c \u0440\u044b\u043d\u043a\u0435. \u0421\u043e 2 \u043f\u043e 5 \u0434\u0435\u043a\u0430\u0431\u0440\u044f 2017 \u0433\u043e\u0434\u0430 \u0431\u0440\u0435\u043d\u0434 \u0431\u044b\u043b \u043f\u0440\u0435\u0434\u0441\u0442\u0430\u0432\u043b\u0435\u043d \u043d\u0430 \u043f\u0430\u0440\u0438\u0436\u0441\u043a\u043e\u0439 \u0432\u044b\u0441\u0442\u0430\u0432\u043a\u0435 Espritmeuble 2017.[:]\" \/>\n<meta property=\"og:url\" content=\"https:\/\/karibiandescanso.com\/en\/espritmeuble-paris-2017\/\" \/>\n<meta property=\"og:site_name\" content=\"Karibian Descanso\" \/>\n<meta property=\"article:published_time\" content=\"2017-12-27T15:18:36+00:00\" \/>\n<meta property=\"article:modified_time\" content=\"2019-03-11T07:16:19+00:00\" \/>\n<meta property=\"og:image\" content=\"https:\/\/karibiandescanso.com\/wp-content\/uploads\/2017\/12\/youtube-espritmeuble-paris-final.jpg\" \/>\n\t<meta property=\"og:image:width\" content=\"1280\" \/>\n\t<meta property=\"og:image:height\" content=\"720\" \/>\n\t<meta property=\"og:image:type\" content=\"image\/jpeg\" \/>\n<meta name=\"author\" content=\"Karibian Descanso\" \/>\n<meta name=\"twitter:card\" content=\"summary_large_image\" \/>\n<meta name=\"twitter:label1\" content=\"Napisane przez\" \/>\n\t<meta name=\"twitter:data1\" content=\"Karibian Descanso\" \/>\n\t<meta name=\"twitter:label2\" content=\"Szacowany czas czytania\" \/>\n\t<meta name=\"twitter:data2\" content=\"6 minut\" \/>\n<script type=\"application\/ld+json\" class=\"yoast-schema-graph\">{\"@context\":\"https:\/\/schema.org\",\"@graph\":[{\"@type\":\"Article\",\"@id\":\"https:\/\/karibiandescanso.com\/en\/espritmeuble-paris-2017\/#article\",\"isPartOf\":{\"@id\":\"https:\/\/karibiandescanso.com\/en\/espritmeuble-paris-2017\/\"},\"author\":{\"name\":\"Karibian Descanso\",\"@id\":\"https:\/\/karibiandescanso.com\/#\/schema\/person\/23be63b9b19bd8da8980c8eecdd69d30\"},\"headline\":\"ESPRITMEUBLE PARIS 2017\",\"datePublished\":\"2017-12-27T15:18:36+00:00\",\"dateModified\":\"2019-03-11T07:16:19+00:00\",\"mainEntityOfPage\":{\"@id\":\"https:\/\/karibiandescanso.com\/en\/espritmeuble-paris-2017\/\"},\"wordCount\":1420,\"commentCount\":0,\"image\":{\"@id\":\"https:\/\/karibiandescanso.com\/en\/espritmeuble-paris-2017\/#primaryimage\"},\"thumbnailUrl\":\"https:\/\/karibiandescanso.com\/wp-content\/uploads\/2017\/12\/youtube-espritmeuble-paris-final.jpg\",\"keywords\":[\"feria del mueble\",\"2017\",\"karibian descanso\",\"Paris\",\"Espritmeuble\"],\"articleSection\":[\"noticias\"],\"inLanguage\":\"pl-PL\",\"potentialAction\":[{\"@type\":\"CommentAction\",\"name\":\"Comment\",\"target\":[\"https:\/\/karibiandescanso.com\/en\/espritmeuble-paris-2017\/#respond\"]}]},{\"@type\":\"WebPage\",\"@id\":\"https:\/\/karibiandescanso.com\/en\/espritmeuble-paris-2017\/\",\"url\":\"https:\/\/karibiandescanso.com\/en\/espritmeuble-paris-2017\/\",\"name\":\"ESPRITMEUBLE PARIS 2017 - Karibian Descanso\",\"isPartOf\":{\"@id\":\"https:\/\/karibiandescanso.com\/#website\"},\"primaryImageOfPage\":{\"@id\":\"https:\/\/karibiandescanso.com\/en\/espritmeuble-paris-2017\/#primaryimage\"},\"image\":{\"@id\":\"https:\/\/karibiandescanso.com\/en\/espritmeuble-paris-2017\/#primaryimage\"},\"thumbnailUrl\":\"https:\/\/karibiandescanso.com\/wp-content\/uploads\/2017\/12\/youtube-espritmeuble-paris-final.jpg\",\"datePublished\":\"2017-12-27T15:18:36+00:00\",\"dateModified\":\"2019-03-11T07:16:19+00:00\",\"author\":{\"@id\":\"https:\/\/karibiandescanso.com\/#\/schema\/person\/23be63b9b19bd8da8980c8eecdd69d30\"},\"breadcrumb\":{\"@id\":\"https:\/\/karibiandescanso.com\/en\/espritmeuble-paris-2017\/#breadcrumb\"},\"inLanguage\":\"pl-PL\",\"potentialAction\":[{\"@type\":\"ReadAction\",\"target\":[\"https:\/\/karibiandescanso.com\/en\/espritmeuble-paris-2017\/\"]}]},{\"@type\":\"ImageObject\",\"inLanguage\":\"pl-PL\",\"@id\":\"https:\/\/karibiandescanso.com\/en\/espritmeuble-paris-2017\/#primaryimage\",\"url\":\"https:\/\/karibiandescanso.com\/wp-content\/uploads\/2017\/12\/youtube-espritmeuble-paris-final.jpg\",\"contentUrl\":\"https:\/\/karibiandescanso.com\/wp-content\/uploads\/2017\/12\/youtube-espritmeuble-paris-final.jpg\",\"width\":1280,\"height\":720},{\"@type\":\"BreadcrumbList\",\"@id\":\"https:\/\/karibiandescanso.com\/en\/espritmeuble-paris-2017\/#breadcrumb\",\"itemListElement\":[{\"@type\":\"ListItem\",\"position\":1,\"name\":\"Portada\",\"item\":\"https:\/\/karibiandescanso.com\/\"},{\"@type\":\"ListItem\",\"position\":2,\"name\":\"ESPRITMEUBLE PARIS 2017\"}]},{\"@type\":\"WebSite\",\"@id\":\"https:\/\/karibiandescanso.com\/#website\",\"url\":\"https:\/\/karibiandescanso.com\/\",\"name\":\"Karibian Descanso\",\"description\":\"Gdzie jest odpoczynek\",\"potentialAction\":[{\"@type\":\"SearchAction\",\"target\":{\"@type\":\"EntryPoint\",\"urlTemplate\":\"https:\/\/karibiandescanso.com\/?s={search_term_string}\"},\"query-input\":{\"@type\":\"PropertyValueSpecification\",\"valueRequired\":true,\"valueName\":\"search_term_string\"}}],\"inLanguage\":\"pl-PL\"},{\"@type\":\"Person\",\"@id\":\"https:\/\/karibiandescanso.com\/#\/schema\/person\/23be63b9b19bd8da8980c8eecdd69d30\",\"name\":\"Karibian Descanso\",\"image\":{\"@type\":\"ImageObject\",\"inLanguage\":\"pl-PL\",\"@id\":\"https:\/\/karibiandescanso.com\/#\/schema\/person\/image\/\",\"url\":\"https:\/\/secure.gravatar.com\/avatar\/2f55039d31e0c8cf55d2c2b6e3bb49113343c35fd46d6d11806620d3c9641ba7?s=96&d=mm&r=g\",\"contentUrl\":\"https:\/\/secure.gravatar.com\/avatar\/2f55039d31e0c8cf55d2c2b6e3bb49113343c35fd46d6d11806620d3c9641ba7?s=96&d=mm&r=g\",\"caption\":\"Karibian Descanso\"},\"url\":\"https:\/\/karibiandescanso.com\/pl\/author\/karibian-descanso\/\"}]}<\/script>\n<!-- \/ Yoast SEO plugin. -->","yoast_head_json":{"title":"ESPRITMEUBLE PARIS 2017 - Karibian Descanso","robots":{"index":"index","follow":"follow","max-snippet":"max-snippet:-1","max-image-preview":"max-image-preview:large","max-video-preview":"max-video-preview:-1"},"canonical":"https:\/\/karibiandescanso.com\/en\/espritmeuble-paris-2017\/","og_locale":"pl_PL","og_type":"article","og_title":"ESPRITMEUBLE PARIS 2017 - Karibian Descanso","og_description":"[:es]En nuestro continuo esfuerzo por crecer y abrir nuevas fronteras, Karibian Descanso estuvo presente en el\u00a0Sal\u00f3n Espritmeuble de Par\u00eds,\u00a0los pasados 02 al 05 de Diciembre del 2017. Un punto de encuentro de profesionales[:en]As part of our ongoing efforts to grow and open new frontiers, Karibian Descanso attended the Espritmeuble Trade Fair in Paris from 2 and 5 December 2017. A meeting point for European bedding industry professionals.[:fr]Dans notre effort constant de croissance et ouverture de fronti\u00e8res, nous avons \u00e9t\u00e9 pr\u00e9sentes au salon Espritmeuble Paris 2017, du 02 au 05 D\u00e9cembre 2017. Un lieu de rencontre pour professionnelles du monde du meuble...[:ru]Karibian Descanso \u043f\u043e\u0441\u0442\u043e\u044f\u043d\u043d\u043e \u0441\u0442\u0440\u0435\u043c\u0438\u0442\u0441\u044f \u043a \u0440\u043e\u0441\u0442\u0443 \u0438 \u0443\u043a\u0440\u0435\u043f\u043b\u0435\u043d\u0438\u044e \u0441\u0432\u043e\u0438\u0445 \u043f\u043e\u0437\u0438\u0446\u0438\u0439 \u043d\u0430 \u043c\u0438\u0440\u043e\u0432\u043e\u043c \u0440\u044b\u043d\u043a\u0435. \u0421\u043e 2 \u043f\u043e 5 \u0434\u0435\u043a\u0430\u0431\u0440\u044f 2017 \u0433\u043e\u0434\u0430 \u0431\u0440\u0435\u043d\u0434 \u0431\u044b\u043b \u043f\u0440\u0435\u0434\u0441\u0442\u0430\u0432\u043b\u0435\u043d \u043d\u0430 \u043f\u0430\u0440\u0438\u0436\u0441\u043a\u043e\u0439 \u0432\u044b\u0441\u0442\u0430\u0432\u043a\u0435 Espritmeuble 2017.[:]","og_url":"https:\/\/karibiandescanso.com\/en\/espritmeuble-paris-2017\/","og_site_name":"Karibian Descanso","article_published_time":"2017-12-27T15:18:36+00:00","article_modified_time":"2019-03-11T07:16:19+00:00","og_image":[{"width":1280,"height":720,"url":"https:\/\/karibiandescanso.com\/wp-content\/uploads\/2017\/12\/youtube-espritmeuble-paris-final.jpg","type":"image\/jpeg"}],"author":"Karibian Descanso","twitter_card":"summary_large_image","twitter_misc":{"Napisane przez":"Karibian Descanso","Szacowany czas czytania":"6 minut"},"schema":{"@context":"https:\/\/schema.org","@graph":[{"@type":"Article","@id":"https:\/\/karibiandescanso.com\/en\/espritmeuble-paris-2017\/#article","isPartOf":{"@id":"https:\/\/karibiandescanso.com\/en\/espritmeuble-paris-2017\/"},"author":{"name":"Karibian Descanso","@id":"https:\/\/karibiandescanso.com\/#\/schema\/person\/23be63b9b19bd8da8980c8eecdd69d30"},"headline":"ESPRITMEUBLE PARIS 2017","datePublished":"2017-12-27T15:18:36+00:00","dateModified":"2019-03-11T07:16:19+00:00","mainEntityOfPage":{"@id":"https:\/\/karibiandescanso.com\/en\/espritmeuble-paris-2017\/"},"wordCount":1420,"commentCount":0,"image":{"@id":"https:\/\/karibiandescanso.com\/en\/espritmeuble-paris-2017\/#primaryimage"},"thumbnailUrl":"https:\/\/karibiandescanso.com\/wp-content\/uploads\/2017\/12\/youtube-espritmeuble-paris-final.jpg","keywords":["feria del mueble","2017","karibian descanso","Paris","Espritmeuble"],"articleSection":["noticias"],"inLanguage":"pl-PL","potentialAction":[{"@type":"CommentAction","name":"Comment","target":["https:\/\/karibiandescanso.com\/en\/espritmeuble-paris-2017\/#respond"]}]},{"@type":"WebPage","@id":"https:\/\/karibiandescanso.com\/en\/espritmeuble-paris-2017\/","url":"https:\/\/karibiandescanso.com\/en\/espritmeuble-paris-2017\/","name":"ESPRITMEUBLE PARIS 2017 - Karibian Descanso","isPartOf":{"@id":"https:\/\/karibiandescanso.com\/#website"},"primaryImageOfPage":{"@id":"https:\/\/karibiandescanso.com\/en\/espritmeuble-paris-2017\/#primaryimage"},"image":{"@id":"https:\/\/karibiandescanso.com\/en\/espritmeuble-paris-2017\/#primaryimage"},"thumbnailUrl":"https:\/\/karibiandescanso.com\/wp-content\/uploads\/2017\/12\/youtube-espritmeuble-paris-final.jpg","datePublished":"2017-12-27T15:18:36+00:00","dateModified":"2019-03-11T07:16:19+00:00","author":{"@id":"https:\/\/karibiandescanso.com\/#\/schema\/person\/23be63b9b19bd8da8980c8eecdd69d30"},"breadcrumb":{"@id":"https:\/\/karibiandescanso.com\/en\/espritmeuble-paris-2017\/#breadcrumb"},"inLanguage":"pl-PL","potentialAction":[{"@type":"ReadAction","target":["https:\/\/karibiandescanso.com\/en\/espritmeuble-paris-2017\/"]}]},{"@type":"ImageObject","inLanguage":"pl-PL","@id":"https:\/\/karibiandescanso.com\/en\/espritmeuble-paris-2017\/#primaryimage","url":"https:\/\/karibiandescanso.com\/wp-content\/uploads\/2017\/12\/youtube-espritmeuble-paris-final.jpg","contentUrl":"https:\/\/karibiandescanso.com\/wp-content\/uploads\/2017\/12\/youtube-espritmeuble-paris-final.jpg","width":1280,"height":720},{"@type":"BreadcrumbList","@id":"https:\/\/karibiandescanso.com\/en\/espritmeuble-paris-2017\/#breadcrumb","itemListElement":[{"@type":"ListItem","position":1,"name":"Portada","item":"https:\/\/karibiandescanso.com\/"},{"@type":"ListItem","position":2,"name":"ESPRITMEUBLE PARIS 2017"}]},{"@type":"WebSite","@id":"https:\/\/karibiandescanso.com\/#website","url":"https:\/\/karibiandescanso.com\/","name":"Karibian Descanso","description":"Gdzie jest odpoczynek","potentialAction":[{"@type":"SearchAction","target":{"@type":"EntryPoint","urlTemplate":"https:\/\/karibiandescanso.com\/?s={search_term_string}"},"query-input":{"@type":"PropertyValueSpecification","valueRequired":true,"valueName":"search_term_string"}}],"inLanguage":"pl-PL"},{"@type":"Person","@id":"https:\/\/karibiandescanso.com\/#\/schema\/person\/23be63b9b19bd8da8980c8eecdd69d30","name":"Karibian Descanso","image":{"@type":"ImageObject","inLanguage":"pl-PL","@id":"https:\/\/karibiandescanso.com\/#\/schema\/person\/image\/","url":"https:\/\/secure.gravatar.com\/avatar\/2f55039d31e0c8cf55d2c2b6e3bb49113343c35fd46d6d11806620d3c9641ba7?s=96&d=mm&r=g","contentUrl":"https:\/\/secure.gravatar.com\/avatar\/2f55039d31e0c8cf55d2c2b6e3bb49113343c35fd46d6d11806620d3c9641ba7?s=96&d=mm&r=g","caption":"Karibian Descanso"},"url":"https:\/\/karibiandescanso.com\/pl\/author\/karibian-descanso\/"}]}},"_links":{"self":[{"href":"https:\/\/karibiandescanso.com\/pl\/wp-json\/wp\/v2\/posts\/1179","targetHints":{"allow":["GET"]}}],"collection":[{"href":"https:\/\/karibiandescanso.com\/pl\/wp-json\/wp\/v2\/posts"}],"about":[{"href":"https:\/\/karibiandescanso.com\/pl\/wp-json\/wp\/v2\/types\/post"}],"author":[{"embeddable":true,"href":"https:\/\/karibiandescanso.com\/pl\/wp-json\/wp\/v2\/users\/2"}],"replies":[{"embeddable":true,"href":"https:\/\/karibiandescanso.com\/pl\/wp-json\/wp\/v2\/comments?post=1179"}],"version-history":[{"count":0,"href":"https:\/\/karibiandescanso.com\/pl\/wp-json\/wp\/v2\/posts\/1179\/revisions"}],"wp:featuredmedia":[{"embeddable":true,"href":"https:\/\/karibiandescanso.com\/pl\/wp-json\/wp\/v2\/media\/1258"}],"wp:attachment":[{"href":"https:\/\/karibiandescanso.com\/pl\/wp-json\/wp\/v2\/media?parent=1179"}],"wp:term":[{"taxonomy":"category","embeddable":true,"href":"https:\/\/karibiandescanso.com\/pl\/wp-json\/wp\/v2\/categories?post=1179"},{"taxonomy":"post_tag","embeddable":true,"href":"https:\/\/karibiandescanso.com\/pl\/wp-json\/wp\/v2\/tags?post=1179"}],"curies":[{"name":"wp","href":"https:\/\/api.w.org\/{rel}","templated":true}]}}