{"id":1393,"date":"2018-01-22T18:25:50","date_gmt":"2018-01-22T17:25:50","guid":{"rendered":"https:\/\/www.karibiandescanso.com\/?p=1393"},"modified":"2019-03-11T08:11:14","modified_gmt":"2019-03-11T07:11:14","slug":"feriamueblezaragoza2018","status":"publish","type":"post","link":"https:\/\/karibiandescanso.com\/pl\/feriamueblezaragoza2018\/","title":{"rendered":"(Espa\u00f1ol) 6\u00aa FERIA MUEBLE ZARAGOZA 2018"},"content":{"rendered":"<p class=\"qtranxs-available-languages-message qtranxs-available-languages-message-pl\">Przepraszamy, ten wpis jest dost\u0119pny tylko w j\u0119zyku <a href=\"https:\/\/karibiandescanso.com\/es\/wp-json\/wp\/v2\/posts\/1393\" class=\"qtranxs-available-language-link qtranxs-available-language-link-es\" title=\"Espa\u00f1ol\">Espa\u00f1ol<\/a>, <a href=\"https:\/\/karibiandescanso.com\/en\/wp-json\/wp\/v2\/posts\/1393\" class=\"qtranxs-available-language-link qtranxs-available-language-link-en\" title=\"English\">English<\/a>, <a href=\"https:\/\/karibiandescanso.com\/fr\/wp-json\/wp\/v2\/posts\/1393\" class=\"qtranxs-available-language-link qtranxs-available-language-link-fr\" title=\"Fran\u00e7ais\">Fran\u00e7ais<\/a> i <a href=\"https:\/\/karibiandescanso.com\/ru\/wp-json\/wp\/v2\/posts\/1393\" class=\"qtranxs-available-language-link qtranxs-available-language-link-ru\" title=\"\u0420\u0443\u0441\u0441\u043a\u0438\u0439\">\u0420\u0443\u0441\u0441\u043a\u0438\u0439<\/a>.<\/p>","protected":false},"excerpt":{"rendered":"<p class=\"qtranxs-available-languages-message qtranxs-available-languages-message-pl\">Przepraszamy, ten wpis jest dost\u0119pny tylko w j\u0119zyku <a href=\"https:\/\/karibiandescanso.com\/es\/wp-json\/wp\/v2\/posts\/1393\" class=\"qtranxs-available-language-link qtranxs-available-language-link-es\" title=\"Espa\u00f1ol\">Espa\u00f1ol<\/a>, <a href=\"https:\/\/karibiandescanso.com\/en\/wp-json\/wp\/v2\/posts\/1393\" class=\"qtranxs-available-language-link qtranxs-available-language-link-en\" title=\"English\">English<\/a>, <a href=\"https:\/\/karibiandescanso.com\/fr\/wp-json\/wp\/v2\/posts\/1393\" class=\"qtranxs-available-language-link qtranxs-available-language-link-fr\" title=\"Fran\u00e7ais\">Fran\u00e7ais<\/a> i <a href=\"https:\/\/karibiandescanso.com\/ru\/wp-json\/wp\/v2\/posts\/1393\" class=\"qtranxs-available-language-link qtranxs-available-language-link-ru\" title=\"\u0420\u0443\u0441\u0441\u043a\u0438\u0439\">\u0420\u0443\u0441\u0441\u043a\u0438\u0439<\/a>.<\/p>\n","protected":false},"author":2,"featured_media":1411,"comment_status":"open","ping_status":"open","sticky":false,"template":"","format":"standard","meta":{"footnotes":""},"categories":[10],"tags":[25,35,61,62,63,64],"class_list":["post-1393","post","type-post","status-publish","format-standard","has-post-thumbnail","hentry","category-noticias","tag-karibian-descanso","tag-confort","tag-feria","tag-mueble","tag-zaragoza","tag-64"],"yoast_head":"<!-- This site is optimized with the Yoast SEO plugin v27.0 - https:\/\/yoast.com\/product\/yoast-seo-wordpress\/ -->\n<title><\/title>\n<meta name=\"robots\" content=\"index, follow, max-snippet:-1, max-image-preview:large, max-video-preview:-1\" \/>\n<link rel=\"canonical\" href=\"https:\/\/karibiandescanso.com\/en\/feriamueblezaragoza2018\/\" \/>\n<meta property=\"og:locale\" content=\"pl_PL\" \/>\n<meta property=\"og:type\" content=\"article\" \/>\n<meta property=\"og:title\" content=\"[:es]6\u00aa FERIA MUEBLE ZARAGOZA 2018[:en]6th ZARAGOZA FE2018[:fr] 6\u00c9ME FOIRE SARAGOSSE 2018[:ru]VI \u041c\u0435\u0431\u0435\u043b\u044c\u043d\u043e\u0439 \u0432\u044b\u0441\u0442\u0430\u0432\u043a\u0435 \u0421\u0430\u0440\u0430\u0433\u043e\u0441\u044b 2018[:] - Karibian Descanso\" \/>\n<meta property=\"og:description\" content=\"[:es]La Feria del Mueble de Zaragoza est\u00e1 cada vez m\u00e1s cerca y Karibian Descanso estar\u00e1 presente un a\u00f1o m\u00e1s del 24 al 27 de Enero, presentando las novedades para este a\u00f1o 2018 y un nuevo stand elegante y moderno.[:en]The Zaragoza Furniture Exhibition is getting closer and Karibian Descanso will be there again this year to present its latest products for 2018 from 24 to 27 January. On this important date Karibian Descanso [:fr]La foire du Meuble de Saragosse est de plus en plus proche et Karibian Descanso sera pr\u00e9sent du 24 au 27 de Janvier, en pr\u00e9sentant les nouveaut\u00e9s pour cette ann\u00e9e 2018. Karibian Descanso pr\u00e9sent un stand \u00e9l\u00e9gant. [:ru]\u0421 24 \u043f\u043e 27 \u044f\u043d\u0432\u0430\u0440\u044f \u043a\u043e\u043c\u043f\u0430\u043d\u0438\u044f Karibian Descanso\u00a0\u043f\u0440\u0438\u043d\u044f\u043b\u0430 \u0443\u0447\u0430\u0441\u0442\u0438\u0435 \u0432 VI \u041c\u0435\u0431\u0435\u043b\u044c\u043d\u043e\u0439 \u0432\u044b\u0441\u0442\u0430\u0432\u043a\u0435 \u0421\u0430\u0440\u0430\u0433\u043e\u0441\u044b 2018, \u0433\u0434\u0435 \u0431\u044b\u043b \u043f\u0440\u0435\u0434\u0441\u0442\u0430\u0432\u043b\u0435\u043d \u0440\u044f\u0434 \u043d\u043e\u0432\u0438\u043d\u043e\u043a \u0438\u0437 \u0447\u0438\u0441\u043b\u0430[:]\" \/>\n<meta property=\"og:url\" content=\"https:\/\/karibiandescanso.com\/en\/feriamueblezaragoza2018\/\" \/>\n<meta property=\"og:site_name\" content=\"Karibian Descanso\" \/>\n<meta property=\"article:published_time\" content=\"2018-01-22T17:25:50+00:00\" \/>\n<meta property=\"article:modified_time\" content=\"2019-03-11T07:11:14+00:00\" \/>\n<meta property=\"og:image\" content=\"https:\/\/karibiandescanso.com\/wp-content\/uploads\/2018\/01\/Blog-portada-feria-zaragoza.png\" \/>\n\t<meta property=\"og:image:width\" content=\"1280\" \/>\n\t<meta property=\"og:image:height\" content=\"720\" \/>\n\t<meta property=\"og:image:type\" content=\"image\/png\" \/>\n<meta name=\"author\" content=\"Karibian Descanso\" \/>\n<meta name=\"twitter:card\" content=\"summary_large_image\" \/>\n<meta name=\"twitter:label1\" content=\"Napisane przez\" \/>\n\t<meta name=\"twitter:data1\" content=\"Karibian Descanso\" \/>\n\t<meta name=\"twitter:label2\" content=\"Szacowany czas czytania\" \/>\n\t<meta name=\"twitter:data2\" content=\"3 minuty\" \/>\n<script type=\"application\/ld+json\" class=\"yoast-schema-graph\">{\"@context\":\"https:\/\/schema.org\",\"@graph\":[{\"@type\":\"Article\",\"@id\":\"https:\/\/karibiandescanso.com\/en\/feriamueblezaragoza2018\/#article\",\"isPartOf\":{\"@id\":\"https:\/\/karibiandescanso.com\/en\/feriamueblezaragoza2018\/\"},\"author\":{\"name\":\"Karibian Descanso\",\"@id\":\"https:\/\/karibiandescanso.com\/#\/schema\/person\/23be63b9b19bd8da8980c8eecdd69d30\"},\"headline\":\"(Espa\u00f1ol) 6\u00aa FERIA MUEBLE ZARAGOZA 2018\",\"datePublished\":\"2018-01-22T17:25:50+00:00\",\"dateModified\":\"2019-03-11T07:11:14+00:00\",\"mainEntityOfPage\":{\"@id\":\"https:\/\/karibiandescanso.com\/en\/feriamueblezaragoza2018\/\"},\"wordCount\":819,\"commentCount\":0,\"image\":{\"@id\":\"https:\/\/karibiandescanso.com\/en\/feriamueblezaragoza2018\/#primaryimage\"},\"thumbnailUrl\":\"https:\/\/karibiandescanso.com\/wp-content\/uploads\/2018\/01\/Blog-portada-feria-zaragoza.png\",\"keywords\":[\"karibian descanso\",\"confort\",\"Feria\",\"Mueble\",\"Zaragoza\",\"2018\"],\"articleSection\":[\"noticias\"],\"inLanguage\":\"pl-PL\",\"potentialAction\":[{\"@type\":\"CommentAction\",\"name\":\"Comment\",\"target\":[\"https:\/\/karibiandescanso.com\/en\/feriamueblezaragoza2018\/#respond\"]}]},{\"@type\":\"WebPage\",\"@id\":\"https:\/\/karibiandescanso.com\/en\/feriamueblezaragoza2018\/\",\"url\":\"https:\/\/karibiandescanso.com\/en\/feriamueblezaragoza2018\/\",\"name\":\"[:es]6\u00aa FERIA MUEBLE ZARAGOZA 2018[:en]6th ZARAGOZA FE2018[:fr] 6\u00c9ME FOIRE SARAGOSSE 2018[:ru]VI \u041c\u0435\u0431\u0435\u043b\u044c\u043d\u043e\u0439 \u0432\u044b\u0441\u0442\u0430\u0432\u043a\u0435 \u0421\u0430\u0440\u0430\u0433\u043e\u0441\u044b 2018[:] - Karibian Descanso\",\"isPartOf\":{\"@id\":\"https:\/\/karibiandescanso.com\/#website\"},\"primaryImageOfPage\":{\"@id\":\"https:\/\/karibiandescanso.com\/en\/feriamueblezaragoza2018\/#primaryimage\"},\"image\":{\"@id\":\"https:\/\/karibiandescanso.com\/en\/feriamueblezaragoza2018\/#primaryimage\"},\"thumbnailUrl\":\"https:\/\/karibiandescanso.com\/wp-content\/uploads\/2018\/01\/Blog-portada-feria-zaragoza.png\",\"datePublished\":\"2018-01-22T17:25:50+00:00\",\"dateModified\":\"2019-03-11T07:11:14+00:00\",\"author\":{\"@id\":\"https:\/\/karibiandescanso.com\/#\/schema\/person\/23be63b9b19bd8da8980c8eecdd69d30\"},\"breadcrumb\":{\"@id\":\"https:\/\/karibiandescanso.com\/en\/feriamueblezaragoza2018\/#breadcrumb\"},\"inLanguage\":\"pl-PL\",\"potentialAction\":[{\"@type\":\"ReadAction\",\"target\":[\"https:\/\/karibiandescanso.com\/en\/feriamueblezaragoza2018\/\"]}]},{\"@type\":\"ImageObject\",\"inLanguage\":\"pl-PL\",\"@id\":\"https:\/\/karibiandescanso.com\/en\/feriamueblezaragoza2018\/#primaryimage\",\"url\":\"https:\/\/karibiandescanso.com\/wp-content\/uploads\/2018\/01\/Blog-portada-feria-zaragoza.png\",\"contentUrl\":\"https:\/\/karibiandescanso.com\/wp-content\/uploads\/2018\/01\/Blog-portada-feria-zaragoza.png\",\"width\":1280,\"height\":720},{\"@type\":\"BreadcrumbList\",\"@id\":\"https:\/\/karibiandescanso.com\/en\/feriamueblezaragoza2018\/#breadcrumb\",\"itemListElement\":[{\"@type\":\"ListItem\",\"position\":1,\"name\":\"Portada\",\"item\":\"https:\/\/karibiandescanso.com\/\"},{\"@type\":\"ListItem\",\"position\":2,\"name\":\"6th ZARAGOZA FE2018\"}]},{\"@type\":\"WebSite\",\"@id\":\"https:\/\/karibiandescanso.com\/#website\",\"url\":\"https:\/\/karibiandescanso.com\/\",\"name\":\"Karibian Descanso\",\"description\":\"Gdzie jest odpoczynek\",\"potentialAction\":[{\"@type\":\"SearchAction\",\"target\":{\"@type\":\"EntryPoint\",\"urlTemplate\":\"https:\/\/karibiandescanso.com\/?s={search_term_string}\"},\"query-input\":{\"@type\":\"PropertyValueSpecification\",\"valueRequired\":true,\"valueName\":\"search_term_string\"}}],\"inLanguage\":\"pl-PL\"},{\"@type\":\"Person\",\"@id\":\"https:\/\/karibiandescanso.com\/#\/schema\/person\/23be63b9b19bd8da8980c8eecdd69d30\",\"name\":\"Karibian Descanso\",\"image\":{\"@type\":\"ImageObject\",\"inLanguage\":\"pl-PL\",\"@id\":\"https:\/\/karibiandescanso.com\/#\/schema\/person\/image\/\",\"url\":\"https:\/\/secure.gravatar.com\/avatar\/2f55039d31e0c8cf55d2c2b6e3bb49113343c35fd46d6d11806620d3c9641ba7?s=96&d=mm&r=g\",\"contentUrl\":\"https:\/\/secure.gravatar.com\/avatar\/2f55039d31e0c8cf55d2c2b6e3bb49113343c35fd46d6d11806620d3c9641ba7?s=96&d=mm&r=g\",\"caption\":\"Karibian Descanso\"},\"url\":\"https:\/\/karibiandescanso.com\/pl\/author\/karibian-descanso\/\"}]}<\/script>\n<!-- \/ Yoast SEO plugin. -->","yoast_head_json":{"title":"[:es]6\u00aa FERIA MUEBLE ZARAGOZA 2018[:en]6th ZARAGOZA FE2018[:fr] 6\u00c9ME FOIRE SARAGOSSE 2018[:ru]VI \u041c\u0435\u0431\u0435\u043b\u044c\u043d\u043e\u0439 \u0432\u044b\u0441\u0442\u0430\u0432\u043a\u0435 \u0421\u0430\u0440\u0430\u0433\u043e\u0441\u044b 2018[:] - Karibian Descanso","robots":{"index":"index","follow":"follow","max-snippet":"max-snippet:-1","max-image-preview":"max-image-preview:large","max-video-preview":"max-video-preview:-1"},"canonical":"https:\/\/karibiandescanso.com\/en\/feriamueblezaragoza2018\/","og_locale":"pl_PL","og_type":"article","og_title":"[:es]6\u00aa FERIA MUEBLE ZARAGOZA 2018[:en]6th ZARAGOZA FE2018[:fr] 6\u00c9ME FOIRE SARAGOSSE 2018[:ru]VI \u041c\u0435\u0431\u0435\u043b\u044c\u043d\u043e\u0439 \u0432\u044b\u0441\u0442\u0430\u0432\u043a\u0435 \u0421\u0430\u0440\u0430\u0433\u043e\u0441\u044b 2018[:] - Karibian Descanso","og_description":"[:es]La Feria del Mueble de Zaragoza est\u00e1 cada vez m\u00e1s cerca y Karibian Descanso estar\u00e1 presente un a\u00f1o m\u00e1s del 24 al 27 de Enero, presentando las novedades para este a\u00f1o 2018 y un nuevo stand elegante y moderno.[:en]The Zaragoza Furniture Exhibition is getting closer and Karibian Descanso will be there again this year to present its latest products for 2018 from 24 to 27 January. On this important date Karibian Descanso [:fr]La foire du Meuble de Saragosse est de plus en plus proche et Karibian Descanso sera pr\u00e9sent du 24 au 27 de Janvier, en pr\u00e9sentant les nouveaut\u00e9s pour cette ann\u00e9e 2018. Karibian Descanso pr\u00e9sent un stand \u00e9l\u00e9gant. [:ru]\u0421 24 \u043f\u043e 27 \u044f\u043d\u0432\u0430\u0440\u044f \u043a\u043e\u043c\u043f\u0430\u043d\u0438\u044f Karibian Descanso\u00a0\u043f\u0440\u0438\u043d\u044f\u043b\u0430 \u0443\u0447\u0430\u0441\u0442\u0438\u0435 \u0432 VI \u041c\u0435\u0431\u0435\u043b\u044c\u043d\u043e\u0439 \u0432\u044b\u0441\u0442\u0430\u0432\u043a\u0435 \u0421\u0430\u0440\u0430\u0433\u043e\u0441\u044b 2018, \u0433\u0434\u0435 \u0431\u044b\u043b \u043f\u0440\u0435\u0434\u0441\u0442\u0430\u0432\u043b\u0435\u043d \u0440\u044f\u0434 \u043d\u043e\u0432\u0438\u043d\u043e\u043a \u0438\u0437 \u0447\u0438\u0441\u043b\u0430[:]","og_url":"https:\/\/karibiandescanso.com\/en\/feriamueblezaragoza2018\/","og_site_name":"Karibian Descanso","article_published_time":"2018-01-22T17:25:50+00:00","article_modified_time":"2019-03-11T07:11:14+00:00","og_image":[{"width":1280,"height":720,"url":"https:\/\/karibiandescanso.com\/wp-content\/uploads\/2018\/01\/Blog-portada-feria-zaragoza.png","type":"image\/png"}],"author":"Karibian Descanso","twitter_card":"summary_large_image","twitter_misc":{"Napisane przez":"Karibian Descanso","Szacowany czas czytania":"3 minuty"},"schema":{"@context":"https:\/\/schema.org","@graph":[{"@type":"Article","@id":"https:\/\/karibiandescanso.com\/en\/feriamueblezaragoza2018\/#article","isPartOf":{"@id":"https:\/\/karibiandescanso.com\/en\/feriamueblezaragoza2018\/"},"author":{"name":"Karibian Descanso","@id":"https:\/\/karibiandescanso.com\/#\/schema\/person\/23be63b9b19bd8da8980c8eecdd69d30"},"headline":"(Espa\u00f1ol) 6\u00aa FERIA MUEBLE ZARAGOZA 2018","datePublished":"2018-01-22T17:25:50+00:00","dateModified":"2019-03-11T07:11:14+00:00","mainEntityOfPage":{"@id":"https:\/\/karibiandescanso.com\/en\/feriamueblezaragoza2018\/"},"wordCount":819,"commentCount":0,"image":{"@id":"https:\/\/karibiandescanso.com\/en\/feriamueblezaragoza2018\/#primaryimage"},"thumbnailUrl":"https:\/\/karibiandescanso.com\/wp-content\/uploads\/2018\/01\/Blog-portada-feria-zaragoza.png","keywords":["karibian descanso","confort","Feria","Mueble","Zaragoza","2018"],"articleSection":["noticias"],"inLanguage":"pl-PL","potentialAction":[{"@type":"CommentAction","name":"Comment","target":["https:\/\/karibiandescanso.com\/en\/feriamueblezaragoza2018\/#respond"]}]},{"@type":"WebPage","@id":"https:\/\/karibiandescanso.com\/en\/feriamueblezaragoza2018\/","url":"https:\/\/karibiandescanso.com\/en\/feriamueblezaragoza2018\/","name":"[:es]6\u00aa FERIA MUEBLE ZARAGOZA 2018[:en]6th ZARAGOZA FE2018[:fr] 6\u00c9ME FOIRE SARAGOSSE 2018[:ru]VI \u041c\u0435\u0431\u0435\u043b\u044c\u043d\u043e\u0439 \u0432\u044b\u0441\u0442\u0430\u0432\u043a\u0435 \u0421\u0430\u0440\u0430\u0433\u043e\u0441\u044b 2018[:] - Karibian Descanso","isPartOf":{"@id":"https:\/\/karibiandescanso.com\/#website"},"primaryImageOfPage":{"@id":"https:\/\/karibiandescanso.com\/en\/feriamueblezaragoza2018\/#primaryimage"},"image":{"@id":"https:\/\/karibiandescanso.com\/en\/feriamueblezaragoza2018\/#primaryimage"},"thumbnailUrl":"https:\/\/karibiandescanso.com\/wp-content\/uploads\/2018\/01\/Blog-portada-feria-zaragoza.png","datePublished":"2018-01-22T17:25:50+00:00","dateModified":"2019-03-11T07:11:14+00:00","author":{"@id":"https:\/\/karibiandescanso.com\/#\/schema\/person\/23be63b9b19bd8da8980c8eecdd69d30"},"breadcrumb":{"@id":"https:\/\/karibiandescanso.com\/en\/feriamueblezaragoza2018\/#breadcrumb"},"inLanguage":"pl-PL","potentialAction":[{"@type":"ReadAction","target":["https:\/\/karibiandescanso.com\/en\/feriamueblezaragoza2018\/"]}]},{"@type":"ImageObject","inLanguage":"pl-PL","@id":"https:\/\/karibiandescanso.com\/en\/feriamueblezaragoza2018\/#primaryimage","url":"https:\/\/karibiandescanso.com\/wp-content\/uploads\/2018\/01\/Blog-portada-feria-zaragoza.png","contentUrl":"https:\/\/karibiandescanso.com\/wp-content\/uploads\/2018\/01\/Blog-portada-feria-zaragoza.png","width":1280,"height":720},{"@type":"BreadcrumbList","@id":"https:\/\/karibiandescanso.com\/en\/feriamueblezaragoza2018\/#breadcrumb","itemListElement":[{"@type":"ListItem","position":1,"name":"Portada","item":"https:\/\/karibiandescanso.com\/"},{"@type":"ListItem","position":2,"name":"6th ZARAGOZA FE2018"}]},{"@type":"WebSite","@id":"https:\/\/karibiandescanso.com\/#website","url":"https:\/\/karibiandescanso.com\/","name":"Karibian Descanso","description":"Gdzie jest odpoczynek","potentialAction":[{"@type":"SearchAction","target":{"@type":"EntryPoint","urlTemplate":"https:\/\/karibiandescanso.com\/?s={search_term_string}"},"query-input":{"@type":"PropertyValueSpecification","valueRequired":true,"valueName":"search_term_string"}}],"inLanguage":"pl-PL"},{"@type":"Person","@id":"https:\/\/karibiandescanso.com\/#\/schema\/person\/23be63b9b19bd8da8980c8eecdd69d30","name":"Karibian Descanso","image":{"@type":"ImageObject","inLanguage":"pl-PL","@id":"https:\/\/karibiandescanso.com\/#\/schema\/person\/image\/","url":"https:\/\/secure.gravatar.com\/avatar\/2f55039d31e0c8cf55d2c2b6e3bb49113343c35fd46d6d11806620d3c9641ba7?s=96&d=mm&r=g","contentUrl":"https:\/\/secure.gravatar.com\/avatar\/2f55039d31e0c8cf55d2c2b6e3bb49113343c35fd46d6d11806620d3c9641ba7?s=96&d=mm&r=g","caption":"Karibian Descanso"},"url":"https:\/\/karibiandescanso.com\/pl\/author\/karibian-descanso\/"}]}},"_links":{"self":[{"href":"https:\/\/karibiandescanso.com\/pl\/wp-json\/wp\/v2\/posts\/1393","targetHints":{"allow":["GET"]}}],"collection":[{"href":"https:\/\/karibiandescanso.com\/pl\/wp-json\/wp\/v2\/posts"}],"about":[{"href":"https:\/\/karibiandescanso.com\/pl\/wp-json\/wp\/v2\/types\/post"}],"author":[{"embeddable":true,"href":"https:\/\/karibiandescanso.com\/pl\/wp-json\/wp\/v2\/users\/2"}],"replies":[{"embeddable":true,"href":"https:\/\/karibiandescanso.com\/pl\/wp-json\/wp\/v2\/comments?post=1393"}],"version-history":[{"count":0,"href":"https:\/\/karibiandescanso.com\/pl\/wp-json\/wp\/v2\/posts\/1393\/revisions"}],"wp:featuredmedia":[{"embeddable":true,"href":"https:\/\/karibiandescanso.com\/pl\/wp-json\/wp\/v2\/media\/1411"}],"wp:attachment":[{"href":"https:\/\/karibiandescanso.com\/pl\/wp-json\/wp\/v2\/media?parent=1393"}],"wp:term":[{"taxonomy":"category","embeddable":true,"href":"https:\/\/karibiandescanso.com\/pl\/wp-json\/wp\/v2\/categories?post=1393"},{"taxonomy":"post_tag","embeddable":true,"href":"https:\/\/karibiandescanso.com\/pl\/wp-json\/wp\/v2\/tags?post=1393"}],"curies":[{"name":"wp","href":"https:\/\/api.w.org\/{rel}","templated":true}]}}