{"id":14850,"date":"2024-03-18T12:04:26","date_gmt":"2024-03-18T11:04:26","guid":{"rendered":"https:\/\/www.karibiandescanso.com\/?p=14850"},"modified":"2024-07-19T08:23:28","modified_gmt":"2024-07-19T06:23:28","slug":"9o-fmz","status":"publish","type":"post","link":"https:\/\/karibiandescanso.com\/pl\/9o-fmz\/","title":{"rendered":"9\u00ba FMZ"},"content":{"rendered":"<p>[vc_row css_animation=&#8221;&#8221; row_type=&#8221;row&#8221; use_row_as_full_screen_section=&#8221;no&#8221; type=&#8221;full_width&#8221; angled_section=&#8221;no&#8221; text_align=&#8221;left&#8221; background_image_as_pattern=&#8221;without_pattern&#8221;][vc_column][vc_column_text]<\/p>\n<p style=\"text-align: justify;\">W ubieg\u0142y pi\u0105tek zako\u0144czy\u0142a si\u0119 9. edycja Targ\u00f3w Meblowych w Saragossie, kt\u00f3re odby\u0142y si\u0119 w dniach 12-15 marca. Spotkanie profesjonalist\u00f3w z bran\u017cy, podczas kt\u00f3rego firma Karibian zaprezentowa\u0142a swoje najnowsze nowo\u015bci z zakresu rekreacji.<\/p>\n<p style=\"text-align: justify;\">Tym wydarzeniem Karibian rozpoczyna sezon targowy 2024. Stoisko firmy charakteryzowa\u0142o si\u0119 ekskluzywnym wyborem komfortowych modeli, w kt\u00f3rych dominowa\u0142 design i wyrafinowanie, towarzysz\u0105cych nowo\u015bciom.<\/p>\n<p>[\/vc_column_text][\/vc_column][\/vc_row][vc_row css_animation=&#8221;&#8221; row_type=&#8221;row&#8221; use_row_as_full_screen_section=&#8221;no&#8221; type=&#8221;full_width&#8221; angled_section=&#8221;no&#8221; text_align=&#8221;left&#8221; background_image_as_pattern=&#8221;without_pattern&#8221; css=&#8221;.vc_custom_1582651890821{margin-top: 40px !important;}&#8221; z_index=&#8221;&#8221;][vc_column width=&#8221;1\/2&#8243; css=&#8221;.vc_custom_1582704876715{margin-top: 40px !important;margin-bottom: 80px !important;}&#8221;][vc_single_image image=&#8221;14855&#8243; img_size=&#8221;full&#8221; qode_css_animation=&#8221;&#8221;][vc_empty_space height=&#8221;40px&#8221;][vc_single_image image=&#8221;14857&#8243; img_size=&#8221;full&#8221; qode_css_animation=&#8221;&#8221;][\/vc_column][vc_column width=&#8221;1\/2&#8243;][vc_empty_space height=&#8221;40px&#8221;][vc_single_image image=&#8221;14856&#8243; img_size=&#8221;full&#8221; qode_css_animation=&#8221;&#8221;][vc_empty_space height=&#8221;40px&#8221;][vc_single_image image=&#8221;14854&#8243; img_size=&#8221;full&#8221; qode_css_animation=&#8221;&#8221;][\/vc_column][\/vc_row][vc_row css_animation=&#8221;&#8221; row_type=&#8221;row&#8221; use_row_as_full_screen_section=&#8221;no&#8221; type=&#8221;full_width&#8221; angled_section=&#8221;no&#8221; text_align=&#8221;left&#8221; background_image_as_pattern=&#8221;without_pattern&#8221;][vc_column][vc_column_text]<\/p>\n<p style=\"text-align: justify;\">Przez ca\u0142y tydzie\u0144 Saragossa by\u0142a meblow\u0105 stolic\u0105, gdzie na swoich terenach targowych firma Karibian prezentowa\u0142a swoje najnowsze trendy w wypoczynku.<\/p>\n<p style=\"text-align: justify;\">Targi Meblowe w Saragossie by\u0142y prawdziw\u0105 rewolucj\u0105 bran\u017cow\u0105 i w ci\u0105gu zaledwie osiemnastu lat, czyli dziewi\u0119ciu edycji, sta\u0142y si\u0119 istotnym epicentrum pomi\u0119dzy producentem a sprzeda\u017c\u0105 i dystrybucj\u0105.<\/p>\n<p>[\/vc_column_text][vc_empty_space][vc_column_text]<strong>BARDZO DZI\u0118KUJ\u0118!<\/strong><\/p>\n<p style=\"text-align: justify;\">Po kilku dniach wizyt i spotka\u0144 w Saragossie, Karibian korzysta z okazji, aby podzi\u0119kowa\u0107 ka\u017cdemu profesjonalistowi, klientom, przyjacio\u0142om i og\u00f3\u0142owi spo\u0142ecze\u0144stwa, kt\u00f3rzy odwiedzili nas podczas tego Konkursu.<\/p>\n<p>[\/vc_column_text][\/vc_column][\/vc_row]<\/p>","protected":false},"excerpt":{"rendered":"<p>W dniach 12-15 marca 2024 firma Karibian uczestniczy\u0142a w 9. Edycji Targ\u00f3w Meblowych w Saragossie. Spotkanie profesjonalist\u00f3w z bran\u017cy, podczas kt\u00f3rego firma Karibian zaprezentowa\u0142a swoje najnowsze nowo\u015bci z zakresu rekreacji.<\/p>\n","protected":false},"author":2,"featured_media":14861,"comment_status":"open","ping_status":"open","sticky":false,"template":"","format":"standard","meta":{"footnotes":""},"categories":[10,164],"tags":[25,80,91,100,161,166,167,234,271,272],"class_list":["post-14850","post","type-post","status-publish","format-standard","has-post-thumbnail","hentry","category-noticias","category-ferias","tag-karibian-descanso","tag-colchon","tag-mattress","tag-furniture","tag-mueble-de-espana","tag-zaragoza-es-mueble","tag-spain-furniture","tag-fmz","tag-contract","tag-feria-del-mueble-zaragoza"],"yoast_head":"<!-- This site is optimized with the Yoast SEO plugin v27.0 - https:\/\/yoast.com\/product\/yoast-seo-wordpress\/ -->\n<title>9\u00ba FMZ - Karibian Descanso<\/title>\n<meta name=\"robots\" content=\"index, follow, max-snippet:-1, max-image-preview:large, max-video-preview:-1\" \/>\n<link rel=\"canonical\" href=\"https:\/\/karibiandescanso.com\/en\/9o-fmz\/\" \/>\n<meta property=\"og:locale\" content=\"pl_PL\" \/>\n<meta property=\"og:type\" content=\"article\" \/>\n<meta property=\"og:title\" content=\"[:es]9\u00ba FMZ[:en]9TH FMZ[:fr]9\u00c8ME FMZ[:ru]9TH FMZ[:pl]9\u00ba FMZ[:] - Karibian Descanso\" \/>\n<meta property=\"og:description\" content=\"[:es]Del 12 al 15 de marzo de 2024, Karibian particip\u00f3 en la 9\u00aa Edici\u00f3n de la Feria del Mueble de Zaragoza. Un encuentro entre profesionales del sector, donde Karibian present\u00f3 sus \u00faltimas novedades en descanso.[:en]From 12 to 15 March 2024, Karibian participated in the 9th edition of the Zaragoza Furniture Fair. A meeting between professionals of the sector, where Karibian presented its latest novelties in rest....[:fr]Du 12 au 15 mars 2024, Karibian a particip\u00e9 \u00e0 la 9e \u00e9dition du Salon du meuble de Saragosse. Une rencontre entre professionnels du secteur, o\u00f9 Karibian a pr\u00e9sent\u00e9 ses derni\u00e8res nouveaut\u00e9s en mati\u00e8re de repos.[:ru]\u0421 12 \u043f\u043e 15 \u043c\u0430\u0440\u0442\u0430 2024 \u0433\u043e\u0434\u0430 \u043a\u043e\u043c\u043f\u0430\u043d\u0438\u044f Karibian \u043f\u0440\u0438\u043d\u044f\u043b\u0430 \u0443\u0447\u0430\u0441\u0442\u0438\u0435 \u0432 9-\u0439 \u0432\u044b\u0441\u0442\u0430\u0432\u043a\u0435 \u043c\u0435\u0431\u0435\u043b\u0438 \u0432 \u0421\u0430\u0440\u0430\u0433\u043e\u0441\u0435. \u0412\u0441\u0442\u0440\u0435\u0447\u0430 \u043f\u0440\u043e\u0444\u0435\u0441\u0441\u0438\u043e\u043d\u0430\u043b\u043e\u0432 \u043e\u0442\u0440\u0430\u0441\u043b\u0438, \u043d\u0430 \u043a\u043e\u0442\u043e\u0440\u043e\u0439 Karibian \u043f\u0440\u0435\u0434\u0441\u0442\u0430\u0432\u0438\u043b\u0430 \u0441\u0432\u043e\u0438 \u043f\u043e\u0441\u043b\u0435\u0434\u043d\u0438\u0435 \u043d\u043e\u0432\u0438\u043d\u043a\u0438 \u0432 \u043e\u0431\u043b\u0430\u0441\u0442\u0438 rest...[:pl]W dniach 12-15 marca 2024 firma Karibian uczestniczy\u0142a w 9. Edycji Targ\u00f3w Meblowych w Saragossie. Spotkanie profesjonalist\u00f3w z bran\u017cy, podczas kt\u00f3rego firma Karibian zaprezentowa\u0142a swoje najnowsze nowo\u015bci z zakresu rekreacji.[:]\" \/>\n<meta property=\"og:url\" content=\"https:\/\/karibiandescanso.com\/en\/9o-fmz\/\" \/>\n<meta property=\"og:site_name\" content=\"Karibian Descanso\" \/>\n<meta property=\"article:published_time\" content=\"2024-03-18T11:04:26+00:00\" \/>\n<meta property=\"article:modified_time\" content=\"2024-07-19T06:23:28+00:00\" \/>\n<meta property=\"og:image\" content=\"https:\/\/karibiandescanso.com\/wp-content\/uploads\/2024\/03\/ZG-PORTADA.jpg\" \/>\n\t<meta property=\"og:image:width\" content=\"1920\" \/>\n\t<meta property=\"og:image:height\" content=\"1087\" \/>\n\t<meta property=\"og:image:type\" content=\"image\/jpeg\" \/>\n<meta name=\"author\" content=\"Karibian Descanso\" \/>\n<meta name=\"twitter:card\" content=\"summary_large_image\" \/>\n<meta name=\"twitter:label1\" content=\"Napisane przez\" \/>\n\t<meta name=\"twitter:data1\" content=\"Karibian Descanso\" \/>\n\t<meta name=\"twitter:label2\" content=\"Szacowany czas czytania\" \/>\n\t<meta name=\"twitter:data2\" content=\"4 minuty\" \/>\n<script type=\"application\/ld+json\" class=\"yoast-schema-graph\">{\"@context\":\"https:\/\/schema.org\",\"@graph\":[{\"@type\":\"Article\",\"@id\":\"https:\/\/karibiandescanso.com\/en\/9o-fmz\/#article\",\"isPartOf\":{\"@id\":\"https:\/\/karibiandescanso.com\/en\/9o-fmz\/\"},\"author\":{\"name\":\"Karibian Descanso\",\"@id\":\"https:\/\/karibiandescanso.com\/#\/schema\/person\/23be63b9b19bd8da8980c8eecdd69d30\"},\"headline\":\"9\u00ba FMZ\",\"datePublished\":\"2024-03-18T11:04:26+00:00\",\"dateModified\":\"2024-07-19T06:23:28+00:00\",\"mainEntityOfPage\":{\"@id\":\"https:\/\/karibiandescanso.com\/en\/9o-fmz\/\"},\"wordCount\":1900,\"commentCount\":0,\"image\":{\"@id\":\"https:\/\/karibiandescanso.com\/en\/9o-fmz\/#primaryimage\"},\"thumbnailUrl\":\"https:\/\/karibiandescanso.com\/wp-content\/uploads\/2024\/03\/ZG-PORTADA.jpg\",\"keywords\":[\"karibian descanso\",\"Colchon\",\"Mattress\",\"Furniture\",\"Mueble de Espa\u00f1a\",\"Zaragoza es mueble\",\"Spain Furniture\",\"FMZ\",\"Contract\",\"Feria del Mueble Zaragoza\"],\"articleSection\":[\"noticias\",\"Ferias\"],\"inLanguage\":\"pl-PL\",\"potentialAction\":[{\"@type\":\"CommentAction\",\"name\":\"Comment\",\"target\":[\"https:\/\/karibiandescanso.com\/en\/9o-fmz\/#respond\"]}]},{\"@type\":\"WebPage\",\"@id\":\"https:\/\/karibiandescanso.com\/en\/9o-fmz\/\",\"url\":\"https:\/\/karibiandescanso.com\/en\/9o-fmz\/\",\"name\":\"[:es]9\u00ba FMZ[:en]9TH FMZ[:fr]9\u00c8ME FMZ[:ru]9TH FMZ[:pl]9\u00ba FMZ[:] - Karibian Descanso\",\"isPartOf\":{\"@id\":\"https:\/\/karibiandescanso.com\/#website\"},\"primaryImageOfPage\":{\"@id\":\"https:\/\/karibiandescanso.com\/en\/9o-fmz\/#primaryimage\"},\"image\":{\"@id\":\"https:\/\/karibiandescanso.com\/en\/9o-fmz\/#primaryimage\"},\"thumbnailUrl\":\"https:\/\/karibiandescanso.com\/wp-content\/uploads\/2024\/03\/ZG-PORTADA.jpg\",\"datePublished\":\"2024-03-18T11:04:26+00:00\",\"dateModified\":\"2024-07-19T06:23:28+00:00\",\"author\":{\"@id\":\"https:\/\/karibiandescanso.com\/#\/schema\/person\/23be63b9b19bd8da8980c8eecdd69d30\"},\"breadcrumb\":{\"@id\":\"https:\/\/karibiandescanso.com\/en\/9o-fmz\/#breadcrumb\"},\"inLanguage\":\"pl-PL\",\"potentialAction\":[{\"@type\":\"ReadAction\",\"target\":[\"https:\/\/karibiandescanso.com\/en\/9o-fmz\/\"]}]},{\"@type\":\"ImageObject\",\"inLanguage\":\"pl-PL\",\"@id\":\"https:\/\/karibiandescanso.com\/en\/9o-fmz\/#primaryimage\",\"url\":\"https:\/\/karibiandescanso.com\/wp-content\/uploads\/2024\/03\/ZG-PORTADA.jpg\",\"contentUrl\":\"https:\/\/karibiandescanso.com\/wp-content\/uploads\/2024\/03\/ZG-PORTADA.jpg\",\"width\":1920,\"height\":1087},{\"@type\":\"BreadcrumbList\",\"@id\":\"https:\/\/karibiandescanso.com\/en\/9o-fmz\/#breadcrumb\",\"itemListElement\":[{\"@type\":\"ListItem\",\"position\":1,\"name\":\"Portada\",\"item\":\"https:\/\/karibiandescanso.com\/\"},{\"@type\":\"ListItem\",\"position\":2,\"name\":\"9TH FMZ\"}]},{\"@type\":\"WebSite\",\"@id\":\"https:\/\/karibiandescanso.com\/#website\",\"url\":\"https:\/\/karibiandescanso.com\/\",\"name\":\"Karibian Descanso\",\"description\":\"Gdzie jest odpoczynek\",\"potentialAction\":[{\"@type\":\"SearchAction\",\"target\":{\"@type\":\"EntryPoint\",\"urlTemplate\":\"https:\/\/karibiandescanso.com\/?s={search_term_string}\"},\"query-input\":{\"@type\":\"PropertyValueSpecification\",\"valueRequired\":true,\"valueName\":\"search_term_string\"}}],\"inLanguage\":\"pl-PL\"},{\"@type\":\"Person\",\"@id\":\"https:\/\/karibiandescanso.com\/#\/schema\/person\/23be63b9b19bd8da8980c8eecdd69d30\",\"name\":\"Karibian Descanso\",\"image\":{\"@type\":\"ImageObject\",\"inLanguage\":\"pl-PL\",\"@id\":\"https:\/\/karibiandescanso.com\/#\/schema\/person\/image\/\",\"url\":\"https:\/\/secure.gravatar.com\/avatar\/2f55039d31e0c8cf55d2c2b6e3bb49113343c35fd46d6d11806620d3c9641ba7?s=96&d=mm&r=g\",\"contentUrl\":\"https:\/\/secure.gravatar.com\/avatar\/2f55039d31e0c8cf55d2c2b6e3bb49113343c35fd46d6d11806620d3c9641ba7?s=96&d=mm&r=g\",\"caption\":\"Karibian Descanso\"},\"url\":\"https:\/\/karibiandescanso.com\/pl\/author\/karibian-descanso\/\"}]}<\/script>\n<!-- \/ Yoast SEO plugin. -->","yoast_head_json":{"title":"[:es]9\u00ba FMZ[:en]9TH FMZ[:fr]9\u00c8ME FMZ[:ru]9TH FMZ[:pl]9\u00ba FMZ[:] - Karibian Descanso","robots":{"index":"index","follow":"follow","max-snippet":"max-snippet:-1","max-image-preview":"max-image-preview:large","max-video-preview":"max-video-preview:-1"},"canonical":"https:\/\/karibiandescanso.com\/en\/9o-fmz\/","og_locale":"pl_PL","og_type":"article","og_title":"[:es]9\u00ba FMZ[:en]9TH FMZ[:fr]9\u00c8ME FMZ[:ru]9TH FMZ[:pl]9\u00ba FMZ[:] - Karibian Descanso","og_description":"[:es]Del 12 al 15 de marzo de 2024, Karibian particip\u00f3 en la 9\u00aa Edici\u00f3n de la Feria del Mueble de Zaragoza. Un encuentro entre profesionales del sector, donde Karibian present\u00f3 sus \u00faltimas novedades en descanso.[:en]From 12 to 15 March 2024, Karibian participated in the 9th edition of the Zaragoza Furniture Fair. A meeting between professionals of the sector, where Karibian presented its latest novelties in rest....[:fr]Du 12 au 15 mars 2024, Karibian a particip\u00e9 \u00e0 la 9e \u00e9dition du Salon du meuble de Saragosse. Une rencontre entre professionnels du secteur, o\u00f9 Karibian a pr\u00e9sent\u00e9 ses derni\u00e8res nouveaut\u00e9s en mati\u00e8re de repos.[:ru]\u0421 12 \u043f\u043e 15 \u043c\u0430\u0440\u0442\u0430 2024 \u0433\u043e\u0434\u0430 \u043a\u043e\u043c\u043f\u0430\u043d\u0438\u044f Karibian \u043f\u0440\u0438\u043d\u044f\u043b\u0430 \u0443\u0447\u0430\u0441\u0442\u0438\u0435 \u0432 9-\u0439 \u0432\u044b\u0441\u0442\u0430\u0432\u043a\u0435 \u043c\u0435\u0431\u0435\u043b\u0438 \u0432 \u0421\u0430\u0440\u0430\u0433\u043e\u0441\u0435. \u0412\u0441\u0442\u0440\u0435\u0447\u0430 \u043f\u0440\u043e\u0444\u0435\u0441\u0441\u0438\u043e\u043d\u0430\u043b\u043e\u0432 \u043e\u0442\u0440\u0430\u0441\u043b\u0438, \u043d\u0430 \u043a\u043e\u0442\u043e\u0440\u043e\u0439 Karibian \u043f\u0440\u0435\u0434\u0441\u0442\u0430\u0432\u0438\u043b\u0430 \u0441\u0432\u043e\u0438 \u043f\u043e\u0441\u043b\u0435\u0434\u043d\u0438\u0435 \u043d\u043e\u0432\u0438\u043d\u043a\u0438 \u0432 \u043e\u0431\u043b\u0430\u0441\u0442\u0438 rest...[:pl]W dniach 12-15 marca 2024 firma Karibian uczestniczy\u0142a w 9. Edycji Targ\u00f3w Meblowych w Saragossie. Spotkanie profesjonalist\u00f3w z bran\u017cy, podczas kt\u00f3rego firma Karibian zaprezentowa\u0142a swoje najnowsze nowo\u015bci z zakresu rekreacji.[:]","og_url":"https:\/\/karibiandescanso.com\/en\/9o-fmz\/","og_site_name":"Karibian Descanso","article_published_time":"2024-03-18T11:04:26+00:00","article_modified_time":"2024-07-19T06:23:28+00:00","og_image":[{"width":1920,"height":1087,"url":"https:\/\/karibiandescanso.com\/wp-content\/uploads\/2024\/03\/ZG-PORTADA.jpg","type":"image\/jpeg"}],"author":"Karibian Descanso","twitter_card":"summary_large_image","twitter_misc":{"Napisane przez":"Karibian Descanso","Szacowany czas czytania":"4 minuty"},"schema":{"@context":"https:\/\/schema.org","@graph":[{"@type":"Article","@id":"https:\/\/karibiandescanso.com\/en\/9o-fmz\/#article","isPartOf":{"@id":"https:\/\/karibiandescanso.com\/en\/9o-fmz\/"},"author":{"name":"Karibian Descanso","@id":"https:\/\/karibiandescanso.com\/#\/schema\/person\/23be63b9b19bd8da8980c8eecdd69d30"},"headline":"9\u00ba FMZ","datePublished":"2024-03-18T11:04:26+00:00","dateModified":"2024-07-19T06:23:28+00:00","mainEntityOfPage":{"@id":"https:\/\/karibiandescanso.com\/en\/9o-fmz\/"},"wordCount":1900,"commentCount":0,"image":{"@id":"https:\/\/karibiandescanso.com\/en\/9o-fmz\/#primaryimage"},"thumbnailUrl":"https:\/\/karibiandescanso.com\/wp-content\/uploads\/2024\/03\/ZG-PORTADA.jpg","keywords":["karibian descanso","Colchon","Mattress","Furniture","Mueble de Espa\u00f1a","Zaragoza es mueble","Spain Furniture","FMZ","Contract","Feria del Mueble Zaragoza"],"articleSection":["noticias","Ferias"],"inLanguage":"pl-PL","potentialAction":[{"@type":"CommentAction","name":"Comment","target":["https:\/\/karibiandescanso.com\/en\/9o-fmz\/#respond"]}]},{"@type":"WebPage","@id":"https:\/\/karibiandescanso.com\/en\/9o-fmz\/","url":"https:\/\/karibiandescanso.com\/en\/9o-fmz\/","name":"[:es]9\u00ba FMZ[:en]9TH FMZ[:fr]9\u00c8ME FMZ[:ru]9TH FMZ[:pl]9\u00ba FMZ[:] - Karibian Descanso","isPartOf":{"@id":"https:\/\/karibiandescanso.com\/#website"},"primaryImageOfPage":{"@id":"https:\/\/karibiandescanso.com\/en\/9o-fmz\/#primaryimage"},"image":{"@id":"https:\/\/karibiandescanso.com\/en\/9o-fmz\/#primaryimage"},"thumbnailUrl":"https:\/\/karibiandescanso.com\/wp-content\/uploads\/2024\/03\/ZG-PORTADA.jpg","datePublished":"2024-03-18T11:04:26+00:00","dateModified":"2024-07-19T06:23:28+00:00","author":{"@id":"https:\/\/karibiandescanso.com\/#\/schema\/person\/23be63b9b19bd8da8980c8eecdd69d30"},"breadcrumb":{"@id":"https:\/\/karibiandescanso.com\/en\/9o-fmz\/#breadcrumb"},"inLanguage":"pl-PL","potentialAction":[{"@type":"ReadAction","target":["https:\/\/karibiandescanso.com\/en\/9o-fmz\/"]}]},{"@type":"ImageObject","inLanguage":"pl-PL","@id":"https:\/\/karibiandescanso.com\/en\/9o-fmz\/#primaryimage","url":"https:\/\/karibiandescanso.com\/wp-content\/uploads\/2024\/03\/ZG-PORTADA.jpg","contentUrl":"https:\/\/karibiandescanso.com\/wp-content\/uploads\/2024\/03\/ZG-PORTADA.jpg","width":1920,"height":1087},{"@type":"BreadcrumbList","@id":"https:\/\/karibiandescanso.com\/en\/9o-fmz\/#breadcrumb","itemListElement":[{"@type":"ListItem","position":1,"name":"Portada","item":"https:\/\/karibiandescanso.com\/"},{"@type":"ListItem","position":2,"name":"9TH FMZ"}]},{"@type":"WebSite","@id":"https:\/\/karibiandescanso.com\/#website","url":"https:\/\/karibiandescanso.com\/","name":"Karibian Descanso","description":"Gdzie jest odpoczynek","potentialAction":[{"@type":"SearchAction","target":{"@type":"EntryPoint","urlTemplate":"https:\/\/karibiandescanso.com\/?s={search_term_string}"},"query-input":{"@type":"PropertyValueSpecification","valueRequired":true,"valueName":"search_term_string"}}],"inLanguage":"pl-PL"},{"@type":"Person","@id":"https:\/\/karibiandescanso.com\/#\/schema\/person\/23be63b9b19bd8da8980c8eecdd69d30","name":"Karibian Descanso","image":{"@type":"ImageObject","inLanguage":"pl-PL","@id":"https:\/\/karibiandescanso.com\/#\/schema\/person\/image\/","url":"https:\/\/secure.gravatar.com\/avatar\/2f55039d31e0c8cf55d2c2b6e3bb49113343c35fd46d6d11806620d3c9641ba7?s=96&d=mm&r=g","contentUrl":"https:\/\/secure.gravatar.com\/avatar\/2f55039d31e0c8cf55d2c2b6e3bb49113343c35fd46d6d11806620d3c9641ba7?s=96&d=mm&r=g","caption":"Karibian Descanso"},"url":"https:\/\/karibiandescanso.com\/pl\/author\/karibian-descanso\/"}]}},"_links":{"self":[{"href":"https:\/\/karibiandescanso.com\/pl\/wp-json\/wp\/v2\/posts\/14850","targetHints":{"allow":["GET"]}}],"collection":[{"href":"https:\/\/karibiandescanso.com\/pl\/wp-json\/wp\/v2\/posts"}],"about":[{"href":"https:\/\/karibiandescanso.com\/pl\/wp-json\/wp\/v2\/types\/post"}],"author":[{"embeddable":true,"href":"https:\/\/karibiandescanso.com\/pl\/wp-json\/wp\/v2\/users\/2"}],"replies":[{"embeddable":true,"href":"https:\/\/karibiandescanso.com\/pl\/wp-json\/wp\/v2\/comments?post=14850"}],"version-history":[{"count":0,"href":"https:\/\/karibiandescanso.com\/pl\/wp-json\/wp\/v2\/posts\/14850\/revisions"}],"wp:featuredmedia":[{"embeddable":true,"href":"https:\/\/karibiandescanso.com\/pl\/wp-json\/wp\/v2\/media\/14861"}],"wp:attachment":[{"href":"https:\/\/karibiandescanso.com\/pl\/wp-json\/wp\/v2\/media?parent=14850"}],"wp:term":[{"taxonomy":"category","embeddable":true,"href":"https:\/\/karibiandescanso.com\/pl\/wp-json\/wp\/v2\/categories?post=14850"},{"taxonomy":"post_tag","embeddable":true,"href":"https:\/\/karibiandescanso.com\/pl\/wp-json\/wp\/v2\/tags?post=14850"}],"curies":[{"name":"wp","href":"https:\/\/api.w.org\/{rel}","templated":true}]}}