{"id":18636,"date":"2026-04-28T12:00:34","date_gmt":"2026-04-28T10:00:34","guid":{"rendered":"https:\/\/karibiandescanso.com\/?p=18636"},"modified":"2026-04-28T15:01:35","modified_gmt":"2026-04-28T13:01:35","slug":"salone-del-mobile-milano-2026","status":"publish","type":"post","link":"https:\/\/karibiandescanso.com\/pl\/salone-del-mobile-milano-2026\/","title":{"rendered":"SALONE DEL MOBILE MILANO 2026"},"content":{"rendered":"<p>[vc_row css_animation=&#8221;&#8221; row_type=&#8221;row&#8221; use_row_as_full_screen_section=&#8221;no&#8221; type=&#8221;full_width&#8221; angled_section=&#8221;no&#8221; text_align=&#8221;left&#8221; background_image_as_pattern=&#8221;without_pattern&#8221;][vc_column][vc_single_image image=&#8221;18680&#8243; img_size=&#8221;full&#8221; alignment=&#8221;center&#8221; qode_css_animation=&#8221;&#8221;][vc_empty_space height=&#8221;40px&#8221;][vc_column_text]<\/p>\n<h1><strong data-start=\"4122\" data-end=\"4198\">TARGI W MEDIOLANIE 2026: edycja, kt\u00f3ra inspiruje nas do dalszego rozwoju<\/strong><\/h1>\n<p>[\/vc_column_text][vc_empty_space height=&#8221;20px&#8221;][vc_column_text]Targi w Mediolanie 2026 po raz kolejny sta\u0142y si\u0119 jednym z najwa\u017cniejszych miejsc spotka\u0144 bran\u017cy snu i wypoczynku, \u0142\u0105cz\u0105c innowacje, design i nowe trendy w jednej przestrzeni.<\/p>\n<p>Dla Karibian ta 64. edycja mia\u0142a szczeg\u00f3lne znaczenie. By\u0142a to okazja do zaprezentowania naszej pracy, podzielenia si\u0119 wizj\u0105 z profesjonalistami z bran\u017cy oraz dalszego budowania relacji, kt\u00f3re nap\u0119dzaj\u0105 rozw\u00f3j naszych produkt\u00f3w.[\/vc_column_text][vc_empty_space height=&#8221;40px&#8221;][vc_column_text]<\/p>\n<h2><strong data-start=\"4613\" data-end=\"4646\">Kluczowe spotkanie dla bran\u017cy<\/strong><\/h2>\n<p>[\/vc_column_text][vc_empty_space height=&#8221;20px&#8221;][vc_column_text]Salone del Mobile to znacznie wi\u0119cej ni\u017c mi\u0119dzynarodowe wydarzenie \u2014 to przestrze\u0144, w kt\u00f3rej definiuje si\u0119 przysz\u0142o\u015b\u0107 designu, materia\u0142\u00f3w i do\u015bwiadczenia snu.[\/vc_column_text][vc_empty_space height=&#8221;20px&#8221;][vc_column_text]<\/p>\n<h3><a href=\"https:\/\/www.focuspiedra.com\/salone-del-mobile-2026-bate-records-con-316-342-visitantes-y-espana-es-ya-el-tercer-pais-con-mas-expositores\/\"><strong>Salone del Mobile 2026 bije rekordy \u2014 316 342 odwiedzaj\u0105cych, a Hiszpania jest ju\u017c trzecim krajem pod wzgl\u0119dem liczby wystawc\u00f3w.<\/strong><\/a><\/h3>\n<p>[\/vc_column_text][vc_empty_space height=&#8221;20px&#8221;][vc_column_text]Mediolan po raz kolejny udowadnia, \u017ce pozostaje \u015bwiatow\u0105 stolic\u0105 designu.<\/p>\n<p>64. edycja Salone del Mobile.Milano zako\u0144czy\u0142a si\u0119 imponuj\u0105cym wynikiem: 316.342 odwiedzaj\u0105cych ze 167 kraj\u00f3w, co oznacza wzrost o 4,5% w por\u00f3wnaniu z 2025 rokiem, umacniaj\u0105c pozycj\u0119 wydarzenia jako najwa\u017cniejszych targ\u00f3w bran\u017cowych na \u015bwiecie.<\/p>\n<p>Udzia\u0142 mi\u0119dzynarodowy ponownie odegra\u0142 kluczow\u0105 rol\u0119: 68% profesjonalnych odwiedzaj\u0105cych stanowili go\u015bcie z zagranicy, utrzymuj\u0105c poziom z 2025 roku.<\/p>\n<p>Z udzia\u0142em 1.900 marek z 32 kraj\u00f3w edycja 2026 pokaza\u0142a konkurencyjny ekosystem przemys\u0142owy gotowy sprosta\u0107 nowym wyzwaniom wsp\u00f3\u0142czesnego stylu \u017cycia.<\/p>\n<p>Jednym z najbardziej znacz\u0105cych danych by\u0142 awans Hiszpanii, kt\u00f3ra sta\u0142a si\u0119 trzecim krajem pod wzgl\u0119dem liczby uczestnik\u00f3w, notuj\u0105c wzrost o 8,7% w por\u00f3wnaniu z 2025 rokiem.[\/vc_column_text][vc_empty_space height=&#8221;10px&#8221;][vc_column_text]W trakcie tych dni mogli\u015bmy z pierwszej r\u0119ki pozna\u0107 trendy, kt\u00f3re b\u0119d\u0105 kszta\u0142towa\u0107 nadchodz\u0105ce lata, oraz wymieni\u0107 si\u0119 spostrze\u017ceniami z klientami, dystrybutorami i specjalistami, kt\u00f3rzy \u2014 tak jak my \u2014 postrzegaj\u0105 odpoczynek jako co\u015b, co nieustannie ewoluuje.[\/vc_column_text][vc_empty_space height=&#8221;40px&#8221;][vc_column_text]<\/p>\n<h3><strong data-start=\"6013\" data-end=\"6052\">Innowacje, materia\u0142y i nowe pomys\u0142y<\/strong><\/h3>\n<p>[\/vc_column_text][vc_empty_space height=&#8221;20px&#8221;][vc_column_text]<\/p>\n<p data-start=\"6009\" data-end=\"6162\">Te dni przynios\u0142y nam r\u00f3wnie\u017c inspiracj\u0119 i nowe perspektywy do dalszego rozwijania kolekcji, kt\u00f3re \u0142\u0105cz\u0105:<\/p>\n<ul data-start=\"6163\" data-end=\"6277\">\n<li data-section-id=\"gdt7yh\" data-start=\"6163\" data-end=\"6174\">Komfort<\/li>\n<li data-section-id=\"cef4ow\" data-start=\"6175\" data-end=\"6190\">Technologi\u0119<\/li>\n<li data-section-id=\"10a6mip\" data-start=\"6191\" data-end=\"6219\">Wysok\u0105 jako\u015b\u0107 materia\u0142\u00f3w<\/li>\n<li data-section-id=\"kyfx53\" data-start=\"6220\" data-end=\"6277\">Design zaprojektowany z my\u015bl\u0105 o prawdziwym wypoczynku<\/li>\n<\/ul>\n<p>[\/vc_column_text][\/vc_column][\/vc_row][vc_row css_animation=&#8221;&#8221; row_type=&#8221;row&#8221; use_row_as_full_screen_section=&#8221;no&#8221; type=&#8221;full_width&#8221; angled_section=&#8221;no&#8221; text_align=&#8221;left&#8221; background_image_as_pattern=&#8221;without_pattern&#8221;][vc_column][vc_empty_space height=&#8221;40px&#8221;][vc_column_text]<\/p>\n<h2><strong>Nasza przestrze\u0144 w Mediolanie<\/strong><\/h2>\n<p>[\/vc_column_text][vc_empty_space height=&#8221;20px&#8221;][vc_column_text]Podczas tej edycji Karibian zaprezentowa\u0142 swoje najnowsze propozycje na stoisku zaprojektowanym z wyj\u0105tkow\u0105 dba\u0142o\u015bci\u0105 o detale, aby w jasny spos\u00f3b odda\u0107 nasze podej\u015bcie do odpoczynku.<\/p>\n<p>Przestrze\u0144, w kt\u00f3rej ka\u017cdy element \u2014 od materia\u0142\u00f3w po uk\u0142ad \u2014 zosta\u0142 zaplanowany tak, aby stworzy\u0107 sp\u00f3jne, dopracowane do\u015bwiadczenie zgodne z naszymi warto\u015bciami: technologi\u0105, innowacj\u0105 i najwy\u017csz\u0105 jako\u015bci\u0105 komfortu.<\/p>\n<p>Za jej po\u015brednictwem zaprezentowali\u015bmy nasze najnowsze innowacje, potwierdzaj\u0105c nasze zaanga\u017cowanie w dobrostan oraz rozw\u00f3j produkt\u00f3w, kt\u00f3re nie tylko odpowiadaj\u0105 na obecne potrzeby, ale tak\u017ce przewiduj\u0105 nowe sposoby odpoczynku dla najbardziej wymagaj\u0105cych klient\u00f3w.<\/p>\n<p>[\/vc_column_text][\/vc_column][\/vc_row][vc_row css_animation=&#8221;&#8221; row_type=&#8221;row&#8221; use_row_as_full_screen_section=&#8221;no&#8221; type=&#8221;full_width&#8221; angled_section=&#8221;no&#8221; text_align=&#8221;left&#8221; background_image_as_pattern=&#8221;without_pattern&#8221;][vc_column width=&#8221;1\/2&#8243;][vc_empty_space height=&#8221;120px&#8221;][vc_column_text]<\/p>\n<h2><strong data-start=\"6993\" data-end=\"7021\">Dzi\u0119kujemy za odwiedziny<\/strong><\/h2>\n<p>[\/vc_column_text][vc_empty_space height=&#8221;20px&#8221;][vc_column_text]Serdecznie dzi\u0119kujemy wszystkim, kt\u00f3rzy odwiedzili nasze stoisko podczas targ\u00f3w.<\/p>\n<p>Ka\u017cda rozmowa, ka\u017cda wizyta i ka\u017cda wymiana do\u015bwiadcze\u0144 pomagaj\u0105 nam si\u0119 rozwija\u0107 i doskonali\u0107 to, co robimy ka\u017cdego dnia.<\/p>\n<p>By\u0142o nam bardzo mi\u0142o m\u00f3c podzieli\u0107 si\u0119 z Wami naszymi nowo\u015bciami i pozna\u0107 Wasze opinie na temat rynku oraz przysz\u0142o\u015bci wypoczynku.[\/vc_column_text][\/vc_column][vc_column width=&#8221;1\/2&#8243;][vc_empty_space height=&#8221;50px&#8221;][vc_gallery interval=&#8221;3&#8243; images=&#8221;18657,18655,18656,18658&#8243;][\/vc_column][\/vc_row][vc_row css_animation=&#8221;&#8221; row_type=&#8221;row&#8221; use_row_as_full_screen_section=&#8221;no&#8221; type=&#8221;full_width&#8221; angled_section=&#8221;no&#8221; text_align=&#8221;left&#8221; background_image_as_pattern=&#8221;without_pattern&#8221;][vc_column][vc_empty_space height=&#8221;50px&#8221;][vc_column_text]<\/p>\n<h2 style=\"text-align: justify;\"><strong data-start=\"7369\" data-end=\"7401\">Zobacz jeszcze raz t\u0119 chwil\u0119<\/strong><\/h2>\n<p>[\/vc_column_text][vc_empty_space height=&#8221;20px&#8221;][vc_column_text]Je\u015bli chcesz dowiedzie\u0107 si\u0119 wi\u0119cej o naszym udziale w targach i zobaczy\u0107 z bliska stoisko oraz kolekcje, kt\u00f3re wyr\u00f3\u017cni\u0142y t\u0119 edycj\u0119, zapraszamy do obejrzenia filmu podsumowuj\u0105cego:[\/vc_column_text][vc_empty_space height=&#8221;15px&#8221;][vc_video link=&#8221;https:\/\/youtu.be\/hIpsCrGZicU&#8221;][\/vc_column][\/vc_row][vc_row css_animation=&#8221;&#8221; row_type=&#8221;row&#8221; use_row_as_full_screen_section=&#8221;no&#8221; type=&#8221;full_width&#8221; angled_section=&#8221;no&#8221; text_align=&#8221;left&#8221; background_image_as_pattern=&#8221;without_pattern&#8221;][vc_column][vc_empty_space height=&#8221;50px&#8221;][vc_column_text]<\/p>\n<h2 style=\"text-align: justify;\"><strong data-start=\"7590\" data-end=\"7607\">Idziemy dalej<\/strong><\/h2>\n<p>[\/vc_column_text][vc_empty_space height=&#8221;20px&#8221;][vc_column_text]Wracamy z Mediolanu z now\u0105 energi\u0105 i przekonaniem, \u017ce jeste\u015bmy na w\u0142a\u015bciwej drodze: tworzy\u0107 rozwi\u0105zania snu, kt\u00f3re poprawiaj\u0105 jako\u015b\u0107 \u017cycia. Dzi\u0119kujemy, \u017ce jeste\u015bcie cz\u0119\u015bci\u0105 tej drogi.[\/vc_column_text][\/vc_column][\/vc_row]<\/p>","protected":false},"excerpt":{"rendered":"<p>Odkryj dwa sposoby wypoczynku i sprawd\u017a, kt\u00f3ry materac hybrydowy najlepiej do Ciebie pasuje. Por\u00f3wnujemy piank\u0119 HR i spr\u0119\u017cyny kieszeniowe, aby pom\u00f3c Ci wybra\u0107 idealny materac.<\/p>\n","protected":false},"author":2,"featured_media":18742,"comment_status":"open","ping_status":"open","sticky":false,"template":"","format":"standard","meta":{"footnotes":""},"categories":[10,164],"tags":[197,201,307,308,309,310,311,312,313,314,315],"class_list":["post-18636","post","type-post","status-publish","format-standard","has-post-thumbnail","hentry","category-noticias","category-ferias","tag-made-in-spain","tag-karibian","tag-feria-de-milan-2026","tag-salone-del-mobile-milano-2026","tag-industria-del-descanso","tag-innovacion-en-colchones","tag-tendencias-del-descanso","tag-diseno-de-colchones","tag-materiales-innovadores","tag-networking","tag-ferias-internacionales"],"yoast_head":"<!-- This site is optimized with the Yoast SEO plugin v27.0 - https:\/\/yoast.com\/product\/yoast-seo-wordpress\/ -->\n<title>SALONE DEL MOBILE MILANO 2026 - Karibian Descanso<\/title>\n<meta name=\"description\" content=\"Descubre c\u00f3mo ha sido esta \u00faltima edici\u00f3n del Salone del Mobile Milano y echa un vistazo a las novedades presentadas por Karibian.\" \/>\n<meta name=\"robots\" content=\"index, follow, max-snippet:-1, max-image-preview:large, max-video-preview:-1\" \/>\n<link rel=\"canonical\" href=\"https:\/\/karibiandescanso.com\/salone-del-mobile-milano-2026\/\" \/>\n<meta property=\"og:locale\" content=\"pl_PL\" \/>\n<meta property=\"og:type\" content=\"article\" \/>\n<meta property=\"og:title\" content=\"Dos formas de descansar: Hybrid\" \/>\n<meta property=\"og:description\" content=\"Descubre dos formas de descanso y qu\u00e9 colch\u00f3n h\u00edbrido se adapta mejor a ti. Comparamos HR vs muelles ensacados para que elijas el colch\u00f3n ideal.\" \/>\n<meta property=\"og:url\" content=\"https:\/\/karibiandescanso.com\/salone-del-mobile-milano-2026\/\" \/>\n<meta property=\"og:site_name\" content=\"Karibian Descanso\" \/>\n<meta property=\"article:published_time\" content=\"2026-04-28T10:00:34+00:00\" \/>\n<meta property=\"article:modified_time\" content=\"2026-04-28T13:01:35+00:00\" \/>\n<meta property=\"og:image\" content=\"https:\/\/karibiandescanso.com\/wp-content\/uploads\/2026\/03\/2-modos-descanso-hybrid.webp\" \/>\n\t<meta property=\"og:image:width\" content=\"1000\" \/>\n\t<meta property=\"og:image:height\" content=\"566\" \/>\n\t<meta property=\"og:image:type\" content=\"image\/webp\" \/>\n<meta name=\"author\" content=\"Karibian Descanso\" \/>\n<meta name=\"twitter:card\" content=\"summary_large_image\" \/>\n<meta name=\"twitter:title\" content=\"Dos formas de descansar: Hybrid\" \/>\n<meta name=\"twitter:description\" content=\"Descubre dos formas de descanso y qu\u00e9 colch\u00f3n h\u00edbrido se adapta mejor a ti. Comparamos HR vs muelles ensacados para que elijas el colch\u00f3n ideal.\" \/>\n<meta name=\"twitter:image\" content=\"https:\/\/karibiandescanso.com\/wp-content\/uploads\/2026\/03\/2-modos-descanso-hybrid.webp\" \/>\n<meta name=\"twitter:label1\" content=\"Napisane przez\" \/>\n\t<meta name=\"twitter:data1\" content=\"Karibian Descanso\" \/>\n\t<meta name=\"twitter:label2\" content=\"Szacowany czas czytania\" \/>\n\t<meta name=\"twitter:data2\" content=\"9 minut\" \/>\n<script type=\"application\/ld+json\" class=\"yoast-schema-graph\">{\"@context\":\"https:\/\/schema.org\",\"@graph\":[{\"@type\":\"Article\",\"@id\":\"https:\/\/karibiandescanso.com\/salone-del-mobile-milano-2026\/#article\",\"isPartOf\":{\"@id\":\"https:\/\/karibiandescanso.com\/salone-del-mobile-milano-2026\/\"},\"author\":{\"name\":\"Karibian Descanso\",\"@id\":\"https:\/\/karibiandescanso.com\/#\/schema\/person\/23be63b9b19bd8da8980c8eecdd69d30\"},\"headline\":\"SALONE DEL MOBILE MILANO 2026\",\"datePublished\":\"2026-04-28T10:00:34+00:00\",\"dateModified\":\"2026-04-28T13:01:35+00:00\",\"mainEntityOfPage\":{\"@id\":\"https:\/\/karibiandescanso.com\/salone-del-mobile-milano-2026\/\"},\"wordCount\":4920,\"commentCount\":0,\"image\":{\"@id\":\"https:\/\/karibiandescanso.com\/salone-del-mobile-milano-2026\/#primaryimage\"},\"thumbnailUrl\":\"https:\/\/karibiandescanso.com\/wp-content\/uploads\/2026\/03\/milano-portada.jpg\",\"keywords\":[\"Made in Spain\",\"Karibian\",\"Feria de Mil\u00e1n 2026\",\"Salone del Mobile Milano 2026\",\"Industria del descanso\",\"Innovaci\u00f3n en colchones\",\"Tendencias del descanso\",\"Dise\u00f1o de colchones\",\"Materiales innovadores\",\"Networking\",\"Ferias internacionales\"],\"articleSection\":[\"noticias\",\"Ferias\"],\"inLanguage\":\"pl-PL\",\"potentialAction\":[{\"@type\":\"CommentAction\",\"name\":\"Comment\",\"target\":[\"https:\/\/karibiandescanso.com\/salone-del-mobile-milano-2026\/#respond\"]}]},{\"@type\":\"WebPage\",\"@id\":\"https:\/\/karibiandescanso.com\/salone-del-mobile-milano-2026\/\",\"url\":\"https:\/\/karibiandescanso.com\/salone-del-mobile-milano-2026\/\",\"name\":\"SALONE DEL MOBILE MILANO 2026 - Karibian Descanso\",\"isPartOf\":{\"@id\":\"https:\/\/karibiandescanso.com\/#website\"},\"primaryImageOfPage\":{\"@id\":\"https:\/\/karibiandescanso.com\/salone-del-mobile-milano-2026\/#primaryimage\"},\"image\":{\"@id\":\"https:\/\/karibiandescanso.com\/salone-del-mobile-milano-2026\/#primaryimage\"},\"thumbnailUrl\":\"https:\/\/karibiandescanso.com\/wp-content\/uploads\/2026\/03\/milano-portada.jpg\",\"datePublished\":\"2026-04-28T10:00:34+00:00\",\"dateModified\":\"2026-04-28T13:01:35+00:00\",\"author\":{\"@id\":\"https:\/\/karibiandescanso.com\/#\/schema\/person\/23be63b9b19bd8da8980c8eecdd69d30\"},\"description\":\"Descubre c\u00f3mo ha sido esta \u00faltima edici\u00f3n del Salone del Mobile Milano y echa un vistazo a las novedades presentadas por Karibian.\",\"breadcrumb\":{\"@id\":\"https:\/\/karibiandescanso.com\/salone-del-mobile-milano-2026\/#breadcrumb\"},\"inLanguage\":\"pl-PL\",\"potentialAction\":[{\"@type\":\"ReadAction\",\"target\":[\"https:\/\/karibiandescanso.com\/salone-del-mobile-milano-2026\/\"]}]},{\"@type\":\"ImageObject\",\"inLanguage\":\"pl-PL\",\"@id\":\"https:\/\/karibiandescanso.com\/salone-del-mobile-milano-2026\/#primaryimage\",\"url\":\"https:\/\/karibiandescanso.com\/wp-content\/uploads\/2026\/03\/milano-portada.jpg\",\"contentUrl\":\"https:\/\/karibiandescanso.com\/wp-content\/uploads\/2026\/03\/milano-portada.jpg\",\"width\":1400,\"height\":792},{\"@type\":\"BreadcrumbList\",\"@id\":\"https:\/\/karibiandescanso.com\/salone-del-mobile-milano-2026\/#breadcrumb\",\"itemListElement\":[{\"@type\":\"ListItem\",\"position\":1,\"name\":\"Portada\",\"item\":\"https:\/\/karibiandescanso.com\/\"},{\"@type\":\"ListItem\",\"position\":2,\"name\":\"SALONE DEL MOBILE MILANO 2026\"}]},{\"@type\":\"WebSite\",\"@id\":\"https:\/\/karibiandescanso.com\/#website\",\"url\":\"https:\/\/karibiandescanso.com\/\",\"name\":\"Karibian Descanso\",\"description\":\"Gdzie jest odpoczynek\",\"potentialAction\":[{\"@type\":\"SearchAction\",\"target\":{\"@type\":\"EntryPoint\",\"urlTemplate\":\"https:\/\/karibiandescanso.com\/?s={search_term_string}\"},\"query-input\":{\"@type\":\"PropertyValueSpecification\",\"valueRequired\":true,\"valueName\":\"search_term_string\"}}],\"inLanguage\":\"pl-PL\"},{\"@type\":\"Person\",\"@id\":\"https:\/\/karibiandescanso.com\/#\/schema\/person\/23be63b9b19bd8da8980c8eecdd69d30\",\"name\":\"Karibian Descanso\",\"image\":{\"@type\":\"ImageObject\",\"inLanguage\":\"pl-PL\",\"@id\":\"https:\/\/karibiandescanso.com\/#\/schema\/person\/image\/\",\"url\":\"https:\/\/secure.gravatar.com\/avatar\/2f55039d31e0c8cf55d2c2b6e3bb49113343c35fd46d6d11806620d3c9641ba7?s=96&d=mm&r=g\",\"contentUrl\":\"https:\/\/secure.gravatar.com\/avatar\/2f55039d31e0c8cf55d2c2b6e3bb49113343c35fd46d6d11806620d3c9641ba7?s=96&d=mm&r=g\",\"caption\":\"Karibian Descanso\"},\"url\":\"https:\/\/karibiandescanso.com\/pl\/author\/karibian-descanso\/\"}]}<\/script>\n<!-- \/ Yoast SEO plugin. -->","yoast_head_json":{"title":"SALONE DEL MOBILE MILANO 2026 - Karibian Descanso","description":"Descubre c\u00f3mo ha sido esta \u00faltima edici\u00f3n del Salone del Mobile Milano y echa un vistazo a las novedades presentadas por Karibian.","robots":{"index":"index","follow":"follow","max-snippet":"max-snippet:-1","max-image-preview":"max-image-preview:large","max-video-preview":"max-video-preview:-1"},"canonical":"https:\/\/karibiandescanso.com\/salone-del-mobile-milano-2026\/","og_locale":"pl_PL","og_type":"article","og_title":"Dos formas de descansar: Hybrid","og_description":"Descubre dos formas de descanso y qu\u00e9 colch\u00f3n h\u00edbrido se adapta mejor a ti. Comparamos HR vs muelles ensacados para que elijas el colch\u00f3n ideal.","og_url":"https:\/\/karibiandescanso.com\/salone-del-mobile-milano-2026\/","og_site_name":"Karibian Descanso","article_published_time":"2026-04-28T10:00:34+00:00","article_modified_time":"2026-04-28T13:01:35+00:00","og_image":[{"width":1000,"height":566,"url":"https:\/\/karibiandescanso.com\/wp-content\/uploads\/2026\/03\/2-modos-descanso-hybrid.webp","type":"image\/webp"}],"author":"Karibian Descanso","twitter_card":"summary_large_image","twitter_title":"Dos formas de descansar: Hybrid","twitter_description":"Descubre dos formas de descanso y qu\u00e9 colch\u00f3n h\u00edbrido se adapta mejor a ti. Comparamos HR vs muelles ensacados para que elijas el colch\u00f3n ideal.","twitter_image":"https:\/\/karibiandescanso.com\/wp-content\/uploads\/2026\/03\/2-modos-descanso-hybrid.webp","twitter_misc":{"Napisane przez":"Karibian Descanso","Szacowany czas czytania":"9 minut"},"schema":{"@context":"https:\/\/schema.org","@graph":[{"@type":"Article","@id":"https:\/\/karibiandescanso.com\/salone-del-mobile-milano-2026\/#article","isPartOf":{"@id":"https:\/\/karibiandescanso.com\/salone-del-mobile-milano-2026\/"},"author":{"name":"Karibian Descanso","@id":"https:\/\/karibiandescanso.com\/#\/schema\/person\/23be63b9b19bd8da8980c8eecdd69d30"},"headline":"SALONE DEL MOBILE MILANO 2026","datePublished":"2026-04-28T10:00:34+00:00","dateModified":"2026-04-28T13:01:35+00:00","mainEntityOfPage":{"@id":"https:\/\/karibiandescanso.com\/salone-del-mobile-milano-2026\/"},"wordCount":4920,"commentCount":0,"image":{"@id":"https:\/\/karibiandescanso.com\/salone-del-mobile-milano-2026\/#primaryimage"},"thumbnailUrl":"https:\/\/karibiandescanso.com\/wp-content\/uploads\/2026\/03\/milano-portada.jpg","keywords":["Made in Spain","Karibian","Feria de Mil\u00e1n 2026","Salone del Mobile Milano 2026","Industria del descanso","Innovaci\u00f3n en colchones","Tendencias del descanso","Dise\u00f1o de colchones","Materiales innovadores","Networking","Ferias internacionales"],"articleSection":["noticias","Ferias"],"inLanguage":"pl-PL","potentialAction":[{"@type":"CommentAction","name":"Comment","target":["https:\/\/karibiandescanso.com\/salone-del-mobile-milano-2026\/#respond"]}]},{"@type":"WebPage","@id":"https:\/\/karibiandescanso.com\/salone-del-mobile-milano-2026\/","url":"https:\/\/karibiandescanso.com\/salone-del-mobile-milano-2026\/","name":"SALONE DEL MOBILE MILANO 2026 - Karibian Descanso","isPartOf":{"@id":"https:\/\/karibiandescanso.com\/#website"},"primaryImageOfPage":{"@id":"https:\/\/karibiandescanso.com\/salone-del-mobile-milano-2026\/#primaryimage"},"image":{"@id":"https:\/\/karibiandescanso.com\/salone-del-mobile-milano-2026\/#primaryimage"},"thumbnailUrl":"https:\/\/karibiandescanso.com\/wp-content\/uploads\/2026\/03\/milano-portada.jpg","datePublished":"2026-04-28T10:00:34+00:00","dateModified":"2026-04-28T13:01:35+00:00","author":{"@id":"https:\/\/karibiandescanso.com\/#\/schema\/person\/23be63b9b19bd8da8980c8eecdd69d30"},"description":"Descubre c\u00f3mo ha sido esta \u00faltima edici\u00f3n del Salone del Mobile Milano y echa un vistazo a las novedades presentadas por Karibian.","breadcrumb":{"@id":"https:\/\/karibiandescanso.com\/salone-del-mobile-milano-2026\/#breadcrumb"},"inLanguage":"pl-PL","potentialAction":[{"@type":"ReadAction","target":["https:\/\/karibiandescanso.com\/salone-del-mobile-milano-2026\/"]}]},{"@type":"ImageObject","inLanguage":"pl-PL","@id":"https:\/\/karibiandescanso.com\/salone-del-mobile-milano-2026\/#primaryimage","url":"https:\/\/karibiandescanso.com\/wp-content\/uploads\/2026\/03\/milano-portada.jpg","contentUrl":"https:\/\/karibiandescanso.com\/wp-content\/uploads\/2026\/03\/milano-portada.jpg","width":1400,"height":792},{"@type":"BreadcrumbList","@id":"https:\/\/karibiandescanso.com\/salone-del-mobile-milano-2026\/#breadcrumb","itemListElement":[{"@type":"ListItem","position":1,"name":"Portada","item":"https:\/\/karibiandescanso.com\/"},{"@type":"ListItem","position":2,"name":"SALONE DEL MOBILE MILANO 2026"}]},{"@type":"WebSite","@id":"https:\/\/karibiandescanso.com\/#website","url":"https:\/\/karibiandescanso.com\/","name":"Karibian Descanso","description":"Gdzie jest odpoczynek","potentialAction":[{"@type":"SearchAction","target":{"@type":"EntryPoint","urlTemplate":"https:\/\/karibiandescanso.com\/?s={search_term_string}"},"query-input":{"@type":"PropertyValueSpecification","valueRequired":true,"valueName":"search_term_string"}}],"inLanguage":"pl-PL"},{"@type":"Person","@id":"https:\/\/karibiandescanso.com\/#\/schema\/person\/23be63b9b19bd8da8980c8eecdd69d30","name":"Karibian Descanso","image":{"@type":"ImageObject","inLanguage":"pl-PL","@id":"https:\/\/karibiandescanso.com\/#\/schema\/person\/image\/","url":"https:\/\/secure.gravatar.com\/avatar\/2f55039d31e0c8cf55d2c2b6e3bb49113343c35fd46d6d11806620d3c9641ba7?s=96&d=mm&r=g","contentUrl":"https:\/\/secure.gravatar.com\/avatar\/2f55039d31e0c8cf55d2c2b6e3bb49113343c35fd46d6d11806620d3c9641ba7?s=96&d=mm&r=g","caption":"Karibian Descanso"},"url":"https:\/\/karibiandescanso.com\/pl\/author\/karibian-descanso\/"}]}},"_links":{"self":[{"href":"https:\/\/karibiandescanso.com\/pl\/wp-json\/wp\/v2\/posts\/18636","targetHints":{"allow":["GET"]}}],"collection":[{"href":"https:\/\/karibiandescanso.com\/pl\/wp-json\/wp\/v2\/posts"}],"about":[{"href":"https:\/\/karibiandescanso.com\/pl\/wp-json\/wp\/v2\/types\/post"}],"author":[{"embeddable":true,"href":"https:\/\/karibiandescanso.com\/pl\/wp-json\/wp\/v2\/users\/2"}],"replies":[{"embeddable":true,"href":"https:\/\/karibiandescanso.com\/pl\/wp-json\/wp\/v2\/comments?post=18636"}],"version-history":[{"count":45,"href":"https:\/\/karibiandescanso.com\/pl\/wp-json\/wp\/v2\/posts\/18636\/revisions"}],"predecessor-version":[{"id":18761,"href":"https:\/\/karibiandescanso.com\/pl\/wp-json\/wp\/v2\/posts\/18636\/revisions\/18761"}],"wp:featuredmedia":[{"embeddable":true,"href":"https:\/\/karibiandescanso.com\/pl\/wp-json\/wp\/v2\/media\/18742"}],"wp:attachment":[{"href":"https:\/\/karibiandescanso.com\/pl\/wp-json\/wp\/v2\/media?parent=18636"}],"wp:term":[{"taxonomy":"category","embeddable":true,"href":"https:\/\/karibiandescanso.com\/pl\/wp-json\/wp\/v2\/categories?post=18636"},{"taxonomy":"post_tag","embeddable":true,"href":"https:\/\/karibiandescanso.com\/pl\/wp-json\/wp\/v2\/tags?post=18636"}],"curies":[{"name":"wp","href":"https:\/\/api.w.org\/{rel}","templated":true}]}}