{"id":2789,"date":"2018-09-25T15:56:33","date_gmt":"2018-09-25T14:56:33","guid":{"rendered":"https:\/\/www.karibiandescanso.com\/?p=2789"},"modified":"2024-07-26T14:38:12","modified_gmt":"2024-07-26T12:38:12","slug":"57-edicion-fmy2018","status":"publish","type":"post","link":"https:\/\/karibiandescanso.com\/pl\/57-edicion-fmy2018\/","title":{"rendered":"57 EDYCJA FMY 2018"},"content":{"rendered":"<p><a href=\"https:\/\/www.facebook.com\/FMYecla\/\"><img loading=\"lazy\" decoding=\"async\" class=\"wp-image-2796 aligncenter\" src=\"https:\/\/www.karibiandescanso.com\/wp-content\/uploads\/2018\/09\/FERIA-DE-YECLA-2018-1.jpg\" alt=\"\" width=\"792\" height=\"255\" srcset=\"https:\/\/karibiandescanso.com\/wp-content\/uploads\/2018\/09\/FERIA-DE-YECLA-2018-1.jpg 1920w, https:\/\/karibiandescanso.com\/wp-content\/uploads\/2018\/09\/FERIA-DE-YECLA-2018-1-300x97.jpg 300w, https:\/\/karibiandescanso.com\/wp-content\/uploads\/2018\/09\/FERIA-DE-YECLA-2018-1-1024x330.jpg 1024w\" sizes=\"auto, (max-width: 792px) 100vw, 792px\" \/><\/a><\/p>\n<p style=\"text-align: justify;\">Ju\u017c kolejny rok <a href=\"https:\/\/www.karibiandescanso.com\/\"><b>Karibian Descanso<\/b><\/a> by\u0142 obecny na <b>Targach Meblowych w Yecla 2018<\/b>. Miejsce spotka\u0144 profesjonalist\u00f3w z bran\u017cy z kraju i za granicy. Wydarzenie odby\u0142o si\u0119 w dniach <b>17-20 wrze\u015bnia<\/b> i by\u0142a to <b>57. edycja<\/b> targ\u00f3w.<span class=\"Apple-converted-space\">\u00a0<\/span><\/p>\n<p style=\"text-align: justify;\">Obowi\u0105zkowe wydarzenie dla wszystkich <b>profesjonalist\u00f3w bran\u017cy meblarskiej,<\/b> kt\u00f3ra z roku na rok zwi\u0119ksza swoje znaczenie ze wzgl\u0119du na udzia\u0142 presti\u017cowych specjalist\u00f3w i r\u00f3\u017cnych firm z sektora. W tej edycji na wyr\u00f3\u017cnienie zas\u0142uguj\u0105 takie aspekty, jak najnowsze trendy meblarskie, mo\u017cliwo\u015b\u0107 networkingu w\u015br\u00f3d profesjonalist\u00f3w czy czerpanie inspiracji z innowacji. Wszystko to ma wsp\u00f3lny cel, jakim jest otworzenie si\u0119 na nowe rozwijaj\u0105ce si\u0119 rynki, zdobycie nowej pozycji i mo\u017cliwe pozytywne oddzia\u0142ywanie na bran\u017c\u0119.<span class=\"Apple-converted-space\">\u00a0<\/span><\/p>\n<p style=\"text-align: justify;\">TU GDZIE RODZI SI\u0118 INNOWACJA<\/p>\n<p style=\"text-align: justify;\">Pod tym mocnym mottem na prawie 17.000 m2 powierzchni zaj\u0119tych przez oko\u0142o 130 przedstawicieli zosta\u0142y przywitane najstarsze targi meblowe w Hiszpanii. W\u015br\u00f3d najbardziej cenionych profesjonalist\u00f3w na tego typu targach mo\u017cemy wyr\u00f3\u017cni\u0107 architekt\u00f3w i projektant\u00f3w wn\u0119trz, kt\u00f3rzy obok presti\u017cowych sklep\u00f3w i sieci handlowych, stali si\u0119 g\u0142\u00f3wn\u0105 publiczno\u015bci\u0105.<\/p>\n<p style=\"text-align: justify;\"><a href=\"https:\/\/www.karibiandescanso.com\/\"><b>Karibian Descanso<\/b><\/a><b> <\/b>wraz z firm\u0105 <a href=\"https:\/\/solopatas.com\/\">Nosolopatas<\/a> zaprezentowa\u0142a innowacyjne, wyrafinowane i ekskluzywne stanowisko prezentuj\u0105ce wybrane produkty wypoczynkowe. Nowo\u015bci, kt\u00f3re obejmuj\u0105 najnowsze trendy i materia\u0142y na rynku, zaprojektowane g\u0142\u00f3wnie z my\u015bl\u0105 o potrzebach wszystkich naszych klient\u00f3w.<span class=\"Apple-converted-space\">\u00a0<\/span><\/p>\n<p style=\"text-align: justify;\">W dalszej cz\u0119\u015bci prezentujemy galeri\u0119 zdj\u0119\u0107 naszego stoiska.<span class=\"Apple-converted-space\">\u00a0<\/span><\/p>\n<p><a href=\"https:\/\/www.karibiandescanso.com\"><img loading=\"lazy\" decoding=\"async\" class=\"alignleft size-full wp-image-2926\" src=\"https:\/\/www.karibiandescanso.com\/wp-content\/uploads\/2018\/09\/PPAL-BLOG-.jpg\" alt=\"\" width=\"1920\" height=\"812\" srcset=\"https:\/\/karibiandescanso.com\/wp-content\/uploads\/2018\/09\/PPAL-BLOG-.jpg 1920w, https:\/\/karibiandescanso.com\/wp-content\/uploads\/2018\/09\/PPAL-BLOG--300x127.jpg 300w, https:\/\/karibiandescanso.com\/wp-content\/uploads\/2018\/09\/PPAL-BLOG--1024x433.jpg 1024w\" sizes=\"auto, (max-width: 1920px) 100vw, 1920px\" \/><\/a><\/p>\n<h5><img loading=\"lazy\" decoding=\"async\" class=\"alignleft size-full wp-image-2924\" src=\"https:\/\/www.karibiandescanso.com\/wp-content\/uploads\/2018\/09\/3-IMAGENES.jpg\" alt=\"\" width=\"1920\" height=\"567\" srcset=\"https:\/\/karibiandescanso.com\/wp-content\/uploads\/2018\/09\/3-IMAGENES.jpg 1920w, https:\/\/karibiandescanso.com\/wp-content\/uploads\/2018\/09\/3-IMAGENES-300x89.jpg 300w, https:\/\/karibiandescanso.com\/wp-content\/uploads\/2018\/09\/3-IMAGENES-1024x302.jpg 1024w\" sizes=\"auto, (max-width: 1920px) 100vw, 1920px\" \/><\/h5>\n<p>NOWE MAKSIMUM 2019<\/p>\n<p style=\"text-align: justify;\">Korzystaj\u0105c z 57 edycji <b>FMY2018<\/b>, Karibian Descanso jak zwykle postawi\u0142 na design, nowe linie produkt\u00f3w oraz bardzo otwart\u0105 i innowacyjn\u0105 koncepcj\u0119. W ten spos\u00f3b zosta\u0142 przedstawiony nowy model Maximun 2019. Odnowiona wersja jednego z naszych modeli wypoczynkowych, o kt\u00f3r\u0105 prosili klienci.<span class=\"Apple-converted-space\">\u00a0<\/span><\/p>\n<p style=\"text-align: justify;\">Nale\u017c\u0105cy do Z\u0142otej Serii <b>Maximun 2019<\/b> charakteryzuje si\u0119 fascynuj\u0105c\u0105 kompozycj\u0105 po\u0142\u0105czon\u0105 z najlepszymi materia\u0142ami na rynku. Po\u0142\u0105czenie HR z piank\u0105 termoelastyczn\u0105 i piank\u0105 Gel-Therm uwydatnione tkanin\u0105 Tencel, naturalnym i ekologicznym w\u0142\u00f3knem. Komfortowy mebel, kt\u00f3ry ma boczne wzmocnienia dla zwi\u0119kszenia trwa\u0142o\u015bci. Nie zapominajmy r\u00f3wnie\u017c, \u017ce Maximun 2019 to produkt, kt\u00f3ry posiada certyfikat <a href=\"https:\/\/www.karibiandescanso.com\/certificado-oeko-tex\/\"><b>OEKO-TEX 2017K1452 AITEX<\/b><\/a>, potwierdzaj\u0105cy, \u017ce jest to produkt wolny od substancji szkodliwych dla zdrowia podobnie jak wszystkie produkty Karibian Descanso.<span class=\"Apple-converted-space\">\u00a0<\/span><\/p>\n<p><a href=\"https:\/\/www.karibiandescanso.com\"><img loading=\"lazy\" decoding=\"async\" class=\"alignleft size-full wp-image-2939\" src=\"https:\/\/www.karibiandescanso.com\/wp-content\/uploads\/2018\/09\/CHICO-.jpg\" alt=\"\" width=\"1920\" height=\"740\" srcset=\"https:\/\/karibiandescanso.com\/wp-content\/uploads\/2018\/09\/CHICO-.jpg 1920w, https:\/\/karibiandescanso.com\/wp-content\/uploads\/2018\/09\/CHICO--300x116.jpg 300w, https:\/\/karibiandescanso.com\/wp-content\/uploads\/2018\/09\/CHICO--1024x395.jpg 1024w\" sizes=\"auto, (max-width: 1920px) 100vw, 1920px\" \/><\/a><\/p>\n<p>&nbsp;<\/p>\n<p>&nbsp;<\/p>\n<p style=\"text-align: justify;\">Na koniec <b>Karibian Descanso<\/b> pragnie podzi\u0119kowa\u0107 wszystkim osobom, kt\u00f3re odwiedzi\u0142y nasze stanowisko: klientom, profesjonalistom z bran\u017cy, projektantom i wszystkim odwiedzaj\u0105cym. Opr\u00f3cz podzi\u0119kowa\u0144 dla ca\u0142ej organizacji <b>FMY2018<\/b> pragniemy pogratulowa\u0107 szeregu sukces\u00f3w, kt\u00f3re osi\u0105gn\u0119li i zach\u0119camy do dalszej pracy nad kolejn\u0105 edycj\u0105.<\/p>\n<p>&nbsp;<\/p>","protected":false},"excerpt":{"rendered":"<p>Karibian Descanso wzi\u0105\u0142 udzia\u0142 w 57. Edycji Targ\u00f3w Mebli Yecla 2018, w dniach 17-20 wrze\u015bnia. Przedstawiamy nowe stoisko, na kt\u00f3rym mo\u017cna by\u0142o odkry\u0107 r\u00f3\u017cne modele podstawek.<\/p>\n","protected":false},"author":2,"featured_media":2945,"comment_status":"open","ping_status":"open","sticky":false,"template":"","format":"standard","meta":{"footnotes":""},"categories":[1,10],"tags":[102,103,116,120,22,35,42,91,93,100],"class_list":["post-2789","post","type-post","status-publish","format-standard","has-post-thumbnail","hentry","category-sin-categoria","category-noticias","tag-fmy2018","tag-foiredumeuble","tag-viscoelasticas","tag-ameubement","tag-yecla","tag-confort","tag-karibiandescanso","tag-mattress","tag-feriadelmueble","tag-furniture"],"yoast_head":"<!-- This site is optimized with the Yoast SEO plugin v27.0 - https:\/\/yoast.com\/product\/yoast-seo-wordpress\/ -->\n<title>57 EDYCJA FMY 2018 - Karibian Descanso<\/title>\n<meta name=\"robots\" content=\"index, follow, max-snippet:-1, max-image-preview:large, max-video-preview:-1\" \/>\n<link rel=\"canonical\" href=\"https:\/\/karibiandescanso.com\/pl\/57-edicion-fmy2018\/\" \/>\n<meta property=\"og:locale\" content=\"pl_PL\" \/>\n<meta property=\"og:type\" content=\"article\" \/>\n<meta property=\"og:title\" content=\"[:es]57 EDICI\u00d3N FMY2018[:en]57TH YECLA FURNITURE FAIR 2018[:fr]57\u00c8ME \u00c9DITION FMY2018[:ru]57 \u041c\u0415\u0411\u0415\u041b\u042c\u041d\u0410\u042f \u0412\u042b\u0421\u0422\u0410\u0412\u041a\u0410 \u0415\u041a\u041b\u042b 2018[:pl] 57 EDYCJA FMY 2018[:] - Karibian Descanso\" \/>\n<meta property=\"og:description\" content=\"[:es]Karibian Descanso particip\u00f3 en la 57 Edici\u00f3n de la Feria del Mueble de Yecla 2018, del 17 al 20 de Septiembre. Presentando un novedoso Stand, en el que se pod\u00edan descubrir distintos modelos de descanso.[:en]Karibian Descanso was present at the latest edition of the Yecla Furniture Fair, \u00a0a meeting point for industry professionals in Spain and beyond. Celebrating its 57th Edition, this event was held from 17 to 20 September.[:fr]Karibian Descanso\u00a0a \u00e9t\u00e9 pr\u00e9sent une ann\u00e9e de plus au Salon du Meuble Yecla 2018. Un point de rencontre pour les professionnels du secteur, tant \u00e0 niveau national qu\u2019international. L\u2019\u00e9v\u00e9nement s\u2019est tenu du 17 au 20 de[:ru]\u041a\u043e\u043c\u043f\u0430\u043d\u0438\u044f Karibian Descanso \u0432 \u043e\u0447\u0435\u0440\u0435\u0434\u043d\u043e\u0439 \u0440\u0430\u0437 \u043f\u0440\u0438\u043d\u044f\u043b\u0430 \u0443\u0447\u0430\u0441\u0442\u0438\u0435 \u0432 \u041c\u0435\u0431\u0435\u043b\u044c\u043d\u043e\u0439 \u0432\u044b\u0441\u0442\u0430\u0432\u043a\u0435 \u0415\u043a\u043b\u044b, \u043a\u043e\u0442\u043e\u0440\u0430\u044f \u0441\u043b\u0443\u0436\u0438\u0442 \u043c\u0435\u0441\u0442\u043e\u043c \u0432\u0441\u0442\u0440\u0435\u0447\u0438 \u0438\u0441\u043f\u0430\u043d\u0441\u043a\u0438\u043c \u0438 \u0438\u043d\u043e\u0441\u0442\u0440\u0430\u043d\u043d\u044b\u043c \u0441\u043f\u0435\u0446\u0438\u0430\u043b\u0438\u0441\u0442\u0430\u043c \u044d\u0442\u043e\u0433\u043e \u0441\u0435\u043a\u0442\u043e\u0440\u0430. 57-\u044f \u0432\u044b\u0441\u0442\u0430\u0432\u043a\u0430 \u043f\u0440\u043e\u0448\u043b\u0430 \u0441 17[:pl]Karibian Descanso wzi\u0105\u0142 udzia\u0142 w 57. Edycji Targ\u00f3w Mebli Yecla 2018, w dniach 17-20 wrze\u015bnia. Przedstawiamy nowe stoisko, na kt\u00f3rym mo\u017cna by\u0142o odkry\u0107 r\u00f3\u017cne modele podstawek.[:]\" \/>\n<meta property=\"og:url\" content=\"https:\/\/karibiandescanso.com\/pl\/57-edicion-fmy2018\/\" \/>\n<meta property=\"og:site_name\" content=\"Karibian Descanso\" \/>\n<meta property=\"article:published_time\" content=\"2018-09-25T14:56:33+00:00\" \/>\n<meta property=\"article:modified_time\" content=\"2024-07-26T12:38:12+00:00\" \/>\n<meta property=\"og:image\" content=\"https:\/\/karibiandescanso.com\/wp-content\/uploads\/2018\/09\/PORTADA-2-.jpg\" \/>\n\t<meta property=\"og:image:width\" content=\"1684\" \/>\n\t<meta property=\"og:image:height\" content=\"950\" \/>\n\t<meta property=\"og:image:type\" content=\"image\/jpeg\" \/>\n<meta name=\"author\" content=\"Karibian Descanso\" \/>\n<meta name=\"twitter:card\" content=\"summary_large_image\" \/>\n<meta name=\"twitter:label1\" content=\"Napisane przez\" \/>\n\t<meta name=\"twitter:data1\" content=\"Karibian Descanso\" \/>\n\t<meta name=\"twitter:label2\" content=\"Szacowany czas czytania\" \/>\n\t<meta name=\"twitter:data2\" content=\"3 minuty\" \/>\n<script type=\"application\/ld+json\" class=\"yoast-schema-graph\">{\"@context\":\"https:\/\/schema.org\",\"@graph\":[{\"@type\":\"Article\",\"@id\":\"https:\/\/karibiandescanso.com\/pl\/57-edicion-fmy2018\/#article\",\"isPartOf\":{\"@id\":\"https:\/\/karibiandescanso.com\/pl\/57-edicion-fmy2018\/\"},\"author\":{\"name\":\"Karibian Descanso\",\"@id\":\"https:\/\/karibiandescanso.com\/#\/schema\/person\/23be63b9b19bd8da8980c8eecdd69d30\"},\"headline\":\"57 EDYCJA FMY 2018\",\"datePublished\":\"2018-09-25T14:56:33+00:00\",\"dateModified\":\"2024-07-26T12:38:12+00:00\",\"mainEntityOfPage\":{\"@id\":\"https:\/\/karibiandescanso.com\/pl\/57-edicion-fmy2018\/\"},\"wordCount\":2399,\"commentCount\":0,\"image\":{\"@id\":\"https:\/\/karibiandescanso.com\/pl\/57-edicion-fmy2018\/#primaryimage\"},\"thumbnailUrl\":\"https:\/\/karibiandescanso.com\/wp-content\/uploads\/2018\/09\/PORTADA-2-.jpg\",\"keywords\":[\"FMY2018\",\"Foiredumeuble\",\"Viscoelasticas\",\"Ameubement\",\"yecla\",\"confort\",\"Karibiandescanso\",\"Mattress\",\"Feriadelmueble\",\"Furniture\"],\"articleSection\":[\"Sin categor\u00eda\",\"noticias\"],\"inLanguage\":\"pl-PL\",\"potentialAction\":[{\"@type\":\"CommentAction\",\"name\":\"Comment\",\"target\":[\"https:\/\/karibiandescanso.com\/pl\/57-edicion-fmy2018\/#respond\"]}]},{\"@type\":\"WebPage\",\"@id\":\"https:\/\/karibiandescanso.com\/pl\/57-edicion-fmy2018\/\",\"url\":\"https:\/\/karibiandescanso.com\/pl\/57-edicion-fmy2018\/\",\"name\":\"[:es]57 EDICI\u00d3N FMY2018[:en]57TH YECLA FURNITURE FAIR 2018[:fr]57\u00c8ME \u00c9DITION FMY2018[:ru]57 \u041c\u0415\u0411\u0415\u041b\u042c\u041d\u0410\u042f \u0412\u042b\u0421\u0422\u0410\u0412\u041a\u0410 \u0415\u041a\u041b\u042b 2018[:pl] 57 EDYCJA FMY 2018[:] - Karibian Descanso\",\"isPartOf\":{\"@id\":\"https:\/\/karibiandescanso.com\/#website\"},\"primaryImageOfPage\":{\"@id\":\"https:\/\/karibiandescanso.com\/pl\/57-edicion-fmy2018\/#primaryimage\"},\"image\":{\"@id\":\"https:\/\/karibiandescanso.com\/pl\/57-edicion-fmy2018\/#primaryimage\"},\"thumbnailUrl\":\"https:\/\/karibiandescanso.com\/wp-content\/uploads\/2018\/09\/PORTADA-2-.jpg\",\"datePublished\":\"2018-09-25T14:56:33+00:00\",\"dateModified\":\"2024-07-26T12:38:12+00:00\",\"author\":{\"@id\":\"https:\/\/karibiandescanso.com\/#\/schema\/person\/23be63b9b19bd8da8980c8eecdd69d30\"},\"breadcrumb\":{\"@id\":\"https:\/\/karibiandescanso.com\/pl\/57-edicion-fmy2018\/#breadcrumb\"},\"inLanguage\":\"pl-PL\",\"potentialAction\":[{\"@type\":\"ReadAction\",\"target\":[\"https:\/\/karibiandescanso.com\/pl\/57-edicion-fmy2018\/\"]}]},{\"@type\":\"ImageObject\",\"inLanguage\":\"pl-PL\",\"@id\":\"https:\/\/karibiandescanso.com\/pl\/57-edicion-fmy2018\/#primaryimage\",\"url\":\"https:\/\/karibiandescanso.com\/wp-content\/uploads\/2018\/09\/PORTADA-2-.jpg\",\"contentUrl\":\"https:\/\/karibiandescanso.com\/wp-content\/uploads\/2018\/09\/PORTADA-2-.jpg\",\"width\":1684,\"height\":950},{\"@type\":\"BreadcrumbList\",\"@id\":\"https:\/\/karibiandescanso.com\/pl\/57-edicion-fmy2018\/#breadcrumb\",\"itemListElement\":[{\"@type\":\"ListItem\",\"position\":1,\"name\":\"Portada\",\"item\":\"https:\/\/karibiandescanso.com\/\"},{\"@type\":\"ListItem\",\"position\":2,\"name\":\"57 EDYCJA FMY 2018\"}]},{\"@type\":\"WebSite\",\"@id\":\"https:\/\/karibiandescanso.com\/#website\",\"url\":\"https:\/\/karibiandescanso.com\/\",\"name\":\"Karibian Descanso\",\"description\":\"Gdzie jest odpoczynek\",\"potentialAction\":[{\"@type\":\"SearchAction\",\"target\":{\"@type\":\"EntryPoint\",\"urlTemplate\":\"https:\/\/karibiandescanso.com\/?s={search_term_string}\"},\"query-input\":{\"@type\":\"PropertyValueSpecification\",\"valueRequired\":true,\"valueName\":\"search_term_string\"}}],\"inLanguage\":\"pl-PL\"},{\"@type\":\"Person\",\"@id\":\"https:\/\/karibiandescanso.com\/#\/schema\/person\/23be63b9b19bd8da8980c8eecdd69d30\",\"name\":\"Karibian Descanso\",\"image\":{\"@type\":\"ImageObject\",\"inLanguage\":\"pl-PL\",\"@id\":\"https:\/\/karibiandescanso.com\/#\/schema\/person\/image\/\",\"url\":\"https:\/\/secure.gravatar.com\/avatar\/2f55039d31e0c8cf55d2c2b6e3bb49113343c35fd46d6d11806620d3c9641ba7?s=96&d=mm&r=g\",\"contentUrl\":\"https:\/\/secure.gravatar.com\/avatar\/2f55039d31e0c8cf55d2c2b6e3bb49113343c35fd46d6d11806620d3c9641ba7?s=96&d=mm&r=g\",\"caption\":\"Karibian Descanso\"},\"url\":\"https:\/\/karibiandescanso.com\/pl\/author\/karibian-descanso\/\"}]}<\/script>\n<!-- \/ Yoast SEO plugin. -->","yoast_head_json":{"title":"[:es]57 EDICI\u00d3N FMY2018[:en]57TH YECLA FURNITURE FAIR 2018[:fr]57\u00c8ME \u00c9DITION FMY2018[:ru]57 \u041c\u0415\u0411\u0415\u041b\u042c\u041d\u0410\u042f \u0412\u042b\u0421\u0422\u0410\u0412\u041a\u0410 \u0415\u041a\u041b\u042b 2018[:pl] 57 EDYCJA FMY 2018[:] - Karibian Descanso","robots":{"index":"index","follow":"follow","max-snippet":"max-snippet:-1","max-image-preview":"max-image-preview:large","max-video-preview":"max-video-preview:-1"},"canonical":"https:\/\/karibiandescanso.com\/pl\/57-edicion-fmy2018\/","og_locale":"pl_PL","og_type":"article","og_title":"[:es]57 EDICI\u00d3N FMY2018[:en]57TH YECLA FURNITURE FAIR 2018[:fr]57\u00c8ME \u00c9DITION FMY2018[:ru]57 \u041c\u0415\u0411\u0415\u041b\u042c\u041d\u0410\u042f \u0412\u042b\u0421\u0422\u0410\u0412\u041a\u0410 \u0415\u041a\u041b\u042b 2018[:pl] 57 EDYCJA FMY 2018[:] - Karibian Descanso","og_description":"[:es]Karibian Descanso particip\u00f3 en la 57 Edici\u00f3n de la Feria del Mueble de Yecla 2018, del 17 al 20 de Septiembre. Presentando un novedoso Stand, en el que se pod\u00edan descubrir distintos modelos de descanso.[:en]Karibian Descanso was present at the latest edition of the Yecla Furniture Fair, \u00a0a meeting point for industry professionals in Spain and beyond. Celebrating its 57th Edition, this event was held from 17 to 20 September.[:fr]Karibian Descanso\u00a0a \u00e9t\u00e9 pr\u00e9sent une ann\u00e9e de plus au Salon du Meuble Yecla 2018. Un point de rencontre pour les professionnels du secteur, tant \u00e0 niveau national qu\u2019international. L\u2019\u00e9v\u00e9nement s\u2019est tenu du 17 au 20 de[:ru]\u041a\u043e\u043c\u043f\u0430\u043d\u0438\u044f Karibian Descanso \u0432 \u043e\u0447\u0435\u0440\u0435\u0434\u043d\u043e\u0439 \u0440\u0430\u0437 \u043f\u0440\u0438\u043d\u044f\u043b\u0430 \u0443\u0447\u0430\u0441\u0442\u0438\u0435 \u0432 \u041c\u0435\u0431\u0435\u043b\u044c\u043d\u043e\u0439 \u0432\u044b\u0441\u0442\u0430\u0432\u043a\u0435 \u0415\u043a\u043b\u044b, \u043a\u043e\u0442\u043e\u0440\u0430\u044f \u0441\u043b\u0443\u0436\u0438\u0442 \u043c\u0435\u0441\u0442\u043e\u043c \u0432\u0441\u0442\u0440\u0435\u0447\u0438 \u0438\u0441\u043f\u0430\u043d\u0441\u043a\u0438\u043c \u0438 \u0438\u043d\u043e\u0441\u0442\u0440\u0430\u043d\u043d\u044b\u043c \u0441\u043f\u0435\u0446\u0438\u0430\u043b\u0438\u0441\u0442\u0430\u043c \u044d\u0442\u043e\u0433\u043e \u0441\u0435\u043a\u0442\u043e\u0440\u0430. 57-\u044f \u0432\u044b\u0441\u0442\u0430\u0432\u043a\u0430 \u043f\u0440\u043e\u0448\u043b\u0430 \u0441 17[:pl]Karibian Descanso wzi\u0105\u0142 udzia\u0142 w 57. Edycji Targ\u00f3w Mebli Yecla 2018, w dniach 17-20 wrze\u015bnia. Przedstawiamy nowe stoisko, na kt\u00f3rym mo\u017cna by\u0142o odkry\u0107 r\u00f3\u017cne modele podstawek.[:]","og_url":"https:\/\/karibiandescanso.com\/pl\/57-edicion-fmy2018\/","og_site_name":"Karibian Descanso","article_published_time":"2018-09-25T14:56:33+00:00","article_modified_time":"2024-07-26T12:38:12+00:00","og_image":[{"width":1684,"height":950,"url":"https:\/\/karibiandescanso.com\/wp-content\/uploads\/2018\/09\/PORTADA-2-.jpg","type":"image\/jpeg"}],"author":"Karibian Descanso","twitter_card":"summary_large_image","twitter_misc":{"Napisane przez":"Karibian Descanso","Szacowany czas czytania":"3 minuty"},"schema":{"@context":"https:\/\/schema.org","@graph":[{"@type":"Article","@id":"https:\/\/karibiandescanso.com\/pl\/57-edicion-fmy2018\/#article","isPartOf":{"@id":"https:\/\/karibiandescanso.com\/pl\/57-edicion-fmy2018\/"},"author":{"name":"Karibian Descanso","@id":"https:\/\/karibiandescanso.com\/#\/schema\/person\/23be63b9b19bd8da8980c8eecdd69d30"},"headline":"57 EDYCJA FMY 2018","datePublished":"2018-09-25T14:56:33+00:00","dateModified":"2024-07-26T12:38:12+00:00","mainEntityOfPage":{"@id":"https:\/\/karibiandescanso.com\/pl\/57-edicion-fmy2018\/"},"wordCount":2399,"commentCount":0,"image":{"@id":"https:\/\/karibiandescanso.com\/pl\/57-edicion-fmy2018\/#primaryimage"},"thumbnailUrl":"https:\/\/karibiandescanso.com\/wp-content\/uploads\/2018\/09\/PORTADA-2-.jpg","keywords":["FMY2018","Foiredumeuble","Viscoelasticas","Ameubement","yecla","confort","Karibiandescanso","Mattress","Feriadelmueble","Furniture"],"articleSection":["Sin categor\u00eda","noticias"],"inLanguage":"pl-PL","potentialAction":[{"@type":"CommentAction","name":"Comment","target":["https:\/\/karibiandescanso.com\/pl\/57-edicion-fmy2018\/#respond"]}]},{"@type":"WebPage","@id":"https:\/\/karibiandescanso.com\/pl\/57-edicion-fmy2018\/","url":"https:\/\/karibiandescanso.com\/pl\/57-edicion-fmy2018\/","name":"[:es]57 EDICI\u00d3N FMY2018[:en]57TH YECLA FURNITURE FAIR 2018[:fr]57\u00c8ME \u00c9DITION FMY2018[:ru]57 \u041c\u0415\u0411\u0415\u041b\u042c\u041d\u0410\u042f \u0412\u042b\u0421\u0422\u0410\u0412\u041a\u0410 \u0415\u041a\u041b\u042b 2018[:pl] 57 EDYCJA FMY 2018[:] - Karibian Descanso","isPartOf":{"@id":"https:\/\/karibiandescanso.com\/#website"},"primaryImageOfPage":{"@id":"https:\/\/karibiandescanso.com\/pl\/57-edicion-fmy2018\/#primaryimage"},"image":{"@id":"https:\/\/karibiandescanso.com\/pl\/57-edicion-fmy2018\/#primaryimage"},"thumbnailUrl":"https:\/\/karibiandescanso.com\/wp-content\/uploads\/2018\/09\/PORTADA-2-.jpg","datePublished":"2018-09-25T14:56:33+00:00","dateModified":"2024-07-26T12:38:12+00:00","author":{"@id":"https:\/\/karibiandescanso.com\/#\/schema\/person\/23be63b9b19bd8da8980c8eecdd69d30"},"breadcrumb":{"@id":"https:\/\/karibiandescanso.com\/pl\/57-edicion-fmy2018\/#breadcrumb"},"inLanguage":"pl-PL","potentialAction":[{"@type":"ReadAction","target":["https:\/\/karibiandescanso.com\/pl\/57-edicion-fmy2018\/"]}]},{"@type":"ImageObject","inLanguage":"pl-PL","@id":"https:\/\/karibiandescanso.com\/pl\/57-edicion-fmy2018\/#primaryimage","url":"https:\/\/karibiandescanso.com\/wp-content\/uploads\/2018\/09\/PORTADA-2-.jpg","contentUrl":"https:\/\/karibiandescanso.com\/wp-content\/uploads\/2018\/09\/PORTADA-2-.jpg","width":1684,"height":950},{"@type":"BreadcrumbList","@id":"https:\/\/karibiandescanso.com\/pl\/57-edicion-fmy2018\/#breadcrumb","itemListElement":[{"@type":"ListItem","position":1,"name":"Portada","item":"https:\/\/karibiandescanso.com\/"},{"@type":"ListItem","position":2,"name":"57 EDYCJA FMY 2018"}]},{"@type":"WebSite","@id":"https:\/\/karibiandescanso.com\/#website","url":"https:\/\/karibiandescanso.com\/","name":"Karibian Descanso","description":"Gdzie jest odpoczynek","potentialAction":[{"@type":"SearchAction","target":{"@type":"EntryPoint","urlTemplate":"https:\/\/karibiandescanso.com\/?s={search_term_string}"},"query-input":{"@type":"PropertyValueSpecification","valueRequired":true,"valueName":"search_term_string"}}],"inLanguage":"pl-PL"},{"@type":"Person","@id":"https:\/\/karibiandescanso.com\/#\/schema\/person\/23be63b9b19bd8da8980c8eecdd69d30","name":"Karibian Descanso","image":{"@type":"ImageObject","inLanguage":"pl-PL","@id":"https:\/\/karibiandescanso.com\/#\/schema\/person\/image\/","url":"https:\/\/secure.gravatar.com\/avatar\/2f55039d31e0c8cf55d2c2b6e3bb49113343c35fd46d6d11806620d3c9641ba7?s=96&d=mm&r=g","contentUrl":"https:\/\/secure.gravatar.com\/avatar\/2f55039d31e0c8cf55d2c2b6e3bb49113343c35fd46d6d11806620d3c9641ba7?s=96&d=mm&r=g","caption":"Karibian Descanso"},"url":"https:\/\/karibiandescanso.com\/pl\/author\/karibian-descanso\/"}]}},"_links":{"self":[{"href":"https:\/\/karibiandescanso.com\/pl\/wp-json\/wp\/v2\/posts\/2789","targetHints":{"allow":["GET"]}}],"collection":[{"href":"https:\/\/karibiandescanso.com\/pl\/wp-json\/wp\/v2\/posts"}],"about":[{"href":"https:\/\/karibiandescanso.com\/pl\/wp-json\/wp\/v2\/types\/post"}],"author":[{"embeddable":true,"href":"https:\/\/karibiandescanso.com\/pl\/wp-json\/wp\/v2\/users\/2"}],"replies":[{"embeddable":true,"href":"https:\/\/karibiandescanso.com\/pl\/wp-json\/wp\/v2\/comments?post=2789"}],"version-history":[{"count":0,"href":"https:\/\/karibiandescanso.com\/pl\/wp-json\/wp\/v2\/posts\/2789\/revisions"}],"wp:featuredmedia":[{"embeddable":true,"href":"https:\/\/karibiandescanso.com\/pl\/wp-json\/wp\/v2\/media\/2945"}],"wp:attachment":[{"href":"https:\/\/karibiandescanso.com\/pl\/wp-json\/wp\/v2\/media?parent=2789"}],"wp:term":[{"taxonomy":"category","embeddable":true,"href":"https:\/\/karibiandescanso.com\/pl\/wp-json\/wp\/v2\/categories?post=2789"},{"taxonomy":"post_tag","embeddable":true,"href":"https:\/\/karibiandescanso.com\/pl\/wp-json\/wp\/v2\/tags?post=2789"}],"curies":[{"name":"wp","href":"https:\/\/api.w.org\/{rel}","templated":true}]}}