{"id":5793,"date":"2020-01-02T13:35:27","date_gmt":"2020-01-02T12:35:27","guid":{"rendered":"https:\/\/www.karibiandescanso.com\/?p=5793"},"modified":"2024-07-24T15:36:44","modified_gmt":"2024-07-24T13:36:44","slug":"participacion-en-imm-cologne-2020","status":"publish","type":"post","link":"https:\/\/karibiandescanso.com\/pl\/participacion-en-imm-cologne-2020\/","title":{"rendered":"KARIBIAN NA IMM KOLONIA 2020"},"content":{"rendered":"<p>[vc_row css_animation=&#8221;&#8221; row_type=&#8221;row&#8221; use_row_as_full_screen_section=&#8221;no&#8221; type=&#8221;full_width&#8221; angled_section=&#8221;no&#8221; text_align=&#8221;left&#8221; background_image_as_pattern=&#8221;without_pattern&#8221;][vc_column][vc_column_text]<strong><img loading=\"lazy\" decoding=\"async\" class=\"alignleft size-full wp-image-5796\" src=\"https:\/\/www.karibiandescanso.com\/wp-content\/uploads\/2019\/12\/Portada-p\u00e1gina-principal.png\" alt=\"\" width=\"1920\" height=\"628\" \/><\/strong><\/p>\n<p>&nbsp;<\/p>\n<p>&nbsp;<\/p>\n<p>&nbsp;<\/p>\n<p><strong>MI\u0118DZYNARODOWE TARGI KOLONIA OD 13 DO 19 STYCZNIA<\/strong><\/p>\n<p style=\"text-align: justify;\"><b>Karibian Descanso<\/b> b\u0119dzie obecny na <b>Targach IMM Kolonia 2020<\/b>, kt\u00f3re odb\u0119d\u0105 si\u0119 w dniach 13-19 stycznia w Kolonii (Niemcy). Nowa edycja targ\u00f3w prezentuje niesamowite cyfry. Wydarzenie odb\u0119dzie si\u0119 na powierzchni 246.500 m2<sup>2 <\/sup>podzielonej na kilka pawilon\u00f3w, wystaw i stref bankietowych. Ponadto oczekuje si\u0119, \u017ce odwiedzi j\u0105 \u0142\u0105cznie 150.000 go\u015bci z ponad 145 r\u00f3\u017cnych kraj\u00f3w. Wszyscy uczestnicy b\u0119d\u0105 mogli spotka\u0107 si\u0119 z 1158 wystawcami mebli i projektantami wn\u0119trz z ca\u0142ego \u015bwiata.<span class=\"Apple-converted-space\">\u00a0<\/span><\/p>\n<p>[\/vc_column_text][vc_empty_space height=&#8221;50px&#8221;][\/vc_column][\/vc_row][vc_row css_animation=&#8221;&#8221; row_type=&#8221;row&#8221; use_row_as_full_screen_section=&#8221;no&#8221; type=&#8221;full_width&#8221; angled_section=&#8221;no&#8221; text_align=&#8221;left&#8221; background_image_as_pattern=&#8221;without_pattern&#8221;][vc_column][vc_empty_space height=&#8221;50px&#8221;][vc_single_image image=&#8221;5879&#8243; img_size=&#8221;large&#8221; alignment=&#8221;right&#8221; qode_css_animation=&#8221;&#8221;][vc_empty_space height=&#8221;50px&#8221;][\/vc_column][\/vc_row][vc_row css_animation=&#8221;&#8221; row_type=&#8221;row&#8221; use_row_as_full_screen_section=&#8221;no&#8221; type=&#8221;full_width&#8221; angled_section=&#8221;no&#8221; text_align=&#8221;left&#8221; background_image_as_pattern=&#8221;without_pattern&#8221;][vc_column][vc_column_text]<strong>KARIBIAN LIDEREM NA IMM KOLONIA 2020<\/strong><\/p>\n<p style=\"text-align: justify;\">Hiszpa\u0144skie meble b\u0119d\u0105 odgrywa\u0107 g\u0142\u00f3wn\u0105 rol\u0119 la IMM Kolonia 2020 &#8211; jednym z g\u0142\u00f3wnych Mi\u0119dzynarodowych Targ\u00f3w Meblowych. Silna hiszpa\u0144ska obecno\u015b\u0107 nie jest przypadkowa. Niemcy stanowi\u0105 trzeci rynek, na kt\u00f3ry trafia najwi\u0119cej eksportowanych hiszpa\u0144skich mebli. Podczas tego pierwszego wa\u017cnego wydarzenia w 2020 roku bran\u017ca prezentuje i eksponuje swoje najnowsze trendy, tworz\u0105c wn\u0119trza, kt\u00f3re wywo\u0142uj\u0105 reakcje mi\u0119dzynarodowego sektora. W sekcji <b>\u00ab<\/b><a href=\"https:\/\/www.imm-cologne.com\/fair\/interior-worlds\/home\/home-sleep\/home-sleep.php\"><b>Sen w domup<\/b><\/a><b>\u00bb<\/b>\u00a0w pawilonie 9 b\u0119dziemy mogli odkry\u0107 produkty i pomys\u0142y obejmuj\u0105ce wszystko, co niezb\u0119dne i zwi\u0105zane z wypoczynkiem. Ten tematyczny oddzia\u0142 oferuje wspania\u0142e, innowacyjne, komfortowe spania, kt\u00f3re uzupe\u0142nia filozofia stylu \u017cycia nieod\u0142\u0105cznie zwi\u0105zana z koncepcj\u0105<i> wellness<\/i>.\u00a0W Karibian Descanso stawiamy na nowe linie produkt\u00f3w oraz bardziej otwart\u0105 i innowacyjn\u0105 koncepcj\u0119. Przedstawiamy nowe modele opar\u0107 nale\u017c\u0105ce do r\u00f3\u017cnych komfortowych serii, charakteryzuj\u0105ce si\u0119 fascynuj\u0105cymi kompozycjami po\u0142\u0105czonymi z najlepszymi materia\u0142ami i technologicznymi nowinkami na rynku.<\/p>\n<p>[\/vc_column_text][\/vc_column][\/vc_row][vc_row css_animation=&#8221;&#8221; row_type=&#8221;row&#8221; use_row_as_full_screen_section=&#8221;no&#8221; type=&#8221;full_width&#8221; angled_section=&#8221;no&#8221; text_align=&#8221;left&#8221; background_image_as_pattern=&#8221;without_pattern&#8221;][vc_column][vc_empty_space height=&#8221;100px&#8221;][vc_raw_html]JTNDdmlkZW8lMjBzdHlsZSUzRCUyMndpZHRoJTNBJTIwMTAwJTI1JTNCJTIyJTIwc3JjJTNEJTIyaHR0cHMlM0ElMkYlMkZ3d3cuaW1tLWNvbG9nbmUuY29tJTJGbWVkaWElMkZyZWRha3Rpb25lbGwlMkZpbW1fMSUyRmltZ18xMCUyRjAxX2xheW91dF80JTJGYnVlaG5lbmJpbGRlcl8zJTJGSU1NXzIzMDB4MTIzMC5tcDQlMjIlMjBhdXRvcGxheSUyMG11dGVkJTIwbG9vcCUzRSUzQyUyRnZpZGVvJTNF[\/vc_raw_html][\/vc_column][\/vc_row][vc_row css_animation=&#8221;&#8221; row_type=&#8221;row&#8221; use_row_as_full_screen_section=&#8221;no&#8221; type=&#8221;full_width&#8221; angled_section=&#8221;no&#8221; text_align=&#8221;left&#8221; background_image_as_pattern=&#8221;without_pattern&#8221;][vc_column width=&#8221;1\/2&#8243;][vc_column_text]<\/p>\n<h2>Niemcy to trzeci rynek z najwi\u0119kszym eksportem hiszpa\u0144skich mebli, reprezentuj\u0105c 6,8% ca\u0142o\u015bci.<\/h2>\n<p>[\/vc_column_text][vc_empty_space height=&#8221;50px&#8221;][vc_column_text]<\/p>\n<p style=\"text-align: justify;\">Od 13 do 19 stycznia 2020 w niemieckiej Kolonii odb\u0119dzie si\u0119 kolejna edycja targ\u00f3w IMM Kolonia. Targ\u00f3w 360, kt\u00f3re skupiaj\u0105 najlepsze marki z bran\u017cy meblarskiej. W sumie 1158 wystawc\u00f3w z r\u00f3\u017cnych kraj\u00f3w.<\/p>\n<p style=\"text-align: justify;\"><strong> Karibian Descanso mo\u017cna znale\u017a\u0107 na stanowisku C012\/Hall 09.1 (Sekcja Home Sleep).<\/strong><\/p>\n<p>[\/vc_column_text][\/vc_column][vc_column width=&#8221;1\/2&#8243;][vc_single_image image=&#8221;5877&#8243; img_size=&#8221;full&#8221; alignment=&#8221;center&#8221; qode_css_animation=&#8221;&#8221;][\/vc_column][\/vc_row][vc_row css_animation=&#8221;&#8221; row_type=&#8221;row&#8221; use_row_as_full_screen_section=&#8221;no&#8221; type=&#8221;full_width&#8221; angled_section=&#8221;no&#8221; text_align=&#8221;left&#8221; background_image_as_pattern=&#8221;without_pattern&#8221;][vc_column][vc_empty_space height=&#8221;100px&#8221;][vc_single_image image=&#8221;5882&#8243; img_size=&#8221;medium&#8221; alignment=&#8221;center&#8221; qode_css_animation=&#8221;&#8221;][\/vc_column][\/vc_row]<\/p>","protected":false},"excerpt":{"rendered":"<p>Karibian Descanso b\u0119dzie obecny na Targach IMM Cologne 2020, kt\u00f3re odb\u0119d\u0105 si\u0119 w dniach 13-19 stycznia w Kolonii (Niemcy). Znajd\u017a nas na stoisku C012\/hala 09.1 w sekcji Home Sleep, gdzie prezentujemy<\/p>\n","protected":false},"author":2,"featured_media":5798,"comment_status":"open","ping_status":"open","sticky":false,"template":"","format":"standard","meta":{"footnotes":""},"categories":[10],"tags":[25,61,91,100,158,159,160,161],"class_list":["post-5793","post","type-post","status-publish","format-standard","has-post-thumbnail","hentry","category-noticias","tag-karibian-descanso","tag-feria","tag-mattress","tag-furniture","tag-imm-cologne","tag-germany","tag-cologne","tag-mueble-de-espana"],"yoast_head":"<!-- This site is optimized with the Yoast SEO plugin v27.0 - https:\/\/yoast.com\/product\/yoast-seo-wordpress\/ -->\n<title>KARIBIAN NA IMM KOLONIA 2020 - Karibian Descanso<\/title>\n<meta name=\"robots\" content=\"index, follow, max-snippet:-1, max-image-preview:large, max-video-preview:-1\" \/>\n<link rel=\"canonical\" href=\"https:\/\/karibiandescanso.com\/en\/participacion-en-imm-cologne-2020\/\" \/>\n<meta property=\"og:locale\" content=\"pl_PL\" \/>\n<meta property=\"og:type\" content=\"article\" \/>\n<meta property=\"og:title\" content=\"[:es]KARIBIAN EN IMM COLOGNE 2020[:en]KARIBIAN AT IMM COLOGNE 2020[:fr]KARIBIAN AU SALON IMM COLOGNE 2020[:ru]KARIBIAN \u041d\u0410 \u041c\u0415\u0416\u0414\u0423\u041d\u0410\u0420\u041e\u0414\u041d\u041e\u0419 \u041c\u0415\u0411\u0415\u041b\u042c\u041d\u041e\u0419 \u0412\u042b\u0421\u0422\u0410\u0412\u041a\u0415 2020 \u0412 \u041a\u0401\u041b\u042c\u041d\u0415[:pl]KARIBIAN NA IMM KOLONIA 2020[:] - Karibian Descanso\" \/>\n<meta property=\"og:description\" content=\"[:es]Karibian Descanso estar\u00e1 presente en la Feria IMM Cologne 2020, que se celebrar\u00e1 del 13 al 19 de Enero en Colonia (Alemania). Encu\u00e9ntranos en el Stand C012\/Hall 09.1 en la secci\u00f3n Home Sleep, presentando las[:en]Karibian Descanso will be present at IMM Cologne 2020, which will be held from 13 to 19 January in Cologne (Germany). This new edition of the fair boasts some impressive figures. The event will be held in a space of 246,500 m\u00b2 [:fr]Le secteur du meuble espagnol aura un r\u00f4le central au Salon IMM Cologne 2020, l&#039;un des principaux salons internationaux du meuble. La pr\u00e9sence espagnole significative n&#039;est pas[:ru]\u041a\u043e\u043c\u043f\u0430\u043d\u0438\u044f Karibian Descanso \u043f\u0440\u0438\u043c\u0435\u0442 \u0443\u0447\u0430\u0441\u0442\u0438\u0435 \u0432 \u041c\u0435\u0436\u0434\u0443\u043d\u0430\u0440\u043e\u0434\u043d\u043e\u0439 \u043c\u0435\u0431\u0435\u043b\u044c\u043d\u043e\u0439 \u0432\u044b\u0441\u0442\u0430\u0432\u043a\u0435 2020 \u0433\u043e\u0434\u0430, \u043a\u043e\u0442\u043e\u0440\u0430\u044f \u043f\u0440\u043e\u0439\u0434\u0435\u0442 \u0441 13 \u043f\u043e 19 \u044f\u043d\u0432\u0430\u0440\u044f \u0432[:pl]Karibian Descanso b\u0119dzie obecny na Targach IMM Cologne 2020, kt\u00f3re odb\u0119d\u0105 si\u0119 w dniach 13-19 stycznia w Kolonii (Niemcy). Znajd\u017a nas na stoisku C012\/hala 09.1 w sekcji Home Sleep, gdzie prezentujemy[:]\" \/>\n<meta property=\"og:url\" content=\"https:\/\/karibiandescanso.com\/en\/participacion-en-imm-cologne-2020\/\" \/>\n<meta property=\"og:site_name\" content=\"Karibian Descanso\" \/>\n<meta property=\"article:published_time\" content=\"2020-01-02T12:35:27+00:00\" \/>\n<meta property=\"article:modified_time\" content=\"2024-07-24T13:36:44+00:00\" \/>\n<meta property=\"og:image\" content=\"https:\/\/karibiandescanso.com\/wp-content\/uploads\/2019\/12\/COLOGNE-POST-2.png\" \/>\n\t<meta property=\"og:image:width\" content=\"583\" \/>\n\t<meta property=\"og:image:height\" content=\"330\" \/>\n\t<meta property=\"og:image:type\" content=\"image\/png\" \/>\n<meta name=\"author\" content=\"Karibian Descanso\" \/>\n<meta name=\"twitter:card\" content=\"summary_large_image\" \/>\n<meta name=\"twitter:label1\" content=\"Napisane przez\" \/>\n\t<meta name=\"twitter:data1\" content=\"Karibian Descanso\" \/>\n\t<meta name=\"twitter:label2\" content=\"Szacowany czas czytania\" \/>\n\t<meta name=\"twitter:data2\" content=\"4 minuty\" \/>\n<script type=\"application\/ld+json\" class=\"yoast-schema-graph\">{\"@context\":\"https:\/\/schema.org\",\"@graph\":[{\"@type\":\"Article\",\"@id\":\"https:\/\/karibiandescanso.com\/en\/participacion-en-imm-cologne-2020\/#article\",\"isPartOf\":{\"@id\":\"https:\/\/karibiandescanso.com\/en\/participacion-en-imm-cologne-2020\/\"},\"author\":{\"name\":\"Karibian Descanso\",\"@id\":\"https:\/\/karibiandescanso.com\/#\/schema\/person\/23be63b9b19bd8da8980c8eecdd69d30\"},\"headline\":\"KARIBIAN NA IMM KOLONIA 2020\",\"datePublished\":\"2020-01-02T12:35:27+00:00\",\"dateModified\":\"2024-07-24T13:36:44+00:00\",\"mainEntityOfPage\":{\"@id\":\"https:\/\/karibiandescanso.com\/en\/participacion-en-imm-cologne-2020\/\"},\"wordCount\":3397,\"commentCount\":0,\"image\":{\"@id\":\"https:\/\/karibiandescanso.com\/en\/participacion-en-imm-cologne-2020\/#primaryimage\"},\"thumbnailUrl\":\"https:\/\/karibiandescanso.com\/wp-content\/uploads\/2019\/12\/COLOGNE-POST-2.png\",\"keywords\":[\"karibian descanso\",\"Feria\",\"Mattress\",\"Furniture\",\"IMM Cologne\",\"Germany\",\"Cologne\",\"Mueble de Espa\u00f1a\"],\"articleSection\":[\"noticias\"],\"inLanguage\":\"pl-PL\",\"potentialAction\":[{\"@type\":\"CommentAction\",\"name\":\"Comment\",\"target\":[\"https:\/\/karibiandescanso.com\/en\/participacion-en-imm-cologne-2020\/#respond\"]}]},{\"@type\":\"WebPage\",\"@id\":\"https:\/\/karibiandescanso.com\/en\/participacion-en-imm-cologne-2020\/\",\"url\":\"https:\/\/karibiandescanso.com\/en\/participacion-en-imm-cologne-2020\/\",\"name\":\"[:es]KARIBIAN EN IMM COLOGNE 2020[:en]KARIBIAN AT IMM COLOGNE 2020[:fr]KARIBIAN AU SALON IMM COLOGNE 2020[:ru]KARIBIAN \u041d\u0410 \u041c\u0415\u0416\u0414\u0423\u041d\u0410\u0420\u041e\u0414\u041d\u041e\u0419 \u041c\u0415\u0411\u0415\u041b\u042c\u041d\u041e\u0419 \u0412\u042b\u0421\u0422\u0410\u0412\u041a\u0415 2020 \u0412 \u041a\u0401\u041b\u042c\u041d\u0415[:pl]KARIBIAN NA IMM KOLONIA 2020[:] - Karibian Descanso\",\"isPartOf\":{\"@id\":\"https:\/\/karibiandescanso.com\/#website\"},\"primaryImageOfPage\":{\"@id\":\"https:\/\/karibiandescanso.com\/en\/participacion-en-imm-cologne-2020\/#primaryimage\"},\"image\":{\"@id\":\"https:\/\/karibiandescanso.com\/en\/participacion-en-imm-cologne-2020\/#primaryimage\"},\"thumbnailUrl\":\"https:\/\/karibiandescanso.com\/wp-content\/uploads\/2019\/12\/COLOGNE-POST-2.png\",\"datePublished\":\"2020-01-02T12:35:27+00:00\",\"dateModified\":\"2024-07-24T13:36:44+00:00\",\"author\":{\"@id\":\"https:\/\/karibiandescanso.com\/#\/schema\/person\/23be63b9b19bd8da8980c8eecdd69d30\"},\"breadcrumb\":{\"@id\":\"https:\/\/karibiandescanso.com\/en\/participacion-en-imm-cologne-2020\/#breadcrumb\"},\"inLanguage\":\"pl-PL\",\"potentialAction\":[{\"@type\":\"ReadAction\",\"target\":[\"https:\/\/karibiandescanso.com\/en\/participacion-en-imm-cologne-2020\/\"]}]},{\"@type\":\"ImageObject\",\"inLanguage\":\"pl-PL\",\"@id\":\"https:\/\/karibiandescanso.com\/en\/participacion-en-imm-cologne-2020\/#primaryimage\",\"url\":\"https:\/\/karibiandescanso.com\/wp-content\/uploads\/2019\/12\/COLOGNE-POST-2.png\",\"contentUrl\":\"https:\/\/karibiandescanso.com\/wp-content\/uploads\/2019\/12\/COLOGNE-POST-2.png\",\"width\":583,\"height\":330},{\"@type\":\"BreadcrumbList\",\"@id\":\"https:\/\/karibiandescanso.com\/en\/participacion-en-imm-cologne-2020\/#breadcrumb\",\"itemListElement\":[{\"@type\":\"ListItem\",\"position\":1,\"name\":\"Portada\",\"item\":\"https:\/\/karibiandescanso.com\/\"},{\"@type\":\"ListItem\",\"position\":2,\"name\":\"KARIBIAN AT IMM COLOGNE 2020\"}]},{\"@type\":\"WebSite\",\"@id\":\"https:\/\/karibiandescanso.com\/#website\",\"url\":\"https:\/\/karibiandescanso.com\/\",\"name\":\"Karibian Descanso\",\"description\":\"Gdzie jest odpoczynek\",\"potentialAction\":[{\"@type\":\"SearchAction\",\"target\":{\"@type\":\"EntryPoint\",\"urlTemplate\":\"https:\/\/karibiandescanso.com\/?s={search_term_string}\"},\"query-input\":{\"@type\":\"PropertyValueSpecification\",\"valueRequired\":true,\"valueName\":\"search_term_string\"}}],\"inLanguage\":\"pl-PL\"},{\"@type\":\"Person\",\"@id\":\"https:\/\/karibiandescanso.com\/#\/schema\/person\/23be63b9b19bd8da8980c8eecdd69d30\",\"name\":\"Karibian Descanso\",\"image\":{\"@type\":\"ImageObject\",\"inLanguage\":\"pl-PL\",\"@id\":\"https:\/\/karibiandescanso.com\/#\/schema\/person\/image\/\",\"url\":\"https:\/\/secure.gravatar.com\/avatar\/2f55039d31e0c8cf55d2c2b6e3bb49113343c35fd46d6d11806620d3c9641ba7?s=96&d=mm&r=g\",\"contentUrl\":\"https:\/\/secure.gravatar.com\/avatar\/2f55039d31e0c8cf55d2c2b6e3bb49113343c35fd46d6d11806620d3c9641ba7?s=96&d=mm&r=g\",\"caption\":\"Karibian Descanso\"},\"url\":\"https:\/\/karibiandescanso.com\/pl\/author\/karibian-descanso\/\"}]}<\/script>\n<!-- \/ Yoast SEO plugin. -->","yoast_head_json":{"title":"[:es]KARIBIAN EN IMM COLOGNE 2020[:en]KARIBIAN AT IMM COLOGNE 2020[:fr]KARIBIAN AU SALON IMM COLOGNE 2020[:ru]KARIBIAN \u041d\u0410 \u041c\u0415\u0416\u0414\u0423\u041d\u0410\u0420\u041e\u0414\u041d\u041e\u0419 \u041c\u0415\u0411\u0415\u041b\u042c\u041d\u041e\u0419 \u0412\u042b\u0421\u0422\u0410\u0412\u041a\u0415 2020 \u0412 \u041a\u0401\u041b\u042c\u041d\u0415[:pl]KARIBIAN NA IMM KOLONIA 2020[:] - Karibian Descanso","robots":{"index":"index","follow":"follow","max-snippet":"max-snippet:-1","max-image-preview":"max-image-preview:large","max-video-preview":"max-video-preview:-1"},"canonical":"https:\/\/karibiandescanso.com\/en\/participacion-en-imm-cologne-2020\/","og_locale":"pl_PL","og_type":"article","og_title":"[:es]KARIBIAN EN IMM COLOGNE 2020[:en]KARIBIAN AT IMM COLOGNE 2020[:fr]KARIBIAN AU SALON IMM COLOGNE 2020[:ru]KARIBIAN \u041d\u0410 \u041c\u0415\u0416\u0414\u0423\u041d\u0410\u0420\u041e\u0414\u041d\u041e\u0419 \u041c\u0415\u0411\u0415\u041b\u042c\u041d\u041e\u0419 \u0412\u042b\u0421\u0422\u0410\u0412\u041a\u0415 2020 \u0412 \u041a\u0401\u041b\u042c\u041d\u0415[:pl]KARIBIAN NA IMM KOLONIA 2020[:] - Karibian Descanso","og_description":"[:es]Karibian Descanso estar\u00e1 presente en la Feria IMM Cologne 2020, que se celebrar\u00e1 del 13 al 19 de Enero en Colonia (Alemania). Encu\u00e9ntranos en el Stand C012\/Hall 09.1 en la secci\u00f3n Home Sleep, presentando las[:en]Karibian Descanso will be present at IMM Cologne 2020, which will be held from 13 to 19 January in Cologne (Germany). This new edition of the fair boasts some impressive figures. The event will be held in a space of 246,500 m\u00b2 [:fr]Le secteur du meuble espagnol aura un r\u00f4le central au Salon IMM Cologne 2020, l'un des principaux salons internationaux du meuble. La pr\u00e9sence espagnole significative n'est pas[:ru]\u041a\u043e\u043c\u043f\u0430\u043d\u0438\u044f Karibian Descanso \u043f\u0440\u0438\u043c\u0435\u0442 \u0443\u0447\u0430\u0441\u0442\u0438\u0435 \u0432 \u041c\u0435\u0436\u0434\u0443\u043d\u0430\u0440\u043e\u0434\u043d\u043e\u0439 \u043c\u0435\u0431\u0435\u043b\u044c\u043d\u043e\u0439 \u0432\u044b\u0441\u0442\u0430\u0432\u043a\u0435 2020 \u0433\u043e\u0434\u0430, \u043a\u043e\u0442\u043e\u0440\u0430\u044f \u043f\u0440\u043e\u0439\u0434\u0435\u0442 \u0441 13 \u043f\u043e 19 \u044f\u043d\u0432\u0430\u0440\u044f \u0432[:pl]Karibian Descanso b\u0119dzie obecny na Targach IMM Cologne 2020, kt\u00f3re odb\u0119d\u0105 si\u0119 w dniach 13-19 stycznia w Kolonii (Niemcy). Znajd\u017a nas na stoisku C012\/hala 09.1 w sekcji Home Sleep, gdzie prezentujemy[:]","og_url":"https:\/\/karibiandescanso.com\/en\/participacion-en-imm-cologne-2020\/","og_site_name":"Karibian Descanso","article_published_time":"2020-01-02T12:35:27+00:00","article_modified_time":"2024-07-24T13:36:44+00:00","og_image":[{"width":583,"height":330,"url":"https:\/\/karibiandescanso.com\/wp-content\/uploads\/2019\/12\/COLOGNE-POST-2.png","type":"image\/png"}],"author":"Karibian Descanso","twitter_card":"summary_large_image","twitter_misc":{"Napisane przez":"Karibian Descanso","Szacowany czas czytania":"4 minuty"},"schema":{"@context":"https:\/\/schema.org","@graph":[{"@type":"Article","@id":"https:\/\/karibiandescanso.com\/en\/participacion-en-imm-cologne-2020\/#article","isPartOf":{"@id":"https:\/\/karibiandescanso.com\/en\/participacion-en-imm-cologne-2020\/"},"author":{"name":"Karibian Descanso","@id":"https:\/\/karibiandescanso.com\/#\/schema\/person\/23be63b9b19bd8da8980c8eecdd69d30"},"headline":"KARIBIAN NA IMM KOLONIA 2020","datePublished":"2020-01-02T12:35:27+00:00","dateModified":"2024-07-24T13:36:44+00:00","mainEntityOfPage":{"@id":"https:\/\/karibiandescanso.com\/en\/participacion-en-imm-cologne-2020\/"},"wordCount":3397,"commentCount":0,"image":{"@id":"https:\/\/karibiandescanso.com\/en\/participacion-en-imm-cologne-2020\/#primaryimage"},"thumbnailUrl":"https:\/\/karibiandescanso.com\/wp-content\/uploads\/2019\/12\/COLOGNE-POST-2.png","keywords":["karibian descanso","Feria","Mattress","Furniture","IMM Cologne","Germany","Cologne","Mueble de Espa\u00f1a"],"articleSection":["noticias"],"inLanguage":"pl-PL","potentialAction":[{"@type":"CommentAction","name":"Comment","target":["https:\/\/karibiandescanso.com\/en\/participacion-en-imm-cologne-2020\/#respond"]}]},{"@type":"WebPage","@id":"https:\/\/karibiandescanso.com\/en\/participacion-en-imm-cologne-2020\/","url":"https:\/\/karibiandescanso.com\/en\/participacion-en-imm-cologne-2020\/","name":"[:es]KARIBIAN EN IMM COLOGNE 2020[:en]KARIBIAN AT IMM COLOGNE 2020[:fr]KARIBIAN AU SALON IMM COLOGNE 2020[:ru]KARIBIAN \u041d\u0410 \u041c\u0415\u0416\u0414\u0423\u041d\u0410\u0420\u041e\u0414\u041d\u041e\u0419 \u041c\u0415\u0411\u0415\u041b\u042c\u041d\u041e\u0419 \u0412\u042b\u0421\u0422\u0410\u0412\u041a\u0415 2020 \u0412 \u041a\u0401\u041b\u042c\u041d\u0415[:pl]KARIBIAN NA IMM KOLONIA 2020[:] - Karibian Descanso","isPartOf":{"@id":"https:\/\/karibiandescanso.com\/#website"},"primaryImageOfPage":{"@id":"https:\/\/karibiandescanso.com\/en\/participacion-en-imm-cologne-2020\/#primaryimage"},"image":{"@id":"https:\/\/karibiandescanso.com\/en\/participacion-en-imm-cologne-2020\/#primaryimage"},"thumbnailUrl":"https:\/\/karibiandescanso.com\/wp-content\/uploads\/2019\/12\/COLOGNE-POST-2.png","datePublished":"2020-01-02T12:35:27+00:00","dateModified":"2024-07-24T13:36:44+00:00","author":{"@id":"https:\/\/karibiandescanso.com\/#\/schema\/person\/23be63b9b19bd8da8980c8eecdd69d30"},"breadcrumb":{"@id":"https:\/\/karibiandescanso.com\/en\/participacion-en-imm-cologne-2020\/#breadcrumb"},"inLanguage":"pl-PL","potentialAction":[{"@type":"ReadAction","target":["https:\/\/karibiandescanso.com\/en\/participacion-en-imm-cologne-2020\/"]}]},{"@type":"ImageObject","inLanguage":"pl-PL","@id":"https:\/\/karibiandescanso.com\/en\/participacion-en-imm-cologne-2020\/#primaryimage","url":"https:\/\/karibiandescanso.com\/wp-content\/uploads\/2019\/12\/COLOGNE-POST-2.png","contentUrl":"https:\/\/karibiandescanso.com\/wp-content\/uploads\/2019\/12\/COLOGNE-POST-2.png","width":583,"height":330},{"@type":"BreadcrumbList","@id":"https:\/\/karibiandescanso.com\/en\/participacion-en-imm-cologne-2020\/#breadcrumb","itemListElement":[{"@type":"ListItem","position":1,"name":"Portada","item":"https:\/\/karibiandescanso.com\/"},{"@type":"ListItem","position":2,"name":"KARIBIAN AT IMM COLOGNE 2020"}]},{"@type":"WebSite","@id":"https:\/\/karibiandescanso.com\/#website","url":"https:\/\/karibiandescanso.com\/","name":"Karibian Descanso","description":"Gdzie jest odpoczynek","potentialAction":[{"@type":"SearchAction","target":{"@type":"EntryPoint","urlTemplate":"https:\/\/karibiandescanso.com\/?s={search_term_string}"},"query-input":{"@type":"PropertyValueSpecification","valueRequired":true,"valueName":"search_term_string"}}],"inLanguage":"pl-PL"},{"@type":"Person","@id":"https:\/\/karibiandescanso.com\/#\/schema\/person\/23be63b9b19bd8da8980c8eecdd69d30","name":"Karibian Descanso","image":{"@type":"ImageObject","inLanguage":"pl-PL","@id":"https:\/\/karibiandescanso.com\/#\/schema\/person\/image\/","url":"https:\/\/secure.gravatar.com\/avatar\/2f55039d31e0c8cf55d2c2b6e3bb49113343c35fd46d6d11806620d3c9641ba7?s=96&d=mm&r=g","contentUrl":"https:\/\/secure.gravatar.com\/avatar\/2f55039d31e0c8cf55d2c2b6e3bb49113343c35fd46d6d11806620d3c9641ba7?s=96&d=mm&r=g","caption":"Karibian Descanso"},"url":"https:\/\/karibiandescanso.com\/pl\/author\/karibian-descanso\/"}]}},"_links":{"self":[{"href":"https:\/\/karibiandescanso.com\/pl\/wp-json\/wp\/v2\/posts\/5793","targetHints":{"allow":["GET"]}}],"collection":[{"href":"https:\/\/karibiandescanso.com\/pl\/wp-json\/wp\/v2\/posts"}],"about":[{"href":"https:\/\/karibiandescanso.com\/pl\/wp-json\/wp\/v2\/types\/post"}],"author":[{"embeddable":true,"href":"https:\/\/karibiandescanso.com\/pl\/wp-json\/wp\/v2\/users\/2"}],"replies":[{"embeddable":true,"href":"https:\/\/karibiandescanso.com\/pl\/wp-json\/wp\/v2\/comments?post=5793"}],"version-history":[{"count":0,"href":"https:\/\/karibiandescanso.com\/pl\/wp-json\/wp\/v2\/posts\/5793\/revisions"}],"wp:featuredmedia":[{"embeddable":true,"href":"https:\/\/karibiandescanso.com\/pl\/wp-json\/wp\/v2\/media\/5798"}],"wp:attachment":[{"href":"https:\/\/karibiandescanso.com\/pl\/wp-json\/wp\/v2\/media?parent=5793"}],"wp:term":[{"taxonomy":"category","embeddable":true,"href":"https:\/\/karibiandescanso.com\/pl\/wp-json\/wp\/v2\/categories?post=5793"},{"taxonomy":"post_tag","embeddable":true,"href":"https:\/\/karibiandescanso.com\/pl\/wp-json\/wp\/v2\/tags?post=5793"}],"curies":[{"name":"wp","href":"https:\/\/api.w.org\/{rel}","templated":true}]}}