{"id":7750,"date":"2020-08-06T07:30:04","date_gmt":"2020-08-06T06:30:04","guid":{"rendered":"https:\/\/www.karibiandescanso.com\/?p=7750"},"modified":"2024-07-24T11:50:39","modified_gmt":"2024-07-24T09:50:39","slug":"momento-de-desconectar","status":"publish","type":"post","link":"https:\/\/karibiandescanso.com\/pl\/momento-de-desconectar\/","title":{"rendered":"CZAS NA ODPR\u0118\u017bENIE"},"content":{"rendered":"<p>[vc_row css_animation=&#8221;&#8221; row_type=&#8221;row&#8221; use_row_as_full_screen_section=&#8221;no&#8221; type=&#8221;full_width&#8221; angled_section=&#8221;no&#8221; text_align=&#8221;left&#8221; background_image_as_pattern=&#8221;without_pattern&#8221;][vc_column][vc_empty_space height=&#8221;15px&#8221;][vc_single_image image=&#8221;7751&#8243; img_size=&#8221;full&#8221; qode_css_animation=&#8221;&#8221;][vc_empty_space height=&#8221;25px&#8221;][vc_column_text css=&#8221;.vc_custom_1721814322489{padding-right: 50px !important;padding-left: 50px !important;}&#8221;]<\/p>\n<blockquote>\n<h3 style=\"text-align: center;\">URLOP LETNI, ABY ODPOCZ\u0104\u0106 I SP\u0118DZI\u0106 CZAS Z BLISKIMI<\/h3>\n<\/blockquote>\n<p>[\/vc_column_text][vc_column_text]<\/p>\n<p style=\"text-align: justify;\">Sierpie\u0144 to miesi\u0105c wakacji. W tym nietypowym rok, kt\u00f3ry w\u0142a\u015bnie prze\u017cywamy, bior\u0105c pod uwag\u0119 wszystkie wydarzenia, kt\u00f3re mia\u0142y miejsce, bardziej ni\u017c kiedykolwiek potrzebujemy przerwy, aby m\u00f3c od\u0142\u0105czy\u0107 si\u0119 od rzeczywisto\u015bci. To od\u0142\u0105czenie sprawi, \u017ce p\u00f3\u017aniej wr\u00f3cimy do codziennej rutyny z wi\u0119ksz\u0105 ch\u0119ci\u0105 i si\u0142\u0105 ni\u017c kiedykolwiek wcze\u015bniej. Wakacje s\u0105 po to, \u017ceby si\u0119 cieszy\u0107, relaksowa\u0107 i oczywi\u015bcie odpoczywa\u0107.<\/p>\n<p>[\/vc_column_text][\/vc_column][\/vc_row][vc_row css_animation=&#8221;&#8221; row_type=&#8221;row&#8221; use_row_as_full_screen_section=&#8221;no&#8221; type=&#8221;full_width&#8221; angled_section=&#8221;no&#8221; text_align=&#8221;left&#8221; background_image_as_pattern=&#8221;without_pattern&#8221; css=&#8221;.vc_custom_1586958030970{margin-top: 100px !important;margin-right: 0px !important;margin-bottom: 0px !important;margin-left: 0px !important;}&#8221; z_index=&#8221;&#8221;][vc_column width=&#8221;1\/3&#8243;][vc_single_image image=&#8221;7776&#8243; img_size=&#8221;medium&#8221; qode_css_animation=&#8221;&#8221; css=&#8221;.vc_custom_1596625621493{padding-top: px !important;padding-left: 0px !important;}&#8221;][\/vc_column][vc_column width=&#8221;2\/3&#8243;][vc_column_text css=&#8221;.vc_custom_1721814375406{margin-left: 0px !important;border-left-width: 0px !important;padding-top: 380px !important;padding-right: 0px !important;padding-left: 0px !important;}&#8221;]<\/p>\n<h3 style=\"text-align: justify;\">Nadszed\u0142 czas, aby jak najlepiej wykorzysta\u0107 letnie dni i noce. Poczu\u0107, \u017ce \u017cyjesz i, \u017ce towarzyszy Ci dobre samopoczucie, doceniaj\u0105c chwile szcz\u0119\u015bcia, kt\u00f3re cz\u0119sto przemijaj\u0105 niezauwa\u017cone.<\/h3>\n<p>[\/vc_column_text][\/vc_column][\/vc_row][vc_row css_animation=&#8221;&#8221; row_type=&#8221;row&#8221; use_row_as_full_screen_section=&#8221;no&#8221; type=&#8221;full_width&#8221; angled_section=&#8221;no&#8221; text_align=&#8221;left&#8221; background_image_as_pattern=&#8221;without_pattern&#8221; z_index=&#8221;&#8221;][vc_column css=&#8221;.vc_custom_1586951599914{margin-top: 100px !important;}&#8221;][vc_column_text css=&#8221;.vc_custom_1721814361586{padding-right: 15px !important;padding-left: 20px !important;}&#8221;]<\/p>\n<p style=\"text-align: justify;\">Przygotuj si\u0119, aby obudzi\u0107 si\u0119 pe\u0142en energii na reszt\u0119 dni. Nie jest tajemnic\u0105, \u017ce brak snu mo\u017ce mie\u0107 negatywne konsekwencje dla codziennej rutyny. Tak samo, jak gdy si\u0119 wysypiamy, jeste\u015bmy w lepszym nastroju, jeste\u015bmy szcz\u0119\u015bliwsi i bardziej wra\u017cliwi na ludzi wok\u00f3\u0142 nas. Chc\u0105c prawid\u0142owo wypoczywa\u0107, musimy przyjrze\u0107 si\u0119 wszystkim przyzwyczajeniom i systemom z tym zwi\u0105zanym zar\u00f3wno w domu, jak i na wakacjach. Podczas dni urlopowych powinni\u015bmy odpoczywa\u0107 w miejscach o odpowiednim komforcie.<span class=\"Apple-converted-space\">\u00a0<\/span><\/p>\n<p>[\/vc_column_text][\/vc_column][\/vc_row][vc_row row_type=&#8221;expandable&#8221; text_align=&#8221;center&#8221; button_position=&#8221;center&#8221; more_button_label=&#8221;Descubre la Tecnolog\u00eda Cooler&#8221; less_button_label=&#8221;Contraer&#8221; hover_color=&#8221;#a5a5a5&#8243; css=&#8221;.vc_custom_1596632786123{margin-top: 40px !important;}&#8221;][vc_column][vc_video link=&#8221;https:\/\/vimeo.com\/444875264&#8243; align=&#8221;center&#8221;][\/vc_column][\/vc_row][vc_row css_animation=&#8221;&#8221; row_type=&#8221;row&#8221; use_row_as_full_screen_section=&#8221;no&#8221; type=&#8221;full_width&#8221; angled_section=&#8221;no&#8221; text_align=&#8221;left&#8221; background_image_as_pattern=&#8221;without_pattern&#8221;][vc_column][vc_empty_space height=&#8221;20px&#8221;][vc_column_text css=&#8221;.vc_custom_1721814407602{padding-right: 15px !important;padding-left: 20px !important;}&#8221;]<\/p>\n<p style=\"text-align: justify;\">Odpoczynek podczas letnich nocy mo\u017ce by\u0107 trudny ze wzgl\u0119du na rosn\u0105c\u0105 temperatur\u0119 i zmieniaj\u0105cy si\u0119 cykl \u015bwietlny. Dyskomfort termiczny jest jednym z g\u0142\u00f3wnych powod\u00f3w, dla kt\u00f3rego ludzie budz\u0105 si\u0119 w \u015brodku nocy. W <a href=\"https:\/\/www.karibiandescanso.com\/\"><b>Karibian Descanso<\/b><\/a> zaprojektowali\u015bmy, dzi\u0119ki <b>#Technologii Cooler<\/b>, ch\u0142odn\u0105 tkanin\u0119, kt\u00f3ra pomo\u017ce lepiej spa\u0107 w nocy bez uczucia gor\u0105ca.<\/p>\n<p>[\/vc_column_text][\/vc_column][\/vc_row][vc_row css_animation=&#8221;&#8221; row_type=&#8221;row&#8221; use_row_as_full_screen_section=&#8221;no&#8221; type=&#8221;full_width&#8221; angled_section=&#8221;no&#8221; text_align=&#8221;left&#8221; background_image_as_pattern=&#8221;without_pattern&#8221;][vc_column][vc_empty_space height=&#8221;100px&#8221;][vc_column_text]<\/p>\n<h3 style=\"text-align: center;\">ODPOCZNIJ LATEM<\/h3>\n<p>[\/vc_column_text][vc_empty_space height=&#8221;30px&#8221;][\/vc_column][\/vc_row][vc_row css_animation=&#8221;&#8221; row_type=&#8221;row&#8221; use_row_as_full_screen_section=&#8221;no&#8221; type=&#8221;full_width&#8221; angled_section=&#8221;no&#8221; text_align=&#8221;left&#8221; background_image_as_pattern=&#8221;without_pattern&#8221; z_index=&#8221;&#8221;][vc_column width=&#8221;1\/4&#8243; css=&#8221;.vc_custom_1596547277732{margin-top: px !important;}&#8221;][vc_single_image image=&#8221;7778&#8243; img_size=&#8221;full&#8221; qode_css_animation=&#8221;&#8221;][vc_empty_space height=&#8221;15px&#8221;][vc_column_text]<\/p>\n<p style=\"text-align: center;\"><strong>DRZEMKA<\/strong><\/p>\n<p style=\"text-align: center;\">Letnia drzemka po obiedzie pomo\u017ce nam z\u0142agodzi\u0107 brak snu i odzyska\u0107 si\u0142y witalne. Eksperci zalecaj\u0105 spanie od 20 do 30 minut.<span class=\"Apple-converted-space\">\u00a0<\/span><\/p>\n<p>[\/vc_column_text][\/vc_column][vc_column width=&#8221;1\/4&#8243;][vc_single_image image=&#8221;7780&#8243; img_size=&#8221;full&#8221; alignment=&#8221;center&#8221; qode_css_animation=&#8221;&#8221;][vc_empty_space height=&#8221;15px&#8221;][vc_column_text]<\/p>\n<p style=\"text-align: center;\"><strong>CZAS NA RELAKS<\/strong><\/p>\n<p style=\"text-align: center;\">Wyluzuj. Tw\u00f3j materac to najlepszy sprzymierzeniec, aby dobrze spa\u0107 i prawid\u0142owo odpoczywa\u0107. Upewnij si\u0119, \u017ce jest odpowiedni dla Ciebie i odpowiada Twoim gustom oraz potrzebom.<span class=\"Apple-converted-space\">\u00a0<\/span><\/p>\n<p>[\/vc_column_text][\/vc_column][vc_column width=&#8221;1\/4&#8243;][vc_single_image image=&#8221;7779&#8243; img_size=&#8221;full&#8221; alignment=&#8221;center&#8221; qode_css_animation=&#8221;&#8221;][vc_empty_space height=&#8221;15px&#8221;][vc_column_text]<\/p>\n<p style=\"text-align: center;\"><strong>OD\u017bYWIANIE I SPORT<\/strong><\/p>\n<p style=\"text-align: center;\">Latem \u0107wiczymy wi\u0119cej. Unika\u0107 zatem aktywno\u015bci fizycznej zaraz przed p\u00f3j\u015bciem do \u0142\u00f3\u017cka. Nie zapomnij r\u00f3wnie\u017c zadba\u0107 o to, by si\u0119 nie przejada\u0107 i nie przyjmowa\u0107 pokarm\u00f3w ci\u0119\u017ckostrawnych przed snem.<\/p>\n<p>[\/vc_column_text][\/vc_column][vc_column width=&#8221;1\/4&#8243;][vc_single_image image=&#8221;7781&#8243; img_size=&#8221;full&#8221; qode_css_animation=&#8221;&#8221;][vc_empty_space height=&#8221;15px&#8221;][vc_column_text]<\/p>\n<p style=\"text-align: center;\"><strong>MY\u015aL POZYTYWNIE<\/strong><\/p>\n<p style=\"text-align: center;\">Szcz\u0119\u015bcie tkwi w drobnych szczeg\u00f3\u0142ach \u017cycia. Delektuj si\u0119 ka\u017cd\u0105 chwil\u0105, zrelaksuj si\u0119 i prze\u015bpij ca\u0142\u0105 noc. Staraj si\u0119 cieszy\u0107 lud\u017ami wok\u00f3\u0142 ciebie.<\/p>\n<p>[\/vc_column_text][\/vc_column][\/vc_row][vc_row css_animation=&#8221;&#8221; row_type=&#8221;row&#8221; use_row_as_full_screen_section=&#8221;no&#8221; type=&#8221;full_width&#8221; angled_section=&#8221;no&#8221; text_align=&#8221;left&#8221; background_image_as_pattern=&#8221;without_pattern&#8221; z_index=&#8221;&#8221;][vc_column css=&#8221;.vc_custom_1586951599914{margin-top: 100px !important;}&#8221;][vc_column_text]<\/p>\n<h3 style=\"text-align: center;\">UDANYCH WAKACJI I MI\u0141EGO WYPOCZYNKU!<\/h3>\n<p>[\/vc_column_text][vc_empty_space height=&#8221;15px&#8221;][vc_column_text css=&#8221;.vc_custom_1721814565487{padding-right: 0px !important;padding-left: 0px !important;}&#8221;]<\/p>\n<p style=\"text-align: justify;\">W Karibian Descanso chcemy, \u017ceby\u015b zadba\u0142 o siebie i my chcemy dba\u0107 o Ciebie. Po intensywnym roku idziemy na zas\u0142u\u017cony wakacyjny urlop, aby na\u0142adowa\u0107 si\u0119 si\u0142ami i now\u0105 energi\u0105. Wr\u00f3cimy z nowym zapa\u0142em do dalszego tworzenia tego, co najlepsze na spokojne noce.<span class=\"Apple-converted-space\">\u00a0<\/span><\/p>\n<p>Ca\u0142y zesp\u00f3\u0142 Karibian \u017cyczy udanego lata i korzystania z zas\u0142u\u017conych dni wypoczynku.<span class=\"Apple-converted-space\">\u00a0<\/span><\/p>\n<p>Do zobaczenia wkr\u00f3tce \u2661[\/vc_column_text][vc_empty_space height=&#8221;50px&#8221;][\/vc_column][\/vc_row][vc_row css_animation=&#8221;&#8221; row_type=&#8221;row&#8221; use_row_as_full_screen_section=&#8221;no&#8221; type=&#8221;full_width&#8221; angled_section=&#8221;no&#8221; text_align=&#8221;left&#8221; background_image_as_pattern=&#8221;without_pattern&#8221;][vc_column][vc_single_image image=&#8221;7808&#8243; img_size=&#8221;full&#8221; alignment=&#8221;center&#8221; qode_css_animation=&#8221;&#8221;][\/vc_column][\/vc_row]<\/p>","protected":false},"excerpt":{"rendered":"<p>Letnie wakacje, najbardziej wyczekiwane dni na odpoczynek i zabaw\u0119. Czas \u017cy\u0107 ka\u017cd\u0105 chwil\u0105. Jedziemy na wakacje, \u017ceby na\u0142adowa\u0107 si\u0142y i wr\u00f3ci\u0107 z wi\u0119kszym zapa\u0142em ni\u017c kiedykolwiek.<\/p>\n","protected":false},"author":2,"featured_media":7762,"comment_status":"open","ping_status":"open","sticky":false,"template":"","format":"standard","meta":{"footnotes":""},"categories":[1,10,34],"tags":[25,29,44,80,140,183,195,197,198,199,200,201],"class_list":["post-7750","post","type-post","status-publish","format-standard","has-post-thumbnail","hentry","category-sin-categoria","category-noticias","category-descanso","tag-karibian-descanso","tag-descanso","tag-cooler","tag-colchon","tag-calor","tag-verano","tag-wellbeing","tag-made-in-spain","tag-estilos-de-vida","tag-dormirenverano","tag-summertime","tag-karibian"],"yoast_head":"<!-- This site is optimized with the Yoast SEO plugin v27.0 - https:\/\/yoast.com\/product\/yoast-seo-wordpress\/ -->\n<title>CZAS NA ODPR\u0118\u017bENIE - Karibian Descanso<\/title>\n<meta name=\"robots\" content=\"index, follow, max-snippet:-1, max-image-preview:large, max-video-preview:-1\" \/>\n<link rel=\"canonical\" href=\"https:\/\/karibiandescanso.com\/fr\/momento-de-desconectar\/\" \/>\n<meta property=\"og:locale\" content=\"pl_PL\" \/>\n<meta property=\"og:type\" content=\"article\" \/>\n<meta property=\"og:title\" content=\"[:es]MOMENTO DE DESCONECTAR[:en]TIME TO DISCONNECT[:fr]TEMPS DE REPOS[:ru]\u041c\u0418\u041d\u0423\u0422\u042b \u0420\u0410\u0421\u0421\u041b\u0410\u0411\u041b\u0415\u041d\u0418\u042f[:pl]CZAS NA ODPR\u0118\u017bENIE[:] - Karibian Descanso\" \/>\n<meta property=\"og:description\" content=\"[:es]Las vacaciones de verano, los d\u00edas m\u00e1s esperados para descansar y disfrutar de los tuyos. Es momento de vivir cada instante. Nos vamos de vacaciones, para cargarnos de energ\u00eda y volver con m\u00e1s ganas que nunca.[:en]August, the quintessential holiday month. In this strange year and given all the surrounding circumstances, we need to rest more than ever to disconnect from our day-to-day lives. Disconnecting like this will allow us to start[:fr]Ao\u00fbt est le mois des vacances par excellence. En cette ann\u00e9e si \u00e9trange que nous vivons, nous avons plus que jamais besoin d&#039;une pause pour nous d\u00e9connecter de la r\u00e9alit\u00e9, compte tenu de tous les \u00e9v\u00e9nements qui se sont produits.[:ru]\u0410\u0432\u0433\u0443\u0441\u0442 \u2013 \u044d\u0442\u043e \u0431\u0435\u0437\u0443\u0441\u043b\u043e\u0432\u043d\u043e \u043e\u0434\u0438\u043d \u0438\u0437 \u0441\u0430\u043c\u044b\u0445 \u0432\u0430\u0436\u043d\u044b\u0445 \u043c\u0435\u0441\u044f\u0446\u0435\u0432, \u0445\u0430\u0440\u0430\u043a\u0442\u0435\u0440\u0438\u0437\u0443\u044e\u0449\u0438\u0439\u0441\u044f \u0447\u0438\u0441\u043b\u043e\u043c \u043f\u0440\u0430\u0437\u0434\u043d\u0438\u0447\u043d\u044b\u0445 \u0434\u043d\u0435\u0439 \u0438 \u043e\u0442\u043f\u0443\u0441\u043a\u043e\u0432. \u0412 \u044d\u0442\u0438 \u043d\u0435\u043e\u0431\u044b\u0447\u043d\u044b\u0435 \u0432\u0440\u0435\u043c\u0435\u043d\u0430, \u0432 \u043a\u043e\u0442\u043e\u0440\u044b\u0445 \u043c\u044b \u0441\u0435\u0439\u0447\u0430\u0441 \u0436\u0438\u0432\u0435\u043c, \u0438 \u0443\u0447\u0438\u0442\u044b\u0432\u0430\u044f \u0432\u0441\u0435[:pl]Letnie wakacje, najbardziej wyczekiwane dni na odpoczynek i zabaw\u0119. Czas \u017cy\u0107 ka\u017cd\u0105 chwil\u0105. Jedziemy na wakacje, \u017ceby na\u0142adowa\u0107 si\u0142y i wr\u00f3ci\u0107 z wi\u0119kszym zapa\u0142em ni\u017c kiedykolwiek.[:]\" \/>\n<meta property=\"og:url\" content=\"https:\/\/karibiandescanso.com\/fr\/momento-de-desconectar\/\" \/>\n<meta property=\"og:site_name\" content=\"Karibian Descanso\" \/>\n<meta property=\"article:published_time\" content=\"2020-08-06T06:30:04+00:00\" \/>\n<meta property=\"article:modified_time\" content=\"2024-07-24T09:50:39+00:00\" \/>\n<meta property=\"og:image\" content=\"https:\/\/karibiandescanso.com\/wp-content\/uploads\/2020\/08\/POST.jpg\" \/>\n\t<meta property=\"og:image:width\" content=\"1421\" \/>\n\t<meta property=\"og:image:height\" content=\"808\" \/>\n\t<meta property=\"og:image:type\" content=\"image\/jpeg\" \/>\n<meta name=\"author\" content=\"Karibian Descanso\" \/>\n<meta name=\"twitter:card\" content=\"summary_large_image\" \/>\n<meta name=\"twitter:label1\" content=\"Napisane przez\" \/>\n\t<meta name=\"twitter:data1\" content=\"Karibian Descanso\" \/>\n\t<meta name=\"twitter:label2\" content=\"Szacowany czas czytania\" \/>\n\t<meta name=\"twitter:data2\" content=\"3 minuty\" \/>\n<script type=\"application\/ld+json\" class=\"yoast-schema-graph\">{\"@context\":\"https:\/\/schema.org\",\"@graph\":[{\"@type\":\"Article\",\"@id\":\"https:\/\/karibiandescanso.com\/fr\/momento-de-desconectar\/#article\",\"isPartOf\":{\"@id\":\"https:\/\/karibiandescanso.com\/fr\/momento-de-desconectar\/\"},\"author\":{\"name\":\"Karibian Descanso\",\"@id\":\"https:\/\/karibiandescanso.com\/#\/schema\/person\/23be63b9b19bd8da8980c8eecdd69d30\"},\"headline\":\"CZAS NA ODPR\u0118\u017bENIE\",\"datePublished\":\"2020-08-06T06:30:04+00:00\",\"dateModified\":\"2024-07-24T09:50:39+00:00\",\"mainEntityOfPage\":{\"@id\":\"https:\/\/karibiandescanso.com\/fr\/momento-de-desconectar\/\"},\"wordCount\":5721,\"commentCount\":0,\"image\":{\"@id\":\"https:\/\/karibiandescanso.com\/fr\/momento-de-desconectar\/#primaryimage\"},\"thumbnailUrl\":\"https:\/\/karibiandescanso.com\/wp-content\/uploads\/2020\/08\/POST.jpg\",\"keywords\":[\"karibian descanso\",\"Descanso\",\"Cooler\",\"Colchon\",\"Calor\",\"Verano\",\"Wellbeing\",\"Made in Spain\",\"Estilos de vida\",\"Dormirenverano\",\"Summertime\",\"Karibian\"],\"articleSection\":[\"Sin categor\u00eda\",\"noticias\",\"Descanso\"],\"inLanguage\":\"pl-PL\",\"potentialAction\":[{\"@type\":\"CommentAction\",\"name\":\"Comment\",\"target\":[\"https:\/\/karibiandescanso.com\/fr\/momento-de-desconectar\/#respond\"]}]},{\"@type\":\"WebPage\",\"@id\":\"https:\/\/karibiandescanso.com\/fr\/momento-de-desconectar\/\",\"url\":\"https:\/\/karibiandescanso.com\/fr\/momento-de-desconectar\/\",\"name\":\"[:es]MOMENTO DE DESCONECTAR[:en]TIME TO DISCONNECT[:fr]TEMPS DE REPOS[:ru]\u041c\u0418\u041d\u0423\u0422\u042b \u0420\u0410\u0421\u0421\u041b\u0410\u0411\u041b\u0415\u041d\u0418\u042f[:pl]CZAS NA ODPR\u0118\u017bENIE[:] - Karibian Descanso\",\"isPartOf\":{\"@id\":\"https:\/\/karibiandescanso.com\/#website\"},\"primaryImageOfPage\":{\"@id\":\"https:\/\/karibiandescanso.com\/fr\/momento-de-desconectar\/#primaryimage\"},\"image\":{\"@id\":\"https:\/\/karibiandescanso.com\/fr\/momento-de-desconectar\/#primaryimage\"},\"thumbnailUrl\":\"https:\/\/karibiandescanso.com\/wp-content\/uploads\/2020\/08\/POST.jpg\",\"datePublished\":\"2020-08-06T06:30:04+00:00\",\"dateModified\":\"2024-07-24T09:50:39+00:00\",\"author\":{\"@id\":\"https:\/\/karibiandescanso.com\/#\/schema\/person\/23be63b9b19bd8da8980c8eecdd69d30\"},\"breadcrumb\":{\"@id\":\"https:\/\/karibiandescanso.com\/fr\/momento-de-desconectar\/#breadcrumb\"},\"inLanguage\":\"pl-PL\",\"potentialAction\":[{\"@type\":\"ReadAction\",\"target\":[\"https:\/\/karibiandescanso.com\/fr\/momento-de-desconectar\/\"]}]},{\"@type\":\"ImageObject\",\"inLanguage\":\"pl-PL\",\"@id\":\"https:\/\/karibiandescanso.com\/fr\/momento-de-desconectar\/#primaryimage\",\"url\":\"https:\/\/karibiandescanso.com\/wp-content\/uploads\/2020\/08\/POST.jpg\",\"contentUrl\":\"https:\/\/karibiandescanso.com\/wp-content\/uploads\/2020\/08\/POST.jpg\",\"width\":1421,\"height\":808},{\"@type\":\"BreadcrumbList\",\"@id\":\"https:\/\/karibiandescanso.com\/fr\/momento-de-desconectar\/#breadcrumb\",\"itemListElement\":[{\"@type\":\"ListItem\",\"position\":1,\"name\":\"Portada\",\"item\":\"https:\/\/karibiandescanso.com\/\"},{\"@type\":\"ListItem\",\"position\":2,\"name\":\"TEMPS DE REPOS\"}]},{\"@type\":\"WebSite\",\"@id\":\"https:\/\/karibiandescanso.com\/#website\",\"url\":\"https:\/\/karibiandescanso.com\/\",\"name\":\"Karibian Descanso\",\"description\":\"Gdzie jest odpoczynek\",\"potentialAction\":[{\"@type\":\"SearchAction\",\"target\":{\"@type\":\"EntryPoint\",\"urlTemplate\":\"https:\/\/karibiandescanso.com\/?s={search_term_string}\"},\"query-input\":{\"@type\":\"PropertyValueSpecification\",\"valueRequired\":true,\"valueName\":\"search_term_string\"}}],\"inLanguage\":\"pl-PL\"},{\"@type\":\"Person\",\"@id\":\"https:\/\/karibiandescanso.com\/#\/schema\/person\/23be63b9b19bd8da8980c8eecdd69d30\",\"name\":\"Karibian Descanso\",\"image\":{\"@type\":\"ImageObject\",\"inLanguage\":\"pl-PL\",\"@id\":\"https:\/\/karibiandescanso.com\/#\/schema\/person\/image\/\",\"url\":\"https:\/\/secure.gravatar.com\/avatar\/2f55039d31e0c8cf55d2c2b6e3bb49113343c35fd46d6d11806620d3c9641ba7?s=96&d=mm&r=g\",\"contentUrl\":\"https:\/\/secure.gravatar.com\/avatar\/2f55039d31e0c8cf55d2c2b6e3bb49113343c35fd46d6d11806620d3c9641ba7?s=96&d=mm&r=g\",\"caption\":\"Karibian Descanso\"},\"url\":\"https:\/\/karibiandescanso.com\/pl\/author\/karibian-descanso\/\"}]}<\/script>\n<!-- \/ Yoast SEO plugin. -->","yoast_head_json":{"title":"[:es]MOMENTO DE DESCONECTAR[:en]TIME TO DISCONNECT[:fr]TEMPS DE REPOS[:ru]\u041c\u0418\u041d\u0423\u0422\u042b \u0420\u0410\u0421\u0421\u041b\u0410\u0411\u041b\u0415\u041d\u0418\u042f[:pl]CZAS NA ODPR\u0118\u017bENIE[:] - Karibian Descanso","robots":{"index":"index","follow":"follow","max-snippet":"max-snippet:-1","max-image-preview":"max-image-preview:large","max-video-preview":"max-video-preview:-1"},"canonical":"https:\/\/karibiandescanso.com\/fr\/momento-de-desconectar\/","og_locale":"pl_PL","og_type":"article","og_title":"[:es]MOMENTO DE DESCONECTAR[:en]TIME TO DISCONNECT[:fr]TEMPS DE REPOS[:ru]\u041c\u0418\u041d\u0423\u0422\u042b \u0420\u0410\u0421\u0421\u041b\u0410\u0411\u041b\u0415\u041d\u0418\u042f[:pl]CZAS NA ODPR\u0118\u017bENIE[:] - Karibian Descanso","og_description":"[:es]Las vacaciones de verano, los d\u00edas m\u00e1s esperados para descansar y disfrutar de los tuyos. Es momento de vivir cada instante. Nos vamos de vacaciones, para cargarnos de energ\u00eda y volver con m\u00e1s ganas que nunca.[:en]August, the quintessential holiday month. In this strange year and given all the surrounding circumstances, we need to rest more than ever to disconnect from our day-to-day lives. Disconnecting like this will allow us to start[:fr]Ao\u00fbt est le mois des vacances par excellence. En cette ann\u00e9e si \u00e9trange que nous vivons, nous avons plus que jamais besoin d'une pause pour nous d\u00e9connecter de la r\u00e9alit\u00e9, compte tenu de tous les \u00e9v\u00e9nements qui se sont produits.[:ru]\u0410\u0432\u0433\u0443\u0441\u0442 \u2013 \u044d\u0442\u043e \u0431\u0435\u0437\u0443\u0441\u043b\u043e\u0432\u043d\u043e \u043e\u0434\u0438\u043d \u0438\u0437 \u0441\u0430\u043c\u044b\u0445 \u0432\u0430\u0436\u043d\u044b\u0445 \u043c\u0435\u0441\u044f\u0446\u0435\u0432, \u0445\u0430\u0440\u0430\u043a\u0442\u0435\u0440\u0438\u0437\u0443\u044e\u0449\u0438\u0439\u0441\u044f \u0447\u0438\u0441\u043b\u043e\u043c \u043f\u0440\u0430\u0437\u0434\u043d\u0438\u0447\u043d\u044b\u0445 \u0434\u043d\u0435\u0439 \u0438 \u043e\u0442\u043f\u0443\u0441\u043a\u043e\u0432. \u0412 \u044d\u0442\u0438 \u043d\u0435\u043e\u0431\u044b\u0447\u043d\u044b\u0435 \u0432\u0440\u0435\u043c\u0435\u043d\u0430, \u0432 \u043a\u043e\u0442\u043e\u0440\u044b\u0445 \u043c\u044b \u0441\u0435\u0439\u0447\u0430\u0441 \u0436\u0438\u0432\u0435\u043c, \u0438 \u0443\u0447\u0438\u0442\u044b\u0432\u0430\u044f \u0432\u0441\u0435[:pl]Letnie wakacje, najbardziej wyczekiwane dni na odpoczynek i zabaw\u0119. Czas \u017cy\u0107 ka\u017cd\u0105 chwil\u0105. Jedziemy na wakacje, \u017ceby na\u0142adowa\u0107 si\u0142y i wr\u00f3ci\u0107 z wi\u0119kszym zapa\u0142em ni\u017c kiedykolwiek.[:]","og_url":"https:\/\/karibiandescanso.com\/fr\/momento-de-desconectar\/","og_site_name":"Karibian Descanso","article_published_time":"2020-08-06T06:30:04+00:00","article_modified_time":"2024-07-24T09:50:39+00:00","og_image":[{"width":1421,"height":808,"url":"https:\/\/karibiandescanso.com\/wp-content\/uploads\/2020\/08\/POST.jpg","type":"image\/jpeg"}],"author":"Karibian Descanso","twitter_card":"summary_large_image","twitter_misc":{"Napisane przez":"Karibian Descanso","Szacowany czas czytania":"3 minuty"},"schema":{"@context":"https:\/\/schema.org","@graph":[{"@type":"Article","@id":"https:\/\/karibiandescanso.com\/fr\/momento-de-desconectar\/#article","isPartOf":{"@id":"https:\/\/karibiandescanso.com\/fr\/momento-de-desconectar\/"},"author":{"name":"Karibian Descanso","@id":"https:\/\/karibiandescanso.com\/#\/schema\/person\/23be63b9b19bd8da8980c8eecdd69d30"},"headline":"CZAS NA ODPR\u0118\u017bENIE","datePublished":"2020-08-06T06:30:04+00:00","dateModified":"2024-07-24T09:50:39+00:00","mainEntityOfPage":{"@id":"https:\/\/karibiandescanso.com\/fr\/momento-de-desconectar\/"},"wordCount":5721,"commentCount":0,"image":{"@id":"https:\/\/karibiandescanso.com\/fr\/momento-de-desconectar\/#primaryimage"},"thumbnailUrl":"https:\/\/karibiandescanso.com\/wp-content\/uploads\/2020\/08\/POST.jpg","keywords":["karibian descanso","Descanso","Cooler","Colchon","Calor","Verano","Wellbeing","Made in Spain","Estilos de vida","Dormirenverano","Summertime","Karibian"],"articleSection":["Sin categor\u00eda","noticias","Descanso"],"inLanguage":"pl-PL","potentialAction":[{"@type":"CommentAction","name":"Comment","target":["https:\/\/karibiandescanso.com\/fr\/momento-de-desconectar\/#respond"]}]},{"@type":"WebPage","@id":"https:\/\/karibiandescanso.com\/fr\/momento-de-desconectar\/","url":"https:\/\/karibiandescanso.com\/fr\/momento-de-desconectar\/","name":"[:es]MOMENTO DE DESCONECTAR[:en]TIME TO DISCONNECT[:fr]TEMPS DE REPOS[:ru]\u041c\u0418\u041d\u0423\u0422\u042b \u0420\u0410\u0421\u0421\u041b\u0410\u0411\u041b\u0415\u041d\u0418\u042f[:pl]CZAS NA ODPR\u0118\u017bENIE[:] - Karibian Descanso","isPartOf":{"@id":"https:\/\/karibiandescanso.com\/#website"},"primaryImageOfPage":{"@id":"https:\/\/karibiandescanso.com\/fr\/momento-de-desconectar\/#primaryimage"},"image":{"@id":"https:\/\/karibiandescanso.com\/fr\/momento-de-desconectar\/#primaryimage"},"thumbnailUrl":"https:\/\/karibiandescanso.com\/wp-content\/uploads\/2020\/08\/POST.jpg","datePublished":"2020-08-06T06:30:04+00:00","dateModified":"2024-07-24T09:50:39+00:00","author":{"@id":"https:\/\/karibiandescanso.com\/#\/schema\/person\/23be63b9b19bd8da8980c8eecdd69d30"},"breadcrumb":{"@id":"https:\/\/karibiandescanso.com\/fr\/momento-de-desconectar\/#breadcrumb"},"inLanguage":"pl-PL","potentialAction":[{"@type":"ReadAction","target":["https:\/\/karibiandescanso.com\/fr\/momento-de-desconectar\/"]}]},{"@type":"ImageObject","inLanguage":"pl-PL","@id":"https:\/\/karibiandescanso.com\/fr\/momento-de-desconectar\/#primaryimage","url":"https:\/\/karibiandescanso.com\/wp-content\/uploads\/2020\/08\/POST.jpg","contentUrl":"https:\/\/karibiandescanso.com\/wp-content\/uploads\/2020\/08\/POST.jpg","width":1421,"height":808},{"@type":"BreadcrumbList","@id":"https:\/\/karibiandescanso.com\/fr\/momento-de-desconectar\/#breadcrumb","itemListElement":[{"@type":"ListItem","position":1,"name":"Portada","item":"https:\/\/karibiandescanso.com\/"},{"@type":"ListItem","position":2,"name":"TEMPS DE REPOS"}]},{"@type":"WebSite","@id":"https:\/\/karibiandescanso.com\/#website","url":"https:\/\/karibiandescanso.com\/","name":"Karibian Descanso","description":"Gdzie jest odpoczynek","potentialAction":[{"@type":"SearchAction","target":{"@type":"EntryPoint","urlTemplate":"https:\/\/karibiandescanso.com\/?s={search_term_string}"},"query-input":{"@type":"PropertyValueSpecification","valueRequired":true,"valueName":"search_term_string"}}],"inLanguage":"pl-PL"},{"@type":"Person","@id":"https:\/\/karibiandescanso.com\/#\/schema\/person\/23be63b9b19bd8da8980c8eecdd69d30","name":"Karibian Descanso","image":{"@type":"ImageObject","inLanguage":"pl-PL","@id":"https:\/\/karibiandescanso.com\/#\/schema\/person\/image\/","url":"https:\/\/secure.gravatar.com\/avatar\/2f55039d31e0c8cf55d2c2b6e3bb49113343c35fd46d6d11806620d3c9641ba7?s=96&d=mm&r=g","contentUrl":"https:\/\/secure.gravatar.com\/avatar\/2f55039d31e0c8cf55d2c2b6e3bb49113343c35fd46d6d11806620d3c9641ba7?s=96&d=mm&r=g","caption":"Karibian Descanso"},"url":"https:\/\/karibiandescanso.com\/pl\/author\/karibian-descanso\/"}]}},"_links":{"self":[{"href":"https:\/\/karibiandescanso.com\/pl\/wp-json\/wp\/v2\/posts\/7750","targetHints":{"allow":["GET"]}}],"collection":[{"href":"https:\/\/karibiandescanso.com\/pl\/wp-json\/wp\/v2\/posts"}],"about":[{"href":"https:\/\/karibiandescanso.com\/pl\/wp-json\/wp\/v2\/types\/post"}],"author":[{"embeddable":true,"href":"https:\/\/karibiandescanso.com\/pl\/wp-json\/wp\/v2\/users\/2"}],"replies":[{"embeddable":true,"href":"https:\/\/karibiandescanso.com\/pl\/wp-json\/wp\/v2\/comments?post=7750"}],"version-history":[{"count":0,"href":"https:\/\/karibiandescanso.com\/pl\/wp-json\/wp\/v2\/posts\/7750\/revisions"}],"wp:featuredmedia":[{"embeddable":true,"href":"https:\/\/karibiandescanso.com\/pl\/wp-json\/wp\/v2\/media\/7762"}],"wp:attachment":[{"href":"https:\/\/karibiandescanso.com\/pl\/wp-json\/wp\/v2\/media?parent=7750"}],"wp:term":[{"taxonomy":"category","embeddable":true,"href":"https:\/\/karibiandescanso.com\/pl\/wp-json\/wp\/v2\/categories?post=7750"},{"taxonomy":"post_tag","embeddable":true,"href":"https:\/\/karibiandescanso.com\/pl\/wp-json\/wp\/v2\/tags?post=7750"}],"curies":[{"name":"wp","href":"https:\/\/api.w.org\/{rel}","templated":true}]}}