{"id":8240,"date":"2020-11-11T14:07:55","date_gmt":"2020-11-11T13:07:55","guid":{"rendered":"https:\/\/www.karibiandescanso.com\/?p=8240"},"modified":"2024-07-22T12:08:40","modified_gmt":"2024-07-22T10:08:40","slug":"premio-tecnologia-e-innovacion","status":"publish","type":"post","link":"https:\/\/karibiandescanso.com\/pl\/premio-tecnologia-e-innovacion\/","title":{"rendered":"NAGRODA TECHNOLOGII I INNOWACJI"},"content":{"rendered":"<p>[vc_row css_animation=&#8221;&#8221; row_type=&#8221;row&#8221; use_row_as_full_screen_section=&#8221;no&#8221; type=&#8221;full_width&#8221; angled_section=&#8221;no&#8221; text_align=&#8221;left&#8221; background_image_as_pattern=&#8221;without_pattern&#8221;][vc_column][vc_empty_space height=&#8221;60px&#8221;][vc_single_image image=&#8221;8307&#8243; img_size=&#8221;full&#8221; alignment=&#8221;center&#8221; onclick=&#8221;custom_link&#8221; img_link_target=&#8221;_blank&#8221; qode_css_animation=&#8221;&#8221; css=&#8221;.vc_custom_1605515320607{margin-bottom: 40px !important;border-right-width: px !important;border-left-width: px !important;padding-right: 200px !important;padding-left: 200px !important;}&#8221; link=&#8221;https:\/\/www.karibiandescanso.com\/wp-content\/uploads\/2020\/11\/PREMIO-LA-RAZON.pdf?fbclid=IwAR0lr5uWc8qzGuZcHyBLqBtiUbov4TMNYcnvYoXii5QCS66na29gNu8shM4&#8243;][vc_empty_space height=&#8221;10px&#8221;][vc_column_text]<\/p>\n<blockquote>\n<h4 style=\"text-align: center;\">Karibian Descanso otrzymuje nagrod\u0119<span class=\"Apple-converted-space\">\u00a0 <\/span>,,Innovaci\u00f3n en Descanso\u201d przyznan\u0105 przez gazet\u0119 \u201ela Raz\u00f3n\u201d, w IV Edycji Nagr\u00f3d Technologia i Innowacja.<span class=\"Apple-converted-space\">\u00a0<\/span><\/h4>\n<\/blockquote>\n<p>[\/vc_column_text][vc_column_text css=&#8221;.vc_custom_1721642836107{padding-right: 0px !important;padding-left: 0px !important;}&#8221;]<\/p>\n<p style=\"text-align: justify;\">Og\u00f3lnokrajowa gazeta ,,La Raz\u00f3n\u201d \u015bwi\u0119towa\u0142a IV Edycj\u0119 Nagr\u00f3d Technologii i Innowacji. Wyr\u00f3\u017cnia si\u0119 tu profesjonalist\u00f3w i firmy, kt\u00f3re umo\u017cliwiaj\u0105 post\u0119p i ewolucj\u0119 spo\u0142ecze\u0144stwa poprzez rozw\u00f3j technologiczny.<span class=\"Apple-converted-space\">\u00a0<\/span><\/p>\n<p style=\"text-align: justify;\">Nagrody zosta\u0142y wr\u0119czone podczas ceremonii w Madrycie przez Ministra Gospodarki, Zatrudnienia i Konkurencyjno\u015bci wsp\u00f3lnoty autonomicznej Madrytu <b>Manuela Gim\u00e9nez,<\/b> gdzie ze wzgl\u0119du na swoje post\u0119py technologiczne zosta\u0142o wyr\u00f3\u017cnionych w sumie 27 firm z ca\u0142ego kraju. Wydarzenie zaprezentowa\u0142 dziennikarz i prezenter z de A3Media, <b>Roberto Brasero<\/b>, a poprowadzi\u0142 dyrektor La Raz\u00f3n, <b>Francisco Marhuenda, <\/b>kt\u00f3ry na pocz\u0105tku wydarzenia po\u015bwi\u0119ci\u0142 kilka s\u0142\u00f3w wszystkim zwyci\u0119zcom, podkre\u015blaj\u0105c wa\u017cno\u015b\u0107 przedsi\u0119biorc\u00f3w w czasach kryzysu, zaznaczaj\u0105c umiej\u0119tno\u015b\u0107 przystosowania si\u0119 do kryzysowych warunk\u00f3w wywo\u0142anych przez koronawirus i dzi\u0119kuj\u0105c im za ca\u0142y wk\u0142ad.<span class=\"Apple-converted-space\">\u00a0<\/span><\/p>\n<p>[\/vc_column_text][vc_empty_space height=&#8221;50px&#8221;][\/vc_column][\/vc_row][vc_row css_animation=&#8221;&#8221; row_type=&#8221;row&#8221; use_row_as_full_screen_section=&#8221;no&#8221; type=&#8221;full_width&#8221; angled_section=&#8221;no&#8221; text_align=&#8221;left&#8221; background_image_as_pattern=&#8221;without_pattern&#8221;][vc_column width=&#8221;1\/2&#8243;][vc_single_image image=&#8221;8319&#8243; img_size=&#8221;full&#8221; alignment=&#8221;center&#8221; qode_css_animation=&#8221;&#8221;][vc_empty_space height=&#8221;20px&#8221;][vc_column_text css=&#8221;.vc_custom_1721642851395{padding-right: 15px !important;padding-left: 15px !important;}&#8221;]<\/p>\n<p style=\"text-align: center;\">Wydarzenie celebrowane przez gazet\u0119 La Raz\u00f3n mia\u0142o miejsce 27 pa\u017adziernika w Madrycie.<\/p>\n<p>[\/vc_column_text][\/vc_column][vc_column width=&#8221;1\/2&#8243;][vc_single_image image=&#8221;8311&#8243; img_size=&#8221;full&#8221; alignment=&#8221;center&#8221; qode_css_animation=&#8221;&#8221;][vc_empty_space height=&#8221;20px&#8221;][vc_column_text css=&#8221;.vc_custom_1721642863566{padding-right: 15px !important;padding-left: 15px !important;}&#8221;]<\/p>\n<p style=\"text-align: center;\">Dyrektor generalny Karibian Descanso, Antonio Alonso Gil odebra\u0142 nagrod\u0119 z r\u0105k Manuela Gim\u00e9nez.<\/p>\n<p>[\/vc_column_text][\/vc_column][\/vc_row][vc_row css_animation=&#8221;&#8221; row_type=&#8221;row&#8221; use_row_as_full_screen_section=&#8221;no&#8221; type=&#8221;full_width&#8221; angled_section=&#8221;no&#8221; text_align=&#8221;left&#8221; background_image_as_pattern=&#8221;without_pattern&#8221;][vc_column][vc_empty_space height=&#8221;50px&#8221;][vc_single_image image=&#8221;8308&#8243; img_size=&#8221;full&#8221; alignment=&#8221;center&#8221; onclick=&#8221;custom_link&#8221; img_link_target=&#8221;_blank&#8221; qode_css_animation=&#8221;&#8221; css=&#8221;.vc_custom_1605515313415{padding-right: 0px !important;padding-left: 0px !important;}&#8221; link=&#8221;https:\/\/www.larazon.es\/economia\/20201101\/43hfo7fpdvfczmffqibaooll44.html&#8221;][vc_empty_space height=&#8221;50px&#8221;][\/vc_column][\/vc_row][vc_row css_animation=&#8221;&#8221; row_type=&#8221;row&#8221; use_row_as_full_screen_section=&#8221;no&#8221; type=&#8221;full_width&#8221; angled_section=&#8221;no&#8221; text_align=&#8221;left&#8221; background_image_as_pattern=&#8221;without_pattern&#8221;][vc_column][vc_column_text]<\/p>\n<blockquote>\n<h4 style=\"text-align: center;\"><b>PRZYZNANIE WYSOKIEJ JAKO\u015aCI<\/b><b><\/b><\/h4>\n<\/blockquote>\n<p>[\/vc_column_text][vc_column_text css=&#8221;.vc_custom_1721642891925{padding-right: 0px !important;padding-left: 0px !important;}&#8221;]<\/p>\n<p style=\"text-align: justify;\">Karibian Descanso przoduj\u0105ca firma w bran\u017cy otrzyma\u0142a nagrod\u0119 za <b>\u201eInnowacyjno\u015b\u0107 w odpoczynku\u201d<\/b>. Nagroda ta jest wyrazem uznania dla firmy za jako\u015b\u0107 i transparentno\u015b\u0107 jej produkt\u00f3w. Marka oferuje szerok\u0105 gam\u0119 wyrob\u00f3w, kt\u00f3rych celem jest zapewnienie najlepszego wypoczynku dla najbardziej wymagaj\u0105cych klient\u00f3w. Nagroda ta stanowi wielkie uznanie dla firmy za jej wk\u0142ad w sektor w ci\u0105gu 23-letniej historii. To wyr\u00f3\u017cnienie w Karibian napawa nas dum\u0105 i motywuje nas do dalszego rozwoju i tworzenia wysokiej jako\u015bci produkt\u00f3w.<span class=\"Apple-converted-space\">\u00a0<\/span><\/p>\n<p>[\/vc_column_text][vc_empty_space height=&#8221;30px&#8221;][vc_column_text css=&#8221;.vc_custom_1721642915798{padding-right: 0px !important;padding-left: 0px !important;}&#8221;]<\/p>\n<h5 style=\"text-align: center;\">TA NAGRODA JEST WYNIKIEM PRACY I WYDAJNO\u015aCI KA\u017bDEGO Z PROFESJONALIST\u00d3W TWORZ\u0104CYCH T\u0118 FIRM\u0118, CODZIENNEGO WYSI\u0141KU WIELKIEGO ZESPO\u0141U LUDZKIEGO: PRACOWNIK\u00d3W, SIECI HANDLOWEJ ORAZ ZAUFANIA KA\u017bDEGO Z NASZYCH KLIENT\u00d3W.<\/h5>\n<h5>POBIERZ ARTYKU\u0141<\/h5>\n<p>[\/vc_column_text][vc_empty_space height=&#8221;50px&#8221;][\/vc_column][\/vc_row][vc_row css_animation=&#8221;&#8221; row_type=&#8221;row&#8221; use_row_as_full_screen_section=&#8221;no&#8221; type=&#8221;full_width&#8221; angled_section=&#8221;no&#8221; text_align=&#8221;left&#8221; background_image_as_pattern=&#8221;without_pattern&#8221;][vc_column width=&#8221;2\/3&#8243;][vc_empty_space height=&#8221;25px&#8221;][vc_video link=&#8221;https:\/\/youtu.be\/HM2RX1wwI5A&#8221;][vc_empty_space height=&#8221;30px&#8221;]<a  itemprop=\"url\" href=\"https:\/\/www.karibiandescanso.com\/wp-content\/uploads\/2020\/11\/PREMIO-LA-RAZON.pdf?fbclid=IwAR0lr5uWc8qzGuZcHyBLqBtiUbov4TMNYcnvYoXii5QCS66na29gNu8shM4\" target=\"_self\"  class=\"qbutton  large default\" style=\"\">DESCARGA EL ART\u00cdCULO<\/a>[\/vc_column][vc_column width=&#8221;1\/3&#8243;][vc_column_text css=&#8221;.vc_custom_1605514764269{padding-top: 0px !important;}&#8221;]https:\/\/twitter.com\/larazon_es\/status\/1321190153604505601?s=20[\/vc_column_text][\/vc_column][\/vc_row]<\/p>","protected":false},"excerpt":{"rendered":"<p>Karibian Descanso zosta\u0142 uhonorowany nagrod\u0105 \u201eInnowacja w odpoczynku\u201d przyznan\u0105 przez gazet\u0119 La Raz\u00f3n w IV edycji konkursu Technology and Innovation Awards. Do zdarzenia dosz\u0142o 27 pa\u017adziernika w Madrycie.<\/p>\n","protected":false},"author":2,"featured_media":8274,"comment_status":"open","ping_status":"open","sticky":false,"template":"","format":"standard","meta":{"footnotes":""},"categories":[10],"tags":[25,58,80,91,139,161,208,209,210,212,213,214],"class_list":["post-8240","post","type-post","status-publish","format-standard","has-post-thumbnail","hentry","category-noticias","tag-karibian-descanso","tag-calidad","tag-colchon","tag-mattress","tag-tecnologia","tag-mueble-de-espana","tag-premio","tag-larazon","tag-innovacion","tag-periodico","tag-reconocimiento","tag-crecimiento"],"yoast_head":"<!-- This site is optimized with the Yoast SEO plugin v27.0 - https:\/\/yoast.com\/product\/yoast-seo-wordpress\/ -->\n<title>NAGRODA TECHNOLOGII I INNOWACJI  - Karibian Descanso<\/title>\n<meta name=\"robots\" content=\"index, follow, max-snippet:-1, max-image-preview:large, max-video-preview:-1\" \/>\n<link rel=\"canonical\" href=\"https:\/\/karibiandescanso.com\/en\/premio-tecnologia-e-innovacion\/\" \/>\n<meta property=\"og:locale\" content=\"pl_PL\" \/>\n<meta property=\"og:type\" content=\"article\" \/>\n<meta property=\"og:title\" content=\"[:es]PREMIO TECNOLOG\u00cdA E INNOVACI\u00d3N[:en]TECNOLOGY AND INNOVATION AWARD[:fr]PRIX DE LA TECHNOLOGIE ET L&#039;INNOVATION[:ru]IV \u041d\u0430\u0433\u0440\u0430\u0434\u044b - \u0422\u0435\u0445\u043d\u043e\u043b\u043e\u0433\u0438\u0438 \u0438 \u0438\u043d\u043d\u043e\u0432\u0430\u0446\u0438\u0438[:pl]NAGRODA TECHNOLOGII I INNOWACJI [:] - Karibian Descanso\" \/>\n<meta property=\"og:description\" content=\"[:es]Karibian Descanso ha sido galardonado con el premio &quot;Innovaci\u00f3n en descanso&quot; otorgado por el diario La Raz\u00f3n en su IV Edici\u00f3n de los Premios Tecnolog\u00eda e Innovaci\u00f3n. El evento tuvo lugar en Madrid el 27 de octubre.  [:en]Karibian Descanso has been awarded the \u2018Innovation in Sleep\u2019 prize conferred by La Raz\u00f3n daily newspaper, at the 4th Edition of its Technology and Innovation Awards. The event took place on 27 October in Madrid. [:fr]Karibian Descanso a re\u00e7u le prix \u00ab\u00a0Innovation en mati\u00e8re de repos\u00a0\u00bb du journal La Raz\u00f3n, dans le cadre de la IV\u00e8me \u00e9dition des prix de la technologie et l&#039;innovation. La remise des prix a eu lieu le 27 octobre, \u00e0 Madrid. [:ru]Karibian Descanso \u043f\u043e\u043b\u0443\u0447\u0430\u0435\u0442 \u043d\u0430\u0433\u0440\u0430\u0434\u0443 \u00ab\u0418\u043d\u043d\u043e\u0432\u0430\u0446\u0438\u0438 \u0438 \u043e\u0442\u0434\u044b\u0445\u00bb \u043e\u0442 \u0433\u0430\u0437\u0435\u0442\u044b La Raz\u00f3n \u0432 \u0441\u0432\u043e\u0435\u043c IV \u0432\u044b\u043f\u0443\u0441\u043a\u0435 \u043a\u043e\u043d\u043a\u0443\u0440\u0441\u0430 \u0422\u0435\u0445\u043d\u043e\u043b\u043e\u0433\u0438\u0438 \u0438 \u0418\u043d\u043e\u0432\u0430\u0446\u0438\u0438. \u041d\u0430\u0433\u0440\u0430\u0434\u044b \u0431\u044b\u043b\u0438 \u0432\u0440\u0443\u0447\u0435\u043d\u044b \u043d\u0430  [:pl]Karibian Descanso zosta\u0142 uhonorowany nagrod\u0105 \u201eInnowacja w odpoczynku\u201d przyznan\u0105 przez gazet\u0119 La Raz\u00f3n w IV edycji konkursu Technology and Innovation Awards. Do zdarzenia dosz\u0142o 27 pa\u017adziernika w Madrycie.[:]\" \/>\n<meta property=\"og:url\" content=\"https:\/\/karibiandescanso.com\/en\/premio-tecnologia-e-innovacion\/\" \/>\n<meta property=\"og:site_name\" content=\"Karibian Descanso\" \/>\n<meta property=\"article:published_time\" content=\"2020-11-11T13:07:55+00:00\" \/>\n<meta property=\"article:modified_time\" content=\"2024-07-22T10:08:40+00:00\" \/>\n<meta property=\"og:image\" content=\"https:\/\/karibiandescanso.com\/wp-content\/uploads\/2020\/11\/PORTADA-1.jpg\" \/>\n\t<meta property=\"og:image:width\" content=\"1421\" \/>\n\t<meta property=\"og:image:height\" content=\"808\" \/>\n\t<meta property=\"og:image:type\" content=\"image\/jpeg\" \/>\n<meta name=\"author\" content=\"Karibian Descanso\" \/>\n<meta name=\"twitter:card\" content=\"summary_large_image\" \/>\n<meta name=\"twitter:label1\" content=\"Napisane przez\" \/>\n\t<meta name=\"twitter:data1\" content=\"Karibian Descanso\" \/>\n\t<meta name=\"twitter:label2\" content=\"Szacowany czas czytania\" \/>\n\t<meta name=\"twitter:data2\" content=\"5 minut\" \/>\n<script type=\"application\/ld+json\" class=\"yoast-schema-graph\">{\"@context\":\"https:\/\/schema.org\",\"@graph\":[{\"@type\":\"Article\",\"@id\":\"https:\/\/karibiandescanso.com\/en\/premio-tecnologia-e-innovacion\/#article\",\"isPartOf\":{\"@id\":\"https:\/\/karibiandescanso.com\/en\/premio-tecnologia-e-innovacion\/\"},\"author\":{\"name\":\"Karibian Descanso\",\"@id\":\"https:\/\/karibiandescanso.com\/#\/schema\/person\/23be63b9b19bd8da8980c8eecdd69d30\"},\"headline\":\"NAGRODA TECHNOLOGII I INNOWACJI\",\"datePublished\":\"2020-11-11T13:07:55+00:00\",\"dateModified\":\"2024-07-22T10:08:40+00:00\",\"mainEntityOfPage\":{\"@id\":\"https:\/\/karibiandescanso.com\/en\/premio-tecnologia-e-innovacion\/\"},\"wordCount\":4100,\"commentCount\":0,\"image\":{\"@id\":\"https:\/\/karibiandescanso.com\/en\/premio-tecnologia-e-innovacion\/#primaryimage\"},\"thumbnailUrl\":\"https:\/\/karibiandescanso.com\/wp-content\/uploads\/2020\/11\/PORTADA-1.jpg\",\"keywords\":[\"karibian descanso\",\"Calidad\",\"Colchon\",\"Mattress\",\"Tecnologia\",\"Mueble de Espa\u00f1a\",\"Premio\",\"LaRaz\u00f3n\",\"Innovacion\",\"Peri\u00f3dico\",\"Reconocimiento\",\"Crecimiento\"],\"articleSection\":[\"noticias\"],\"inLanguage\":\"pl-PL\",\"potentialAction\":[{\"@type\":\"CommentAction\",\"name\":\"Comment\",\"target\":[\"https:\/\/karibiandescanso.com\/en\/premio-tecnologia-e-innovacion\/#respond\"]}]},{\"@type\":\"WebPage\",\"@id\":\"https:\/\/karibiandescanso.com\/en\/premio-tecnologia-e-innovacion\/\",\"url\":\"https:\/\/karibiandescanso.com\/en\/premio-tecnologia-e-innovacion\/\",\"name\":\"[:es]PREMIO TECNOLOG\u00cdA E INNOVACI\u00d3N[:en]TECNOLOGY AND INNOVATION AWARD[:fr]PRIX DE LA TECHNOLOGIE ET L'INNOVATION[:ru]IV \u041d\u0430\u0433\u0440\u0430\u0434\u044b - \u0422\u0435\u0445\u043d\u043e\u043b\u043e\u0433\u0438\u0438 \u0438 \u0438\u043d\u043d\u043e\u0432\u0430\u0446\u0438\u0438[:pl]NAGRODA TECHNOLOGII I INNOWACJI [:] - Karibian Descanso\",\"isPartOf\":{\"@id\":\"https:\/\/karibiandescanso.com\/#website\"},\"primaryImageOfPage\":{\"@id\":\"https:\/\/karibiandescanso.com\/en\/premio-tecnologia-e-innovacion\/#primaryimage\"},\"image\":{\"@id\":\"https:\/\/karibiandescanso.com\/en\/premio-tecnologia-e-innovacion\/#primaryimage\"},\"thumbnailUrl\":\"https:\/\/karibiandescanso.com\/wp-content\/uploads\/2020\/11\/PORTADA-1.jpg\",\"datePublished\":\"2020-11-11T13:07:55+00:00\",\"dateModified\":\"2024-07-22T10:08:40+00:00\",\"author\":{\"@id\":\"https:\/\/karibiandescanso.com\/#\/schema\/person\/23be63b9b19bd8da8980c8eecdd69d30\"},\"breadcrumb\":{\"@id\":\"https:\/\/karibiandescanso.com\/en\/premio-tecnologia-e-innovacion\/#breadcrumb\"},\"inLanguage\":\"pl-PL\",\"potentialAction\":[{\"@type\":\"ReadAction\",\"target\":[\"https:\/\/karibiandescanso.com\/en\/premio-tecnologia-e-innovacion\/\"]}]},{\"@type\":\"ImageObject\",\"inLanguage\":\"pl-PL\",\"@id\":\"https:\/\/karibiandescanso.com\/en\/premio-tecnologia-e-innovacion\/#primaryimage\",\"url\":\"https:\/\/karibiandescanso.com\/wp-content\/uploads\/2020\/11\/PORTADA-1.jpg\",\"contentUrl\":\"https:\/\/karibiandescanso.com\/wp-content\/uploads\/2020\/11\/PORTADA-1.jpg\",\"width\":1421,\"height\":808},{\"@type\":\"BreadcrumbList\",\"@id\":\"https:\/\/karibiandescanso.com\/en\/premio-tecnologia-e-innovacion\/#breadcrumb\",\"itemListElement\":[{\"@type\":\"ListItem\",\"position\":1,\"name\":\"Portada\",\"item\":\"https:\/\/karibiandescanso.com\/\"},{\"@type\":\"ListItem\",\"position\":2,\"name\":\"TECNOLOGY AND INNOVATION AWARD\"}]},{\"@type\":\"WebSite\",\"@id\":\"https:\/\/karibiandescanso.com\/#website\",\"url\":\"https:\/\/karibiandescanso.com\/\",\"name\":\"Karibian Descanso\",\"description\":\"Gdzie jest odpoczynek\",\"potentialAction\":[{\"@type\":\"SearchAction\",\"target\":{\"@type\":\"EntryPoint\",\"urlTemplate\":\"https:\/\/karibiandescanso.com\/?s={search_term_string}\"},\"query-input\":{\"@type\":\"PropertyValueSpecification\",\"valueRequired\":true,\"valueName\":\"search_term_string\"}}],\"inLanguage\":\"pl-PL\"},{\"@type\":\"Person\",\"@id\":\"https:\/\/karibiandescanso.com\/#\/schema\/person\/23be63b9b19bd8da8980c8eecdd69d30\",\"name\":\"Karibian Descanso\",\"image\":{\"@type\":\"ImageObject\",\"inLanguage\":\"pl-PL\",\"@id\":\"https:\/\/karibiandescanso.com\/#\/schema\/person\/image\/\",\"url\":\"https:\/\/secure.gravatar.com\/avatar\/2f55039d31e0c8cf55d2c2b6e3bb49113343c35fd46d6d11806620d3c9641ba7?s=96&d=mm&r=g\",\"contentUrl\":\"https:\/\/secure.gravatar.com\/avatar\/2f55039d31e0c8cf55d2c2b6e3bb49113343c35fd46d6d11806620d3c9641ba7?s=96&d=mm&r=g\",\"caption\":\"Karibian Descanso\"},\"url\":\"https:\/\/karibiandescanso.com\/pl\/author\/karibian-descanso\/\"}]}<\/script>\n<!-- \/ Yoast SEO plugin. -->","yoast_head_json":{"title":"[:es]PREMIO TECNOLOG\u00cdA E INNOVACI\u00d3N[:en]TECNOLOGY AND INNOVATION AWARD[:fr]PRIX DE LA TECHNOLOGIE ET L'INNOVATION[:ru]IV \u041d\u0430\u0433\u0440\u0430\u0434\u044b - \u0422\u0435\u0445\u043d\u043e\u043b\u043e\u0433\u0438\u0438 \u0438 \u0438\u043d\u043d\u043e\u0432\u0430\u0446\u0438\u0438[:pl]NAGRODA TECHNOLOGII I INNOWACJI [:] - Karibian Descanso","robots":{"index":"index","follow":"follow","max-snippet":"max-snippet:-1","max-image-preview":"max-image-preview:large","max-video-preview":"max-video-preview:-1"},"canonical":"https:\/\/karibiandescanso.com\/en\/premio-tecnologia-e-innovacion\/","og_locale":"pl_PL","og_type":"article","og_title":"[:es]PREMIO TECNOLOG\u00cdA E INNOVACI\u00d3N[:en]TECNOLOGY AND INNOVATION AWARD[:fr]PRIX DE LA TECHNOLOGIE ET L'INNOVATION[:ru]IV \u041d\u0430\u0433\u0440\u0430\u0434\u044b - \u0422\u0435\u0445\u043d\u043e\u043b\u043e\u0433\u0438\u0438 \u0438 \u0438\u043d\u043d\u043e\u0432\u0430\u0446\u0438\u0438[:pl]NAGRODA TECHNOLOGII I INNOWACJI [:] - Karibian Descanso","og_description":"[:es]Karibian Descanso ha sido galardonado con el premio \"Innovaci\u00f3n en descanso\" otorgado por el diario La Raz\u00f3n en su IV Edici\u00f3n de los Premios Tecnolog\u00eda e Innovaci\u00f3n. El evento tuvo lugar en Madrid el 27 de octubre.  [:en]Karibian Descanso has been awarded the \u2018Innovation in Sleep\u2019 prize conferred by La Raz\u00f3n daily newspaper, at the 4th Edition of its Technology and Innovation Awards. The event took place on 27 October in Madrid. [:fr]Karibian Descanso a re\u00e7u le prix \u00ab\u00a0Innovation en mati\u00e8re de repos\u00a0\u00bb du journal La Raz\u00f3n, dans le cadre de la IV\u00e8me \u00e9dition des prix de la technologie et l'innovation. La remise des prix a eu lieu le 27 octobre, \u00e0 Madrid. [:ru]Karibian Descanso \u043f\u043e\u043b\u0443\u0447\u0430\u0435\u0442 \u043d\u0430\u0433\u0440\u0430\u0434\u0443 \u00ab\u0418\u043d\u043d\u043e\u0432\u0430\u0446\u0438\u0438 \u0438 \u043e\u0442\u0434\u044b\u0445\u00bb \u043e\u0442 \u0433\u0430\u0437\u0435\u0442\u044b La Raz\u00f3n \u0432 \u0441\u0432\u043e\u0435\u043c IV \u0432\u044b\u043f\u0443\u0441\u043a\u0435 \u043a\u043e\u043d\u043a\u0443\u0440\u0441\u0430 \u0422\u0435\u0445\u043d\u043e\u043b\u043e\u0433\u0438\u0438 \u0438 \u0418\u043d\u043e\u0432\u0430\u0446\u0438\u0438. \u041d\u0430\u0433\u0440\u0430\u0434\u044b \u0431\u044b\u043b\u0438 \u0432\u0440\u0443\u0447\u0435\u043d\u044b \u043d\u0430  [:pl]Karibian Descanso zosta\u0142 uhonorowany nagrod\u0105 \u201eInnowacja w odpoczynku\u201d przyznan\u0105 przez gazet\u0119 La Raz\u00f3n w IV edycji konkursu Technology and Innovation Awards. Do zdarzenia dosz\u0142o 27 pa\u017adziernika w Madrycie.[:]","og_url":"https:\/\/karibiandescanso.com\/en\/premio-tecnologia-e-innovacion\/","og_site_name":"Karibian Descanso","article_published_time":"2020-11-11T13:07:55+00:00","article_modified_time":"2024-07-22T10:08:40+00:00","og_image":[{"width":1421,"height":808,"url":"https:\/\/karibiandescanso.com\/wp-content\/uploads\/2020\/11\/PORTADA-1.jpg","type":"image\/jpeg"}],"author":"Karibian Descanso","twitter_card":"summary_large_image","twitter_misc":{"Napisane przez":"Karibian Descanso","Szacowany czas czytania":"5 minut"},"schema":{"@context":"https:\/\/schema.org","@graph":[{"@type":"Article","@id":"https:\/\/karibiandescanso.com\/en\/premio-tecnologia-e-innovacion\/#article","isPartOf":{"@id":"https:\/\/karibiandescanso.com\/en\/premio-tecnologia-e-innovacion\/"},"author":{"name":"Karibian Descanso","@id":"https:\/\/karibiandescanso.com\/#\/schema\/person\/23be63b9b19bd8da8980c8eecdd69d30"},"headline":"NAGRODA TECHNOLOGII I INNOWACJI","datePublished":"2020-11-11T13:07:55+00:00","dateModified":"2024-07-22T10:08:40+00:00","mainEntityOfPage":{"@id":"https:\/\/karibiandescanso.com\/en\/premio-tecnologia-e-innovacion\/"},"wordCount":4100,"commentCount":0,"image":{"@id":"https:\/\/karibiandescanso.com\/en\/premio-tecnologia-e-innovacion\/#primaryimage"},"thumbnailUrl":"https:\/\/karibiandescanso.com\/wp-content\/uploads\/2020\/11\/PORTADA-1.jpg","keywords":["karibian descanso","Calidad","Colchon","Mattress","Tecnologia","Mueble de Espa\u00f1a","Premio","LaRaz\u00f3n","Innovacion","Peri\u00f3dico","Reconocimiento","Crecimiento"],"articleSection":["noticias"],"inLanguage":"pl-PL","potentialAction":[{"@type":"CommentAction","name":"Comment","target":["https:\/\/karibiandescanso.com\/en\/premio-tecnologia-e-innovacion\/#respond"]}]},{"@type":"WebPage","@id":"https:\/\/karibiandescanso.com\/en\/premio-tecnologia-e-innovacion\/","url":"https:\/\/karibiandescanso.com\/en\/premio-tecnologia-e-innovacion\/","name":"[:es]PREMIO TECNOLOG\u00cdA E INNOVACI\u00d3N[:en]TECNOLOGY AND INNOVATION AWARD[:fr]PRIX DE LA TECHNOLOGIE ET L'INNOVATION[:ru]IV \u041d\u0430\u0433\u0440\u0430\u0434\u044b - \u0422\u0435\u0445\u043d\u043e\u043b\u043e\u0433\u0438\u0438 \u0438 \u0438\u043d\u043d\u043e\u0432\u0430\u0446\u0438\u0438[:pl]NAGRODA TECHNOLOGII I INNOWACJI [:] - Karibian Descanso","isPartOf":{"@id":"https:\/\/karibiandescanso.com\/#website"},"primaryImageOfPage":{"@id":"https:\/\/karibiandescanso.com\/en\/premio-tecnologia-e-innovacion\/#primaryimage"},"image":{"@id":"https:\/\/karibiandescanso.com\/en\/premio-tecnologia-e-innovacion\/#primaryimage"},"thumbnailUrl":"https:\/\/karibiandescanso.com\/wp-content\/uploads\/2020\/11\/PORTADA-1.jpg","datePublished":"2020-11-11T13:07:55+00:00","dateModified":"2024-07-22T10:08:40+00:00","author":{"@id":"https:\/\/karibiandescanso.com\/#\/schema\/person\/23be63b9b19bd8da8980c8eecdd69d30"},"breadcrumb":{"@id":"https:\/\/karibiandescanso.com\/en\/premio-tecnologia-e-innovacion\/#breadcrumb"},"inLanguage":"pl-PL","potentialAction":[{"@type":"ReadAction","target":["https:\/\/karibiandescanso.com\/en\/premio-tecnologia-e-innovacion\/"]}]},{"@type":"ImageObject","inLanguage":"pl-PL","@id":"https:\/\/karibiandescanso.com\/en\/premio-tecnologia-e-innovacion\/#primaryimage","url":"https:\/\/karibiandescanso.com\/wp-content\/uploads\/2020\/11\/PORTADA-1.jpg","contentUrl":"https:\/\/karibiandescanso.com\/wp-content\/uploads\/2020\/11\/PORTADA-1.jpg","width":1421,"height":808},{"@type":"BreadcrumbList","@id":"https:\/\/karibiandescanso.com\/en\/premio-tecnologia-e-innovacion\/#breadcrumb","itemListElement":[{"@type":"ListItem","position":1,"name":"Portada","item":"https:\/\/karibiandescanso.com\/"},{"@type":"ListItem","position":2,"name":"TECNOLOGY AND INNOVATION AWARD"}]},{"@type":"WebSite","@id":"https:\/\/karibiandescanso.com\/#website","url":"https:\/\/karibiandescanso.com\/","name":"Karibian Descanso","description":"Gdzie jest odpoczynek","potentialAction":[{"@type":"SearchAction","target":{"@type":"EntryPoint","urlTemplate":"https:\/\/karibiandescanso.com\/?s={search_term_string}"},"query-input":{"@type":"PropertyValueSpecification","valueRequired":true,"valueName":"search_term_string"}}],"inLanguage":"pl-PL"},{"@type":"Person","@id":"https:\/\/karibiandescanso.com\/#\/schema\/person\/23be63b9b19bd8da8980c8eecdd69d30","name":"Karibian Descanso","image":{"@type":"ImageObject","inLanguage":"pl-PL","@id":"https:\/\/karibiandescanso.com\/#\/schema\/person\/image\/","url":"https:\/\/secure.gravatar.com\/avatar\/2f55039d31e0c8cf55d2c2b6e3bb49113343c35fd46d6d11806620d3c9641ba7?s=96&d=mm&r=g","contentUrl":"https:\/\/secure.gravatar.com\/avatar\/2f55039d31e0c8cf55d2c2b6e3bb49113343c35fd46d6d11806620d3c9641ba7?s=96&d=mm&r=g","caption":"Karibian Descanso"},"url":"https:\/\/karibiandescanso.com\/pl\/author\/karibian-descanso\/"}]}},"_links":{"self":[{"href":"https:\/\/karibiandescanso.com\/pl\/wp-json\/wp\/v2\/posts\/8240","targetHints":{"allow":["GET"]}}],"collection":[{"href":"https:\/\/karibiandescanso.com\/pl\/wp-json\/wp\/v2\/posts"}],"about":[{"href":"https:\/\/karibiandescanso.com\/pl\/wp-json\/wp\/v2\/types\/post"}],"author":[{"embeddable":true,"href":"https:\/\/karibiandescanso.com\/pl\/wp-json\/wp\/v2\/users\/2"}],"replies":[{"embeddable":true,"href":"https:\/\/karibiandescanso.com\/pl\/wp-json\/wp\/v2\/comments?post=8240"}],"version-history":[{"count":0,"href":"https:\/\/karibiandescanso.com\/pl\/wp-json\/wp\/v2\/posts\/8240\/revisions"}],"wp:featuredmedia":[{"embeddable":true,"href":"https:\/\/karibiandescanso.com\/pl\/wp-json\/wp\/v2\/media\/8274"}],"wp:attachment":[{"href":"https:\/\/karibiandescanso.com\/pl\/wp-json\/wp\/v2\/media?parent=8240"}],"wp:term":[{"taxonomy":"category","embeddable":true,"href":"https:\/\/karibiandescanso.com\/pl\/wp-json\/wp\/v2\/categories?post=8240"},{"taxonomy":"post_tag","embeddable":true,"href":"https:\/\/karibiandescanso.com\/pl\/wp-json\/wp\/v2\/tags?post=8240"}],"curies":[{"name":"wp","href":"https:\/\/api.w.org\/{rel}","templated":true}]}}