{"id":8414,"date":"2020-12-28T14:54:56","date_gmt":"2020-12-28T13:54:56","guid":{"rendered":"https:\/\/www.karibiandescanso.com\/?p=8414"},"modified":"2024-07-22T12:04:20","modified_gmt":"2024-07-22T10:04:20","slug":"colchon-modal-v4","status":"publish","type":"post","link":"https:\/\/karibiandescanso.com\/pl\/colchon-modal-v4\/","title":{"rendered":"MODDEL MODAL V4"},"content":{"rendered":"<p>[vc_row css_animation=&#8221;&#8221; row_type=&#8221;row&#8221; use_row_as_full_screen_section=&#8221;no&#8221; type=&#8221;full_width&#8221; angled_section=&#8221;no&#8221; text_align=&#8221;left&#8221; background_image_as_pattern=&#8221;without_pattern&#8221;][vc_column][vc_empty_space height=&#8221;20px&#8221;][vc_single_image image=&#8221;8423&#8243; img_size=&#8221;full&#8221; alignment=&#8221;center&#8221; qode_css_animation=&#8221;&#8221; css=&#8221;.vc_custom_1609160044695{margin-bottom: 40px !important;}&#8221;][vc_empty_space height=&#8221;20px&#8221;][vc_column_text css=&#8221;.vc_custom_1721642488002{padding-right: 0px !important;padding-left: 0px !important;}&#8221;]<\/p>\n<h4 style=\"text-align: center;\"><strong>KOMFORT I MI\u0118KKO\u015a\u0106 W JEDNYM WYPOCZYNKU<\/strong><\/h4>\n<p>[\/vc_column_text][vc_empty_space height=&#8221;10px&#8221;][vc_column_text css=&#8221;.vc_custom_1721642504641{padding-right: 0px !important;padding-left: 0px !important;}&#8221;]<\/p>\n<p style=\"text-align: justify;\">Materac <b>Modal V4<\/b>, z <a href=\"https:\/\/www.karibiandescanso.com\/productos\/serie-silver-karibian\/\">Serii Silver<\/a> zapewnia \u015bwie\u017ce i mi\u0119kkie doznania podczas snu. Wykonany z elastycznej tkaniny z naturalnym w\u0142\u00f3knem modalnym i z\u0142o\u017cone z 4 centymetr\u00f3w pianki termoelastycznej mi\u0119dzy rdzeniem a pos\u0142aniem. \u015awietna jako\u015b\u0107 materia\u0142\u00f3w i wyko\u0144cze\u0144, kt\u00f3re sk\u0142adaj\u0105 si\u0119 na ten materac niezale\u017cny z 5 strefami odpoczynku, ergonomiczny i bardzo przewiewny.<span class=\"Apple-converted-space\">\u00a0<\/span><\/p>\n<p>[\/vc_column_text][vc_empty_space height=&#8221;60px&#8221;][vc_single_image image=&#8221;8416&#8243; img_size=&#8221;full&#8221; alignment=&#8221;center&#8221; qode_css_animation=&#8221;&#8221; css=&#8221;.vc_custom_1609225411251{margin-bottom: 40px !important;border-right-width: px !important;border-left-width: px !important;padding-right: 0px !important;padding-left: 0px !important;}&#8221;][vc_empty_space height=&#8221;30px&#8221;][vc_column_text css=&#8221;.vc_custom_1721642526079{padding-right: 0px !important;padding-left: 0px !important;}&#8221;]<\/p>\n<h4 style=\"text-align: center;\"><strong>W\u0141\u00d3KNO MODAL<\/strong><\/h4>\n<p>[\/vc_column_text][vc_empty_space height=&#8221;10px&#8221;][vc_column_text css=&#8221;.vc_custom_1721642540534{padding-right: 0px !important;padding-left: 0px !important;}&#8221;]<\/p>\n<p style=\"text-align: center;\">Tkanina z naturalnego w\u0142\u00f3kna Modal Strech jest pozyskiwana z drewna bukowego, kt\u00f3re jest materia\u0142em ekologicznym. Jest to odnawialne w\u0142\u00f3kno celulozowe, wodoodporne, przewiewne i niezwykle mi\u0119kkie. Opr\u00f3cz tego, \u017ce jest elastyczne, ma efekt pami\u0119ci. Modal jest idealny, poniewa\u017c doskonale dopasowuje si\u0119 do sylwetki cia\u0142a.<span class=\"Apple-converted-space\">\u00a0<\/span><\/p>\n<p style=\"text-align: center;\">W\u0142\u00f3kno modal jest dwa razy mi\u0119ksze ni\u017c bawe\u0142na i jest doskona\u0142\u0105 alternatyw\u0105 dla alergik\u00f3w. Po\u0142\u0105czenie tkaniny modal z w\u0142\u00f3knami syntetycznymi znacznie poprawia mi\u0119kko\u015b\u0107 tkaniny, a tym samym poprawia og\u00f3lny komfort.<span class=\"Apple-converted-space\">\u00a0<\/span><\/p>\n<p>[\/vc_column_text][vc_empty_space height=&#8221;50px&#8221;][vc_single_image image=&#8221;8418&#8243; img_size=&#8221;full&#8221; alignment=&#8221;center&#8221; onclick=&#8221;custom_link&#8221; qode_css_animation=&#8221;&#8221; css=&#8221;.vc_custom_1609224358610{margin-bottom: 40px !important;padding-right: 0px !important;padding-left: 0px !important;}&#8221; link=&#8221;https:\/\/www.karibiandescanso.com\/materiales\/materiales-naturales\/&#8221;][vc_empty_space height=&#8221;50px&#8221;][\/vc_column][\/vc_row][vc_row css_animation=&#8221;&#8221; row_type=&#8221;row&#8221; use_row_as_full_screen_section=&#8221;no&#8221; type=&#8221;full_width&#8221; angled_section=&#8221;no&#8221; text_align=&#8221;left&#8221; background_image_as_pattern=&#8221;without_pattern&#8221; css=&#8221;.vc_custom_1609225272285{padding-right: 75px !important;padding-left: 75px !important;}&#8221; z_index=&#8221;&#8221;][vc_column width=&#8221;1\/2&#8243;][vc_single_image image=&#8221;8421&#8243; img_size=&#8221;full&#8221; alignment=&#8221;center&#8221; qode_css_animation=&#8221;&#8221; css=&#8221;.vc_custom_1609225218889{padding-left: 0px !important;}&#8221;][vc_empty_space height=&#8221;30px&#8221;][vc_column_text css=&#8221;.vc_custom_1721642555956{padding-right: 0px !important;padding-left: 0px !important;}&#8221;]<\/p>\n<p style=\"text-align: center;\">Wykonany z pianki termoelastycznej 50kg, wsparcie z pianki HR 28Kg i tkanina Strech z naturalnym w\u0142\u00f3knem modal.<\/p>\n<div class=\"kvgmc6g5 cxmmr5t8 oygrvhab hcukyx3x c1et5uql ii04i59q\"><\/div>\n<p>[\/vc_column_text][\/vc_column][vc_column width=&#8221;1\/2&#8243;][vc_single_image image=&#8221;8431&#8243; img_size=&#8221;full&#8221; alignment=&#8221;center&#8221; qode_css_animation=&#8221;&#8221; css=&#8221;.vc_custom_1609225226284{padding-right: 0px !important;}&#8221;][vc_empty_space height=&#8221;30px&#8221;][vc_column_text css=&#8221;.vc_custom_1721642571862{padding-right: 0px !important;padding-left: 0px !important;}&#8221;]<\/p>\n<p style=\"text-align: center;\">Materac Modal V4 to idealna alternatywa dla poprawy komfortu snu.<span class=\"Apple-converted-space\">\u00a0<\/span><\/p>\n<p>[\/vc_column_text][\/vc_column][\/vc_row][vc_row css_animation=&#8221;&#8221; row_type=&#8221;row&#8221; use_row_as_full_screen_section=&#8221;no&#8221; type=&#8221;full_width&#8221; angled_section=&#8221;no&#8221; text_align=&#8221;left&#8221; background_image_as_pattern=&#8221;without_pattern&#8221;][vc_column][vc_empty_space height=&#8221;70px&#8221;][vc_column_text]<\/p>\n<h2 style=\"text-align: center;\">Wiemy, \u017ce nie mo\u017cemy liczy\u0107 na nic wielkiego,<\/h2>\n<h2 style=\"text-align: center;\">je\u017celi nie dbamy o naszych najmniejszych.<span class=\"Apple-converted-space\">\u00a0<\/span><\/h2>\n<p>[\/vc_column_text][vc_empty_space height=&#8221;50px&#8221;][vc_single_image image=&#8221;8435&#8243; img_size=&#8221;full&#8221; alignment=&#8221;center&#8221; onclick=&#8221;custom_link&#8221; qode_css_animation=&#8221;&#8221; css=&#8221;.vc_custom_1609225429007{margin-bottom: 40px !important;padding-right: 0px !important;padding-left: 0px !important;}&#8221;][vc_empty_space height=&#8221;50px&#8221;][vc_column_text css=&#8221;.vc_custom_1721642619974{padding-right: 0px !important;padding-left: 0px !important;}&#8221;]<\/p>\n<h3 style=\"text-align: center;\"><strong>DROBIAZGI, KT\u00d3RE ROBI\u0104 R\u00d3\u017bNIC\u0118<\/strong><\/h3>\n<p>[\/vc_column_text][\/vc_column][\/vc_row][vc_row css_animation=&#8221;&#8221; row_type=&#8221;row&#8221; use_row_as_full_screen_section=&#8221;no&#8221; type=&#8221;full_width&#8221; angled_section=&#8221;no&#8221; text_align=&#8221;left&#8221; background_image_as_pattern=&#8221;without_pattern&#8221; css=&#8221;.vc_custom_1609224240412{padding-right: 50px !important;padding-left: 50px !important;}&#8221; z_index=&#8221;&#8221;][vc_column width=&#8221;1\/3&#8243;][vc_empty_space height=&#8221;50px&#8221;][vc_single_image image=&#8221;8468&#8243; img_size=&#8221;full&#8221; alignment=&#8221;center&#8221; qode_css_animation=&#8221;&#8221; css=&#8221;.vc_custom_1609224082133{margin-bottom: 40px !important;padding-right: 25px !important;padding-left: 25px !important;}&#8221;][\/vc_column][vc_column width=&#8221;1\/3&#8243;][vc_empty_space height=&#8221;50px&#8221;][vc_single_image image=&#8221;8449&#8243; img_size=&#8221;full&#8221; alignment=&#8221;center&#8221; qode_css_animation=&#8221;&#8221; css=&#8221;.vc_custom_1609164102806{margin-bottom: 40px !important;padding-right: 25px !important;padding-left: 25px !important;}&#8221;][\/vc_column][vc_column width=&#8221;1\/3&#8243;][vc_empty_space height=&#8221;50px&#8221;][vc_single_image image=&#8221;8438&#8243; img_size=&#8221;full&#8221; alignment=&#8221;center&#8221; qode_css_animation=&#8221;&#8221; css=&#8221;.vc_custom_1609224072779{margin-bottom: 40px !important;padding-right: 25px !important;padding-left: 25px !important;}&#8221;][\/vc_column][\/vc_row][vc_row css_animation=&#8221;&#8221; row_type=&#8221;row&#8221; use_row_as_full_screen_section=&#8221;no&#8221; type=&#8221;full_width&#8221; angled_section=&#8221;no&#8221; text_align=&#8221;left&#8221; background_image_as_pattern=&#8221;without_pattern&#8221;][vc_column][vc_empty_space height=&#8221;20px&#8221;][vc_column_text css=&#8221;.vc_custom_1721642639231{padding-right: 25px !important;padding-left: 25px !important;}&#8221;]<\/p>\n<p style=\"text-align: center;\">Mamy zobowi\u0105zanie wobec \u015brodowiska. Z tego powodu nieustannie poszukujemy nowych, r\u00f3\u017cnorodnych rozwi\u0105za\u0144 z korzy\u015bci\u0105 dla \u015brodowiska i planety. Wybieramy najwy\u017cszej jako\u015bci naturalne materia\u0142y, zaprojektowane tak, aby oferowa\u0107 wi\u0119kszy komfort, przyczyniaj\u0105c si\u0119 tym samym do lepszego samopoczucia ludzi i dbaj\u0105c o ich zdrowie i \u015brodowisko.<\/p>\n<p>[\/vc_column_text][vc_empty_space height=&#8221;30px&#8221;][\/vc_column][\/vc_row]<\/p>","protected":false},"excerpt":{"rendered":"<p>Przedstawiamy materac Modal V4 z Serii Silver. Model wypoczynkowy wykonany z naturalnej tkaniny modalowej i doskona\u0142ej jako\u015bci materia\u0142\u00f3w i wyko\u0144cze\u0144. Odkryj niesamowite cechy tego materaca<\/p>\n","protected":false},"author":2,"featured_media":8457,"comment_status":"open","ping_status":"open","sticky":false,"template":"","format":"standard","meta":{"footnotes":""},"categories":[10],"tags":[168,178,215,216,25,45,65,80,91,161],"class_list":["post-8414","post","type-post","status-publish","format-standard","has-post-thumbnail","hentry","category-noticias","tag-spain-interiors","tag-relax","tag-modal","tag-fibra-modal","tag-karibian-descanso","tag-tejidos","tag-materiales-naturales","tag-colchon","tag-mattress","tag-mueble-de-espana"],"yoast_head":"<!-- This site is optimized with the Yoast SEO plugin v27.0 - https:\/\/yoast.com\/product\/yoast-seo-wordpress\/ -->\n<title>MODDEL MODAL V4 - Karibian Descanso<\/title>\n<meta name=\"robots\" content=\"index, follow, max-snippet:-1, max-image-preview:large, max-video-preview:-1\" \/>\n<link rel=\"canonical\" href=\"https:\/\/karibiandescanso.com\/en\/colchon-modal-v4\/\" \/>\n<meta property=\"og:locale\" content=\"pl_PL\" \/>\n<meta property=\"og:type\" content=\"article\" \/>\n<meta property=\"og:title\" content=\"[:es]EL MODELO MODAL V4[:en]THE MODAL V4 MATTRESS[:fr]LE MATELAS MODAL V4[:ru]\u041c\u0430\u0442\u0440\u0430\u0441 Modal V4[:pl]MODDEL MODAL V4[:] - Karibian Descanso\" \/>\n<meta property=\"og:description\" content=\"[:es]Presentamos el colch\u00f3n Modal V4 de la Serie Silver. Un modelo de descanso confeccionado con tejido natural Modal y gran calidad en sus materiales y acabados. Descubre las incre\u00edbles prestaciones de este colch\u00f3n [:en]The Modal V4 mattress, from the Silver Series, will lend a fresh, soft feeling to restful nights. It is made of stretch fabric with natural Modal fibre and composed of 4 centimetres of viscoelastic between the core and padding. High-quality materials and finishes create[:fr]Le matelas Modal V4 de la s\u00e9rie Silver garantit des sensations fra\u00eeches et douces \u00e0 vos nuits de repos. Fabriqu\u00e9 en tissu extensible avec de la fibre naturelle Modal, il est aussi compos\u00e9 de 4 centim\u00e8tres de mousse visco-\u00e9lastique entre l&#039;\u00e2me du matelas et le rembourrage.[:ru]\u041c\u0430\u0442\u0440\u0430\u0441 Modal V4 \u0438\u0437 \u0441\u0435\u0440\u0438\u0438 Silver \u043f\u0440\u0438\u043d\u0435\u0441\u0435\u0442 \u0441\u0432\u0435\u0436\u0438\u0435 \u0438 \u043c\u044f\u0433\u043a\u0438\u0435 \u043e\u0449\u0443\u0449\u0435\u043d\u0438\u044f \u0432\u043e \u0432\u0440\u0435\u043c\u044f \u0432\u0430\u0448\u0435\u0433\u043e \u043d\u043e\u0447\u043d\u043e\u0433\u043e \u0441\u043d\u0430. \u041e\u043d \u0438\u0437\u0433\u043e\u0442\u043e\u0432\u043b\u0435\u043d \u0438\u0437 \u0441\u0442\u0440\u0435\u0439\u0442\u0447-\u0442\u043a\u0430\u043d\u0438 \u0438 \u043d\u0430\u0442\u0443\u0440\u0430\u043b\u044c\u043d\u043e\u0433\u043e \u0432\u043e\u043b\u043e\u043a\u043d\u0430 \u043c\u043e\u0434\u0430\u043b\u0430 \u0438 \u0441\u043e\u0441\u0442\u043e\u0438\u0442 \u0438\u0437 4 \u0441\u0430\u043d\u0442\u0438\u043c\u0435\u0442\u0440\u043e\u0432 \u0432\u044f\u0437\u043a\u043e\u0443\u043f\u0440\u0443\u0433\u043e\u0439[:pl]Przedstawiamy materac Modal V4 z Serii Silver. Model wypoczynkowy wykonany z naturalnej tkaniny modalowej i doskona\u0142ej jako\u015bci materia\u0142\u00f3w i wyko\u0144cze\u0144. Odkryj niesamowite cechy tego materaca[:]\" \/>\n<meta property=\"og:url\" content=\"https:\/\/karibiandescanso.com\/en\/colchon-modal-v4\/\" \/>\n<meta property=\"og:site_name\" content=\"Karibian Descanso\" \/>\n<meta property=\"article:published_time\" content=\"2020-12-28T13:54:56+00:00\" \/>\n<meta property=\"article:modified_time\" content=\"2024-07-22T10:04:20+00:00\" \/>\n<meta property=\"og:image\" content=\"https:\/\/karibiandescanso.com\/wp-content\/uploads\/2020\/12\/POST-MODAL.jpg\" \/>\n\t<meta property=\"og:image:width\" content=\"1421\" \/>\n\t<meta property=\"og:image:height\" content=\"808\" \/>\n\t<meta property=\"og:image:type\" content=\"image\/jpeg\" \/>\n<meta name=\"author\" content=\"Karibian Descanso\" \/>\n<meta name=\"twitter:card\" content=\"summary_large_image\" \/>\n<meta name=\"twitter:label1\" content=\"Napisane przez\" \/>\n\t<meta name=\"twitter:data1\" content=\"Karibian Descanso\" \/>\n\t<meta name=\"twitter:label2\" content=\"Szacowany czas czytania\" \/>\n\t<meta name=\"twitter:data2\" content=\"8 minut\" \/>\n<script type=\"application\/ld+json\" class=\"yoast-schema-graph\">{\"@context\":\"https:\/\/schema.org\",\"@graph\":[{\"@type\":\"Article\",\"@id\":\"https:\/\/karibiandescanso.com\/en\/colchon-modal-v4\/#article\",\"isPartOf\":{\"@id\":\"https:\/\/karibiandescanso.com\/en\/colchon-modal-v4\/\"},\"author\":{\"name\":\"Karibian Descanso\",\"@id\":\"https:\/\/karibiandescanso.com\/#\/schema\/person\/23be63b9b19bd8da8980c8eecdd69d30\"},\"headline\":\"MODDEL MODAL V4\",\"datePublished\":\"2020-12-28T13:54:56+00:00\",\"dateModified\":\"2024-07-22T10:04:20+00:00\",\"mainEntityOfPage\":{\"@id\":\"https:\/\/karibiandescanso.com\/en\/colchon-modal-v4\/\"},\"wordCount\":4720,\"commentCount\":0,\"image\":{\"@id\":\"https:\/\/karibiandescanso.com\/en\/colchon-modal-v4\/#primaryimage\"},\"thumbnailUrl\":\"https:\/\/karibiandescanso.com\/wp-content\/uploads\/2020\/12\/POST-MODAL.jpg\",\"keywords\":[\"Spain Interiors\",\"Relax\",\"Modal\",\"Fibra Modal\",\"karibian descanso\",\"Tejidos\",\"Materiales naturales\",\"Colchon\",\"Mattress\",\"Mueble de Espa\u00f1a\"],\"articleSection\":[\"noticias\"],\"inLanguage\":\"pl-PL\",\"potentialAction\":[{\"@type\":\"CommentAction\",\"name\":\"Comment\",\"target\":[\"https:\/\/karibiandescanso.com\/en\/colchon-modal-v4\/#respond\"]}]},{\"@type\":\"WebPage\",\"@id\":\"https:\/\/karibiandescanso.com\/en\/colchon-modal-v4\/\",\"url\":\"https:\/\/karibiandescanso.com\/en\/colchon-modal-v4\/\",\"name\":\"[:es]EL MODELO MODAL V4[:en]THE MODAL V4 MATTRESS[:fr]LE MATELAS MODAL V4[:ru]\u041c\u0430\u0442\u0440\u0430\u0441 Modal V4[:pl]MODDEL MODAL V4[:] - Karibian Descanso\",\"isPartOf\":{\"@id\":\"https:\/\/karibiandescanso.com\/#website\"},\"primaryImageOfPage\":{\"@id\":\"https:\/\/karibiandescanso.com\/en\/colchon-modal-v4\/#primaryimage\"},\"image\":{\"@id\":\"https:\/\/karibiandescanso.com\/en\/colchon-modal-v4\/#primaryimage\"},\"thumbnailUrl\":\"https:\/\/karibiandescanso.com\/wp-content\/uploads\/2020\/12\/POST-MODAL.jpg\",\"datePublished\":\"2020-12-28T13:54:56+00:00\",\"dateModified\":\"2024-07-22T10:04:20+00:00\",\"author\":{\"@id\":\"https:\/\/karibiandescanso.com\/#\/schema\/person\/23be63b9b19bd8da8980c8eecdd69d30\"},\"breadcrumb\":{\"@id\":\"https:\/\/karibiandescanso.com\/en\/colchon-modal-v4\/#breadcrumb\"},\"inLanguage\":\"pl-PL\",\"potentialAction\":[{\"@type\":\"ReadAction\",\"target\":[\"https:\/\/karibiandescanso.com\/en\/colchon-modal-v4\/\"]}]},{\"@type\":\"ImageObject\",\"inLanguage\":\"pl-PL\",\"@id\":\"https:\/\/karibiandescanso.com\/en\/colchon-modal-v4\/#primaryimage\",\"url\":\"https:\/\/karibiandescanso.com\/wp-content\/uploads\/2020\/12\/POST-MODAL.jpg\",\"contentUrl\":\"https:\/\/karibiandescanso.com\/wp-content\/uploads\/2020\/12\/POST-MODAL.jpg\",\"width\":1421,\"height\":808},{\"@type\":\"BreadcrumbList\",\"@id\":\"https:\/\/karibiandescanso.com\/en\/colchon-modal-v4\/#breadcrumb\",\"itemListElement\":[{\"@type\":\"ListItem\",\"position\":1,\"name\":\"Portada\",\"item\":\"https:\/\/karibiandescanso.com\/\"},{\"@type\":\"ListItem\",\"position\":2,\"name\":\"THE MODAL V4 MATTRESS\"}]},{\"@type\":\"WebSite\",\"@id\":\"https:\/\/karibiandescanso.com\/#website\",\"url\":\"https:\/\/karibiandescanso.com\/\",\"name\":\"Karibian Descanso\",\"description\":\"Gdzie jest odpoczynek\",\"potentialAction\":[{\"@type\":\"SearchAction\",\"target\":{\"@type\":\"EntryPoint\",\"urlTemplate\":\"https:\/\/karibiandescanso.com\/?s={search_term_string}\"},\"query-input\":{\"@type\":\"PropertyValueSpecification\",\"valueRequired\":true,\"valueName\":\"search_term_string\"}}],\"inLanguage\":\"pl-PL\"},{\"@type\":\"Person\",\"@id\":\"https:\/\/karibiandescanso.com\/#\/schema\/person\/23be63b9b19bd8da8980c8eecdd69d30\",\"name\":\"Karibian Descanso\",\"image\":{\"@type\":\"ImageObject\",\"inLanguage\":\"pl-PL\",\"@id\":\"https:\/\/karibiandescanso.com\/#\/schema\/person\/image\/\",\"url\":\"https:\/\/secure.gravatar.com\/avatar\/2f55039d31e0c8cf55d2c2b6e3bb49113343c35fd46d6d11806620d3c9641ba7?s=96&d=mm&r=g\",\"contentUrl\":\"https:\/\/secure.gravatar.com\/avatar\/2f55039d31e0c8cf55d2c2b6e3bb49113343c35fd46d6d11806620d3c9641ba7?s=96&d=mm&r=g\",\"caption\":\"Karibian Descanso\"},\"url\":\"https:\/\/karibiandescanso.com\/pl\/author\/karibian-descanso\/\"}]}<\/script>\n<!-- \/ Yoast SEO plugin. -->","yoast_head_json":{"title":"[:es]EL MODELO MODAL V4[:en]THE MODAL V4 MATTRESS[:fr]LE MATELAS MODAL V4[:ru]\u041c\u0430\u0442\u0440\u0430\u0441 Modal V4[:pl]MODDEL MODAL V4[:] - Karibian Descanso","robots":{"index":"index","follow":"follow","max-snippet":"max-snippet:-1","max-image-preview":"max-image-preview:large","max-video-preview":"max-video-preview:-1"},"canonical":"https:\/\/karibiandescanso.com\/en\/colchon-modal-v4\/","og_locale":"pl_PL","og_type":"article","og_title":"[:es]EL MODELO MODAL V4[:en]THE MODAL V4 MATTRESS[:fr]LE MATELAS MODAL V4[:ru]\u041c\u0430\u0442\u0440\u0430\u0441 Modal V4[:pl]MODDEL MODAL V4[:] - Karibian Descanso","og_description":"[:es]Presentamos el colch\u00f3n Modal V4 de la Serie Silver. Un modelo de descanso confeccionado con tejido natural Modal y gran calidad en sus materiales y acabados. Descubre las incre\u00edbles prestaciones de este colch\u00f3n [:en]The Modal V4 mattress, from the Silver Series, will lend a fresh, soft feeling to restful nights. It is made of stretch fabric with natural Modal fibre and composed of 4 centimetres of viscoelastic between the core and padding. High-quality materials and finishes create[:fr]Le matelas Modal V4 de la s\u00e9rie Silver garantit des sensations fra\u00eeches et douces \u00e0 vos nuits de repos. Fabriqu\u00e9 en tissu extensible avec de la fibre naturelle Modal, il est aussi compos\u00e9 de 4 centim\u00e8tres de mousse visco-\u00e9lastique entre l'\u00e2me du matelas et le rembourrage.[:ru]\u041c\u0430\u0442\u0440\u0430\u0441 Modal V4 \u0438\u0437 \u0441\u0435\u0440\u0438\u0438 Silver \u043f\u0440\u0438\u043d\u0435\u0441\u0435\u0442 \u0441\u0432\u0435\u0436\u0438\u0435 \u0438 \u043c\u044f\u0433\u043a\u0438\u0435 \u043e\u0449\u0443\u0449\u0435\u043d\u0438\u044f \u0432\u043e \u0432\u0440\u0435\u043c\u044f \u0432\u0430\u0448\u0435\u0433\u043e \u043d\u043e\u0447\u043d\u043e\u0433\u043e \u0441\u043d\u0430. \u041e\u043d \u0438\u0437\u0433\u043e\u0442\u043e\u0432\u043b\u0435\u043d \u0438\u0437 \u0441\u0442\u0440\u0435\u0439\u0442\u0447-\u0442\u043a\u0430\u043d\u0438 \u0438 \u043d\u0430\u0442\u0443\u0440\u0430\u043b\u044c\u043d\u043e\u0433\u043e \u0432\u043e\u043b\u043e\u043a\u043d\u0430 \u043c\u043e\u0434\u0430\u043b\u0430 \u0438 \u0441\u043e\u0441\u0442\u043e\u0438\u0442 \u0438\u0437 4 \u0441\u0430\u043d\u0442\u0438\u043c\u0435\u0442\u0440\u043e\u0432 \u0432\u044f\u0437\u043a\u043e\u0443\u043f\u0440\u0443\u0433\u043e\u0439[:pl]Przedstawiamy materac Modal V4 z Serii Silver. Model wypoczynkowy wykonany z naturalnej tkaniny modalowej i doskona\u0142ej jako\u015bci materia\u0142\u00f3w i wyko\u0144cze\u0144. Odkryj niesamowite cechy tego materaca[:]","og_url":"https:\/\/karibiandescanso.com\/en\/colchon-modal-v4\/","og_site_name":"Karibian Descanso","article_published_time":"2020-12-28T13:54:56+00:00","article_modified_time":"2024-07-22T10:04:20+00:00","og_image":[{"width":1421,"height":808,"url":"https:\/\/karibiandescanso.com\/wp-content\/uploads\/2020\/12\/POST-MODAL.jpg","type":"image\/jpeg"}],"author":"Karibian Descanso","twitter_card":"summary_large_image","twitter_misc":{"Napisane przez":"Karibian Descanso","Szacowany czas czytania":"8 minut"},"schema":{"@context":"https:\/\/schema.org","@graph":[{"@type":"Article","@id":"https:\/\/karibiandescanso.com\/en\/colchon-modal-v4\/#article","isPartOf":{"@id":"https:\/\/karibiandescanso.com\/en\/colchon-modal-v4\/"},"author":{"name":"Karibian Descanso","@id":"https:\/\/karibiandescanso.com\/#\/schema\/person\/23be63b9b19bd8da8980c8eecdd69d30"},"headline":"MODDEL MODAL V4","datePublished":"2020-12-28T13:54:56+00:00","dateModified":"2024-07-22T10:04:20+00:00","mainEntityOfPage":{"@id":"https:\/\/karibiandescanso.com\/en\/colchon-modal-v4\/"},"wordCount":4720,"commentCount":0,"image":{"@id":"https:\/\/karibiandescanso.com\/en\/colchon-modal-v4\/#primaryimage"},"thumbnailUrl":"https:\/\/karibiandescanso.com\/wp-content\/uploads\/2020\/12\/POST-MODAL.jpg","keywords":["Spain Interiors","Relax","Modal","Fibra Modal","karibian descanso","Tejidos","Materiales naturales","Colchon","Mattress","Mueble de Espa\u00f1a"],"articleSection":["noticias"],"inLanguage":"pl-PL","potentialAction":[{"@type":"CommentAction","name":"Comment","target":["https:\/\/karibiandescanso.com\/en\/colchon-modal-v4\/#respond"]}]},{"@type":"WebPage","@id":"https:\/\/karibiandescanso.com\/en\/colchon-modal-v4\/","url":"https:\/\/karibiandescanso.com\/en\/colchon-modal-v4\/","name":"[:es]EL MODELO MODAL V4[:en]THE MODAL V4 MATTRESS[:fr]LE MATELAS MODAL V4[:ru]\u041c\u0430\u0442\u0440\u0430\u0441 Modal V4[:pl]MODDEL MODAL V4[:] - Karibian Descanso","isPartOf":{"@id":"https:\/\/karibiandescanso.com\/#website"},"primaryImageOfPage":{"@id":"https:\/\/karibiandescanso.com\/en\/colchon-modal-v4\/#primaryimage"},"image":{"@id":"https:\/\/karibiandescanso.com\/en\/colchon-modal-v4\/#primaryimage"},"thumbnailUrl":"https:\/\/karibiandescanso.com\/wp-content\/uploads\/2020\/12\/POST-MODAL.jpg","datePublished":"2020-12-28T13:54:56+00:00","dateModified":"2024-07-22T10:04:20+00:00","author":{"@id":"https:\/\/karibiandescanso.com\/#\/schema\/person\/23be63b9b19bd8da8980c8eecdd69d30"},"breadcrumb":{"@id":"https:\/\/karibiandescanso.com\/en\/colchon-modal-v4\/#breadcrumb"},"inLanguage":"pl-PL","potentialAction":[{"@type":"ReadAction","target":["https:\/\/karibiandescanso.com\/en\/colchon-modal-v4\/"]}]},{"@type":"ImageObject","inLanguage":"pl-PL","@id":"https:\/\/karibiandescanso.com\/en\/colchon-modal-v4\/#primaryimage","url":"https:\/\/karibiandescanso.com\/wp-content\/uploads\/2020\/12\/POST-MODAL.jpg","contentUrl":"https:\/\/karibiandescanso.com\/wp-content\/uploads\/2020\/12\/POST-MODAL.jpg","width":1421,"height":808},{"@type":"BreadcrumbList","@id":"https:\/\/karibiandescanso.com\/en\/colchon-modal-v4\/#breadcrumb","itemListElement":[{"@type":"ListItem","position":1,"name":"Portada","item":"https:\/\/karibiandescanso.com\/"},{"@type":"ListItem","position":2,"name":"THE MODAL V4 MATTRESS"}]},{"@type":"WebSite","@id":"https:\/\/karibiandescanso.com\/#website","url":"https:\/\/karibiandescanso.com\/","name":"Karibian Descanso","description":"Gdzie jest odpoczynek","potentialAction":[{"@type":"SearchAction","target":{"@type":"EntryPoint","urlTemplate":"https:\/\/karibiandescanso.com\/?s={search_term_string}"},"query-input":{"@type":"PropertyValueSpecification","valueRequired":true,"valueName":"search_term_string"}}],"inLanguage":"pl-PL"},{"@type":"Person","@id":"https:\/\/karibiandescanso.com\/#\/schema\/person\/23be63b9b19bd8da8980c8eecdd69d30","name":"Karibian Descanso","image":{"@type":"ImageObject","inLanguage":"pl-PL","@id":"https:\/\/karibiandescanso.com\/#\/schema\/person\/image\/","url":"https:\/\/secure.gravatar.com\/avatar\/2f55039d31e0c8cf55d2c2b6e3bb49113343c35fd46d6d11806620d3c9641ba7?s=96&d=mm&r=g","contentUrl":"https:\/\/secure.gravatar.com\/avatar\/2f55039d31e0c8cf55d2c2b6e3bb49113343c35fd46d6d11806620d3c9641ba7?s=96&d=mm&r=g","caption":"Karibian Descanso"},"url":"https:\/\/karibiandescanso.com\/pl\/author\/karibian-descanso\/"}]}},"_links":{"self":[{"href":"https:\/\/karibiandescanso.com\/pl\/wp-json\/wp\/v2\/posts\/8414","targetHints":{"allow":["GET"]}}],"collection":[{"href":"https:\/\/karibiandescanso.com\/pl\/wp-json\/wp\/v2\/posts"}],"about":[{"href":"https:\/\/karibiandescanso.com\/pl\/wp-json\/wp\/v2\/types\/post"}],"author":[{"embeddable":true,"href":"https:\/\/karibiandescanso.com\/pl\/wp-json\/wp\/v2\/users\/2"}],"replies":[{"embeddable":true,"href":"https:\/\/karibiandescanso.com\/pl\/wp-json\/wp\/v2\/comments?post=8414"}],"version-history":[{"count":0,"href":"https:\/\/karibiandescanso.com\/pl\/wp-json\/wp\/v2\/posts\/8414\/revisions"}],"wp:featuredmedia":[{"embeddable":true,"href":"https:\/\/karibiandescanso.com\/pl\/wp-json\/wp\/v2\/media\/8457"}],"wp:attachment":[{"href":"https:\/\/karibiandescanso.com\/pl\/wp-json\/wp\/v2\/media?parent=8414"}],"wp:term":[{"taxonomy":"category","embeddable":true,"href":"https:\/\/karibiandescanso.com\/pl\/wp-json\/wp\/v2\/categories?post=8414"},{"taxonomy":"post_tag","embeddable":true,"href":"https:\/\/karibiandescanso.com\/pl\/wp-json\/wp\/v2\/tags?post=8414"}],"curies":[{"name":"wp","href":"https:\/\/api.w.org\/{rel}","templated":true}]}}