{"id":10612,"date":"2022-09-27T12:02:12","date_gmt":"2022-09-27T10:02:12","guid":{"rendered":"https:\/\/www.karibiandescanso.com\/?p=10612"},"modified":"2024-07-18T08:50:30","modified_gmt":"2024-07-18T06:50:30","slug":"feria-habitat-valencia","status":"publish","type":"post","link":"https:\/\/karibiandescanso.com\/ru\/feria-habitat-valencia\/","title":{"rendered":"56 \u0421\u041f\u0420\u0410\u0412\u0415\u0414\u041b\u0418\u0412\u042b\u0419 HABITAT VALENCIA"},"content":{"rendered":"<p>[vc_row css_animation=&#8221;&#8221; row_type=&#8221;row&#8221; use_row_as_full_screen_section=&#8221;no&#8221; type=&#8221;full_width&#8221; angled_section=&#8221;no&#8221; text_align=&#8221;left&#8221; background_image_as_pattern=&#8221;without_pattern&#8221;][vc_column][vc_column_text]<\/p>\n<p>[\/vc_column_text][\/vc_column][\/vc_row][vc_row css_animation=&#8221;&#8221; row_type=&#8221;row&#8221; use_row_as_full_screen_section=&#8221;no&#8221; type=&#8221;full_width&#8221; angled_section=&#8221;no&#8221; text_align=&#8221;left&#8221; background_image_as_pattern=&#8221;without_pattern&#8221;][vc_column][vc_column_text]<\/p>\n<p style=\"text-align: justify;\">\u0421 20 \u043f\u043e 23 \u0441\u0435\u043d\u0442\u044f\u0431\u0440\u044f \u043a\u043e\u043c\u043f\u0430\u043d\u0438\u044f <strong><a href=\"https:\/\/www.karibiandescanso.com\">Karibian Descanso<\/a><\/strong> \u043f\u0440\u0435\u0434\u0441\u0442\u0430\u0432\u0438\u043b\u0430 \u0441\u0432\u043e\u0438 \u043d\u043e\u0432\u0438\u043d\u043a\u0438 \u043d\u0430 <a href=\"https:\/\/www.feriahabitatvalencia.com\/en\/\">56-\u0439 \u0432\u044b\u0441\u0442\u0430\u0432\u043a\u0435 H\u00e1bitat Fair \u0432 \u0412\u0430\u043b\u0435\u043d\u0441\u0438\u0438<\/a>. \u0412 \u0441\u0435\u043d\u0442\u044f\u0431\u0440\u0435 \u044d\u0442\u043e\u0433\u043e \u0433\u043e\u0434\u0430 \u0441\u043d\u043e\u0432\u0430 \u0441\u043e\u0441\u0442\u043e\u044f\u043b\u043e\u0441\u044c \u0432\u0435\u0434\u0443\u0449\u0435\u0435 \u043c\u0435\u0440\u043e\u043f\u0440\u0438\u044f\u0442\u0438\u0435 Habitat \u00ab\u0421\u0434\u0435\u043b\u0430\u043d\u043e \u0432 \u0418\u0441\u043f\u0430\u043d\u0438\u0438\u00bb \u0441 \u0431\u043e\u043b\u044c\u0448\u0438\u043c \u043c\u0435\u0436\u0434\u0443\u043d\u0430\u0440\u043e\u0434\u043d\u044b\u043c \u043f\u0440\u0438\u0437\u044b\u0432\u043e\u043c.<\/p>\n<p style=\"text-align: justify;\">\u0412 \u0442\u0435 \u0434\u043d\u0438 \u0412\u0430\u043b\u0435\u043d\u0441\u0438\u044f \u0441\u0442\u0430\u043b\u0430 \u0446\u0435\u043d\u0442\u0440\u043e\u043c \u0442\u0432\u043e\u0440\u0447\u0435\u0441\u0442\u0432\u0430, \u0442\u0435\u043d\u0434\u0435\u043d\u0446\u0438\u0439 \u0438 \u0441\u0442\u0438\u043b\u044f \u0441 \u043e\u0434\u043d\u0438\u043c \u0438\u0437 \u0441\u0430\u043c\u044b\u0445 \u0432\u0430\u0436\u043d\u044b\u0445 \u0441\u043e\u0431\u044b\u0442\u0438\u0439 \u0432 \u043e\u0442\u0440\u0430\u0441\u043b\u0438. \u0411\u0435\u0437 \u0441\u043e\u043c\u043d\u0435\u043d\u0438\u044f, \u044d\u0442\u043e\u0442 \u0432\u044b\u043f\u0443\u0441\u043a Habitat \u0431\u044b\u043b \u043e\u0434\u043d\u0438\u043c \u0438\u0437 \u0441\u0430\u043c\u044b\u0445 \u043e\u0436\u0438\u0434\u0430\u0435\u043c\u044b\u0445.<\/p>\n<p style=\"text-align: justify;\">\u041c\u044b \u0438\u0437 Karibian \u043f\u0440\u0438\u0441\u0443\u0442\u0441\u0442\u0432\u043e\u0432\u0430\u043b\u0438 \u043d\u0430 \u044d\u0442\u043e\u043c \u041a\u043e\u043d\u043a\u0443\u0440\u0441\u0435, \u0433\u0434\u0435 \u043f\u0440\u0435\u0434\u0441\u0442\u0430\u0432\u0438\u043b\u0438 \u043d\u043e\u0432\u044b\u0435 \u0441\u043e\u0432\u0440\u0435\u043c\u0435\u043d\u043d\u044b\u0435 \u0438 \u0438\u043d\u043d\u043e\u0432\u0430\u0446\u0438\u043e\u043d\u043d\u044b\u0435 \u043f\u0440\u0435\u0434\u043b\u043e\u0436\u0435\u043d\u0438\u044f, \u043d\u0435 \u0442\u0435\u0440\u044f\u044f \u0441\u0432\u043e\u0435\u0439 \u0441\u0443\u0449\u043d\u043e\u0441\u0442\u0438 \u0434\u043b\u044f \u0441\u043e\u0437\u0434\u0430\u043d\u0438\u044f \u043c\u043e\u0434\u0435\u043b\u0435\u0439 \u043d\u0435\u0432\u0435\u0440\u043e\u044f\u0442\u043d\u043e\u0433\u043e \u043a\u043e\u043c\u0444\u043e\u0440\u0442\u0430.<\/p>\n<p>[\/vc_column_text][vc_empty_space height=&#8221;10px&#8221;][vc_single_image image=&#8221;10627&#8243; img_size=&#8221;full&#8221; qode_css_animation=&#8221;&#8221;][vc_column_text]<\/p>\n<p style=\"text-align: justify;\">\u0421\u0430\u043c\u044b\u0435 \u0430\u043a\u0442\u0443\u0430\u043b\u044c\u043d\u044b\u0435 \u043c\u043e\u0434\u0435\u043b\u0438 \u043e\u0442\u0434\u044b\u0445\u0430 Karibian \u0431\u044b\u043b\u0438 \u043f\u0440\u0435\u0434\u0441\u0442\u0430\u0432\u043b\u0435\u043d\u044b \u043d\u0430 \u043f\u0440\u0438\u0432\u043b\u0435\u043a\u0430\u0442\u0435\u043b\u044c\u043d\u043e\u043c \u0438 \u0443\u044e\u0442\u043d\u043e\u043c \u0441\u0442\u0435\u043d\u0434\u0435 \u0432\u043c\u0435\u0441\u0442\u0435 \u0441 \u043a\u0440\u043e\u0432\u0430\u0442\u044f\u043c\u0438 Koala. \u0424\u0438\u0440\u043c\u0430 \u0435\u0449\u0435 \u0440\u0430\u0437 \u0443\u0434\u0438\u0432\u0438\u043b\u0430 \u0432\u0441\u0435\u0445 \u043f\u0440\u0438\u0441\u0443\u0442\u0441\u0442\u0432\u0443\u044e\u0449\u0438\u0445 \u043f\u043e\u0434\u0431\u043e\u0440\u043a\u043e\u0439 \u043a\u043e\u043c\u0444\u043e\u0440\u0442\u043d\u044b\u0445 \u043c\u043e\u0434\u0435\u043b\u0435\u0439, \u043a\u043e\u0442\u043e\u0440\u044b\u0435 \u0440\u0430\u0441\u0448\u0438\u0440\u044f\u044e\u0442 \u043f\u0440\u0435\u0434\u043b\u043e\u0436\u0435\u043d\u0438\u0435 \u0435\u0435 \u043a\u0430\u0442\u0430\u043b\u043e\u0433\u0430. \u041c\u0430\u0442\u0440\u0430\u0441\u044b \u0438\u0437\u0433\u043e\u0442\u043e\u0432\u043b\u0435\u043d\u044b \u0438 \u0441\u043f\u0440\u043e\u0435\u043a\u0442\u0438\u0440\u043e\u0432\u0430\u043d\u044b \u0432 \u0441\u043e\u043e\u0442\u0432\u0435\u0442\u0441\u0442\u0432\u0438\u0438 \u0441\u043e \u0441\u0442\u0440\u043e\u0433\u0438\u043c\u0438 \u043f\u0440\u043e\u0438\u0437\u0432\u043e\u0434\u0441\u0442\u0432\u0435\u043d\u043d\u044b\u043c\u0438 \u0438 \u044d\u043a\u043e\u043b\u043e\u0433\u0438\u0447\u0435\u0441\u043a\u0438\u043c\u0438 \u043d\u043e\u0440\u043c\u0430\u043c\u0438, \u0447\u0442\u043e\u0431\u044b \u043e\u0431\u0435\u0441\u043f\u0435\u0447\u0438\u0442\u044c \u043a\u0430\u0447\u0435\u0441\u0442\u0432\u043e \u0438 \u043e\u0442\u0434\u044b\u0445 \u0434\u043b\u044f \u0441\u0430\u043c\u044b\u0445 \u0442\u0440\u0435\u0431\u043e\u0432\u0430\u0442\u0435\u043b\u044c\u043d\u044b\u0445 \u043a\u043b\u0438\u0435\u043d\u0442\u043e\u0432.<\/p>\n<p style=\"text-align: justify;\">\u041d\u0430 \u0441\u0442\u0435\u043d\u0434\u0435 E27 \u044d\u043a\u0441\u043a\u043b\u044e\u0437\u0438\u0432\u043d\u043e \u0441\u043e\u0431\u0440\u0430\u043d\u044b \u0440\u0430\u0437\u043b\u0438\u0447\u043d\u044b\u0435 \u043d\u043e\u0432\u0438\u043d\u043a\u0438, \u043e\u0441\u0432\u0435\u0449\u0430\u044e\u0449\u0438\u0435 \u043f\u043e\u0441\u043b\u0435\u0434\u043d\u0438\u0435 \u0442\u0435\u043d\u0434\u0435\u043d\u0446\u0438\u0438 \u0432 \u0441\u0444\u0435\u0440\u0435 \u043e\u0442\u0434\u044b\u0445\u0430; \u0432\u0441\u0435\u0433\u0434\u0430 \u0434\u0435\u043b\u0430\u0435\u043c \u0441\u0442\u0430\u0432\u043a\u0443 \u043d\u0430 \u0434\u0438\u0437\u0430\u0439\u043d, \u043d\u043e\u0432\u044b\u0435 \u043b\u0438\u043d\u0435\u0439\u043a\u0438 \u043f\u0440\u043e\u0434\u0443\u043a\u0442\u043e\u0432 \u0438 \u0431\u043e\u043b\u0435\u0435 \u043e\u0442\u043a\u0440\u044b\u0442\u0443\u044e \u0438 \u0438\u043d\u043d\u043e\u0432\u0430\u0446\u0438\u043e\u043d\u043d\u0443\u044e \u043a\u043e\u043d\u0446\u0435\u043f\u0446\u0438\u044e. \u041f\u043e \u044d\u0442\u043e\u043c\u0443 \u0441\u043b\u0443\u0447\u0430\u044e \u043c\u044b \u0432\u043f\u0435\u0440\u0432\u044b\u0435 \u043f\u0440\u0435\u0434\u0441\u0442\u0430\u0432\u043b\u044f\u0435\u043c \u043d\u043e\u0432\u044b\u0435 \u043c\u043e\u0434\u0435\u043b\u0438 \u043e\u0442\u0434\u044b\u0445\u0430 \u0438\u0437 \u043d\u0435\u0434\u0430\u0432\u043d\u0435\u0439 \u043a\u043e\u043b\u043b\u0435\u043a\u0446\u0438\u0438 Eco-Nature.<\/p>\n<p style=\"text-align: justify;\">\u041a\u0440\u043e\u043c\u0435 \u0442\u043e\u0433\u043e, \u044d\u0442\u043e\u0442 \u043a\u043e\u043d\u043a\u0443\u0440\u0441 \u0441\u043e\u0432\u043f\u0430\u043b \u0441 \u043f\u0440\u0430\u0437\u0434\u043d\u043e\u0432\u0430\u043d\u0438\u0435\u043c \u00abWORLD DESIGN CAPITAL VALENCIA 2022\u00bb. \u0413\u043e\u0440\u043e\u0434 \u0441\u0442\u0438\u043b\u044c\u043d\u043e \u043e\u0442\u043c\u0435\u0447\u0430\u0435\u0442 \u0441\u0432\u043e\u0439 \u0433\u043e\u0434 \u0432 \u043a\u0430\u0447\u0435\u0441\u0442\u0432\u0435 \u043c\u0438\u0440\u043e\u0432\u043e\u0439 \u0441\u0442\u043e\u043b\u0438\u0446\u044b \u0434\u0438\u0437\u0430\u0439\u043d\u0430 2022. \u0412 \u044d\u0442\u043e\u043c \u0441\u043c\u044b\u0441\u043b\u0435 Habitat \u0431\u044b\u043b \u043e\u0434\u043d\u0438\u043c \u0438\u0437 \u043d\u0430\u043f\u0440\u0430\u0432\u043b\u0435\u043d\u0438\u0439 \u0432 \u043f\u0440\u043e\u0433\u0440\u0430\u043c\u043c\u0438\u0440\u043e\u0432\u0430\u043d\u0438\u0438.<\/p>\n<p>[\/vc_column_text][\/vc_column][\/vc_row][vc_row css_animation=&#8221;&#8221; row_type=&#8221;row&#8221; use_row_as_full_screen_section=&#8221;no&#8221; type=&#8221;full_width&#8221; angled_section=&#8221;no&#8221; text_align=&#8221;left&#8221; background_image_as_pattern=&#8221;without_pattern&#8221;][vc_column][vc_empty_space][\/vc_column][\/vc_row][vc_row css_animation=&#8221;&#8221; row_type=&#8221;row&#8221; use_row_as_full_screen_section=&#8221;no&#8221; type=&#8221;full_width&#8221; angled_section=&#8221;no&#8221; text_align=&#8221;left&#8221; background_image_as_pattern=&#8221;without_pattern&#8221; css=&#8221;.vc_custom_1664543923268{padding-right: 0px !important;padding-left: 0px !important;}&#8221; z_index=&#8221;&#8221;][vc_column width=&#8221;1\/2&#8243;][vc_video link=&#8221;https:\/\/www.youtube.com\/watch?v=GHpqgcnlXtQ&#8221;][\/vc_column][vc_column width=&#8221;1\/2&#8243;][vc_empty_space height=&#8221;60px&#8221;][vc_column_text css=&#8221;.vc_custom_1684137509033{padding-right: 0px !important;padding-left: 0px !important;}&#8221;]<\/p>\n<h3 style=\"text-align: center;\">\u042d\u0442\u043e \u043d\u043e\u0432\u043e\u0435 \u0438\u0437\u0434\u0430\u043d\u0438\u0435 \u0441\u0442\u0430\u043b\u043e \u0438\u0434\u0435\u0430\u043b\u044c\u043d\u043e\u0439 \u043f\u043b\u043e\u0449\u0430\u0434\u043a\u043e\u0439 \u0434\u043b\u044f \u043f\u0440\u0435\u0437\u0435\u043d\u0442\u0430\u0446\u0438\u0438 \u043d\u043e\u0432\u044b\u0445 \u043a\u043e\u043b\u043b\u0435\u043a\u0446\u0438\u0439 \u0434\u043b\u044f \u043e\u0442\u0434\u044b\u0445\u0430, \u0432\u0441\u0435 \u043e\u043d\u0438 \u0438\u0437\u0433\u043e\u0442\u043e\u0432\u043b\u0435\u043d\u044b \u0441 \u043a\u0430\u0447\u0435\u0441\u0442\u0432\u043e\u043c \u0438 \u0434\u0438\u0437\u0430\u0439\u043d\u043e\u043c, \u043a\u043e\u0442\u043e\u0440\u044b\u0435 \u043f\u0440\u0435\u0434\u0441\u0442\u0430\u0432\u043b\u044f\u044e\u0442 \u043d\u0430\u0441.<\/h3>\n<p>[\/vc_column_text][vc_empty_space height=&#8221;30px&#8221;][\/vc_column][\/vc_row][vc_row css_animation=&#8221;&#8221; row_type=&#8221;row&#8221; use_row_as_full_screen_section=&#8221;no&#8221; type=&#8221;full_width&#8221; angled_section=&#8221;no&#8221; text_align=&#8221;left&#8221; background_image_as_pattern=&#8221;without_pattern&#8221;][vc_column][vc_empty_space height=&#8221;40px&#8221;][vc_column_text]<\/p>\n<p style=\"text-align: justify;\"><strong>Karibian Descanso<\/strong> \u0445\u043e\u0447\u0435\u0442 \u043f\u043e\u0431\u043b\u0430\u0433\u043e\u0434\u0430\u0440\u0438\u0442\u044c \u043a\u0430\u0436\u0434\u043e\u0433\u043e \u0438\u0437 \u043f\u0440\u043e\u0444\u0435\u0441\u0441\u0438\u043e\u043d\u0430\u043b\u043e\u0432, \u043a\u043e\u0442\u043e\u0440\u044b\u0435 \u043f\u043e\u0441\u0435\u0442\u0438\u043b\u0438 \u043d\u0430\u0441: \u043a\u043b\u0438\u0435\u043d\u0442\u043e\u0432, \u043f\u0440\u043e\u0444\u0435\u0441\u0441\u0438\u043e\u043d\u0430\u043b\u043e\u0432 \u0432 \u044d\u0442\u043e\u0439 \u043e\u0431\u043b\u0430\u0441\u0442\u0438, \u0434\u0438\u0437\u0430\u0439\u043d\u0435\u0440\u043e\u0432&#8230; \u0410 \u0442\u0430\u043a\u0436\u0435 \u043f\u043e\u0437\u0434\u0440\u0430\u0432\u0438\u0442\u044c \u0432\u0441\u044e \u043e\u0440\u0433\u0430\u043d\u0438\u0437\u0430\u0446\u0438\u044e \u044f\u0440\u043c\u0430\u0440\u043a\u0438 H\u00e1bitat Valencia \u0441 \u0443\u0441\u043f\u0435\u0445\u043e\u043c, \u0434\u043e\u0441\u0442\u0438\u0433\u043d\u0443\u0442\u044b\u043c \u043d\u0430 \u0440\u0430\u0437\u043b\u0438\u0447\u043d\u044b\u0445 \u043c\u0435\u0440\u043e\u043f\u0440\u0438\u044f\u0442\u0438\u044f\u0445, \u043a\u043e\u0442\u043e\u0440\u044b\u0435 \u043f\u043e\u0441\u0435\u0442\u0438\u043b\u0438 \u0438 \u043f\u043e\u043e\u0449\u0440\u044f\u044f \u0438\u0445 \u043f\u0440\u043e\u0434\u043e\u043b\u0436\u0430\u0442\u044c \u0440\u0430\u0431\u043e\u0442\u0443 \u043d\u0430\u0434 \u0441\u043b\u0435\u0434\u0443\u044e\u0449\u0438\u043c \u0438\u0437\u0434\u0430\u043d\u0438\u0435\u043c 2023 \u0433\u043e\u0434\u0430.<\/p>\n<p style=\"text-align: justify;\">\u0411\u043e\u043b\u044c\u0448\u043e\u0435 \u0441\u043f\u0430\u0441\u0438\u0431\u043e \u0438 \u0434\u043e \u0441\u043a\u043e\u0440\u043e\u0439 \u0432\u0441\u0442\u0440\u0435\u0447\u0438!<\/p>\n<p>[\/vc_column_text][\/vc_column][\/vc_row]<\/p>","protected":false},"excerpt":{"rendered":"<p>\u0421 20 \u043f\u043e 23 \u0441\u0435\u043d\u0442\u044f\u0431\u0440\u044f \u043a\u043e\u043c\u043f\u0430\u043d\u0438\u044f Karibian Descanso \u043f\u0440\u0435\u0434\u0441\u0442\u0430\u0432\u0438\u043b\u0430 \u0441\u0432\u043e\u0438 \u043d\u043e\u0432\u0438\u043d\u043a\u0438 \u043d\u0430 56-\u0439 \u0432\u044b\u0441\u0442\u0430\u0432\u043a\u0435 H\u00e1bitat Fair \u0432 \u0412\u0430\u043b\u0435\u043d\u0441\u0438\u0438. \u0412 \u0441\u0435\u043d\u0442\u044f\u0431\u0440\u0435 \u044d\u0442\u043e\u0433\u043e \u0433\u043e\u0434\u0430 \u0441\u043d\u043e\u0432\u0430 \u0441\u043e\u0441\u0442\u043e\u044f\u043b\u043e\u0441\u044c \u0432\u0435\u0434\u0443\u0449\u0435\u0435 \u043c\u0435\u0440\u043e\u043f\u0440\u0438\u044f\u0442\u0438\u0435 Habitat \u00ab\u0421\u0434\u0435\u043b\u0430\u043d\u043e \u0432 \u0418\u0441\u043f\u0430\u043d\u0438\u0438\u00bb \u0441 \u0431\u043e\u043b\u044c\u0448\u0438\u043c \u043c\u0435\u0436\u0434\u0443\u043d\u0430\u0440\u043e\u0434\u043d\u044b\u043c \u043f\u0440\u0438\u0437\u044b\u0432\u043e\u043c.<\/p>\n","protected":false},"author":2,"featured_media":10620,"comment_status":"open","ping_status":"open","sticky":false,"template":"","format":"standard","meta":{"footnotes":""},"categories":[10,164],"tags":[167,168,242,246,247,248,249,25,80,91,97,100,161],"class_list":["post-10612","post","type-post","status-publish","format-standard","has-post-thumbnail","hentry","category-noticias","category-ferias","tag-spain-furniture","tag-spain-interiors","tag-feria-mueble","tag-habitat","tag-valencia","tag-habitat2022","tag-wdc2022","tag-karibian-descanso","tag-colchon","tag-mattress","tag-europe","tag-furniture","tag-mueble-de-espana"],"yoast_head":"<!-- This site is optimized with the Yoast SEO plugin v27.0 - https:\/\/yoast.com\/product\/yoast-seo-wordpress\/ -->\n<title>56 \u0421\u041f\u0420\u0410\u0412\u0415\u0414\u041b\u0418\u0412\u042b\u0419 HABITAT VALENCIA - Karibian Descanso<\/title>\n<meta name=\"robots\" content=\"index, follow, max-snippet:-1, max-image-preview:large, max-video-preview:-1\" \/>\n<link rel=\"canonical\" href=\"https:\/\/karibiandescanso.com\/feria-habitat-valencia\/\" \/>\n<meta property=\"og:locale\" content=\"ru_RU\" \/>\n<meta property=\"og:type\" content=\"article\" \/>\n<meta property=\"og:title\" content=\"[:es]56 FERIA HABITAT VALENCIA[:en]56TH HABITAT FURNITURE VALENCIA[:fr]56E F\u00c9RIA D&#039;HABITAT VALENCE[:ru]56 \u0421\u041f\u0420\u0410\u0412\u0415\u0414\u041b\u0418\u0412\u042b\u0419 HABITAT VALENCIA[:pl]56 TARGI HABITAT WALENCJA[:] - Karibian Descanso\" \/>\n<meta property=\"og:description\" content=\"[:es]Del 20 al 23 de Septiembre,\u00a0Karibian Descanso\u00a0expuso sus novedades en la 56 Edici\u00f3n de la Feria H\u00e1bitat de Valencia. La cita l\u00edder del H\u00e1bitat \u2018Made in Spain\u2019 regres\u00f3 este mes de Septiembre[:en]From September 20 to 23, Karibian Descanso exhibited its novelties at the 56th Edition of the Habitat Fair in Valencia. The leading appointment of the Habitat &#039;Made in Spain&#039; returned this month of September[:fr]Du 20 au 23 septembre,\u00a0Karibian Descanso a expos\u00e9 ses nouveaut\u00e9s \u00e0 la 56e \u00e9dition de la Foire H\u00e1bitat \u00e0 Valencia Foire de l&#039;Habitat \u00e0 Valence. Le rendez-vous phare de l&#039;Habitat &#039;Made in Spain&#039; est revenu ce mois de septembre, avec un grand appel international.[:ru]\u0421 20 \u043f\u043e 23 \u0441\u0435\u043d\u0442\u044f\u0431\u0440\u044f \u043a\u043e\u043c\u043f\u0430\u043d\u0438\u044f Karibian Descanso \u043f\u0440\u0435\u0434\u0441\u0442\u0430\u0432\u0438\u043b\u0430 \u0441\u0432\u043e\u0438 \u043d\u043e\u0432\u0438\u043d\u043a\u0438 \u043d\u0430 56-\u0439 \u0432\u044b\u0441\u0442\u0430\u0432\u043a\u0435 H\u00e1bitat Fair \u0432 \u0412\u0430\u043b\u0435\u043d\u0441\u0438\u0438. \u0412 \u0441\u0435\u043d\u0442\u044f\u0431\u0440\u0435 \u044d\u0442\u043e\u0433\u043e \u0433\u043e\u0434\u0430 \u0441\u043d\u043e\u0432\u0430 \u0441\u043e\u0441\u0442\u043e\u044f\u043b\u043e\u0441\u044c \u0432\u0435\u0434\u0443\u0449\u0435\u0435 \u043c\u0435\u0440\u043e\u043f\u0440\u0438\u044f\u0442\u0438\u0435 Habitat \u00ab\u0421\u0434\u0435\u043b\u0430\u043d\u043e \u0432 \u0418\u0441\u043f\u0430\u043d\u0438\u0438\u00bb \u0441 \u0431\u043e\u043b\u044c\u0448\u0438\u043c \u043c\u0435\u0436\u0434\u0443\u043d\u0430\u0440\u043e\u0434\u043d\u044b\u043c \u043f\u0440\u0438\u0437\u044b\u0432\u043e\u043c.[:pl]W dniach 20-23 wrze\u015bnia Karibian Descanso wystawia\u0142 swoje nowo\u015bci na 56. Edycji Targ\u00f3w Habitat w Walencji. Wiod\u0105ce wydarzenie Habitatu \u201eMade in Spain\u201d powr\u00f3ci\u0142o we wrze\u015bniu tego roku[:]\" \/>\n<meta property=\"og:url\" content=\"https:\/\/karibiandescanso.com\/feria-habitat-valencia\/\" \/>\n<meta property=\"og:site_name\" content=\"Karibian Descanso\" \/>\n<meta property=\"article:published_time\" content=\"2022-09-27T10:02:12+00:00\" \/>\n<meta property=\"article:modified_time\" content=\"2024-07-18T06:50:30+00:00\" \/>\n<meta property=\"og:image\" content=\"https:\/\/karibiandescanso.com\/wp-content\/uploads\/2022\/09\/habitat-portada.jpg\" \/>\n\t<meta property=\"og:image:width\" content=\"2024\" \/>\n\t<meta property=\"og:image:height\" content=\"1146\" \/>\n\t<meta property=\"og:image:type\" content=\"image\/jpeg\" \/>\n<meta name=\"author\" content=\"Karibian Descanso\" \/>\n<meta name=\"twitter:card\" content=\"summary_large_image\" \/>\n<meta name=\"twitter:label1\" content=\"\u041d\u0430\u043f\u0438\u0441\u0430\u043d\u043e \u0430\u0432\u0442\u043e\u0440\u043e\u043c\" \/>\n\t<meta name=\"twitter:data1\" content=\"Karibian Descanso\" \/>\n\t<meta name=\"twitter:label2\" content=\"\u041f\u0440\u0438\u043c\u0435\u0440\u043d\u043e\u0435 \u0432\u0440\u0435\u043c\u044f \u0434\u043b\u044f \u0447\u0442\u0435\u043d\u0438\u044f\" \/>\n\t<meta name=\"twitter:data2\" content=\"3 \u043c\u0438\u043d\u0443\u0442\u044b\" \/>\n<script type=\"application\/ld+json\" class=\"yoast-schema-graph\">{\"@context\":\"https:\/\/schema.org\",\"@graph\":[{\"@type\":\"Article\",\"@id\":\"https:\/\/karibiandescanso.com\/feria-habitat-valencia\/#article\",\"isPartOf\":{\"@id\":\"https:\/\/karibiandescanso.com\/feria-habitat-valencia\/\"},\"author\":{\"name\":\"Karibian Descanso\",\"@id\":\"https:\/\/karibiandescanso.com\/#\/schema\/person\/23be63b9b19bd8da8980c8eecdd69d30\"},\"headline\":\"56 \u0421\u041f\u0420\u0410\u0412\u0415\u0414\u041b\u0418\u0412\u042b\u0419 HABITAT VALENCIA\",\"datePublished\":\"2022-09-27T10:02:12+00:00\",\"dateModified\":\"2024-07-18T06:50:30+00:00\",\"mainEntityOfPage\":{\"@id\":\"https:\/\/karibiandescanso.com\/feria-habitat-valencia\/\"},\"wordCount\":3127,\"commentCount\":0,\"image\":{\"@id\":\"https:\/\/karibiandescanso.com\/feria-habitat-valencia\/#primaryimage\"},\"thumbnailUrl\":\"https:\/\/karibiandescanso.com\/wp-content\/uploads\/2022\/09\/habitat-portada.jpg\",\"keywords\":[\"Spain Furniture\",\"Spain Interiors\",\"Feria Mueble\",\"Habitat\",\"Valencia\",\"Habitat2022\",\"WDC2022\",\"karibian descanso\",\"Colchon\",\"Mattress\",\"Europe\",\"Furniture\",\"Mueble de Espa\u00f1a\"],\"articleSection\":[\"noticias\",\"Ferias\"],\"inLanguage\":\"ru-RU\",\"potentialAction\":[{\"@type\":\"CommentAction\",\"name\":\"Comment\",\"target\":[\"https:\/\/karibiandescanso.com\/feria-habitat-valencia\/#respond\"]}]},{\"@type\":\"WebPage\",\"@id\":\"https:\/\/karibiandescanso.com\/feria-habitat-valencia\/\",\"url\":\"https:\/\/karibiandescanso.com\/feria-habitat-valencia\/\",\"name\":\"[:es]56 FERIA HABITAT VALENCIA[:en]56TH HABITAT FURNITURE VALENCIA[:fr]56E F\u00c9RIA D'HABITAT VALENCE[:ru]56 \u0421\u041f\u0420\u0410\u0412\u0415\u0414\u041b\u0418\u0412\u042b\u0419 HABITAT VALENCIA[:pl]56 TARGI HABITAT WALENCJA[:] - Karibian Descanso\",\"isPartOf\":{\"@id\":\"https:\/\/karibiandescanso.com\/#website\"},\"primaryImageOfPage\":{\"@id\":\"https:\/\/karibiandescanso.com\/feria-habitat-valencia\/#primaryimage\"},\"image\":{\"@id\":\"https:\/\/karibiandescanso.com\/feria-habitat-valencia\/#primaryimage\"},\"thumbnailUrl\":\"https:\/\/karibiandescanso.com\/wp-content\/uploads\/2022\/09\/habitat-portada.jpg\",\"datePublished\":\"2022-09-27T10:02:12+00:00\",\"dateModified\":\"2024-07-18T06:50:30+00:00\",\"author\":{\"@id\":\"https:\/\/karibiandescanso.com\/#\/schema\/person\/23be63b9b19bd8da8980c8eecdd69d30\"},\"breadcrumb\":{\"@id\":\"https:\/\/karibiandescanso.com\/feria-habitat-valencia\/#breadcrumb\"},\"inLanguage\":\"ru-RU\",\"potentialAction\":[{\"@type\":\"ReadAction\",\"target\":[\"https:\/\/karibiandescanso.com\/feria-habitat-valencia\/\"]}]},{\"@type\":\"ImageObject\",\"inLanguage\":\"ru-RU\",\"@id\":\"https:\/\/karibiandescanso.com\/feria-habitat-valencia\/#primaryimage\",\"url\":\"https:\/\/karibiandescanso.com\/wp-content\/uploads\/2022\/09\/habitat-portada.jpg\",\"contentUrl\":\"https:\/\/karibiandescanso.com\/wp-content\/uploads\/2022\/09\/habitat-portada.jpg\",\"width\":2024,\"height\":1146},{\"@type\":\"BreadcrumbList\",\"@id\":\"https:\/\/karibiandescanso.com\/feria-habitat-valencia\/#breadcrumb\",\"itemListElement\":[{\"@type\":\"ListItem\",\"position\":1,\"name\":\"Portada\",\"item\":\"https:\/\/karibiandescanso.com\/\"},{\"@type\":\"ListItem\",\"position\":2,\"name\":\"56 FERIA HABITAT VALENCIA\"}]},{\"@type\":\"WebSite\",\"@id\":\"https:\/\/karibiandescanso.com\/#website\",\"url\":\"https:\/\/karibiandescanso.com\/\",\"name\":\"Karibian Descanso\",\"description\":\"\u0433\u0434\u0435 \u043e\u0442\u0434\u044b\u0445\",\"potentialAction\":[{\"@type\":\"SearchAction\",\"target\":{\"@type\":\"EntryPoint\",\"urlTemplate\":\"https:\/\/karibiandescanso.com\/?s={search_term_string}\"},\"query-input\":{\"@type\":\"PropertyValueSpecification\",\"valueRequired\":true,\"valueName\":\"search_term_string\"}}],\"inLanguage\":\"ru-RU\"},{\"@type\":\"Person\",\"@id\":\"https:\/\/karibiandescanso.com\/#\/schema\/person\/23be63b9b19bd8da8980c8eecdd69d30\",\"name\":\"Karibian Descanso\",\"image\":{\"@type\":\"ImageObject\",\"inLanguage\":\"ru-RU\",\"@id\":\"https:\/\/karibiandescanso.com\/#\/schema\/person\/image\/\",\"url\":\"https:\/\/secure.gravatar.com\/avatar\/2f55039d31e0c8cf55d2c2b6e3bb49113343c35fd46d6d11806620d3c9641ba7?s=96&d=mm&r=g\",\"contentUrl\":\"https:\/\/secure.gravatar.com\/avatar\/2f55039d31e0c8cf55d2c2b6e3bb49113343c35fd46d6d11806620d3c9641ba7?s=96&d=mm&r=g\",\"caption\":\"Karibian Descanso\"},\"url\":\"https:\/\/karibiandescanso.com\/ru\/author\/karibian-descanso\/\"}]}<\/script>\n<!-- \/ Yoast SEO plugin. -->","yoast_head_json":{"title":"[:es]56 FERIA HABITAT VALENCIA[:en]56TH HABITAT FURNITURE VALENCIA[:fr]56E F\u00c9RIA D'HABITAT VALENCE[:ru]56 \u0421\u041f\u0420\u0410\u0412\u0415\u0414\u041b\u0418\u0412\u042b\u0419 HABITAT VALENCIA[:pl]56 TARGI HABITAT WALENCJA[:] - Karibian Descanso","robots":{"index":"index","follow":"follow","max-snippet":"max-snippet:-1","max-image-preview":"max-image-preview:large","max-video-preview":"max-video-preview:-1"},"canonical":"https:\/\/karibiandescanso.com\/feria-habitat-valencia\/","og_locale":"ru_RU","og_type":"article","og_title":"[:es]56 FERIA HABITAT VALENCIA[:en]56TH HABITAT FURNITURE VALENCIA[:fr]56E F\u00c9RIA D'HABITAT VALENCE[:ru]56 \u0421\u041f\u0420\u0410\u0412\u0415\u0414\u041b\u0418\u0412\u042b\u0419 HABITAT VALENCIA[:pl]56 TARGI HABITAT WALENCJA[:] - Karibian Descanso","og_description":"[:es]Del 20 al 23 de Septiembre,\u00a0Karibian Descanso\u00a0expuso sus novedades en la 56 Edici\u00f3n de la Feria H\u00e1bitat de Valencia. La cita l\u00edder del H\u00e1bitat \u2018Made in Spain\u2019 regres\u00f3 este mes de Septiembre[:en]From September 20 to 23, Karibian Descanso exhibited its novelties at the 56th Edition of the Habitat Fair in Valencia. The leading appointment of the Habitat 'Made in Spain' returned this month of September[:fr]Du 20 au 23 septembre,\u00a0Karibian Descanso a expos\u00e9 ses nouveaut\u00e9s \u00e0 la 56e \u00e9dition de la Foire H\u00e1bitat \u00e0 Valencia Foire de l'Habitat \u00e0 Valence. Le rendez-vous phare de l'Habitat 'Made in Spain' est revenu ce mois de septembre, avec un grand appel international.[:ru]\u0421 20 \u043f\u043e 23 \u0441\u0435\u043d\u0442\u044f\u0431\u0440\u044f \u043a\u043e\u043c\u043f\u0430\u043d\u0438\u044f Karibian Descanso \u043f\u0440\u0435\u0434\u0441\u0442\u0430\u0432\u0438\u043b\u0430 \u0441\u0432\u043e\u0438 \u043d\u043e\u0432\u0438\u043d\u043a\u0438 \u043d\u0430 56-\u0439 \u0432\u044b\u0441\u0442\u0430\u0432\u043a\u0435 H\u00e1bitat Fair \u0432 \u0412\u0430\u043b\u0435\u043d\u0441\u0438\u0438. \u0412 \u0441\u0435\u043d\u0442\u044f\u0431\u0440\u0435 \u044d\u0442\u043e\u0433\u043e \u0433\u043e\u0434\u0430 \u0441\u043d\u043e\u0432\u0430 \u0441\u043e\u0441\u0442\u043e\u044f\u043b\u043e\u0441\u044c \u0432\u0435\u0434\u0443\u0449\u0435\u0435 \u043c\u0435\u0440\u043e\u043f\u0440\u0438\u044f\u0442\u0438\u0435 Habitat \u00ab\u0421\u0434\u0435\u043b\u0430\u043d\u043e \u0432 \u0418\u0441\u043f\u0430\u043d\u0438\u0438\u00bb \u0441 \u0431\u043e\u043b\u044c\u0448\u0438\u043c \u043c\u0435\u0436\u0434\u0443\u043d\u0430\u0440\u043e\u0434\u043d\u044b\u043c \u043f\u0440\u0438\u0437\u044b\u0432\u043e\u043c.[:pl]W dniach 20-23 wrze\u015bnia Karibian Descanso wystawia\u0142 swoje nowo\u015bci na 56. Edycji Targ\u00f3w Habitat w Walencji. Wiod\u0105ce wydarzenie Habitatu \u201eMade in Spain\u201d powr\u00f3ci\u0142o we wrze\u015bniu tego roku[:]","og_url":"https:\/\/karibiandescanso.com\/feria-habitat-valencia\/","og_site_name":"Karibian Descanso","article_published_time":"2022-09-27T10:02:12+00:00","article_modified_time":"2024-07-18T06:50:30+00:00","og_image":[{"width":2024,"height":1146,"url":"https:\/\/karibiandescanso.com\/wp-content\/uploads\/2022\/09\/habitat-portada.jpg","type":"image\/jpeg"}],"author":"Karibian Descanso","twitter_card":"summary_large_image","twitter_misc":{"\u041d\u0430\u043f\u0438\u0441\u0430\u043d\u043e \u0430\u0432\u0442\u043e\u0440\u043e\u043c":"Karibian Descanso","\u041f\u0440\u0438\u043c\u0435\u0440\u043d\u043e\u0435 \u0432\u0440\u0435\u043c\u044f \u0434\u043b\u044f \u0447\u0442\u0435\u043d\u0438\u044f":"3 \u043c\u0438\u043d\u0443\u0442\u044b"},"schema":{"@context":"https:\/\/schema.org","@graph":[{"@type":"Article","@id":"https:\/\/karibiandescanso.com\/feria-habitat-valencia\/#article","isPartOf":{"@id":"https:\/\/karibiandescanso.com\/feria-habitat-valencia\/"},"author":{"name":"Karibian Descanso","@id":"https:\/\/karibiandescanso.com\/#\/schema\/person\/23be63b9b19bd8da8980c8eecdd69d30"},"headline":"56 \u0421\u041f\u0420\u0410\u0412\u0415\u0414\u041b\u0418\u0412\u042b\u0419 HABITAT VALENCIA","datePublished":"2022-09-27T10:02:12+00:00","dateModified":"2024-07-18T06:50:30+00:00","mainEntityOfPage":{"@id":"https:\/\/karibiandescanso.com\/feria-habitat-valencia\/"},"wordCount":3127,"commentCount":0,"image":{"@id":"https:\/\/karibiandescanso.com\/feria-habitat-valencia\/#primaryimage"},"thumbnailUrl":"https:\/\/karibiandescanso.com\/wp-content\/uploads\/2022\/09\/habitat-portada.jpg","keywords":["Spain Furniture","Spain Interiors","Feria Mueble","Habitat","Valencia","Habitat2022","WDC2022","karibian descanso","Colchon","Mattress","Europe","Furniture","Mueble de Espa\u00f1a"],"articleSection":["noticias","Ferias"],"inLanguage":"ru-RU","potentialAction":[{"@type":"CommentAction","name":"Comment","target":["https:\/\/karibiandescanso.com\/feria-habitat-valencia\/#respond"]}]},{"@type":"WebPage","@id":"https:\/\/karibiandescanso.com\/feria-habitat-valencia\/","url":"https:\/\/karibiandescanso.com\/feria-habitat-valencia\/","name":"[:es]56 FERIA HABITAT VALENCIA[:en]56TH HABITAT FURNITURE VALENCIA[:fr]56E F\u00c9RIA D'HABITAT VALENCE[:ru]56 \u0421\u041f\u0420\u0410\u0412\u0415\u0414\u041b\u0418\u0412\u042b\u0419 HABITAT VALENCIA[:pl]56 TARGI HABITAT WALENCJA[:] - Karibian Descanso","isPartOf":{"@id":"https:\/\/karibiandescanso.com\/#website"},"primaryImageOfPage":{"@id":"https:\/\/karibiandescanso.com\/feria-habitat-valencia\/#primaryimage"},"image":{"@id":"https:\/\/karibiandescanso.com\/feria-habitat-valencia\/#primaryimage"},"thumbnailUrl":"https:\/\/karibiandescanso.com\/wp-content\/uploads\/2022\/09\/habitat-portada.jpg","datePublished":"2022-09-27T10:02:12+00:00","dateModified":"2024-07-18T06:50:30+00:00","author":{"@id":"https:\/\/karibiandescanso.com\/#\/schema\/person\/23be63b9b19bd8da8980c8eecdd69d30"},"breadcrumb":{"@id":"https:\/\/karibiandescanso.com\/feria-habitat-valencia\/#breadcrumb"},"inLanguage":"ru-RU","potentialAction":[{"@type":"ReadAction","target":["https:\/\/karibiandescanso.com\/feria-habitat-valencia\/"]}]},{"@type":"ImageObject","inLanguage":"ru-RU","@id":"https:\/\/karibiandescanso.com\/feria-habitat-valencia\/#primaryimage","url":"https:\/\/karibiandescanso.com\/wp-content\/uploads\/2022\/09\/habitat-portada.jpg","contentUrl":"https:\/\/karibiandescanso.com\/wp-content\/uploads\/2022\/09\/habitat-portada.jpg","width":2024,"height":1146},{"@type":"BreadcrumbList","@id":"https:\/\/karibiandescanso.com\/feria-habitat-valencia\/#breadcrumb","itemListElement":[{"@type":"ListItem","position":1,"name":"Portada","item":"https:\/\/karibiandescanso.com\/"},{"@type":"ListItem","position":2,"name":"56 FERIA HABITAT VALENCIA"}]},{"@type":"WebSite","@id":"https:\/\/karibiandescanso.com\/#website","url":"https:\/\/karibiandescanso.com\/","name":"Karibian Descanso","description":"\u0433\u0434\u0435 \u043e\u0442\u0434\u044b\u0445","potentialAction":[{"@type":"SearchAction","target":{"@type":"EntryPoint","urlTemplate":"https:\/\/karibiandescanso.com\/?s={search_term_string}"},"query-input":{"@type":"PropertyValueSpecification","valueRequired":true,"valueName":"search_term_string"}}],"inLanguage":"ru-RU"},{"@type":"Person","@id":"https:\/\/karibiandescanso.com\/#\/schema\/person\/23be63b9b19bd8da8980c8eecdd69d30","name":"Karibian Descanso","image":{"@type":"ImageObject","inLanguage":"ru-RU","@id":"https:\/\/karibiandescanso.com\/#\/schema\/person\/image\/","url":"https:\/\/secure.gravatar.com\/avatar\/2f55039d31e0c8cf55d2c2b6e3bb49113343c35fd46d6d11806620d3c9641ba7?s=96&d=mm&r=g","contentUrl":"https:\/\/secure.gravatar.com\/avatar\/2f55039d31e0c8cf55d2c2b6e3bb49113343c35fd46d6d11806620d3c9641ba7?s=96&d=mm&r=g","caption":"Karibian Descanso"},"url":"https:\/\/karibiandescanso.com\/ru\/author\/karibian-descanso\/"}]}},"_links":{"self":[{"href":"https:\/\/karibiandescanso.com\/ru\/wp-json\/wp\/v2\/posts\/10612","targetHints":{"allow":["GET"]}}],"collection":[{"href":"https:\/\/karibiandescanso.com\/ru\/wp-json\/wp\/v2\/posts"}],"about":[{"href":"https:\/\/karibiandescanso.com\/ru\/wp-json\/wp\/v2\/types\/post"}],"author":[{"embeddable":true,"href":"https:\/\/karibiandescanso.com\/ru\/wp-json\/wp\/v2\/users\/2"}],"replies":[{"embeddable":true,"href":"https:\/\/karibiandescanso.com\/ru\/wp-json\/wp\/v2\/comments?post=10612"}],"version-history":[{"count":0,"href":"https:\/\/karibiandescanso.com\/ru\/wp-json\/wp\/v2\/posts\/10612\/revisions"}],"wp:featuredmedia":[{"embeddable":true,"href":"https:\/\/karibiandescanso.com\/ru\/wp-json\/wp\/v2\/media\/10620"}],"wp:attachment":[{"href":"https:\/\/karibiandescanso.com\/ru\/wp-json\/wp\/v2\/media?parent=10612"}],"wp:term":[{"taxonomy":"category","embeddable":true,"href":"https:\/\/karibiandescanso.com\/ru\/wp-json\/wp\/v2\/categories?post=10612"},{"taxonomy":"post_tag","embeddable":true,"href":"https:\/\/karibiandescanso.com\/ru\/wp-json\/wp\/v2\/tags?post=10612"}],"curies":[{"name":"wp","href":"https:\/\/api.w.org\/{rel}","templated":true}]}}