{"id":1156,"date":"2017-12-20T13:22:43","date_gmt":"2017-12-20T12:22:43","guid":{"rendered":"https:\/\/www.karibiandescanso.com\/?p=1156"},"modified":"2023-05-15T10:52:11","modified_gmt":"2023-05-15T08:52:11","slug":"participacion-espritmeuble-paris-2017","status":"publish","type":"post","link":"https:\/\/karibiandescanso.com\/ru\/participacion-espritmeuble-paris-2017\/","title":{"rendered":"\u0423\u0427\u0410\u0421\u0422\u0418\u0415 \u0412 \u0412\u042b\u0421\u0422\u0410\u0412\u041a\u0415 ESPRITMEUBLE 2017"},"content":{"rendered":"<p><\/p>\n<h4><strong>ESPRITMEUBLE PARIS 2017<\/strong><\/h4>\n<p>&nbsp;<\/p>\n<p style=\"text-align: justify;\"><b>KARIBIAN DESCANSO<\/b> \u043f\u043e\u0441\u0442\u043e\u044f\u043d\u043d\u043e \u0441\u0442\u0440\u0435\u043c\u0438\u0442\u0441\u044f \u043a \u0440\u043e\u0441\u0442\u0443 \u0438 \u0443\u043a\u0440\u0435\u043f\u043b\u0435\u043d\u0438\u044e \u0441\u0432\u043e\u0438\u0445 \u043f\u043e\u0437\u0438\u0446\u0438\u0439 \u043d\u0430 \u043c\u0438\u0440\u043e\u0432\u043e\u043c \u0440\u044b\u043d\u043a\u0435. \u0421\u043e 2 \u043f\u043e 5 \u0434\u0435\u043a\u0430\u0431\u0440\u044f 2017 \u0433\u043e\u0434\u0430 \u0431\u0440\u0435\u043d\u0434 \u0431\u044b\u043b \u043f\u0440\u0435\u0434\u0441\u0442\u0430\u0432\u043b\u0435\u043d \u043d\u0430 \u0432\u044b\u0441\u0442\u0430\u0432\u043a\u0435 <b>ESPRITMEUBLE PARIS 2017<\/b>. \u041d\u0430 \u044d\u0442\u043e \u043c\u0435\u0440\u043e\u043f\u0440\u0438\u044f\u0442\u0438\u0435 \u0441\u044a\u0435\u0437\u0436\u0430\u044e\u0442\u0441\u044f \u0441\u043f\u0435\u0446\u0438\u0430\u043b\u0438\u0441\u0442\u044b \u0438\u0437 \u0440\u0430\u0437\u043d\u044b\u0445 \u0441\u0442\u0440\u0430\u043d \u0415\u0432\u0440\u043e\u043f\u044b, \u0438\u043c\u0435\u044e\u0449\u0438\u0435 \u043e\u0442\u043d\u043e\u0448\u0435\u043d\u0438\u0435 \u043a \u043f\u0440\u043e\u0438\u0437\u0432\u043e\u0434\u0441\u0442\u0432\u0443 \u043c\u0435\u0431\u0435\u043b\u0438 \u0438 \u0442\u043e\u0432\u0430\u0440\u043e\u0432 \u0434\u043b\u044f \u043e\u0442\u0434\u044b\u0445\u0430. \u041c\u044b \u043e\u0437\u043d\u0430\u043a\u043e\u043c\u0438\u043b\u0438 \u0444\u0440\u0430\u043d\u0446\u0443\u0437\u0441\u043a\u0438\u0445 \u043a\u043b\u0438\u0435\u043d\u0442\u043e\u0432 \u0441 \u043f\u043e\u0434\u0431\u043e\u0440\u043a\u043e\u0439 \u043d\u0430\u0448\u0435\u0439 \u043f\u0440\u043e\u0434\u0443\u043a\u0446\u0438\u0438.<\/p>\n<p style=\"text-align: justify;\">\u041a\u043e\u043c\u043f\u0430\u043d\u0438\u044f <em>Comercial Godema S.L<\/em> \u043f\u043e\u043b\u0443\u0447\u0438\u043b\u0430 \u0444\u0438\u043d\u0430\u043d\u0441\u043e\u0432\u0443\u044e \u043f\u043e\u0434\u0434\u0435\u0440\u0436\u043a\u0443 \u0415\u0432\u0440\u043e\u043f\u0435\u0439\u0441\u043a\u043e\u0433\u043e \u0444\u043e\u043d\u0434\u0430 \u0440\u0435\u0433\u0438\u043e\u043d\u0430\u043b\u044c\u043d\u043e\u0433\u043e \u0440\u0430\u0437\u0432\u0438\u0442\u0438\u044f, \u0440\u0430\u0431\u043e\u0442\u0430\u044e\u0449\u0435\u0433\u043e \u043d\u0430\u0434 \u0441\u043e\u0437\u0434\u0430\u043d\u0438\u0435\u043c \u0431\u043e\u043b\u0435\u0435 \u043a\u043e\u043d\u043a\u0443\u0440\u0435\u043d\u0442\u043e\u0441\u043f\u043e\u0441\u043e\u0431\u043d\u043e\u0433\u043e \u043f\u0440\u0435\u0434\u043f\u0440\u0438\u043d\u0438\u043c\u0430\u0442\u0435\u043b\u044c\u0441\u043a\u043e\u0433\u043e \u0441\u0435\u043a\u0442\u043e\u0440\u0430. \u0423\u0447\u0430\u0441\u0442\u0438\u0435 \u0432 \u043f\u0430\u0440\u0438\u0436\u0441\u043a\u043e\u0439 \u0432\u044b\u0441\u0442\u0430\u0432\u043a\u0435 Esprit Meuble 2017 \u0441\u043e 2 \u043f\u043e 5 \u0434\u0435\u043a\u0430\u0431\u0440\u044f 2017 \u0433\u043e\u0434\u0430 \u0431\u044b\u043b\u043e \u043d\u0430\u043f\u0440\u0430\u0432\u043b\u0435\u043d\u043e \u043d\u0430 \u0438\u043d\u0442\u0435\u0440\u043d\u0430\u0446\u0438\u043e\u043d\u0430\u043b\u0438\u0437\u0430\u0446\u0438\u044e \u0431\u0440\u0435\u043d\u0434\u0430. \u041f\u043e\u0434\u0434\u0435\u0440\u0436\u043a\u0430 \u0434\u043b\u044f \u0443\u0447\u0430\u0441\u0442\u0438\u044f \u0431\u044b\u043b\u0430 \u043e\u043a\u0430\u0437\u0430\u043d\u0430 \u0432 \u0440\u0430\u043c\u043a\u0430\u0445 \u041c\u0435\u0436\u0434\u0443\u043d\u0430\u0440\u043e\u0434\u043d\u043e\u0439 \u043f\u0440\u043e\u0433\u0440\u0430\u043c\u043c\u044b \u043f\u0440\u043e\u0434\u0432\u0438\u0436\u0435\u043d\u0438\u044f \u0431\u0438\u0437\u043d\u0435\u0441\u0430 \u0422\u043e\u0440\u0433\u043e\u0432\u043e\u0439 \u043f\u0430\u043b\u0430\u0442\u044b \u0418\u0441\u043f\u0430\u043d\u0438\u0438 \u0438 \u041c\u0443\u0440\u0441\u0438\u0438.<\/p>\n<p style=\"text-align: justify;\"><img loading=\"lazy\" decoding=\"async\" class=\"wp-image-1163\" src=\"https:\/\/www.karibiandescanso.com\/wp-content\/uploads\/2017\/12\/Logos-Camara-Comercio.png\" alt=\"\" width=\"273\" height=\"82\" \/><\/p>\n<p><b>\u0415\u0432\u0440\u043e\u043f\u0435\u0439\u0441\u043a\u0438\u0439 \u0444\u043e\u043d\u0434 \u0440\u0435\u0433\u0438\u043e\u043d\u0430\u043b\u044c\u043d\u043e\u0433\u043e \u0440\u0430\u0437\u0432\u0438\u0442\u0438\u044f \u00ab\u0421\u043f\u043e\u0441\u043e\u0431 \u0441\u0442\u0440\u043e\u0438\u0442\u044c \u0415\u0432\u0440\u043e\u043f\u0443\u00bb<\/b><\/p>\n<p>&nbsp;<\/p>","protected":false},"excerpt":{"rendered":"<p>KARIBIAN DESCANSO \u043f\u043e\u0441\u0442\u043e\u044f\u043d\u043d\u043e \u0441\u0442\u0440\u0435\u043c\u0438\u0442\u0441\u044f \u043a \u0440\u043e\u0441\u0442\u0443 \u0438 \u0443\u043a\u0440\u0435\u043f\u043b\u0435\u043d\u0438\u044e \u0441\u0432\u043e\u0438\u0445 \u043f\u043e\u0437\u0438\u0446\u0438\u0439 \u043d\u0430 \u043c\u0438\u0440\u043e\u0432\u043e\u043c \u0440\u044b\u043d\u043a\u0435. \u0421\u043e 2 \u043f\u043e 5 \u0434\u0435\u043a\u0430\u0431\u0440\u044f 2017 \u0433\u043e\u0434\u0430 \u0431\u0440\u0435\u043d\u0434 \u0431\u044b\u043b \u043f\u0440\u0435\u0434\u0441\u0442\u0430\u0432\u043b\u0435\u043d<\/p>\n","protected":false},"author":2,"featured_media":1178,"comment_status":"open","ping_status":"open","sticky":false,"template":"","format":"standard","meta":{"footnotes":""},"categories":[10],"tags":[25,35,85,87,104,105],"class_list":["post-1156","post","type-post","status-publish","format-standard","has-post-thumbnail","hentry","category-noticias","tag-karibian-descanso","tag-confort","tag-paris","tag-espritmeuble","tag-feria-internacional","tag-ameublement"],"yoast_head":"<!-- This site is optimized with the Yoast SEO plugin v27.0 - https:\/\/yoast.com\/product\/yoast-seo-wordpress\/ -->\n<title>\u0423\u0427\u0410\u0421\u0422\u0418\u0415 \u0412 \u0412\u042b\u0421\u0422\u0410\u0412\u041a\u0415 ESPRITMEUBLE 2017 - Karibian Descanso<\/title>\n<meta name=\"robots\" content=\"index, follow, max-snippet:-1, max-image-preview:large, max-video-preview:-1\" \/>\n<link rel=\"canonical\" href=\"https:\/\/karibiandescanso.com\/participacion-espritmeuble-paris-2017\/\" \/>\n<meta property=\"og:locale\" content=\"ru_RU\" \/>\n<meta property=\"og:type\" content=\"article\" \/>\n<meta property=\"og:title\" content=\"[:es]PARTICIPACION ESPRITMEUBLE 2017[:en]PARTICIPATION IN EPRITMEUBLE 2017[:fr]PARTICIPATION ESPRITMEUBLE 2017[:ru]\u0423\u0427\u0410\u0421\u0422\u0418\u0415 \u0412 \u0412\u042b\u0421\u0422\u0410\u0412\u041a\u0415 ESPRITMEUBLE 2017[:pl]UCZESTNICTWO W ESPRITMEUBLE 2017[:] - Karibian Descanso\" \/>\n<meta property=\"og:description\" content=\"[:es]Karibian Descanso, particip\u00f3 en la Feria Espritmeuble de Par\u00eds 2017 para fomentar su internacionalizaci\u00f3n, contando con el apoyo del Programa Internacioal la C\u00e1mara de Comercio de Espa\u00f1a y de Murcia.[:en]As part of our continuous efforts to grow and open borders, this year KARIBIAN DESCANSO was at ESPRITMEUBLE PARIS 2017, from 2 to 5 December 2017, a meeting point for European trade professionals[:fr]Dans notre effort constant de croissance et ouverture de fronti\u00e8res, nous avons \u00e9t\u00e9 pr\u00e9sentes au salon Espritmeuble Paris 2017, du 02 au 05 D\u00e9cembre 2017. Un lieu de rencontre pour professionnelles du monde du meuble...[:ru]KARIBIAN DESCANSO \u043f\u043e\u0441\u0442\u043e\u044f\u043d\u043d\u043e \u0441\u0442\u0440\u0435\u043c\u0438\u0442\u0441\u044f \u043a \u0440\u043e\u0441\u0442\u0443 \u0438 \u0443\u043a\u0440\u0435\u043f\u043b\u0435\u043d\u0438\u044e \u0441\u0432\u043e\u0438\u0445 \u043f\u043e\u0437\u0438\u0446\u0438\u0439 \u043d\u0430 \u043c\u0438\u0440\u043e\u0432\u043e\u043c \u0440\u044b\u043d\u043a\u0435. \u0421\u043e 2 \u043f\u043e 5 \u0434\u0435\u043a\u0430\u0431\u0440\u044f 2017 \u0433\u043e\u0434\u0430 \u0431\u0440\u0435\u043d\u0434 \u0431\u044b\u043b \u043f\u0440\u0435\u0434\u0441\u0442\u0430\u0432\u043b\u0435\u043d[:pl]Dzi\u0119ki nieustannemu d\u0105\u017ceniu do rozwoju i ci\u0105g\u0142emu rozszerzaniu granic, w dniach od 2 do 5 grudnia 2017 roku z KARIBIAN DESCANSO byli\u015bmy obecni na targach ESPRITMEUBLE PARY\u017b 2017[:]\" \/>\n<meta property=\"og:url\" content=\"https:\/\/karibiandescanso.com\/participacion-espritmeuble-paris-2017\/\" \/>\n<meta property=\"og:site_name\" content=\"Karibian Descanso\" \/>\n<meta property=\"article:published_time\" content=\"2017-12-20T12:22:43+00:00\" \/>\n<meta property=\"article:modified_time\" content=\"2023-05-15T08:52:11+00:00\" \/>\n<meta property=\"og:image\" content=\"https:\/\/karibiandescanso.com\/wp-content\/uploads\/2017\/12\/Espritmeuble-Karibian-Descanso-1.jpg\" \/>\n\t<meta property=\"og:image:width\" content=\"500\" \/>\n\t<meta property=\"og:image:height\" content=\"277\" \/>\n\t<meta property=\"og:image:type\" content=\"image\/jpeg\" \/>\n<meta name=\"author\" content=\"Karibian Descanso\" \/>\n<meta name=\"twitter:card\" content=\"summary_large_image\" \/>\n<meta name=\"twitter:label1\" content=\"\u041d\u0430\u043f\u0438\u0441\u0430\u043d\u043e \u0430\u0432\u0442\u043e\u0440\u043e\u043c\" \/>\n\t<meta name=\"twitter:data1\" content=\"Karibian Descanso\" \/>\n\t<meta name=\"twitter:label2\" content=\"\u041f\u0440\u0438\u043c\u0435\u0440\u043d\u043e\u0435 \u0432\u0440\u0435\u043c\u044f \u0434\u043b\u044f \u0447\u0442\u0435\u043d\u0438\u044f\" \/>\n\t<meta name=\"twitter:data2\" content=\"1 \u043c\u0438\u043d\u0443\u0442\u0430\" \/>\n<script type=\"application\/ld+json\" class=\"yoast-schema-graph\">{\"@context\":\"https:\/\/schema.org\",\"@graph\":[{\"@type\":\"Article\",\"@id\":\"https:\/\/karibiandescanso.com\/participacion-espritmeuble-paris-2017\/#article\",\"isPartOf\":{\"@id\":\"https:\/\/karibiandescanso.com\/participacion-espritmeuble-paris-2017\/\"},\"author\":{\"name\":\"Karibian Descanso\",\"@id\":\"https:\/\/karibiandescanso.com\/#\/schema\/person\/23be63b9b19bd8da8980c8eecdd69d30\"},\"headline\":\"\u0423\u0427\u0410\u0421\u0422\u0418\u0415 \u0412 \u0412\u042b\u0421\u0422\u0410\u0412\u041a\u0415 ESPRITMEUBLE 2017\",\"datePublished\":\"2017-12-20T12:22:43+00:00\",\"dateModified\":\"2023-05-15T08:52:11+00:00\",\"mainEntityOfPage\":{\"@id\":\"https:\/\/karibiandescanso.com\/participacion-espritmeuble-paris-2017\/\"},\"wordCount\":737,\"commentCount\":0,\"image\":{\"@id\":\"https:\/\/karibiandescanso.com\/participacion-espritmeuble-paris-2017\/#primaryimage\"},\"thumbnailUrl\":\"https:\/\/karibiandescanso.com\/wp-content\/uploads\/2017\/12\/Espritmeuble-Karibian-Descanso-1.jpg\",\"keywords\":[\"karibian descanso\",\"confort\",\"Paris\",\"Espritmeuble\",\"Feria Internacional\",\"Ameublement\"],\"articleSection\":[\"noticias\"],\"inLanguage\":\"ru-RU\",\"potentialAction\":[{\"@type\":\"CommentAction\",\"name\":\"Comment\",\"target\":[\"https:\/\/karibiandescanso.com\/participacion-espritmeuble-paris-2017\/#respond\"]}]},{\"@type\":\"WebPage\",\"@id\":\"https:\/\/karibiandescanso.com\/participacion-espritmeuble-paris-2017\/\",\"url\":\"https:\/\/karibiandescanso.com\/participacion-espritmeuble-paris-2017\/\",\"name\":\"[:es]PARTICIPACION ESPRITMEUBLE 2017[:en]PARTICIPATION IN EPRITMEUBLE 2017[:fr]PARTICIPATION ESPRITMEUBLE 2017[:ru]\u0423\u0427\u0410\u0421\u0422\u0418\u0415 \u0412 \u0412\u042b\u0421\u0422\u0410\u0412\u041a\u0415 ESPRITMEUBLE 2017[:pl]UCZESTNICTWO W ESPRITMEUBLE 2017[:] - Karibian Descanso\",\"isPartOf\":{\"@id\":\"https:\/\/karibiandescanso.com\/#website\"},\"primaryImageOfPage\":{\"@id\":\"https:\/\/karibiandescanso.com\/participacion-espritmeuble-paris-2017\/#primaryimage\"},\"image\":{\"@id\":\"https:\/\/karibiandescanso.com\/participacion-espritmeuble-paris-2017\/#primaryimage\"},\"thumbnailUrl\":\"https:\/\/karibiandescanso.com\/wp-content\/uploads\/2017\/12\/Espritmeuble-Karibian-Descanso-1.jpg\",\"datePublished\":\"2017-12-20T12:22:43+00:00\",\"dateModified\":\"2023-05-15T08:52:11+00:00\",\"author\":{\"@id\":\"https:\/\/karibiandescanso.com\/#\/schema\/person\/23be63b9b19bd8da8980c8eecdd69d30\"},\"breadcrumb\":{\"@id\":\"https:\/\/karibiandescanso.com\/participacion-espritmeuble-paris-2017\/#breadcrumb\"},\"inLanguage\":\"ru-RU\",\"potentialAction\":[{\"@type\":\"ReadAction\",\"target\":[\"https:\/\/karibiandescanso.com\/participacion-espritmeuble-paris-2017\/\"]}]},{\"@type\":\"ImageObject\",\"inLanguage\":\"ru-RU\",\"@id\":\"https:\/\/karibiandescanso.com\/participacion-espritmeuble-paris-2017\/#primaryimage\",\"url\":\"https:\/\/karibiandescanso.com\/wp-content\/uploads\/2017\/12\/Espritmeuble-Karibian-Descanso-1.jpg\",\"contentUrl\":\"https:\/\/karibiandescanso.com\/wp-content\/uploads\/2017\/12\/Espritmeuble-Karibian-Descanso-1.jpg\",\"width\":500,\"height\":277},{\"@type\":\"BreadcrumbList\",\"@id\":\"https:\/\/karibiandescanso.com\/participacion-espritmeuble-paris-2017\/#breadcrumb\",\"itemListElement\":[{\"@type\":\"ListItem\",\"position\":1,\"name\":\"Portada\",\"item\":\"https:\/\/karibiandescanso.com\/\"},{\"@type\":\"ListItem\",\"position\":2,\"name\":\"PARTICIPACION ESPRITMEUBLE 2017\"}]},{\"@type\":\"WebSite\",\"@id\":\"https:\/\/karibiandescanso.com\/#website\",\"url\":\"https:\/\/karibiandescanso.com\/\",\"name\":\"Karibian Descanso\",\"description\":\"\u0433\u0434\u0435 \u043e\u0442\u0434\u044b\u0445\",\"potentialAction\":[{\"@type\":\"SearchAction\",\"target\":{\"@type\":\"EntryPoint\",\"urlTemplate\":\"https:\/\/karibiandescanso.com\/?s={search_term_string}\"},\"query-input\":{\"@type\":\"PropertyValueSpecification\",\"valueRequired\":true,\"valueName\":\"search_term_string\"}}],\"inLanguage\":\"ru-RU\"},{\"@type\":\"Person\",\"@id\":\"https:\/\/karibiandescanso.com\/#\/schema\/person\/23be63b9b19bd8da8980c8eecdd69d30\",\"name\":\"Karibian Descanso\",\"image\":{\"@type\":\"ImageObject\",\"inLanguage\":\"ru-RU\",\"@id\":\"https:\/\/karibiandescanso.com\/#\/schema\/person\/image\/\",\"url\":\"https:\/\/secure.gravatar.com\/avatar\/2f55039d31e0c8cf55d2c2b6e3bb49113343c35fd46d6d11806620d3c9641ba7?s=96&d=mm&r=g\",\"contentUrl\":\"https:\/\/secure.gravatar.com\/avatar\/2f55039d31e0c8cf55d2c2b6e3bb49113343c35fd46d6d11806620d3c9641ba7?s=96&d=mm&r=g\",\"caption\":\"Karibian Descanso\"},\"url\":\"https:\/\/karibiandescanso.com\/ru\/author\/karibian-descanso\/\"}]}<\/script>\n<!-- \/ Yoast SEO plugin. -->","yoast_head_json":{"title":"[:es]PARTICIPACION ESPRITMEUBLE 2017[:en]PARTICIPATION IN EPRITMEUBLE 2017[:fr]PARTICIPATION ESPRITMEUBLE 2017[:ru]\u0423\u0427\u0410\u0421\u0422\u0418\u0415 \u0412 \u0412\u042b\u0421\u0422\u0410\u0412\u041a\u0415 ESPRITMEUBLE 2017[:pl]UCZESTNICTWO W ESPRITMEUBLE 2017[:] - Karibian Descanso","robots":{"index":"index","follow":"follow","max-snippet":"max-snippet:-1","max-image-preview":"max-image-preview:large","max-video-preview":"max-video-preview:-1"},"canonical":"https:\/\/karibiandescanso.com\/participacion-espritmeuble-paris-2017\/","og_locale":"ru_RU","og_type":"article","og_title":"[:es]PARTICIPACION ESPRITMEUBLE 2017[:en]PARTICIPATION IN EPRITMEUBLE 2017[:fr]PARTICIPATION ESPRITMEUBLE 2017[:ru]\u0423\u0427\u0410\u0421\u0422\u0418\u0415 \u0412 \u0412\u042b\u0421\u0422\u0410\u0412\u041a\u0415 ESPRITMEUBLE 2017[:pl]UCZESTNICTWO W ESPRITMEUBLE 2017[:] - Karibian Descanso","og_description":"[:es]Karibian Descanso, particip\u00f3 en la Feria Espritmeuble de Par\u00eds 2017 para fomentar su internacionalizaci\u00f3n, contando con el apoyo del Programa Internacioal la C\u00e1mara de Comercio de Espa\u00f1a y de Murcia.[:en]As part of our continuous efforts to grow and open borders, this year KARIBIAN DESCANSO was at ESPRITMEUBLE PARIS 2017, from 2 to 5 December 2017, a meeting point for European trade professionals[:fr]Dans notre effort constant de croissance et ouverture de fronti\u00e8res, nous avons \u00e9t\u00e9 pr\u00e9sentes au salon Espritmeuble Paris 2017, du 02 au 05 D\u00e9cembre 2017. Un lieu de rencontre pour professionnelles du monde du meuble...[:ru]KARIBIAN DESCANSO \u043f\u043e\u0441\u0442\u043e\u044f\u043d\u043d\u043e \u0441\u0442\u0440\u0435\u043c\u0438\u0442\u0441\u044f \u043a \u0440\u043e\u0441\u0442\u0443 \u0438 \u0443\u043a\u0440\u0435\u043f\u043b\u0435\u043d\u0438\u044e \u0441\u0432\u043e\u0438\u0445 \u043f\u043e\u0437\u0438\u0446\u0438\u0439 \u043d\u0430 \u043c\u0438\u0440\u043e\u0432\u043e\u043c \u0440\u044b\u043d\u043a\u0435. \u0421\u043e 2 \u043f\u043e 5 \u0434\u0435\u043a\u0430\u0431\u0440\u044f 2017 \u0433\u043e\u0434\u0430 \u0431\u0440\u0435\u043d\u0434 \u0431\u044b\u043b \u043f\u0440\u0435\u0434\u0441\u0442\u0430\u0432\u043b\u0435\u043d[:pl]Dzi\u0119ki nieustannemu d\u0105\u017ceniu do rozwoju i ci\u0105g\u0142emu rozszerzaniu granic, w dniach od 2 do 5 grudnia 2017 roku z KARIBIAN DESCANSO byli\u015bmy obecni na targach ESPRITMEUBLE PARY\u017b 2017[:]","og_url":"https:\/\/karibiandescanso.com\/participacion-espritmeuble-paris-2017\/","og_site_name":"Karibian Descanso","article_published_time":"2017-12-20T12:22:43+00:00","article_modified_time":"2023-05-15T08:52:11+00:00","og_image":[{"width":500,"height":277,"url":"https:\/\/karibiandescanso.com\/wp-content\/uploads\/2017\/12\/Espritmeuble-Karibian-Descanso-1.jpg","type":"image\/jpeg"}],"author":"Karibian Descanso","twitter_card":"summary_large_image","twitter_misc":{"\u041d\u0430\u043f\u0438\u0441\u0430\u043d\u043e \u0430\u0432\u0442\u043e\u0440\u043e\u043c":"Karibian Descanso","\u041f\u0440\u0438\u043c\u0435\u0440\u043d\u043e\u0435 \u0432\u0440\u0435\u043c\u044f \u0434\u043b\u044f \u0447\u0442\u0435\u043d\u0438\u044f":"1 \u043c\u0438\u043d\u0443\u0442\u0430"},"schema":{"@context":"https:\/\/schema.org","@graph":[{"@type":"Article","@id":"https:\/\/karibiandescanso.com\/participacion-espritmeuble-paris-2017\/#article","isPartOf":{"@id":"https:\/\/karibiandescanso.com\/participacion-espritmeuble-paris-2017\/"},"author":{"name":"Karibian Descanso","@id":"https:\/\/karibiandescanso.com\/#\/schema\/person\/23be63b9b19bd8da8980c8eecdd69d30"},"headline":"\u0423\u0427\u0410\u0421\u0422\u0418\u0415 \u0412 \u0412\u042b\u0421\u0422\u0410\u0412\u041a\u0415 ESPRITMEUBLE 2017","datePublished":"2017-12-20T12:22:43+00:00","dateModified":"2023-05-15T08:52:11+00:00","mainEntityOfPage":{"@id":"https:\/\/karibiandescanso.com\/participacion-espritmeuble-paris-2017\/"},"wordCount":737,"commentCount":0,"image":{"@id":"https:\/\/karibiandescanso.com\/participacion-espritmeuble-paris-2017\/#primaryimage"},"thumbnailUrl":"https:\/\/karibiandescanso.com\/wp-content\/uploads\/2017\/12\/Espritmeuble-Karibian-Descanso-1.jpg","keywords":["karibian descanso","confort","Paris","Espritmeuble","Feria Internacional","Ameublement"],"articleSection":["noticias"],"inLanguage":"ru-RU","potentialAction":[{"@type":"CommentAction","name":"Comment","target":["https:\/\/karibiandescanso.com\/participacion-espritmeuble-paris-2017\/#respond"]}]},{"@type":"WebPage","@id":"https:\/\/karibiandescanso.com\/participacion-espritmeuble-paris-2017\/","url":"https:\/\/karibiandescanso.com\/participacion-espritmeuble-paris-2017\/","name":"[:es]PARTICIPACION ESPRITMEUBLE 2017[:en]PARTICIPATION IN EPRITMEUBLE 2017[:fr]PARTICIPATION ESPRITMEUBLE 2017[:ru]\u0423\u0427\u0410\u0421\u0422\u0418\u0415 \u0412 \u0412\u042b\u0421\u0422\u0410\u0412\u041a\u0415 ESPRITMEUBLE 2017[:pl]UCZESTNICTWO W ESPRITMEUBLE 2017[:] - Karibian Descanso","isPartOf":{"@id":"https:\/\/karibiandescanso.com\/#website"},"primaryImageOfPage":{"@id":"https:\/\/karibiandescanso.com\/participacion-espritmeuble-paris-2017\/#primaryimage"},"image":{"@id":"https:\/\/karibiandescanso.com\/participacion-espritmeuble-paris-2017\/#primaryimage"},"thumbnailUrl":"https:\/\/karibiandescanso.com\/wp-content\/uploads\/2017\/12\/Espritmeuble-Karibian-Descanso-1.jpg","datePublished":"2017-12-20T12:22:43+00:00","dateModified":"2023-05-15T08:52:11+00:00","author":{"@id":"https:\/\/karibiandescanso.com\/#\/schema\/person\/23be63b9b19bd8da8980c8eecdd69d30"},"breadcrumb":{"@id":"https:\/\/karibiandescanso.com\/participacion-espritmeuble-paris-2017\/#breadcrumb"},"inLanguage":"ru-RU","potentialAction":[{"@type":"ReadAction","target":["https:\/\/karibiandescanso.com\/participacion-espritmeuble-paris-2017\/"]}]},{"@type":"ImageObject","inLanguage":"ru-RU","@id":"https:\/\/karibiandescanso.com\/participacion-espritmeuble-paris-2017\/#primaryimage","url":"https:\/\/karibiandescanso.com\/wp-content\/uploads\/2017\/12\/Espritmeuble-Karibian-Descanso-1.jpg","contentUrl":"https:\/\/karibiandescanso.com\/wp-content\/uploads\/2017\/12\/Espritmeuble-Karibian-Descanso-1.jpg","width":500,"height":277},{"@type":"BreadcrumbList","@id":"https:\/\/karibiandescanso.com\/participacion-espritmeuble-paris-2017\/#breadcrumb","itemListElement":[{"@type":"ListItem","position":1,"name":"Portada","item":"https:\/\/karibiandescanso.com\/"},{"@type":"ListItem","position":2,"name":"PARTICIPACION ESPRITMEUBLE 2017"}]},{"@type":"WebSite","@id":"https:\/\/karibiandescanso.com\/#website","url":"https:\/\/karibiandescanso.com\/","name":"Karibian Descanso","description":"\u0433\u0434\u0435 \u043e\u0442\u0434\u044b\u0445","potentialAction":[{"@type":"SearchAction","target":{"@type":"EntryPoint","urlTemplate":"https:\/\/karibiandescanso.com\/?s={search_term_string}"},"query-input":{"@type":"PropertyValueSpecification","valueRequired":true,"valueName":"search_term_string"}}],"inLanguage":"ru-RU"},{"@type":"Person","@id":"https:\/\/karibiandescanso.com\/#\/schema\/person\/23be63b9b19bd8da8980c8eecdd69d30","name":"Karibian Descanso","image":{"@type":"ImageObject","inLanguage":"ru-RU","@id":"https:\/\/karibiandescanso.com\/#\/schema\/person\/image\/","url":"https:\/\/secure.gravatar.com\/avatar\/2f55039d31e0c8cf55d2c2b6e3bb49113343c35fd46d6d11806620d3c9641ba7?s=96&d=mm&r=g","contentUrl":"https:\/\/secure.gravatar.com\/avatar\/2f55039d31e0c8cf55d2c2b6e3bb49113343c35fd46d6d11806620d3c9641ba7?s=96&d=mm&r=g","caption":"Karibian Descanso"},"url":"https:\/\/karibiandescanso.com\/ru\/author\/karibian-descanso\/"}]}},"_links":{"self":[{"href":"https:\/\/karibiandescanso.com\/ru\/wp-json\/wp\/v2\/posts\/1156","targetHints":{"allow":["GET"]}}],"collection":[{"href":"https:\/\/karibiandescanso.com\/ru\/wp-json\/wp\/v2\/posts"}],"about":[{"href":"https:\/\/karibiandescanso.com\/ru\/wp-json\/wp\/v2\/types\/post"}],"author":[{"embeddable":true,"href":"https:\/\/karibiandescanso.com\/ru\/wp-json\/wp\/v2\/users\/2"}],"replies":[{"embeddable":true,"href":"https:\/\/karibiandescanso.com\/ru\/wp-json\/wp\/v2\/comments?post=1156"}],"version-history":[{"count":0,"href":"https:\/\/karibiandescanso.com\/ru\/wp-json\/wp\/v2\/posts\/1156\/revisions"}],"wp:featuredmedia":[{"embeddable":true,"href":"https:\/\/karibiandescanso.com\/ru\/wp-json\/wp\/v2\/media\/1178"}],"wp:attachment":[{"href":"https:\/\/karibiandescanso.com\/ru\/wp-json\/wp\/v2\/media?parent=1156"}],"wp:term":[{"taxonomy":"category","embeddable":true,"href":"https:\/\/karibiandescanso.com\/ru\/wp-json\/wp\/v2\/categories?post=1156"},{"taxonomy":"post_tag","embeddable":true,"href":"https:\/\/karibiandescanso.com\/ru\/wp-json\/wp\/v2\/tags?post=1156"}],"curies":[{"name":"wp","href":"https:\/\/api.w.org\/{rel}","templated":true}]}}