{"id":13908,"date":"2023-09-26T10:02:27","date_gmt":"2023-09-26T08:02:27","guid":{"rendered":"https:\/\/www.karibiandescanso.com\/?p=13908"},"modified":"2024-07-19T08:19:57","modified_gmt":"2024-07-19T06:19:57","slug":"57-feria-habitat-valencia","status":"publish","type":"post","link":"https:\/\/karibiandescanso.com\/ru\/57-feria-habitat-valencia\/","title":{"rendered":"57 H\u00c1BITAT VALENCIA FAIR"},"content":{"rendered":"<p>[vc_row css_animation=&#8221;&#8221; row_type=&#8221;row&#8221; use_row_as_full_screen_section=&#8221;no&#8221; type=&#8221;full_width&#8221; angled_section=&#8221;no&#8221; text_align=&#8221;left&#8221; background_image_as_pattern=&#8221;without_pattern&#8221;][vc_column][vc_column_text]<\/p>\n<p style=\"text-align: justify;\">\u041d\u0430 \u043f\u0440\u043e\u0448\u043b\u043e\u0439 \u043d\u0435\u0434\u0435\u043b\u0435 \u0432 \u0412\u0430\u043b\u0435\u043d\u0441\u0438\u0438 \u043f\u0440\u043e\u0448\u043b\u0430 \u0432\u044b\u0441\u0442\u0430\u0432\u043a\u0430 Habitat 2023, \u0433\u043b\u0430\u0432\u043d\u0430\u044f \u043c\u0435\u0436\u0434\u0443\u043d\u0430\u0440\u043e\u0434\u043d\u0430\u044f \u0432\u0438\u0442\u0440\u0438\u043d\u0430 \u0438\u0441\u043f\u0430\u043d\u0441\u043a\u043e\u0439 \u0438\u043d\u0434\u0443\u0441\u0442\u0440\u0438\u0438 \u0436\u0438\u043b\u044c\u044f.<\/p>\n<p style=\"text-align: justify;\">\u0421 19 \u043f\u043e 22 \u0441\u0435\u043d\u0442\u044f\u0431\u0440\u044f \u043a\u043e\u043c\u043f\u0430\u043d\u0438\u044f Karibian \u043f\u0440\u0435\u0434\u0441\u0442\u0430\u0432\u0438\u043b\u0430 \u043d\u0430 \u0431\u043e\u043b\u044c\u0448\u043e\u043c \u0441\u0442\u0435\u043d\u0434\u0435, \u043d\u0430 \u043a\u043e\u0442\u043e\u0440\u043e\u043c \u043f\u0440\u0435\u043e\u0431\u043b\u0430\u0434\u0430\u043b\u0438 \u0434\u0438\u0437\u0430\u0439\u043d \u0438 \u043a\u0440\u0435\u0430\u0442\u0438\u0432\u043d\u043e\u0441\u0442\u044c, \u0441\u0432\u043e\u0438 \u043f\u043e\u0441\u043b\u0435\u0434\u043d\u0438\u0435 \u0438\u043d\u043d\u043e\u0432\u0430\u0446\u0438\u0438 \u0432 \u0441\u0444\u0435\u0440\u0435 \u043e\u0442\u0434\u044b\u0445\u0430. \u041f\u043e\u0441\u043b\u0435 \u043d\u0435\u0441\u043a\u043e\u043b\u044c\u043a\u0438\u0445 \u043d\u0430\u0441\u044b\u0449\u0435\u043d\u043d\u044b\u0445 \u0434\u043d\u0435\u0439 \u0432\u0438\u0437\u0438\u0442\u043e\u0432 \u0438 \u0432\u0441\u0442\u0440\u0435\u0447 \u0432 \u0412\u0430\u043b\u0435\u043d\u0441\u0438\u0438, Karibian, \u043e\u0436\u0438\u0434\u0430\u0435\u043c\u044b\u0435 \u043f\u0440\u043e\u0433\u043d\u043e\u0437\u044b \u043e\u043f\u0440\u0430\u0432\u0434\u0430\u043b\u0438\u0441\u044c \u0437\u0430\u043c\u0435\u0447\u0430\u0442\u0435\u043b\u044c\u043d\u044b\u043c \u043e\u0431\u0440\u0430\u0437\u043e\u043c. \u041c\u044b \u0437\u0430\u0432\u0435\u0440\u0448\u0430\u0435\u043c \u044d\u0442\u043e\u0442 \u0440\u0430\u0437\u0433\u043e\u0432\u043e\u0440 \u0441 \u043e\u0447\u0435\u043d\u044c \u0445\u043e\u0440\u043e\u0448\u0438\u043c\u0438 \u043e\u0449\u0443\u0449\u0435\u043d\u0438\u044f\u043c\u0438.<\/p>\n<p>[\/vc_column_text][vc_empty_space][vc_single_image image=&#8221;14837&#8243; img_size=&#8221;full&#8221; alignment=&#8221;center&#8221; qode_css_animation=&#8221;&#8221; css=&#8221;.vc_custom_1719295865867{margin-bottom: 80px !important;}&#8221;][vc_column_text]<\/p>\n<p style=\"text-align: justify;\">\u0412 \u044d\u0442\u0438 \u0434\u043d\u0438 \u0412\u0430\u043b\u0435\u043d\u0441\u0438\u044f \u0441\u0442\u0430\u043b\u0430 \u0446\u0435\u043d\u0442\u0440\u043e\u043c \u0442\u0432\u043e\u0440\u0447\u0435\u0441\u0442\u0432\u0430, \u0442\u0435\u043d\u0434\u0435\u043d\u0446\u0438\u0439 \u0438 \u0441\u0442\u0438\u043b\u044f, \u0433\u0434\u0435 \u043f\u0440\u043e\u0448\u043b\u043e \u043e\u0434\u043d\u043e \u0438\u0437 \u0441\u0430\u043c\u044b\u0445 \u0432\u0430\u0436\u043d\u044b\u0445 \u0441\u043e\u0431\u044b\u0442\u0438\u0439 \u0432 \u0438\u043d\u0434\u0443\u0441\u0442\u0440\u0438\u0438. \u0411\u0435\u0437 \u0441\u043e\u043c\u043d\u0435\u043d\u0438\u044f, \u044d\u0442\u043e \u0438\u0437\u0434\u0430\u043d\u0438\u0435 H\u00e1bitat \u0431\u044b\u043b\u043e \u043e\u0434\u043d\u0438\u043c \u0438\u0437 \u0441\u0430\u043c\u044b\u0445 \u0434\u043e\u043b\u0433\u043e\u0436\u0434\u0430\u043d\u043d\u044b\u0445.<\/p>\n<p style=\"text-align: justify;\">\u041e\u0442 \u043a\u043e\u043c\u043f\u0430\u043d\u0438\u0438 Karibian \u043c\u044b \u043f\u0440\u0438\u0441\u0443\u0442\u0441\u0442\u0432\u043e\u0432\u0430\u043b\u0438 \u043d\u0430 \u044d\u0442\u043e\u043c \u043c\u0435\u0440\u043e\u043f\u0440\u0438\u044f\u0442\u0438\u0438, \u0433\u0434\u0435 \u043f\u0440\u0435\u0434\u0441\u0442\u0430\u0432\u0438\u043b\u0438 \u043d\u043e\u0432\u044b\u0435 \u0441\u043e\u0432\u0440\u0435\u043c\u0435\u043d\u043d\u044b\u0435 \u0438 \u0438\u043d\u043d\u043e\u0432\u0430\u0446\u0438\u043e\u043d\u043d\u044b\u0435 \u043f\u0440\u0435\u0434\u043b\u043e\u0436\u0435\u043d\u0438\u044f, \u043d\u0435 \u0442\u0435\u0440\u044f\u044f \u043f\u0440\u0438 \u044d\u0442\u043e\u043c \u0441\u0432\u043e\u0435\u0439 \u0441\u0443\u0442\u0438 &#8211; \u0441\u043e\u0437\u0434\u0430\u0432\u0430\u0442\u044c \u043d\u0435\u0432\u0435\u0440\u043e\u044f\u0442\u043d\u043e \u043a\u043e\u043c\u0444\u043e\u0440\u0442\u043d\u044b\u0435 \u043c\u043e\u0434\u0435\u043b\u0438.<\/p>\n<p>[\/vc_column_text][\/vc_column][\/vc_row][vc_row css_animation=&#8221;&#8221; row_type=&#8221;row&#8221; use_row_as_full_screen_section=&#8221;no&#8221; type=&#8221;full_width&#8221; angled_section=&#8221;no&#8221; text_align=&#8221;left&#8221; background_image_as_pattern=&#8221;without_pattern&#8221;][vc_column][vc_empty_space][\/vc_column][\/vc_row][vc_row css_animation=&#8221;&#8221; row_type=&#8221;row&#8221; use_row_as_full_screen_section=&#8221;no&#8221; type=&#8221;full_width&#8221; angled_section=&#8221;no&#8221; text_align=&#8221;left&#8221; background_image_as_pattern=&#8221;without_pattern&#8221; css=&#8221;.vc_custom_1609225272285{padding-right: 75px !important;padding-left: 75px !important;}&#8221; z_index=&#8221;&#8221;][vc_column width=&#8221;1\/2&#8243;][vc_single_image image=&#8221;14838&#8243; img_size=&#8221;full&#8221; alignment=&#8221;center&#8221; qode_css_animation=&#8221;&#8221; css=&#8221;.vc_custom_1719295946546{padding-left: 0px !important;}&#8221;][vc_empty_space height=&#8221;30px&#8221;][\/vc_column][vc_column width=&#8221;1\/2&#8243;][vc_empty_space height=&#8221;295px&#8221;][vc_separator css_animation=&#8221;top-to-bottom&#8221; type=&#8221;normal&#8221;][vc_empty_space height=&#8221;30px&#8221;][vc_column_text css=&#8221;.vc_custom_1719298524556{padding-right: 0px !important;padding-left: 0px !important;}&#8221;]<\/p>\n<h3 style=\"text-align: center;\">\u042d\u0442\u043e \u043d\u043e\u0432\u043e\u0435 \u0438\u0437\u0434\u0430\u043d\u0438\u0435 \u0441\u0442\u0430\u043b\u043e \u0438\u0434\u0435\u0430\u043b\u044c\u043d\u044b\u043c \u0441\u0446\u0435\u043d\u0430\u0440\u0438\u0435\u043c \u0434\u043b\u044f \u043f\u0440\u0435\u0434\u0441\u0442\u0430\u0432\u043b\u0435\u043d\u0438\u044f \u043d\u043e\u0432\u044b\u0445 \u043a\u043e\u043b\u043b\u0435\u043a\u0446\u0438\u0439 \u043e\u0442\u0434\u044b\u0445\u0430, \u0432\u0441\u0435 \u043e\u043d\u0438 \u0438\u0437\u0433\u043e\u0442\u043e\u0432\u043b\u0435\u043d\u044b \u0432 \u0441\u043e\u043e\u0442\u0432\u0435\u0442\u0441\u0442\u0432\u0438\u0438 \u0441 \u043a\u0430\u0447\u0435\u0441\u0442\u0432\u043e\u043c \u0438 \u0434\u0438\u0437\u0430\u0439\u043d\u043e\u043c, \u043a\u043e\u0442\u043e\u0440\u044b\u0435 \u043f\u0440\u0435\u0434\u0441\u0442\u0430\u0432\u043b\u044f\u044e\u0442 \u043d\u0430\u0441.<\/h3>\n<p>[\/vc_column_text][vc_empty_space height=&#8221;30px&#8221;][vc_separator css_animation=&#8221;top-to-bottom&#8221; type=&#8221;normal&#8221;][vc_empty_space height=&#8221;30px&#8221;][\/vc_column][\/vc_row][vc_row css_animation=&#8221;&#8221; row_type=&#8221;row&#8221; use_row_as_full_screen_section=&#8221;no&#8221; type=&#8221;full_width&#8221; angled_section=&#8221;no&#8221; text_align=&#8221;left&#8221; background_image_as_pattern=&#8221;without_pattern&#8221; css=&#8221;.vc_custom_1609225272285{padding-right: 75px !important;padding-left: 75px !important;}&#8221; z_index=&#8221;&#8221;][vc_column width=&#8221;1\/2&#8243;][vc_empty_space height=&#8221;275px&#8221;][vc_separator css_animation=&#8221;top-to-bottom&#8221; type=&#8221;normal&#8221;][vc_empty_space height=&#8221;40px&#8221;][vc_column_text css=&#8221;.vc_custom_1719298542162{padding-right: 0px !important;padding-left: 0px !important;}&#8221;]<\/p>\n<h3 style=\"text-align: center;\">\u0412 \u043a\u0430\u0436\u0434\u043e\u0439 \u0438\u0437 \u043f\u0440\u0435\u0434\u0441\u0442\u0430\u0432\u043b\u0435\u043d\u043d\u044b\u0445 \u043c\u043e\u0434\u0435\u043b\u0435\u0439 \u043a\u043e\u043c\u0444\u043e\u0440\u0442\u0430 \u043e\u0441\u043d\u043e\u0432\u043d\u043e\u0435 \u0432\u043d\u0438\u043c\u0430\u043d\u0438\u0435 \u0432\u0441\u0435\u0433\u0434\u0430 \u0443\u0434\u0435\u043b\u044f\u0435\u0442\u0441\u044f \u0434\u0438\u0437\u0430\u0439\u043d\u0443 \u0438 \u043a\u0430\u0447\u0435\u0441\u0442\u0432\u0443, \u0430 \u0442\u0430\u043a\u0436\u0435 \u0431\u043b\u0430\u0433\u043e\u043f\u043e\u043b\u0443\u0447\u0438\u044e \u043b\u044e\u0434\u0435\u0439.<\/h3>\n<p>[\/vc_column_text][vc_empty_space height=&#8221;30px&#8221;][vc_separator css_animation=&#8221;top-to-bottom&#8221; type=&#8221;normal&#8221;][\/vc_column][vc_column width=&#8221;1\/2&#8243;][vc_single_image image=&#8221;14839&#8243; img_size=&#8221;full&#8221; alignment=&#8221;center&#8221; qode_css_animation=&#8221;&#8221; css=&#8221;.vc_custom_1719295955359{padding-left: 0px !important;}&#8221;][vc_empty_space height=&#8221;30px&#8221;][\/vc_column][\/vc_row][vc_row css_animation=&#8221;&#8221; row_type=&#8221;row&#8221; use_row_as_full_screen_section=&#8221;no&#8221; type=&#8221;full_width&#8221; angled_section=&#8221;no&#8221; text_align=&#8221;left&#8221; background_image_as_pattern=&#8221;without_pattern&#8221;][vc_column][vc_empty_space height=&#8221;40px&#8221;][vc_column_text]<\/p>\n<p style=\"text-align: justify;\">\u041c\u044b \u0445\u043e\u0442\u0435\u043b\u0438 \u0431\u044b \u0432\u043e\u0441\u043f\u043e\u043b\u044c\u0437\u043e\u0432\u0430\u0442\u044c\u0441\u044f \u044d\u0442\u043e\u0439 \u0432\u043e\u0437\u043c\u043e\u0436\u043d\u043e\u0441\u0442\u044c\u044e, \u0447\u0442\u043e\u0431\u044b \u043f\u043e\u0431\u043b\u0430\u0433\u043e\u0434\u0430\u0440\u0438\u0442\u044c \u043a\u0430\u0436\u0434\u043e\u0433\u043e \u0438\u0437 \u043f\u0440\u043e\u0444\u0435\u0441\u0441\u0438\u043e\u043d\u0430\u043b\u043e\u0432, \u043a\u043b\u0438\u0435\u043d\u0442\u043e\u0432, \u0434\u0440\u0443\u0437\u0435\u0439 \u0438 \u0448\u0438\u0440\u043e\u043a\u0443\u044e \u043f\u0443\u0431\u043b\u0438\u043a\u0443 \u0437\u0430 \u0442\u043e, \u0447\u0442\u043e \u043e\u043d\u0438 \u043f\u043e\u0441\u0435\u0442\u0438\u043b\u0438 \u043d\u0430\u0441 \u0432 \u044d\u0442\u0438 \u0434\u043d\u0438. \u0411\u043e\u043b\u0435\u0435 45 000 \u043f\u0440\u043e\u0444\u0435\u0441\u0441\u0438\u043e\u043d\u0430\u043b\u044c\u043d\u044b\u0445 \u043f\u043e\u0441\u0435\u0442\u0438\u0442\u0435\u043b\u0435\u0439 \u043f\u043e\u0441\u0435\u0442\u0438\u043b\u0438 \u0432\u044b\u0441\u0442\u0430\u0432\u043a\u0443.<\/p>\n<p>\u0423\u0432\u0438\u0434\u0438\u043c\u0441\u044f \u0432 \u0441\u043b\u0435\u0434\u0443\u044e\u0449\u0438\u0439 \u0440\u0430\u0437![\/vc_column_text][\/vc_column][\/vc_row][vc_row css_animation=&#8221;&#8221; row_type=&#8221;row&#8221; use_row_as_full_screen_section=&#8221;no&#8221; type=&#8221;full_width&#8221; angled_section=&#8221;no&#8221; text_align=&#8221;left&#8221; background_image_as_pattern=&#8221;without_pattern&#8221;][vc_column][vc_empty_space height=&#8221;20px&#8221;]<a  itemprop=\"url\" href=\"https:\/\/www.youtube.com\/watch?v=1E4-4pkt2QI\" target=\"_self\"  class=\"qbutton  default\" style=\"\">Ver V\u00eddeo Resumen<\/a>[\/vc_column][\/vc_row]<\/p>","protected":false},"excerpt":{"rendered":"<p>\u041a\u043e\u043c\u043f\u0430\u043d\u0438\u044f Karibian Descanso \u043f\u0440\u0438\u043d\u044f\u043b\u0430 \u0443\u0447\u0430\u0441\u0442\u0438\u0435 \u0432 \u043f\u043e\u0441\u043b\u0435\u0434\u043d\u0435\u0439 \u0432\u044b\u0441\u0442\u0430\u0432\u043a\u0435 Valencia Home Show, \u043f\u0440\u043e\u0445\u043e\u0434\u0438\u0432\u0448\u0435\u0439 \u0441 19 \u043f\u043e 22 \u0441\u0435\u043d\u0442\u044f\u0431\u0440\u044f 2023 \u0433\u043e\u0434\u0430. \u041d\u0435\u0441\u043a\u043e\u043b\u044c\u043a\u043e \u0434\u043d\u0435\u0439 \u0438\u043d\u0442\u0435\u043d\u0441\u0438\u0432\u043d\u043e\u0439 \u0434\u0435\u044f\u0442\u0435\u043b\u044c\u043d\u043e\u0441\u0442\u0438 \u043d\u0430 \u0441\u0442\u0435\u043d\u0434\u0435 \u043a\u043e\u043c\u043f\u0430\u043d\u0438\u0438&#8230;<\/p>\n","protected":false},"author":2,"featured_media":14840,"comment_status":"open","ping_status":"open","sticky":false,"template":"","format":"standard","meta":{"footnotes":""},"categories":[10,164],"tags":[100,161,167,168,242,246,247,25,80,91,97],"class_list":["post-13908","post","type-post","status-publish","format-standard","has-post-thumbnail","hentry","category-noticias","category-ferias","tag-furniture","tag-mueble-de-espana","tag-spain-furniture","tag-spain-interiors","tag-feria-mueble","tag-habitat","tag-valencia","tag-karibian-descanso","tag-colchon","tag-mattress","tag-europe"],"yoast_head":"<!-- This site is optimized with the Yoast SEO plugin v27.0 - https:\/\/yoast.com\/product\/yoast-seo-wordpress\/ -->\n<title>57 H\u00c1BITAT VALENCIA FAIR - Karibian Descanso<\/title>\n<meta name=\"robots\" content=\"index, follow, max-snippet:-1, max-image-preview:large, max-video-preview:-1\" \/>\n<link rel=\"canonical\" href=\"https:\/\/karibiandescanso.com\/57-feria-habitat-valencia\/\" \/>\n<meta property=\"og:locale\" content=\"ru_RU\" \/>\n<meta property=\"og:type\" content=\"article\" \/>\n<meta property=\"og:title\" content=\"[:es]57 FERIA HABITAT VALENCIA[:en]57 H\u00c1BITAT VALENCIA FAIR[:fr]57 H\u00c1BITAT VALENCIA FAIR[:ru]57 H\u00c1BITAT VALENCIA FAIR[:pl]57 H\u00c1BITAT VALENCIA FAIR[:] - Karibian Descanso\" \/>\n<meta property=\"og:description\" content=\"[:es]Karibian Descanso ha participado en la \u00faltima edici\u00f3n de la Feria Habitat de Valencia, que ha tenido lugar del 19 al 22 de septiembre de 2023. Unos d\u00edas intensos de actividades en el Stand de la firma[:en]Karibian Descanso participated in the latest edition of the Habitat Fair in Valencia, which took place from 19 to 22 September 2023. A few intense days of activities at the stand of the firm.[:fr]Karibian Descanso a particip\u00e9 \u00e0 la derni\u00e8re \u00e9dition du Salon de l&#039;Habitat de Valence, qui s&#039;est d\u00e9roul\u00e9e du 19 au 22 septembre 2023. Quelques jours intenses d&#039;activit\u00e9s sur le stand de l&#039;entreprise...[:ru]\u041a\u043e\u043c\u043f\u0430\u043d\u0438\u044f Karibian Descanso \u043f\u0440\u0438\u043d\u044f\u043b\u0430 \u0443\u0447\u0430\u0441\u0442\u0438\u0435 \u0432 \u043f\u043e\u0441\u043b\u0435\u0434\u043d\u0435\u0439 \u0432\u044b\u0441\u0442\u0430\u0432\u043a\u0435 Valencia Home Show, \u043f\u0440\u043e\u0445\u043e\u0434\u0438\u0432\u0448\u0435\u0439 \u0441 19 \u043f\u043e 22 \u0441\u0435\u043d\u0442\u044f\u0431\u0440\u044f 2023 \u0433\u043e\u0434\u0430. \u041d\u0435\u0441\u043a\u043e\u043b\u044c\u043a\u043e \u0434\u043d\u0435\u0439 \u0438\u043d\u0442\u0435\u043d\u0441\u0438\u0432\u043d\u043e\u0439 \u0434\u0435\u044f\u0442\u0435\u043b\u044c\u043d\u043e\u0441\u0442\u0438 \u043d\u0430 \u0441\u0442\u0435\u043d\u0434\u0435 \u043a\u043e\u043c\u043f\u0430\u043d\u0438\u0438...[:pl]Karibian Descanso wzi\u0105\u0142 udzia\u0142 w najnowszej edycji Targ\u00f3w Valencia Habitat, kt\u00f3ra odby\u0142a si\u0119 w dniach 19-22 wrze\u015bnia 2023. Kilka intensywnych dni zaj\u0119\u0107 na stoisku firmy[:]\" \/>\n<meta property=\"og:url\" content=\"https:\/\/karibiandescanso.com\/57-feria-habitat-valencia\/\" \/>\n<meta property=\"og:site_name\" content=\"Karibian Descanso\" \/>\n<meta property=\"article:published_time\" content=\"2023-09-26T08:02:27+00:00\" \/>\n<meta property=\"article:modified_time\" content=\"2024-07-19T06:19:57+00:00\" \/>\n<meta property=\"og:image\" content=\"https:\/\/karibiandescanso.com\/wp-content\/uploads\/2023\/09\/VALENCIA-PORTADA.jpg\" \/>\n\t<meta property=\"og:image:width\" content=\"1920\" \/>\n\t<meta property=\"og:image:height\" content=\"1087\" \/>\n\t<meta property=\"og:image:type\" content=\"image\/jpeg\" \/>\n<meta name=\"author\" content=\"Karibian Descanso\" \/>\n<meta name=\"twitter:card\" content=\"summary_large_image\" \/>\n<meta name=\"twitter:label1\" content=\"\u041d\u0430\u043f\u0438\u0441\u0430\u043d\u043e \u0430\u0432\u0442\u043e\u0440\u043e\u043c\" \/>\n\t<meta name=\"twitter:data1\" content=\"Karibian Descanso\" \/>\n\t<meta name=\"twitter:label2\" content=\"\u041f\u0440\u0438\u043c\u0435\u0440\u043d\u043e\u0435 \u0432\u0440\u0435\u043c\u044f \u0434\u043b\u044f \u0447\u0442\u0435\u043d\u0438\u044f\" \/>\n\t<meta name=\"twitter:data2\" content=\"6 \u043c\u0438\u043d\u0443\u0442\" \/>\n<script type=\"application\/ld+json\" class=\"yoast-schema-graph\">{\"@context\":\"https:\/\/schema.org\",\"@graph\":[{\"@type\":\"Article\",\"@id\":\"https:\/\/karibiandescanso.com\/57-feria-habitat-valencia\/#article\",\"isPartOf\":{\"@id\":\"https:\/\/karibiandescanso.com\/57-feria-habitat-valencia\/\"},\"author\":{\"name\":\"Karibian Descanso\",\"@id\":\"https:\/\/karibiandescanso.com\/#\/schema\/person\/23be63b9b19bd8da8980c8eecdd69d30\"},\"headline\":\"57 H\u00c1BITAT VALENCIA FAIR\",\"datePublished\":\"2023-09-26T08:02:27+00:00\",\"dateModified\":\"2024-07-19T06:19:57+00:00\",\"mainEntityOfPage\":{\"@id\":\"https:\/\/karibiandescanso.com\/57-feria-habitat-valencia\/\"},\"wordCount\":3493,\"commentCount\":0,\"image\":{\"@id\":\"https:\/\/karibiandescanso.com\/57-feria-habitat-valencia\/#primaryimage\"},\"thumbnailUrl\":\"https:\/\/karibiandescanso.com\/wp-content\/uploads\/2023\/09\/VALENCIA-PORTADA.jpg\",\"keywords\":[\"Furniture\",\"Mueble de Espa\u00f1a\",\"Spain Furniture\",\"Spain Interiors\",\"Feria Mueble\",\"Habitat\",\"Valencia\",\"karibian descanso\",\"Colchon\",\"Mattress\",\"Europe\"],\"articleSection\":[\"noticias\",\"Ferias\"],\"inLanguage\":\"ru-RU\",\"potentialAction\":[{\"@type\":\"CommentAction\",\"name\":\"Comment\",\"target\":[\"https:\/\/karibiandescanso.com\/57-feria-habitat-valencia\/#respond\"]}]},{\"@type\":\"WebPage\",\"@id\":\"https:\/\/karibiandescanso.com\/57-feria-habitat-valencia\/\",\"url\":\"https:\/\/karibiandescanso.com\/57-feria-habitat-valencia\/\",\"name\":\"[:es]57 FERIA HABITAT VALENCIA[:en]57 H\u00c1BITAT VALENCIA FAIR[:fr]57 H\u00c1BITAT VALENCIA FAIR[:ru]57 H\u00c1BITAT VALENCIA FAIR[:pl]57 H\u00c1BITAT VALENCIA FAIR[:] - Karibian Descanso\",\"isPartOf\":{\"@id\":\"https:\/\/karibiandescanso.com\/#website\"},\"primaryImageOfPage\":{\"@id\":\"https:\/\/karibiandescanso.com\/57-feria-habitat-valencia\/#primaryimage\"},\"image\":{\"@id\":\"https:\/\/karibiandescanso.com\/57-feria-habitat-valencia\/#primaryimage\"},\"thumbnailUrl\":\"https:\/\/karibiandescanso.com\/wp-content\/uploads\/2023\/09\/VALENCIA-PORTADA.jpg\",\"datePublished\":\"2023-09-26T08:02:27+00:00\",\"dateModified\":\"2024-07-19T06:19:57+00:00\",\"author\":{\"@id\":\"https:\/\/karibiandescanso.com\/#\/schema\/person\/23be63b9b19bd8da8980c8eecdd69d30\"},\"breadcrumb\":{\"@id\":\"https:\/\/karibiandescanso.com\/57-feria-habitat-valencia\/#breadcrumb\"},\"inLanguage\":\"ru-RU\",\"potentialAction\":[{\"@type\":\"ReadAction\",\"target\":[\"https:\/\/karibiandescanso.com\/57-feria-habitat-valencia\/\"]}]},{\"@type\":\"ImageObject\",\"inLanguage\":\"ru-RU\",\"@id\":\"https:\/\/karibiandescanso.com\/57-feria-habitat-valencia\/#primaryimage\",\"url\":\"https:\/\/karibiandescanso.com\/wp-content\/uploads\/2023\/09\/VALENCIA-PORTADA.jpg\",\"contentUrl\":\"https:\/\/karibiandescanso.com\/wp-content\/uploads\/2023\/09\/VALENCIA-PORTADA.jpg\",\"width\":1920,\"height\":1087},{\"@type\":\"BreadcrumbList\",\"@id\":\"https:\/\/karibiandescanso.com\/57-feria-habitat-valencia\/#breadcrumb\",\"itemListElement\":[{\"@type\":\"ListItem\",\"position\":1,\"name\":\"Portada\",\"item\":\"https:\/\/karibiandescanso.com\/\"},{\"@type\":\"ListItem\",\"position\":2,\"name\":\"57 FERIA HABITAT VALENCIA\"}]},{\"@type\":\"WebSite\",\"@id\":\"https:\/\/karibiandescanso.com\/#website\",\"url\":\"https:\/\/karibiandescanso.com\/\",\"name\":\"Karibian Descanso\",\"description\":\"\u0433\u0434\u0435 \u043e\u0442\u0434\u044b\u0445\",\"potentialAction\":[{\"@type\":\"SearchAction\",\"target\":{\"@type\":\"EntryPoint\",\"urlTemplate\":\"https:\/\/karibiandescanso.com\/?s={search_term_string}\"},\"query-input\":{\"@type\":\"PropertyValueSpecification\",\"valueRequired\":true,\"valueName\":\"search_term_string\"}}],\"inLanguage\":\"ru-RU\"},{\"@type\":\"Person\",\"@id\":\"https:\/\/karibiandescanso.com\/#\/schema\/person\/23be63b9b19bd8da8980c8eecdd69d30\",\"name\":\"Karibian Descanso\",\"image\":{\"@type\":\"ImageObject\",\"inLanguage\":\"ru-RU\",\"@id\":\"https:\/\/karibiandescanso.com\/#\/schema\/person\/image\/\",\"url\":\"https:\/\/secure.gravatar.com\/avatar\/2f55039d31e0c8cf55d2c2b6e3bb49113343c35fd46d6d11806620d3c9641ba7?s=96&d=mm&r=g\",\"contentUrl\":\"https:\/\/secure.gravatar.com\/avatar\/2f55039d31e0c8cf55d2c2b6e3bb49113343c35fd46d6d11806620d3c9641ba7?s=96&d=mm&r=g\",\"caption\":\"Karibian Descanso\"},\"url\":\"https:\/\/karibiandescanso.com\/ru\/author\/karibian-descanso\/\"}]}<\/script>\n<!-- \/ Yoast SEO plugin. -->","yoast_head_json":{"title":"[:es]57 FERIA HABITAT VALENCIA[:en]57 H\u00c1BITAT VALENCIA FAIR[:fr]57 H\u00c1BITAT VALENCIA FAIR[:ru]57 H\u00c1BITAT VALENCIA FAIR[:pl]57 H\u00c1BITAT VALENCIA FAIR[:] - Karibian Descanso","robots":{"index":"index","follow":"follow","max-snippet":"max-snippet:-1","max-image-preview":"max-image-preview:large","max-video-preview":"max-video-preview:-1"},"canonical":"https:\/\/karibiandescanso.com\/57-feria-habitat-valencia\/","og_locale":"ru_RU","og_type":"article","og_title":"[:es]57 FERIA HABITAT VALENCIA[:en]57 H\u00c1BITAT VALENCIA FAIR[:fr]57 H\u00c1BITAT VALENCIA FAIR[:ru]57 H\u00c1BITAT VALENCIA FAIR[:pl]57 H\u00c1BITAT VALENCIA FAIR[:] - Karibian Descanso","og_description":"[:es]Karibian Descanso ha participado en la \u00faltima edici\u00f3n de la Feria Habitat de Valencia, que ha tenido lugar del 19 al 22 de septiembre de 2023. Unos d\u00edas intensos de actividades en el Stand de la firma[:en]Karibian Descanso participated in the latest edition of the Habitat Fair in Valencia, which took place from 19 to 22 September 2023. A few intense days of activities at the stand of the firm.[:fr]Karibian Descanso a particip\u00e9 \u00e0 la derni\u00e8re \u00e9dition du Salon de l'Habitat de Valence, qui s'est d\u00e9roul\u00e9e du 19 au 22 septembre 2023. Quelques jours intenses d'activit\u00e9s sur le stand de l'entreprise...[:ru]\u041a\u043e\u043c\u043f\u0430\u043d\u0438\u044f Karibian Descanso \u043f\u0440\u0438\u043d\u044f\u043b\u0430 \u0443\u0447\u0430\u0441\u0442\u0438\u0435 \u0432 \u043f\u043e\u0441\u043b\u0435\u0434\u043d\u0435\u0439 \u0432\u044b\u0441\u0442\u0430\u0432\u043a\u0435 Valencia Home Show, \u043f\u0440\u043e\u0445\u043e\u0434\u0438\u0432\u0448\u0435\u0439 \u0441 19 \u043f\u043e 22 \u0441\u0435\u043d\u0442\u044f\u0431\u0440\u044f 2023 \u0433\u043e\u0434\u0430. \u041d\u0435\u0441\u043a\u043e\u043b\u044c\u043a\u043e \u0434\u043d\u0435\u0439 \u0438\u043d\u0442\u0435\u043d\u0441\u0438\u0432\u043d\u043e\u0439 \u0434\u0435\u044f\u0442\u0435\u043b\u044c\u043d\u043e\u0441\u0442\u0438 \u043d\u0430 \u0441\u0442\u0435\u043d\u0434\u0435 \u043a\u043e\u043c\u043f\u0430\u043d\u0438\u0438...[:pl]Karibian Descanso wzi\u0105\u0142 udzia\u0142 w najnowszej edycji Targ\u00f3w Valencia Habitat, kt\u00f3ra odby\u0142a si\u0119 w dniach 19-22 wrze\u015bnia 2023. Kilka intensywnych dni zaj\u0119\u0107 na stoisku firmy[:]","og_url":"https:\/\/karibiandescanso.com\/57-feria-habitat-valencia\/","og_site_name":"Karibian Descanso","article_published_time":"2023-09-26T08:02:27+00:00","article_modified_time":"2024-07-19T06:19:57+00:00","og_image":[{"width":1920,"height":1087,"url":"https:\/\/karibiandescanso.com\/wp-content\/uploads\/2023\/09\/VALENCIA-PORTADA.jpg","type":"image\/jpeg"}],"author":"Karibian Descanso","twitter_card":"summary_large_image","twitter_misc":{"\u041d\u0430\u043f\u0438\u0441\u0430\u043d\u043e \u0430\u0432\u0442\u043e\u0440\u043e\u043c":"Karibian Descanso","\u041f\u0440\u0438\u043c\u0435\u0440\u043d\u043e\u0435 \u0432\u0440\u0435\u043c\u044f \u0434\u043b\u044f \u0447\u0442\u0435\u043d\u0438\u044f":"6 \u043c\u0438\u043d\u0443\u0442"},"schema":{"@context":"https:\/\/schema.org","@graph":[{"@type":"Article","@id":"https:\/\/karibiandescanso.com\/57-feria-habitat-valencia\/#article","isPartOf":{"@id":"https:\/\/karibiandescanso.com\/57-feria-habitat-valencia\/"},"author":{"name":"Karibian Descanso","@id":"https:\/\/karibiandescanso.com\/#\/schema\/person\/23be63b9b19bd8da8980c8eecdd69d30"},"headline":"57 H\u00c1BITAT VALENCIA FAIR","datePublished":"2023-09-26T08:02:27+00:00","dateModified":"2024-07-19T06:19:57+00:00","mainEntityOfPage":{"@id":"https:\/\/karibiandescanso.com\/57-feria-habitat-valencia\/"},"wordCount":3493,"commentCount":0,"image":{"@id":"https:\/\/karibiandescanso.com\/57-feria-habitat-valencia\/#primaryimage"},"thumbnailUrl":"https:\/\/karibiandescanso.com\/wp-content\/uploads\/2023\/09\/VALENCIA-PORTADA.jpg","keywords":["Furniture","Mueble de Espa\u00f1a","Spain Furniture","Spain Interiors","Feria Mueble","Habitat","Valencia","karibian descanso","Colchon","Mattress","Europe"],"articleSection":["noticias","Ferias"],"inLanguage":"ru-RU","potentialAction":[{"@type":"CommentAction","name":"Comment","target":["https:\/\/karibiandescanso.com\/57-feria-habitat-valencia\/#respond"]}]},{"@type":"WebPage","@id":"https:\/\/karibiandescanso.com\/57-feria-habitat-valencia\/","url":"https:\/\/karibiandescanso.com\/57-feria-habitat-valencia\/","name":"[:es]57 FERIA HABITAT VALENCIA[:en]57 H\u00c1BITAT VALENCIA FAIR[:fr]57 H\u00c1BITAT VALENCIA FAIR[:ru]57 H\u00c1BITAT VALENCIA FAIR[:pl]57 H\u00c1BITAT VALENCIA FAIR[:] - Karibian Descanso","isPartOf":{"@id":"https:\/\/karibiandescanso.com\/#website"},"primaryImageOfPage":{"@id":"https:\/\/karibiandescanso.com\/57-feria-habitat-valencia\/#primaryimage"},"image":{"@id":"https:\/\/karibiandescanso.com\/57-feria-habitat-valencia\/#primaryimage"},"thumbnailUrl":"https:\/\/karibiandescanso.com\/wp-content\/uploads\/2023\/09\/VALENCIA-PORTADA.jpg","datePublished":"2023-09-26T08:02:27+00:00","dateModified":"2024-07-19T06:19:57+00:00","author":{"@id":"https:\/\/karibiandescanso.com\/#\/schema\/person\/23be63b9b19bd8da8980c8eecdd69d30"},"breadcrumb":{"@id":"https:\/\/karibiandescanso.com\/57-feria-habitat-valencia\/#breadcrumb"},"inLanguage":"ru-RU","potentialAction":[{"@type":"ReadAction","target":["https:\/\/karibiandescanso.com\/57-feria-habitat-valencia\/"]}]},{"@type":"ImageObject","inLanguage":"ru-RU","@id":"https:\/\/karibiandescanso.com\/57-feria-habitat-valencia\/#primaryimage","url":"https:\/\/karibiandescanso.com\/wp-content\/uploads\/2023\/09\/VALENCIA-PORTADA.jpg","contentUrl":"https:\/\/karibiandescanso.com\/wp-content\/uploads\/2023\/09\/VALENCIA-PORTADA.jpg","width":1920,"height":1087},{"@type":"BreadcrumbList","@id":"https:\/\/karibiandescanso.com\/57-feria-habitat-valencia\/#breadcrumb","itemListElement":[{"@type":"ListItem","position":1,"name":"Portada","item":"https:\/\/karibiandescanso.com\/"},{"@type":"ListItem","position":2,"name":"57 FERIA HABITAT VALENCIA"}]},{"@type":"WebSite","@id":"https:\/\/karibiandescanso.com\/#website","url":"https:\/\/karibiandescanso.com\/","name":"Karibian Descanso","description":"\u0433\u0434\u0435 \u043e\u0442\u0434\u044b\u0445","potentialAction":[{"@type":"SearchAction","target":{"@type":"EntryPoint","urlTemplate":"https:\/\/karibiandescanso.com\/?s={search_term_string}"},"query-input":{"@type":"PropertyValueSpecification","valueRequired":true,"valueName":"search_term_string"}}],"inLanguage":"ru-RU"},{"@type":"Person","@id":"https:\/\/karibiandescanso.com\/#\/schema\/person\/23be63b9b19bd8da8980c8eecdd69d30","name":"Karibian Descanso","image":{"@type":"ImageObject","inLanguage":"ru-RU","@id":"https:\/\/karibiandescanso.com\/#\/schema\/person\/image\/","url":"https:\/\/secure.gravatar.com\/avatar\/2f55039d31e0c8cf55d2c2b6e3bb49113343c35fd46d6d11806620d3c9641ba7?s=96&d=mm&r=g","contentUrl":"https:\/\/secure.gravatar.com\/avatar\/2f55039d31e0c8cf55d2c2b6e3bb49113343c35fd46d6d11806620d3c9641ba7?s=96&d=mm&r=g","caption":"Karibian Descanso"},"url":"https:\/\/karibiandescanso.com\/ru\/author\/karibian-descanso\/"}]}},"_links":{"self":[{"href":"https:\/\/karibiandescanso.com\/ru\/wp-json\/wp\/v2\/posts\/13908","targetHints":{"allow":["GET"]}}],"collection":[{"href":"https:\/\/karibiandescanso.com\/ru\/wp-json\/wp\/v2\/posts"}],"about":[{"href":"https:\/\/karibiandescanso.com\/ru\/wp-json\/wp\/v2\/types\/post"}],"author":[{"embeddable":true,"href":"https:\/\/karibiandescanso.com\/ru\/wp-json\/wp\/v2\/users\/2"}],"replies":[{"embeddable":true,"href":"https:\/\/karibiandescanso.com\/ru\/wp-json\/wp\/v2\/comments?post=13908"}],"version-history":[{"count":0,"href":"https:\/\/karibiandescanso.com\/ru\/wp-json\/wp\/v2\/posts\/13908\/revisions"}],"wp:featuredmedia":[{"embeddable":true,"href":"https:\/\/karibiandescanso.com\/ru\/wp-json\/wp\/v2\/media\/14840"}],"wp:attachment":[{"href":"https:\/\/karibiandescanso.com\/ru\/wp-json\/wp\/v2\/media?parent=13908"}],"wp:term":[{"taxonomy":"category","embeddable":true,"href":"https:\/\/karibiandescanso.com\/ru\/wp-json\/wp\/v2\/categories?post=13908"},{"taxonomy":"post_tag","embeddable":true,"href":"https:\/\/karibiandescanso.com\/ru\/wp-json\/wp\/v2\/tags?post=13908"}],"curies":[{"name":"wp","href":"https:\/\/api.w.org\/{rel}","templated":true}]}}