{"id":14603,"date":"2024-06-03T17:26:54","date_gmt":"2024-06-03T15:26:54","guid":{"rendered":"https:\/\/www.karibiandescanso.com\/?p=14603"},"modified":"2024-07-19T08:14:46","modified_gmt":"2024-07-19T06:14:46","slug":"62o-fmy2024","status":"publish","type":"post","link":"https:\/\/karibiandescanso.com\/ru\/62o-fmy2024\/","title":{"rendered":"62\u041d\u0414 FMY2024"},"content":{"rendered":"<p>[vc_row css_animation=&#8221;&#8221; row_type=&#8221;row&#8221; use_row_as_full_screen_section=&#8221;no&#8221; type=&#8221;full_width&#8221; angled_section=&#8221;no&#8221; text_align=&#8221;left&#8221; background_image_as_pattern=&#8221;without_pattern&#8221;][vc_column][vc_column_text]<\/p>\n<p style=\"text-align: justify;\">Durante la semana pasada, Karibian particip\u00f3 en la <strong>62\u00ba Edici\u00f3n de la <a href=\"https:\/\/feriayecla.com\">Feria del Mueble de Yecla<\/a><\/strong> 2024 que se celebr\u00f3 del 28 al 31 de mayo. \u041d\u0430 \u043f\u0440\u043e\u0448\u043b\u043e\u0439 \u043d\u0435\u0434\u0435\u043b\u0435 \u043a\u043e\u043c\u043f\u0430\u043d\u0438\u044f Karibian \u043f\u0440\u0438\u043d\u044f\u043b\u0430 \u0443\u0447\u0430\u0441\u0442\u0438\u0435 \u0432 62-\u0439 \u0432\u044b\u0441\u0442\u0430\u0432\u043a\u0435<a href=\"http:\/\/feriayecla.com\/\"><strong> Yecla Furniture Fair<\/strong><\/a> 2024, \u043a\u043e\u0442\u043e\u0440\u0430\u044f \u043f\u0440\u043e\u0445\u043e\u0434\u0438\u043b\u0430 \u0441 28 \u043f\u043e 31 \u043c\u0430\u044f.<\/p>\n<p style=\"text-align: justify;\">\u042d\u0442\u043e \u043c\u0435\u0440\u043e\u043f\u0440\u0438\u044f\u0442\u0438\u0435, \u043e\u0442\u043b\u0438\u0447\u0430\u044e\u0449\u0435\u0435\u0441\u044f \u043c\u043d\u043e\u0433\u043e\u043b\u0435\u0442\u043d\u0435\u0439 \u0438\u0441\u0442\u043e\u0440\u0438\u0435\u0439 \u0438 \u043c\u0435\u0436\u0434\u0443\u043d\u0430\u0440\u043e\u0434\u043d\u044b\u043c \u0445\u0430\u0440\u0430\u043a\u0442\u0435\u0440\u043e\u043c, \u0432\u043d\u043e\u0432\u044c \u0441\u0442\u0430\u043b\u043e \u043c\u0435\u0441\u0442\u043e\u043c \u0432\u0441\u0442\u0440\u0435\u0447\u0438 \u043f\u0440\u043e\u0444\u0435\u0441\u0441\u0438\u043e\u043d\u0430\u043b\u043e\u0432 \u0438\u0437 \u043c\u0435\u0431\u0435\u043b\u044c\u043d\u043e\u0439, \u0434\u0435\u0440\u0435\u0432\u043e\u043e\u0431\u0440\u0430\u0431\u0430\u0442\u044b\u0432\u0430\u044e\u0449\u0435\u0439 \u0438 \u0441\u043c\u0435\u0436\u043d\u044b\u0445 \u043e\u0442\u0440\u0430\u0441\u043b\u0435\u0439. \u041f\u043e \u0441\u0440\u0430\u0432\u043d\u0435\u043d\u0438\u044e \u0441 \u043f\u0440\u0435\u0434\u044b\u0434\u0443\u0449\u0435\u0439 \u0432\u044b\u0441\u0442\u0430\u0432\u043a\u043e\u0439 \u043a\u043e\u043b\u0438\u0447\u0435\u0441\u0442\u0432\u043e \u043f\u043e\u0441\u0435\u0442\u0438\u0442\u0435\u043b\u0435\u0439 \u0443\u0432\u0435\u043b\u0438\u0447\u0438\u043b\u043e\u0441\u044c \u043d\u0430 20 %, \u0430 \u0432 \u0432\u044b\u0441\u0442\u0430\u0432\u043e\u0447\u043d\u043e\u043c \u0446\u0435\u043d\u0442\u0440\u0435 \u0440\u0430\u0437\u0432\u0435\u0440\u043d\u0443\u043b\u0430\u0441\u044c \u043a\u043e\u043c\u043c\u0435\u0440\u0447\u0435\u0441\u043a\u0430\u044f \u0434\u0435\u044f\u0442\u0435\u043b\u044c\u043d\u043e\u0441\u0442\u044c, \u0432 \u043a\u043e\u0442\u043e\u0440\u043e\u0439 \u043f\u0440\u0438\u043d\u044f\u043b\u0438 \u0443\u0447\u0430\u0441\u0442\u0438\u0435 \u043f\u043e\u0447\u0442\u0438 100 \u044d\u043a\u0441\u043f\u043e\u043d\u0435\u043d\u0442\u043e\u0432.<\/p>\n<p>[\/vc_column_text][vc_separator type=&#8221;normal&#8221;][vc_single_image image=&#8221;14615&#8243; img_size=&#8221;full&#8221; alignment=&#8221;center&#8221; qode_css_animation=&#8221;&#8221; css=&#8221;.vc_custom_1717486785918{margin-bottom: 80px !important;}&#8221;][vc_column_text]<strong>\u0412 \u043f\u0440\u043e\u0448\u043b\u0443\u044e \u043f\u044f\u0442\u043d\u0438\u0446\u0443 \u043e\u043d \u0437\u0430\u043a\u0440\u044b\u043b \u043f\u043e\u0441\u043b\u0435\u0434\u043d\u0438\u0439 \u0432\u044b\u043f\u0443\u0441\u043a FM Yecla.<\/strong><\/p>\n<p style=\"text-align: justify;\">\u0412 \u043e\u0447\u0435\u0440\u0435\u0434\u043d\u043e\u0439 \u0440\u0430\u0437 \u043a\u043e\u043c\u043f\u0430\u043d\u0438\u044f Karibian \u043f\u0440\u0438\u043d\u044f\u043b\u0430 \u0443\u0447\u0430\u0441\u0442\u0438\u0435 \u0432 \u044d\u0442\u043e\u043c \u0432\u0430\u0436\u043d\u043e\u043c \u043c\u0435\u0440\u043e\u043f\u0440\u0438\u044f\u0442\u0438\u0438, \u0437\u0430\u0432\u0435\u0440\u0448\u0438\u0432 \u0435\u0433\u043e \u0441 \u0443\u0441\u043f\u0435\u0445\u043e\u043c. \u041f\u043e\u0441\u043b\u0435 \u043d\u0435\u0441\u043a\u043e\u043b\u044c\u043a\u0438\u0445 \u043d\u0430\u0441\u044b\u0449\u0435\u043d\u043d\u044b\u0445 \u0434\u043d\u0435\u0439, \u043f\u0440\u043e\u0432\u0435\u0434\u0435\u043d\u043d\u044b\u0445 \u043d\u0430 \u043c\u0435\u0431\u0435\u043b\u044c\u043d\u043e\u0439 \u044f\u0440\u043c\u0430\u0440\u043a\u0435 Yecla, \u043c\u044b \u0445\u043e\u0442\u0435\u043b\u0438 \u0431\u044b \u043f\u043e\u0431\u043b\u0430\u0433\u043e\u0434\u0430\u0440\u0438\u0442\u044c \u0432\u0441\u0435\u0445 \u043f\u0440\u043e\u0444\u0435\u0441\u0441\u0438\u043e\u043d\u0430\u043b\u043e\u0432, \u043a\u043b\u0438\u0435\u043d\u0442\u043e\u0432, \u0434\u0440\u0443\u0437\u0435\u0439 \u0438 \u0448\u0438\u0440\u043e\u043a\u0443\u044e \u043f\u0443\u0431\u043b\u0438\u043a\u0443, \u043f\u043e\u0441\u0435\u0442\u0438\u0432\u0448\u0438\u0445 \u043d\u0430\u0441 \u0432\u043e \u0432\u0440\u0435\u043c\u044f \u044d\u0442\u043e\u0433\u043e \u043c\u0435\u0440\u043e\u043f\u0440\u0438\u044f\u0442\u0438\u044f, \u0437\u0430 \u0438\u0445 \u043f\u0440\u0438\u0441\u0443\u0442\u0441\u0442\u0432\u0438\u0435.<\/p>\n<p style=\"text-align: justify;\">\u0421\u0442\u0435\u043d\u0434 Karibian \u0431\u044b\u043b \u0438\u0434\u0435\u0430\u043b\u044c\u043d\u044b\u043c \u043c\u0435\u0441\u0442\u043e\u043c \u0434\u043b\u044f \u0434\u0435\u043c\u043e\u043d\u0441\u0442\u0440\u0430\u0446\u0438\u0438 \u043f\u043e\u0441\u043b\u0435\u0434\u043d\u0438\u0445 \u043d\u043e\u0432\u0438\u043d\u043e\u043a \u0431\u0440\u0435\u043d\u0434\u0430, \u043a\u043e\u0442\u043e\u0440\u044b\u0439 \u0432\u0441\u0435\u0433\u0434\u0430 \u0434\u0435\u043b\u0430\u0435\u0442 \u0441\u0442\u0430\u0432\u043a\u0443 \u043d\u0430 \u0434\u0438\u0437\u0430\u0439\u043d \u0438 \u043a\u0430\u0447\u0435\u0441\u0442\u0432\u043e. \u041d\u0438\u0436\u0435 \u043c\u044b \u043f\u0440\u0435\u0434\u0441\u0442\u0430\u0432\u043b\u044f\u0435\u043c \u0432\u0430\u043c \u043d\u0435\u0431\u043e\u043b\u044c\u0448\u043e\u0439 \u043e\u0431\u0440\u0430\u0437\u0435\u0446.<\/p>\n<p>[\/vc_column_text][\/vc_column][\/vc_row][vc_row css_animation=&#8221;&#8221; row_type=&#8221;row&#8221; use_row_as_full_screen_section=&#8221;no&#8221; type=&#8221;full_width&#8221; angled_section=&#8221;no&#8221; text_align=&#8221;left&#8221; background_image_as_pattern=&#8221;without_pattern&#8221; css=&#8221;.vc_custom_1582651890821{margin-top: 40px !important;}&#8221; z_index=&#8221;&#8221;][vc_column width=&#8221;1\/2&#8243; css=&#8221;.vc_custom_1582704876715{margin-top: 40px !important;margin-bottom: 80px !important;}&#8221;][vc_single_image image=&#8221;14617&#8243; img_size=&#8221;full&#8221; qode_css_animation=&#8221;&#8221;][\/vc_column][vc_column width=&#8221;1\/2&#8243;][vc_empty_space height=&#8221;40px&#8221;][vc_single_image image=&#8221;14618&#8243; img_size=&#8221;full&#8221; qode_css_animation=&#8221;&#8221;][\/vc_column][\/vc_row][vc_row css_animation=&#8221;&#8221; row_type=&#8221;row&#8221; use_row_as_full_screen_section=&#8221;no&#8221; type=&#8221;full_width&#8221; angled_section=&#8221;no&#8221; text_align=&#8221;left&#8221; background_image_as_pattern=&#8221;without_pattern&#8221;][vc_column][vc_empty_space][vc_column_text]<\/p>\n<h3 style=\"text-align: center;\">\u041f\u0440\u0438\u0445\u043e\u0434\u0438\u0442\u0435 \u0438 \u0440\u0430\u0437\u0432\u0438\u0432\u0430\u0439\u0442\u0435\u0441\u044c!<\/h3>\n<p>[\/vc_column_text][vc_empty_space][\/vc_column][\/vc_row]<\/p>","protected":false},"excerpt":{"rendered":"<p>\u041a\u043e\u043c\u043f\u0430\u043d\u0438\u044f Karibian Descanso \u043f\u0440\u0438\u043d\u044f\u043b\u0430 \u0443\u0447\u0430\u0441\u0442\u0438\u0435 \u0432 62-\u0439 \u0432\u044b\u0441\u0442\u0430\u0432\u043a\u0435 Yecla Furniture Fair 2024. \u042d\u0442\u0430 \u044f\u0440\u043c\u0430\u0440\u043a\u0430 \u043f\u0440\u043e\u0445\u043e\u0434\u0438\u043b\u0430 \u0441 28 \u043f\u043e 31 \u043c\u0430\u044f \u0438 \u0441\u0442\u0430\u043b\u0430 \u043c\u0435\u0441\u0442\u043e\u043c \u0432\u0441\u0442\u0440\u0435\u0447\u0438 \u043f\u0440\u043e\u0444\u0435\u0441\u0441\u0438\u043e\u043d\u0430\u043b\u043e\u0432 \u0432 \u043e\u0431\u043b\u0430\u0441\u0442\u0438 \u043c\u0435\u0431\u0435\u043b\u0438, \u0434\u0435\u0440\u0435\u0432\u0430 \u0438 \u0441\u043c\u0435\u0436\u043d\u044b\u0445 \u043e\u0442\u0440\u0430\u0441\u043b\u0435\u0439.<\/p>\n","protected":false},"author":2,"featured_media":14606,"comment_status":"open","ping_status":"open","sticky":false,"template":"","format":"standard","meta":{"footnotes":""},"categories":[10,164],"tags":[161,167,227,269,270,271,25,80,91,100],"class_list":["post-14603","post","type-post","status-publish","format-standard","has-post-thumbnail","hentry","category-noticias","category-ferias","tag-mueble-de-espana","tag-spain-furniture","tag-feria-mueble-yecla","tag-fmy2024","tag-ven-y-crece","tag-contract","tag-karibian-descanso","tag-colchon","tag-mattress","tag-furniture"],"yoast_head":"<!-- This site is optimized with the Yoast SEO plugin v27.0 - https:\/\/yoast.com\/product\/yoast-seo-wordpress\/ -->\n<title>62\u041d\u0414 FMY2024 - Karibian Descanso<\/title>\n<meta name=\"robots\" content=\"index, follow, max-snippet:-1, max-image-preview:large, max-video-preview:-1\" \/>\n<link rel=\"canonical\" href=\"https:\/\/karibiandescanso.com\/en\/62o-fmy2024\/\" \/>\n<meta property=\"og:locale\" content=\"ru_RU\" \/>\n<meta property=\"og:type\" content=\"article\" \/>\n<meta property=\"og:title\" content=\"[:es]62\u00ba FMY2024[:en]62ND FMY2024[:fr]62\u00ba FMY2024[:ru]62\u041d\u0414 FMY2024[:pl]62\u00ba FMY2024[:] - Karibian Descanso\" \/>\n<meta property=\"og:description\" content=\"[:es]Karibian Descanso particip\u00f3 en la 62 Feria del Mueble de Yecla 2024. Este Certamen se ha celebrado del 28 al 31 de mayo, y ha sido el punto de encuentro entre los profesionales del sector del mueble, la madera y afines.[:en]Karibian Descanso participated in the 62nd Yecla Furniture Fair 2024. This fair was held from 28th to 31st May, and was the meeting point for professionals in the furniture, wood and related sectors.[:fr]Karibian Descanso a particip\u00e9 au 62\u00e8me Salon du Meuble de Yecla 2024. Ce Concours s&#039;est d\u00e9roul\u00e9 du 28 au 31 mai, et a \u00e9t\u00e9 le point de rencontre entre les professionnels des secteurs du meuble, du bois et connexes...[:ru]\u041a\u043e\u043c\u043f\u0430\u043d\u0438\u044f Karibian Descanso \u043f\u0440\u0438\u043d\u044f\u043b\u0430 \u0443\u0447\u0430\u0441\u0442\u0438\u0435 \u0432 62-\u0439 \u0432\u044b\u0441\u0442\u0430\u0432\u043a\u0435 Yecla Furniture Fair 2024. \u042d\u0442\u0430 \u044f\u0440\u043c\u0430\u0440\u043a\u0430 \u043f\u0440\u043e\u0445\u043e\u0434\u0438\u043b\u0430 \u0441 28 \u043f\u043e 31 \u043c\u0430\u044f \u0438 \u0441\u0442\u0430\u043b\u0430 \u043c\u0435\u0441\u0442\u043e\u043c \u0432\u0441\u0442\u0440\u0435\u0447\u0438 \u043f\u0440\u043e\u0444\u0435\u0441\u0441\u0438\u043e\u043d\u0430\u043b\u043e\u0432 \u0432 \u043e\u0431\u043b\u0430\u0441\u0442\u0438 \u043c\u0435\u0431\u0435\u043b\u0438, \u0434\u0435\u0440\u0435\u0432\u0430 \u0438 \u0441\u043c\u0435\u0436\u043d\u044b\u0445 \u043e\u0442\u0440\u0430\u0441\u043b\u0435\u0439.[:pl]Karibian Descanso wzi\u0105\u0142 udzia\u0142 w 62. Targach Mebli Yecla 2024. Konkurs ten odby\u0142 si\u0119 w dniach 28\u201331 maja i by\u0142 miejscem spotka\u0144 profesjonalist\u00f3w z bran\u017cy meblarskiej, drzewnej i pokrewnych.[:]\" \/>\n<meta property=\"og:url\" content=\"https:\/\/karibiandescanso.com\/en\/62o-fmy2024\/\" \/>\n<meta property=\"og:site_name\" content=\"Karibian Descanso\" \/>\n<meta property=\"article:published_time\" content=\"2024-06-03T15:26:54+00:00\" \/>\n<meta property=\"article:modified_time\" content=\"2024-07-19T06:14:46+00:00\" \/>\n<meta property=\"og:image\" content=\"https:\/\/karibiandescanso.com\/wp-content\/uploads\/2024\/06\/FMY-24.jpg\" \/>\n\t<meta property=\"og:image:width\" content=\"583\" \/>\n\t<meta property=\"og:image:height\" content=\"330\" \/>\n\t<meta property=\"og:image:type\" content=\"image\/jpeg\" \/>\n<meta name=\"author\" content=\"Karibian Descanso\" \/>\n<meta name=\"twitter:card\" content=\"summary_large_image\" \/>\n<meta name=\"twitter:label1\" content=\"\u041d\u0430\u043f\u0438\u0441\u0430\u043d\u043e \u0430\u0432\u0442\u043e\u0440\u043e\u043c\" \/>\n\t<meta name=\"twitter:data1\" content=\"Karibian Descanso\" \/>\n\t<meta name=\"twitter:label2\" content=\"\u041f\u0440\u0438\u043c\u0435\u0440\u043d\u043e\u0435 \u0432\u0440\u0435\u043c\u044f \u0434\u043b\u044f \u0447\u0442\u0435\u043d\u0438\u044f\" \/>\n\t<meta name=\"twitter:data2\" content=\"3 \u043c\u0438\u043d\u0443\u0442\u044b\" \/>\n<script type=\"application\/ld+json\" class=\"yoast-schema-graph\">{\"@context\":\"https:\/\/schema.org\",\"@graph\":[{\"@type\":\"Article\",\"@id\":\"https:\/\/karibiandescanso.com\/en\/62o-fmy2024\/#article\",\"isPartOf\":{\"@id\":\"https:\/\/karibiandescanso.com\/en\/62o-fmy2024\/\"},\"author\":{\"name\":\"Karibian Descanso\",\"@id\":\"https:\/\/karibiandescanso.com\/#\/schema\/person\/23be63b9b19bd8da8980c8eecdd69d30\"},\"headline\":\"62\u041d\u0414 FMY2024\",\"datePublished\":\"2024-06-03T15:26:54+00:00\",\"dateModified\":\"2024-07-19T06:14:46+00:00\",\"mainEntityOfPage\":{\"@id\":\"https:\/\/karibiandescanso.com\/en\/62o-fmy2024\/\"},\"wordCount\":1971,\"commentCount\":0,\"image\":{\"@id\":\"https:\/\/karibiandescanso.com\/en\/62o-fmy2024\/#primaryimage\"},\"thumbnailUrl\":\"https:\/\/karibiandescanso.com\/wp-content\/uploads\/2024\/06\/FMY-24.jpg\",\"keywords\":[\"Mueble de Espa\u00f1a\",\"Spain Furniture\",\"Feria Mueble Yecla\",\"FMY2024\",\"Ven y Crece\",\"Contract\",\"karibian descanso\",\"Colchon\",\"Mattress\",\"Furniture\"],\"articleSection\":[\"noticias\",\"Ferias\"],\"inLanguage\":\"ru-RU\",\"potentialAction\":[{\"@type\":\"CommentAction\",\"name\":\"Comment\",\"target\":[\"https:\/\/karibiandescanso.com\/en\/62o-fmy2024\/#respond\"]}]},{\"@type\":\"WebPage\",\"@id\":\"https:\/\/karibiandescanso.com\/en\/62o-fmy2024\/\",\"url\":\"https:\/\/karibiandescanso.com\/en\/62o-fmy2024\/\",\"name\":\"[:es]62\u00ba FMY2024[:en]62ND FMY2024[:fr]62\u00ba FMY2024[:ru]62\u041d\u0414 FMY2024[:pl]62\u00ba FMY2024[:] - Karibian Descanso\",\"isPartOf\":{\"@id\":\"https:\/\/karibiandescanso.com\/#website\"},\"primaryImageOfPage\":{\"@id\":\"https:\/\/karibiandescanso.com\/en\/62o-fmy2024\/#primaryimage\"},\"image\":{\"@id\":\"https:\/\/karibiandescanso.com\/en\/62o-fmy2024\/#primaryimage\"},\"thumbnailUrl\":\"https:\/\/karibiandescanso.com\/wp-content\/uploads\/2024\/06\/FMY-24.jpg\",\"datePublished\":\"2024-06-03T15:26:54+00:00\",\"dateModified\":\"2024-07-19T06:14:46+00:00\",\"author\":{\"@id\":\"https:\/\/karibiandescanso.com\/#\/schema\/person\/23be63b9b19bd8da8980c8eecdd69d30\"},\"breadcrumb\":{\"@id\":\"https:\/\/karibiandescanso.com\/en\/62o-fmy2024\/#breadcrumb\"},\"inLanguage\":\"ru-RU\",\"potentialAction\":[{\"@type\":\"ReadAction\",\"target\":[\"https:\/\/karibiandescanso.com\/en\/62o-fmy2024\/\"]}]},{\"@type\":\"ImageObject\",\"inLanguage\":\"ru-RU\",\"@id\":\"https:\/\/karibiandescanso.com\/en\/62o-fmy2024\/#primaryimage\",\"url\":\"https:\/\/karibiandescanso.com\/wp-content\/uploads\/2024\/06\/FMY-24.jpg\",\"contentUrl\":\"https:\/\/karibiandescanso.com\/wp-content\/uploads\/2024\/06\/FMY-24.jpg\",\"width\":583,\"height\":330},{\"@type\":\"BreadcrumbList\",\"@id\":\"https:\/\/karibiandescanso.com\/en\/62o-fmy2024\/#breadcrumb\",\"itemListElement\":[{\"@type\":\"ListItem\",\"position\":1,\"name\":\"Portada\",\"item\":\"https:\/\/karibiandescanso.com\/\"},{\"@type\":\"ListItem\",\"position\":2,\"name\":\"62ND FMY2024\"}]},{\"@type\":\"WebSite\",\"@id\":\"https:\/\/karibiandescanso.com\/#website\",\"url\":\"https:\/\/karibiandescanso.com\/\",\"name\":\"Karibian Descanso\",\"description\":\"\u0433\u0434\u0435 \u043e\u0442\u0434\u044b\u0445\",\"potentialAction\":[{\"@type\":\"SearchAction\",\"target\":{\"@type\":\"EntryPoint\",\"urlTemplate\":\"https:\/\/karibiandescanso.com\/?s={search_term_string}\"},\"query-input\":{\"@type\":\"PropertyValueSpecification\",\"valueRequired\":true,\"valueName\":\"search_term_string\"}}],\"inLanguage\":\"ru-RU\"},{\"@type\":\"Person\",\"@id\":\"https:\/\/karibiandescanso.com\/#\/schema\/person\/23be63b9b19bd8da8980c8eecdd69d30\",\"name\":\"Karibian Descanso\",\"image\":{\"@type\":\"ImageObject\",\"inLanguage\":\"ru-RU\",\"@id\":\"https:\/\/karibiandescanso.com\/#\/schema\/person\/image\/\",\"url\":\"https:\/\/secure.gravatar.com\/avatar\/2f55039d31e0c8cf55d2c2b6e3bb49113343c35fd46d6d11806620d3c9641ba7?s=96&d=mm&r=g\",\"contentUrl\":\"https:\/\/secure.gravatar.com\/avatar\/2f55039d31e0c8cf55d2c2b6e3bb49113343c35fd46d6d11806620d3c9641ba7?s=96&d=mm&r=g\",\"caption\":\"Karibian Descanso\"},\"url\":\"https:\/\/karibiandescanso.com\/ru\/author\/karibian-descanso\/\"}]}<\/script>\n<!-- \/ Yoast SEO plugin. -->","yoast_head_json":{"title":"[:es]62\u00ba FMY2024[:en]62ND FMY2024[:fr]62\u00ba FMY2024[:ru]62\u041d\u0414 FMY2024[:pl]62\u00ba FMY2024[:] - Karibian Descanso","robots":{"index":"index","follow":"follow","max-snippet":"max-snippet:-1","max-image-preview":"max-image-preview:large","max-video-preview":"max-video-preview:-1"},"canonical":"https:\/\/karibiandescanso.com\/en\/62o-fmy2024\/","og_locale":"ru_RU","og_type":"article","og_title":"[:es]62\u00ba FMY2024[:en]62ND FMY2024[:fr]62\u00ba FMY2024[:ru]62\u041d\u0414 FMY2024[:pl]62\u00ba FMY2024[:] - Karibian Descanso","og_description":"[:es]Karibian Descanso particip\u00f3 en la 62 Feria del Mueble de Yecla 2024. Este Certamen se ha celebrado del 28 al 31 de mayo, y ha sido el punto de encuentro entre los profesionales del sector del mueble, la madera y afines.[:en]Karibian Descanso participated in the 62nd Yecla Furniture Fair 2024. This fair was held from 28th to 31st May, and was the meeting point for professionals in the furniture, wood and related sectors.[:fr]Karibian Descanso a particip\u00e9 au 62\u00e8me Salon du Meuble de Yecla 2024. Ce Concours s'est d\u00e9roul\u00e9 du 28 au 31 mai, et a \u00e9t\u00e9 le point de rencontre entre les professionnels des secteurs du meuble, du bois et connexes...[:ru]\u041a\u043e\u043c\u043f\u0430\u043d\u0438\u044f Karibian Descanso \u043f\u0440\u0438\u043d\u044f\u043b\u0430 \u0443\u0447\u0430\u0441\u0442\u0438\u0435 \u0432 62-\u0439 \u0432\u044b\u0441\u0442\u0430\u0432\u043a\u0435 Yecla Furniture Fair 2024. \u042d\u0442\u0430 \u044f\u0440\u043c\u0430\u0440\u043a\u0430 \u043f\u0440\u043e\u0445\u043e\u0434\u0438\u043b\u0430 \u0441 28 \u043f\u043e 31 \u043c\u0430\u044f \u0438 \u0441\u0442\u0430\u043b\u0430 \u043c\u0435\u0441\u0442\u043e\u043c \u0432\u0441\u0442\u0440\u0435\u0447\u0438 \u043f\u0440\u043e\u0444\u0435\u0441\u0441\u0438\u043e\u043d\u0430\u043b\u043e\u0432 \u0432 \u043e\u0431\u043b\u0430\u0441\u0442\u0438 \u043c\u0435\u0431\u0435\u043b\u0438, \u0434\u0435\u0440\u0435\u0432\u0430 \u0438 \u0441\u043c\u0435\u0436\u043d\u044b\u0445 \u043e\u0442\u0440\u0430\u0441\u043b\u0435\u0439.[:pl]Karibian Descanso wzi\u0105\u0142 udzia\u0142 w 62. Targach Mebli Yecla 2024. Konkurs ten odby\u0142 si\u0119 w dniach 28\u201331 maja i by\u0142 miejscem spotka\u0144 profesjonalist\u00f3w z bran\u017cy meblarskiej, drzewnej i pokrewnych.[:]","og_url":"https:\/\/karibiandescanso.com\/en\/62o-fmy2024\/","og_site_name":"Karibian Descanso","article_published_time":"2024-06-03T15:26:54+00:00","article_modified_time":"2024-07-19T06:14:46+00:00","og_image":[{"width":583,"height":330,"url":"https:\/\/karibiandescanso.com\/wp-content\/uploads\/2024\/06\/FMY-24.jpg","type":"image\/jpeg"}],"author":"Karibian Descanso","twitter_card":"summary_large_image","twitter_misc":{"\u041d\u0430\u043f\u0438\u0441\u0430\u043d\u043e \u0430\u0432\u0442\u043e\u0440\u043e\u043c":"Karibian Descanso","\u041f\u0440\u0438\u043c\u0435\u0440\u043d\u043e\u0435 \u0432\u0440\u0435\u043c\u044f \u0434\u043b\u044f \u0447\u0442\u0435\u043d\u0438\u044f":"3 \u043c\u0438\u043d\u0443\u0442\u044b"},"schema":{"@context":"https:\/\/schema.org","@graph":[{"@type":"Article","@id":"https:\/\/karibiandescanso.com\/en\/62o-fmy2024\/#article","isPartOf":{"@id":"https:\/\/karibiandescanso.com\/en\/62o-fmy2024\/"},"author":{"name":"Karibian Descanso","@id":"https:\/\/karibiandescanso.com\/#\/schema\/person\/23be63b9b19bd8da8980c8eecdd69d30"},"headline":"62\u041d\u0414 FMY2024","datePublished":"2024-06-03T15:26:54+00:00","dateModified":"2024-07-19T06:14:46+00:00","mainEntityOfPage":{"@id":"https:\/\/karibiandescanso.com\/en\/62o-fmy2024\/"},"wordCount":1971,"commentCount":0,"image":{"@id":"https:\/\/karibiandescanso.com\/en\/62o-fmy2024\/#primaryimage"},"thumbnailUrl":"https:\/\/karibiandescanso.com\/wp-content\/uploads\/2024\/06\/FMY-24.jpg","keywords":["Mueble de Espa\u00f1a","Spain Furniture","Feria Mueble Yecla","FMY2024","Ven y Crece","Contract","karibian descanso","Colchon","Mattress","Furniture"],"articleSection":["noticias","Ferias"],"inLanguage":"ru-RU","potentialAction":[{"@type":"CommentAction","name":"Comment","target":["https:\/\/karibiandescanso.com\/en\/62o-fmy2024\/#respond"]}]},{"@type":"WebPage","@id":"https:\/\/karibiandescanso.com\/en\/62o-fmy2024\/","url":"https:\/\/karibiandescanso.com\/en\/62o-fmy2024\/","name":"[:es]62\u00ba FMY2024[:en]62ND FMY2024[:fr]62\u00ba FMY2024[:ru]62\u041d\u0414 FMY2024[:pl]62\u00ba FMY2024[:] - Karibian Descanso","isPartOf":{"@id":"https:\/\/karibiandescanso.com\/#website"},"primaryImageOfPage":{"@id":"https:\/\/karibiandescanso.com\/en\/62o-fmy2024\/#primaryimage"},"image":{"@id":"https:\/\/karibiandescanso.com\/en\/62o-fmy2024\/#primaryimage"},"thumbnailUrl":"https:\/\/karibiandescanso.com\/wp-content\/uploads\/2024\/06\/FMY-24.jpg","datePublished":"2024-06-03T15:26:54+00:00","dateModified":"2024-07-19T06:14:46+00:00","author":{"@id":"https:\/\/karibiandescanso.com\/#\/schema\/person\/23be63b9b19bd8da8980c8eecdd69d30"},"breadcrumb":{"@id":"https:\/\/karibiandescanso.com\/en\/62o-fmy2024\/#breadcrumb"},"inLanguage":"ru-RU","potentialAction":[{"@type":"ReadAction","target":["https:\/\/karibiandescanso.com\/en\/62o-fmy2024\/"]}]},{"@type":"ImageObject","inLanguage":"ru-RU","@id":"https:\/\/karibiandescanso.com\/en\/62o-fmy2024\/#primaryimage","url":"https:\/\/karibiandescanso.com\/wp-content\/uploads\/2024\/06\/FMY-24.jpg","contentUrl":"https:\/\/karibiandescanso.com\/wp-content\/uploads\/2024\/06\/FMY-24.jpg","width":583,"height":330},{"@type":"BreadcrumbList","@id":"https:\/\/karibiandescanso.com\/en\/62o-fmy2024\/#breadcrumb","itemListElement":[{"@type":"ListItem","position":1,"name":"Portada","item":"https:\/\/karibiandescanso.com\/"},{"@type":"ListItem","position":2,"name":"62ND FMY2024"}]},{"@type":"WebSite","@id":"https:\/\/karibiandescanso.com\/#website","url":"https:\/\/karibiandescanso.com\/","name":"Karibian Descanso","description":"\u0433\u0434\u0435 \u043e\u0442\u0434\u044b\u0445","potentialAction":[{"@type":"SearchAction","target":{"@type":"EntryPoint","urlTemplate":"https:\/\/karibiandescanso.com\/?s={search_term_string}"},"query-input":{"@type":"PropertyValueSpecification","valueRequired":true,"valueName":"search_term_string"}}],"inLanguage":"ru-RU"},{"@type":"Person","@id":"https:\/\/karibiandescanso.com\/#\/schema\/person\/23be63b9b19bd8da8980c8eecdd69d30","name":"Karibian Descanso","image":{"@type":"ImageObject","inLanguage":"ru-RU","@id":"https:\/\/karibiandescanso.com\/#\/schema\/person\/image\/","url":"https:\/\/secure.gravatar.com\/avatar\/2f55039d31e0c8cf55d2c2b6e3bb49113343c35fd46d6d11806620d3c9641ba7?s=96&d=mm&r=g","contentUrl":"https:\/\/secure.gravatar.com\/avatar\/2f55039d31e0c8cf55d2c2b6e3bb49113343c35fd46d6d11806620d3c9641ba7?s=96&d=mm&r=g","caption":"Karibian Descanso"},"url":"https:\/\/karibiandescanso.com\/ru\/author\/karibian-descanso\/"}]}},"_links":{"self":[{"href":"https:\/\/karibiandescanso.com\/ru\/wp-json\/wp\/v2\/posts\/14603","targetHints":{"allow":["GET"]}}],"collection":[{"href":"https:\/\/karibiandescanso.com\/ru\/wp-json\/wp\/v2\/posts"}],"about":[{"href":"https:\/\/karibiandescanso.com\/ru\/wp-json\/wp\/v2\/types\/post"}],"author":[{"embeddable":true,"href":"https:\/\/karibiandescanso.com\/ru\/wp-json\/wp\/v2\/users\/2"}],"replies":[{"embeddable":true,"href":"https:\/\/karibiandescanso.com\/ru\/wp-json\/wp\/v2\/comments?post=14603"}],"version-history":[{"count":0,"href":"https:\/\/karibiandescanso.com\/ru\/wp-json\/wp\/v2\/posts\/14603\/revisions"}],"wp:featuredmedia":[{"embeddable":true,"href":"https:\/\/karibiandescanso.com\/ru\/wp-json\/wp\/v2\/media\/14606"}],"wp:attachment":[{"href":"https:\/\/karibiandescanso.com\/ru\/wp-json\/wp\/v2\/media?parent=14603"}],"wp:term":[{"taxonomy":"category","embeddable":true,"href":"https:\/\/karibiandescanso.com\/ru\/wp-json\/wp\/v2\/categories?post=14603"},{"taxonomy":"post_tag","embeddable":true,"href":"https:\/\/karibiandescanso.com\/ru\/wp-json\/wp\/v2\/tags?post=14603"}],"curies":[{"name":"wp","href":"https:\/\/api.w.org\/{rel}","templated":true}]}}