{"id":18130,"date":"2025-04-16T12:18:47","date_gmt":"2025-04-16T10:18:47","guid":{"rendered":"https:\/\/www.karibiandescanso.com\/?p=18130"},"modified":"2025-04-16T12:50:58","modified_gmt":"2025-04-16T10:50:58","slug":"salone-del-mobile-milano-2025","status":"publish","type":"post","link":"https:\/\/karibiandescanso.com\/ru\/salone-del-mobile-milano-2025\/","title":{"rendered":"SALONE DEL MOBILE.MILANO 2025"},"content":{"rendered":"<p>[vc_row css_animation=&#8221;&#8221; row_type=&#8221;row&#8221; use_row_as_full_screen_section=&#8221;no&#8221; type=&#8221;full_width&#8221; angled_section=&#8221;no&#8221; text_align=&#8221;left&#8221; background_image_as_pattern=&#8221;without_pattern&#8221;][vc_column][vc_column_text]<\/p>\n<p>[\/vc_column_text][\/vc_column][\/vc_row][vc_row css_animation=&#8221;&#8221; row_type=&#8221;row&#8221; use_row_as_full_screen_section=&#8221;no&#8221; type=&#8221;full_width&#8221; angled_section=&#8221;no&#8221; text_align=&#8221;left&#8221; background_image_as_pattern=&#8221;without_pattern&#8221;][vc_column][vc_empty_space height=&#8221;20px&#8221;][vc_column_text]<\/p>\n<h3 style=\"text-align: center;\">KARIBIAN \u043d\u0430 \u0432\u044b\u0441\u0442\u0430\u0432\u043a\u0435 Salone del Mobile 2025<\/h3>\n<p style=\"text-align: center;\"><strong>\u0417\u0430\u043b 03 | \u0421\u0442\u0435\u043d\u0434 F37-F41 &#8211; \u041c\u0438\u043b\u0430\u043d, \u0441 8 \u043f\u043e 13 \u0430\u043f\u0440\u0435\u043b\u044f<\/strong><\/p>\n<p style=\"text-align: justify;\">\u041d\u0430 \u043f\u0440\u043e\u0448\u043b\u043e\u0439 \u043d\u0435\u0434\u0435\u043b\u0435 \u043a\u043e\u043c\u043f\u0430\u043d\u0438\u044f Karibian \u043f\u0440\u0435\u0434\u0441\u0442\u0430\u0432\u0438\u043b\u0430 \u0441\u0432\u043e\u0438 \u043f\u043e\u0441\u043b\u0435\u0434\u043d\u0438\u0435 \u0438\u043d\u043d\u043e\u0432\u0430\u0446\u0438\u0438 \u0432 \u043e\u0431\u043b\u0430\u0441\u0442\u0438 \u0440\u0435\u043b\u0430\u043a\u0441\u0430\u0446\u0438\u0438 \u043d\u0430 \u043d\u043e\u0432\u043e\u0439 \u0432\u044b\u0441\u0442\u0430\u0432\u043a\u0435 <a href=\"https:\/\/www.salonemilano.it\/it\"><strong>Salone del Mobile.Milano<\/strong><\/a>.<\/p>\n<p style=\"text-align: justify;\">\u041f\u0440\u0438\u0432\u043b\u0435\u043a\u0430\u0442\u0435\u043b\u044c\u043d\u043e\u0435 \u043f\u0440\u043e\u0441\u0442\u0440\u0430\u043d\u0441\u0442\u0432\u043e, \u043e\u0444\u043e\u0440\u043c\u043b\u0435\u043d\u043d\u043e\u0435 \u0441 \u0431\u043e\u043b\u044c\u0448\u0438\u043c \u0432\u043d\u0438\u043c\u0430\u043d\u0438\u0435\u043c \u043a \u0434\u0435\u0442\u0430\u043b\u044f\u043c, \u043f\u0440\u0438\u0433\u043b\u0430\u0448\u0430\u043b\u043e \u043f\u043e\u0441\u0435\u0442\u0438\u0442\u0435\u043b\u0435\u0439 \u0432 \u044d\u0442\u0438 \u0437\u043d\u0430\u043c\u0435\u043d\u0430\u0442\u0435\u043b\u044c\u043d\u044b\u0435 \u0438 \u043e\u0436\u0438\u0434\u0430\u0435\u043c\u044b\u0435 \u0434\u043d\u0438 \u043f\u043e\u043b\u0443\u0447\u0438\u0442\u044c \u0443\u043d\u0438\u043a\u0430\u043b\u044c\u043d\u044b\u0439 \u043e\u043f\u044b\u0442 \u0432 \u0441\u0435\u043a\u0442\u043e\u0440\u0435 \u043e\u0442\u0434\u044b\u0445\u0430. \u0412\u0435\u0434\u0443\u0449\u0435\u0435 \u0441\u043e\u0431\u044b\u0442\u0438\u0435 Salone del Mobile. Milano \u043e\u0442\u043a\u0440\u044b\u043b\u0430 \u0441\u0432\u043e\u0438 \u0434\u0432\u0435\u0440\u0438, \u0447\u0442\u043e\u0431\u044b \u043e\u0442\u043f\u0440\u0430\u0437\u0434\u043d\u043e\u0432\u0430\u0442\u044c \u0441\u0432\u043e\u0435 63-\u0435 \u0438\u0437\u0434\u0430\u043d\u0438\u0435 \u0441 \u0431\u043e\u043b\u044c\u0448\u0438\u043c \u043c\u0435\u0436\u0434\u0443\u043d\u0430\u0440\u043e\u0434\u043d\u044b\u043c \u0443\u0447\u0430\u0441\u0442\u0438\u0435\u043c. \u0421 8 \u043f\u043e 13 \u0430\u043f\u0440\u0435\u043b\u044f 2025 \u0433\u043e\u0434\u0430 \u041c\u0438\u043b\u0430\u043d \u0441\u0442\u0430\u043b \u0446\u0435\u043d\u0442\u0440\u043e\u043c \u0442\u0432\u043e\u0440\u0447\u0435\u0441\u0442\u0432\u0430, \u0442\u0435\u043d\u0434\u0435\u043d\u0446\u0438\u0439 \u0438 \u0441\u0442\u0438\u043b\u044f \u0431\u043b\u0430\u0433\u043e\u0434\u0430\u0440\u044f \u043e\u0434\u043d\u043e\u043c\u0443 \u0438\u0437 \u0441\u0430\u043c\u044b\u0445 \u0432\u0430\u0436\u043d\u044b\u0445 \u0441\u043e\u0431\u044b\u0442\u0438\u0439 \u0432 \u0438\u043d\u0434\u0443\u0441\u0442\u0440\u0438\u0438.<\/p>\n<p style=\"text-align: justify;\">\u041d\u0430 \u0432\u044b\u0441\u0442\u0430\u0432\u043a\u0435 Salone del Mobile 2025 \u043a\u043e\u043c\u043f\u0430\u043d\u0438\u044f Karibian \u043f\u0440\u0438\u0433\u043b\u0430\u0441\u0438\u043b\u0430 \u043f\u043e\u0441\u0435\u0442\u0438\u0442\u0435\u043b\u0435\u0439 \u043e\u0442\u043a\u0440\u044b\u0442\u044c \u0434\u043b\u044f \u0441\u0435\u0431\u044f \u0432\u0441\u0435\u043b\u0435\u043d\u043d\u0443\u044e \u0434\u0438\u0437\u0430\u0439\u043d\u0430 \u0438 \u044d\u043b\u0435\u0433\u0430\u043d\u0442\u043d\u043e\u0441\u0442\u0438 \u043d\u0430 \u0441\u0432\u043e\u0435\u043c \u0441\u0442\u0435\u043d\u0434\u0435. \u041d\u043e\u0432\u044b\u0435 \u043a\u043e\u043b\u043b\u0435\u043a\u0446\u0438\u0438 \u043a\u043e\u043c\u0444\u043e\u0440\u0442\u0430, \u043a\u043e\u0442\u043e\u0440\u044b\u0435 \u0437\u0430\u0434\u0430\u044e\u0442 \u0442\u0440\u0435\u043d\u0434\u044b \u0438 \u043f\u0440\u0435\u0434\u043e\u043f\u0440\u0435\u0434\u0435\u043b\u044f\u044e\u0442 \u043a\u043e\u043d\u0446\u0435\u043f\u0446\u0438\u044e \u043e\u0442\u0434\u044b\u0445\u0430.<\/p>\n<p>[\/vc_column_text][vc_empty_space height=&#8221;30px&#8221;][vc_single_image image=&#8221;18132&#8243; img_size=&#8221;full&#8221; qode_css_animation=&#8221;&#8221;][vc_empty_space height=&#8221;10px&#8221;][vc_single_image image=&#8221;18133&#8243; img_size=&#8221;full&#8221; qode_css_animation=&#8221;&#8221;][vc_empty_space height=&#8221;30px&#8221;][\/vc_column][\/vc_row][vc_row css_animation=&#8221;&#8221; row_type=&#8221;row&#8221; use_row_as_full_screen_section=&#8221;no&#8221; type=&#8221;full_width&#8221; angled_section=&#8221;no&#8221; text_align=&#8221;left&#8221; background_image_as_pattern=&#8221;without_pattern&#8221;][vc_column][vc_empty_space height=&#8221;40px&#8221;][vc_column_text]<\/p>\n<p style=\"text-align: justify;\">\u041d\u0430 \u0432\u044b\u0441\u0442\u0430\u0432\u043a\u0435 Salone del Mobile 2025 \u043a\u043e\u043c\u043f\u0430\u043d\u0438\u044f Karibian \u0432 \u043e\u0447\u0435\u0440\u0435\u0434\u043d\u043e\u0439 \u0440\u0430\u0437 \u043f\u043e\u0434\u0442\u0432\u0435\u0440\u0434\u0438\u043b\u0430 \u0441\u0432\u043e\u044e \u043f\u0440\u0438\u0432\u0435\u0440\u0436\u0435\u043d\u043d\u043e\u0441\u0442\u044c \u0438\u0434\u0435\u0435 \u0431\u043b\u0430\u0433\u043e\u043f\u043e\u043b\u0443\u0447\u0438\u044f, \u043f\u0440\u043e\u0434\u0435\u043c\u043e\u043d\u0441\u0442\u0440\u0438\u0440\u043e\u0432\u0430\u0432 \u043f\u043e\u0441\u0435\u0442\u0438\u0442\u0435\u043b\u044f\u043c \u043c\u043e\u0434\u043d\u044b\u0435 \u043f\u0440\u043e\u0434\u0443\u043a\u0442\u044b \u0434\u043b\u044f \u043e\u0442\u0434\u044b\u0445\u0430, \u043a\u043e\u0442\u043e\u0440\u044b\u0435 \u043f\u0440\u0435\u0434\u043e\u043f\u0440\u0435\u0434\u0435\u043b\u044f\u044e\u0442 \u043f\u043e\u043d\u044f\u0442\u0438\u044f \u043a\u043e\u043c\u0444\u043e\u0440\u0442\u0430, \u0442\u0435\u0445\u043d\u043e\u043b\u043e\u0433\u0438\u0439 \u0438 \u0438\u043d\u043d\u043e\u0432\u0430\u0446\u0438\u0439.<\/p>\n<p>\u0421\u043f\u0430\u0441\u0438\u0431\u043e \u0432\u0441\u0435\u043c \u043f\u043e\u0441\u0435\u0442\u0438\u0442\u0435\u043b\u044f\u043c \u0437\u0430 \u0442\u043e, \u0447\u0442\u043e \u043f\u043e\u0441\u0435\u0442\u0438\u043b\u0438 \u043d\u0430\u0441, \u0443\u0432\u0438\u0434\u0438\u043c\u0441\u044f \u0432 \u0441\u043b\u0435\u0434\u0443\u044e\u0449\u0438\u0439 \u0440\u0430\u0437![\/vc_column_text][\/vc_column][\/vc_row]<\/p>","protected":false},"excerpt":{"rendered":"<p>\u041a\u043e\u043c\u043f\u0430\u043d\u0438\u044f Karibian Descanso \u043f\u0440\u0435\u0434\u0441\u0442\u0430\u0432\u0438\u043b\u0430 \u0441\u0432\u043e\u0438 \u043d\u043e\u0432\u044b\u0435 \u043f\u0440\u043e\u0434\u0443\u043a\u0442\u044b \u043d\u0430 \u0432\u044b\u0441\u0442\u0430\u0432\u043a\u0435 Salone del Mobile. Milano 2025, \u043a\u043e\u0442\u043e\u0440\u044b\u0439 \u043f\u0440\u043e\u0445\u043e\u0434\u0438\u043b \u0441 8 \u043f\u043e 13 \u0430\u043f\u0440\u0435\u043b\u044f 2025 \u0433\u043e\u0434\u0430 \u0432 \u041c\u0438\u043b\u0430\u043d\u0435. \u041a\u043e\u043c\u043f\u0430\u043d\u0438\u044f \u043f\u0440\u0435\u0434\u0441\u0442\u0430\u0432\u0438\u043b\u0430 \u0441\u0432\u043e\u0438 \u043f\u043e\u0441\u043b\u0435\u0434\u043d\u0438\u0435 \u043d\u043e\u0432\u0438\u043d\u043a\u0438 \u043d\u0430 \u043f\u0440\u0438\u0432\u043b\u0435\u043a\u0430\u0442\u0435\u043b\u044c\u043d\u043e\u043c \u0441\u0442\u0435\u043d\u0434\u0435.<\/p>\n","protected":false},"author":2,"featured_media":18141,"comment_status":"open","ping_status":"open","sticky":false,"template":"","format":"standard","meta":{"footnotes":""},"categories":[10,164],"tags":[275,25,80,91,97,100,161,167,239,240,242,273,274],"class_list":["post-18130","post","type-post","status-publish","format-standard","has-post-thumbnail","hentry","category-noticias","category-ferias","tag-milanodesignweek","tag-karibian-descanso","tag-colchon","tag-mattress","tag-europe","tag-furniture","tag-mueble-de-espana","tag-spain-furniture","tag-italy","tag-isaloni","tag-feria-mueble","tag-fuorisalone","tag-milan"],"yoast_head":"<!-- This site is optimized with the Yoast SEO plugin v27.0 - https:\/\/yoast.com\/product\/yoast-seo-wordpress\/ -->\n<title>SALONE DEL MOBILE.MILANO 2025 - Karibian Descanso<\/title>\n<meta name=\"robots\" content=\"index, follow, max-snippet:-1, max-image-preview:large, max-video-preview:-1\" \/>\n<link rel=\"canonical\" href=\"https:\/\/karibiandescanso.com\/pl\/salone-del-mobile-milano-2025\/\" \/>\n<meta property=\"og:locale\" content=\"ru_RU\" \/>\n<meta property=\"og:type\" content=\"article\" \/>\n<meta property=\"og:title\" content=\"SALONE DEL MOBILE.MILANO 2025 - Karibian Descanso\" \/>\n<meta property=\"og:description\" content=\"[:es]Karibian Descanso expuso sus novedades en el Salone del Mobile. Milano 2025, que se celebr\u00f3 del 8 al 13 de abril de 2025 en Mil\u00e1n. La firma present\u00f3 sus \u00faltimas innovaciones en un atractivo stand.[:en]Karibian Descanso exhibited its new products at the Salone del Mobile. Milano 2025, which was held from 8 to 13 April 2025 in Milan. The company presented its latest innovations in an attractive stand.[:fr]Karibian Descanso a expos\u00e9 ses nouveaux produits au Salone del Mobile. Milano 2025, qui s&#039;est tenu du 8 au 13 avril 2025 \u00e0 Milan. L&#039;entreprise a pr\u00e9sent\u00e9 ses derni\u00e8res innovations dans un stand attrayant.[:ru]\u041a\u043e\u043c\u043f\u0430\u043d\u0438\u044f Karibian Descanso \u043f\u0440\u0435\u0434\u0441\u0442\u0430\u0432\u0438\u043b\u0430 \u0441\u0432\u043e\u0438 \u043d\u043e\u0432\u044b\u0435 \u043f\u0440\u043e\u0434\u0443\u043a\u0442\u044b \u043d\u0430 \u0432\u044b\u0441\u0442\u0430\u0432\u043a\u0435 Salone del Mobile. Milano 2025, \u043a\u043e\u0442\u043e\u0440\u044b\u0439 \u043f\u0440\u043e\u0445\u043e\u0434\u0438\u043b \u0441 8 \u043f\u043e 13 \u0430\u043f\u0440\u0435\u043b\u044f 2025 \u0433\u043e\u0434\u0430 \u0432 \u041c\u0438\u043b\u0430\u043d\u0435. \u041a\u043e\u043c\u043f\u0430\u043d\u0438\u044f \u043f\u0440\u0435\u0434\u0441\u0442\u0430\u0432\u0438\u043b\u0430 \u0441\u0432\u043e\u0438 \u043f\u043e\u0441\u043b\u0435\u0434\u043d\u0438\u0435 \u043d\u043e\u0432\u0438\u043d\u043a\u0438 \u043d\u0430 \u043f\u0440\u0438\u0432\u043b\u0435\u043a\u0430\u0442\u0435\u043b\u044c\u043d\u043e\u043c \u0441\u0442\u0435\u043d\u0434\u0435.[:pl]Karibian Descanso zaprezentowa\u0142 swoje nowe produkty na Salone del Mobile. Milano 2025, kt\u00f3re odby\u0142y si\u0119 w dniach 8-13 kwietnia 2025 r. w Mediolanie. Firma zaprezentowa\u0142a swoje najnowsze innowacje na atrakcyjnym stoisku.[:]\" \/>\n<meta property=\"og:url\" content=\"https:\/\/karibiandescanso.com\/pl\/salone-del-mobile-milano-2025\/\" \/>\n<meta property=\"og:site_name\" content=\"Karibian Descanso\" \/>\n<meta property=\"article:published_time\" content=\"2025-04-16T10:18:47+00:00\" \/>\n<meta property=\"article:modified_time\" content=\"2025-04-16T10:50:58+00:00\" \/>\n<meta property=\"og:image\" content=\"https:\/\/karibiandescanso.com\/wp-content\/uploads\/2025\/04\/MILAN-PORTADA.jpg\" \/>\n\t<meta property=\"og:image:width\" content=\"1920\" \/>\n\t<meta property=\"og:image:height\" content=\"1087\" \/>\n\t<meta property=\"og:image:type\" content=\"image\/jpeg\" \/>\n<meta name=\"author\" content=\"Karibian Descanso\" \/>\n<meta name=\"twitter:card\" content=\"summary_large_image\" \/>\n<meta name=\"twitter:label1\" content=\"\u041d\u0430\u043f\u0438\u0441\u0430\u043d\u043e \u0430\u0432\u0442\u043e\u0440\u043e\u043c\" \/>\n\t<meta name=\"twitter:data1\" content=\"Karibian Descanso\" \/>\n\t<meta name=\"twitter:label2\" content=\"\u041f\u0440\u0438\u043c\u0435\u0440\u043d\u043e\u0435 \u0432\u0440\u0435\u043c\u044f \u0434\u043b\u044f \u0447\u0442\u0435\u043d\u0438\u044f\" \/>\n\t<meta name=\"twitter:data2\" content=\"2 \u043c\u0438\u043d\u0443\u0442\u044b\" \/>\n<script type=\"application\/ld+json\" class=\"yoast-schema-graph\">{\"@context\":\"https:\/\/schema.org\",\"@graph\":[{\"@type\":\"Article\",\"@id\":\"https:\/\/karibiandescanso.com\/pl\/salone-del-mobile-milano-2025\/#article\",\"isPartOf\":{\"@id\":\"https:\/\/karibiandescanso.com\/pl\/salone-del-mobile-milano-2025\/\"},\"author\":{\"name\":\"Karibian Descanso\",\"@id\":\"https:\/\/karibiandescanso.com\/#\/schema\/person\/23be63b9b19bd8da8980c8eecdd69d30\"},\"headline\":\"SALONE DEL MOBILE.MILANO 2025\",\"datePublished\":\"2025-04-16T10:18:47+00:00\",\"dateModified\":\"2025-04-16T10:50:58+00:00\",\"mainEntityOfPage\":{\"@id\":\"https:\/\/karibiandescanso.com\/pl\/salone-del-mobile-milano-2025\/\"},\"wordCount\":1774,\"commentCount\":0,\"image\":{\"@id\":\"https:\/\/karibiandescanso.com\/pl\/salone-del-mobile-milano-2025\/#primaryimage\"},\"thumbnailUrl\":\"https:\/\/karibiandescanso.com\/wp-content\/uploads\/2025\/04\/MILAN-PORTADA.jpg\",\"keywords\":[\"MilanoDesignWeek\",\"karibian descanso\",\"Colchon\",\"Mattress\",\"Europe\",\"Furniture\",\"Mueble de Espa\u00f1a\",\"Spain Furniture\",\"Italy\",\"ISaloni\",\"Feria Mueble\",\"FuoriSalone\",\"Milan\"],\"articleSection\":[\"noticias\",\"Ferias\"],\"inLanguage\":\"ru-RU\",\"potentialAction\":[{\"@type\":\"CommentAction\",\"name\":\"Comment\",\"target\":[\"https:\/\/karibiandescanso.com\/pl\/salone-del-mobile-milano-2025\/#respond\"]}]},{\"@type\":\"WebPage\",\"@id\":\"https:\/\/karibiandescanso.com\/pl\/salone-del-mobile-milano-2025\/\",\"url\":\"https:\/\/karibiandescanso.com\/pl\/salone-del-mobile-milano-2025\/\",\"name\":\"SALONE DEL MOBILE.MILANO 2025 - Karibian Descanso\",\"isPartOf\":{\"@id\":\"https:\/\/karibiandescanso.com\/#website\"},\"primaryImageOfPage\":{\"@id\":\"https:\/\/karibiandescanso.com\/pl\/salone-del-mobile-milano-2025\/#primaryimage\"},\"image\":{\"@id\":\"https:\/\/karibiandescanso.com\/pl\/salone-del-mobile-milano-2025\/#primaryimage\"},\"thumbnailUrl\":\"https:\/\/karibiandescanso.com\/wp-content\/uploads\/2025\/04\/MILAN-PORTADA.jpg\",\"datePublished\":\"2025-04-16T10:18:47+00:00\",\"dateModified\":\"2025-04-16T10:50:58+00:00\",\"author\":{\"@id\":\"https:\/\/karibiandescanso.com\/#\/schema\/person\/23be63b9b19bd8da8980c8eecdd69d30\"},\"breadcrumb\":{\"@id\":\"https:\/\/karibiandescanso.com\/pl\/salone-del-mobile-milano-2025\/#breadcrumb\"},\"inLanguage\":\"ru-RU\",\"potentialAction\":[{\"@type\":\"ReadAction\",\"target\":[\"https:\/\/karibiandescanso.com\/pl\/salone-del-mobile-milano-2025\/\"]}]},{\"@type\":\"ImageObject\",\"inLanguage\":\"ru-RU\",\"@id\":\"https:\/\/karibiandescanso.com\/pl\/salone-del-mobile-milano-2025\/#primaryimage\",\"url\":\"https:\/\/karibiandescanso.com\/wp-content\/uploads\/2025\/04\/MILAN-PORTADA.jpg\",\"contentUrl\":\"https:\/\/karibiandescanso.com\/wp-content\/uploads\/2025\/04\/MILAN-PORTADA.jpg\",\"width\":1920,\"height\":1087},{\"@type\":\"BreadcrumbList\",\"@id\":\"https:\/\/karibiandescanso.com\/pl\/salone-del-mobile-milano-2025\/#breadcrumb\",\"itemListElement\":[{\"@type\":\"ListItem\",\"position\":1,\"name\":\"Portada\",\"item\":\"https:\/\/karibiandescanso.com\/\"},{\"@type\":\"ListItem\",\"position\":2,\"name\":\"SALONE DEL MOBILE.MILANO 2025\"}]},{\"@type\":\"WebSite\",\"@id\":\"https:\/\/karibiandescanso.com\/#website\",\"url\":\"https:\/\/karibiandescanso.com\/\",\"name\":\"Karibian Descanso\",\"description\":\"\u0433\u0434\u0435 \u043e\u0442\u0434\u044b\u0445\",\"potentialAction\":[{\"@type\":\"SearchAction\",\"target\":{\"@type\":\"EntryPoint\",\"urlTemplate\":\"https:\/\/karibiandescanso.com\/?s={search_term_string}\"},\"query-input\":{\"@type\":\"PropertyValueSpecification\",\"valueRequired\":true,\"valueName\":\"search_term_string\"}}],\"inLanguage\":\"ru-RU\"},{\"@type\":\"Person\",\"@id\":\"https:\/\/karibiandescanso.com\/#\/schema\/person\/23be63b9b19bd8da8980c8eecdd69d30\",\"name\":\"Karibian Descanso\",\"image\":{\"@type\":\"ImageObject\",\"inLanguage\":\"ru-RU\",\"@id\":\"https:\/\/karibiandescanso.com\/#\/schema\/person\/image\/\",\"url\":\"https:\/\/secure.gravatar.com\/avatar\/2f55039d31e0c8cf55d2c2b6e3bb49113343c35fd46d6d11806620d3c9641ba7?s=96&d=mm&r=g\",\"contentUrl\":\"https:\/\/secure.gravatar.com\/avatar\/2f55039d31e0c8cf55d2c2b6e3bb49113343c35fd46d6d11806620d3c9641ba7?s=96&d=mm&r=g\",\"caption\":\"Karibian Descanso\"},\"url\":\"https:\/\/karibiandescanso.com\/ru\/author\/karibian-descanso\/\"}]}<\/script>\n<!-- \/ Yoast SEO plugin. -->","yoast_head_json":{"title":"SALONE DEL MOBILE.MILANO 2025 - Karibian Descanso","robots":{"index":"index","follow":"follow","max-snippet":"max-snippet:-1","max-image-preview":"max-image-preview:large","max-video-preview":"max-video-preview:-1"},"canonical":"https:\/\/karibiandescanso.com\/pl\/salone-del-mobile-milano-2025\/","og_locale":"ru_RU","og_type":"article","og_title":"SALONE DEL MOBILE.MILANO 2025 - Karibian Descanso","og_description":"[:es]Karibian Descanso expuso sus novedades en el Salone del Mobile. Milano 2025, que se celebr\u00f3 del 8 al 13 de abril de 2025 en Mil\u00e1n. La firma present\u00f3 sus \u00faltimas innovaciones en un atractivo stand.[:en]Karibian Descanso exhibited its new products at the Salone del Mobile. Milano 2025, which was held from 8 to 13 April 2025 in Milan. The company presented its latest innovations in an attractive stand.[:fr]Karibian Descanso a expos\u00e9 ses nouveaux produits au Salone del Mobile. Milano 2025, qui s'est tenu du 8 au 13 avril 2025 \u00e0 Milan. L'entreprise a pr\u00e9sent\u00e9 ses derni\u00e8res innovations dans un stand attrayant.[:ru]\u041a\u043e\u043c\u043f\u0430\u043d\u0438\u044f Karibian Descanso \u043f\u0440\u0435\u0434\u0441\u0442\u0430\u0432\u0438\u043b\u0430 \u0441\u0432\u043e\u0438 \u043d\u043e\u0432\u044b\u0435 \u043f\u0440\u043e\u0434\u0443\u043a\u0442\u044b \u043d\u0430 \u0432\u044b\u0441\u0442\u0430\u0432\u043a\u0435 Salone del Mobile. Milano 2025, \u043a\u043e\u0442\u043e\u0440\u044b\u0439 \u043f\u0440\u043e\u0445\u043e\u0434\u0438\u043b \u0441 8 \u043f\u043e 13 \u0430\u043f\u0440\u0435\u043b\u044f 2025 \u0433\u043e\u0434\u0430 \u0432 \u041c\u0438\u043b\u0430\u043d\u0435. \u041a\u043e\u043c\u043f\u0430\u043d\u0438\u044f \u043f\u0440\u0435\u0434\u0441\u0442\u0430\u0432\u0438\u043b\u0430 \u0441\u0432\u043e\u0438 \u043f\u043e\u0441\u043b\u0435\u0434\u043d\u0438\u0435 \u043d\u043e\u0432\u0438\u043d\u043a\u0438 \u043d\u0430 \u043f\u0440\u0438\u0432\u043b\u0435\u043a\u0430\u0442\u0435\u043b\u044c\u043d\u043e\u043c \u0441\u0442\u0435\u043d\u0434\u0435.[:pl]Karibian Descanso zaprezentowa\u0142 swoje nowe produkty na Salone del Mobile. Milano 2025, kt\u00f3re odby\u0142y si\u0119 w dniach 8-13 kwietnia 2025 r. w Mediolanie. Firma zaprezentowa\u0142a swoje najnowsze innowacje na atrakcyjnym stoisku.[:]","og_url":"https:\/\/karibiandescanso.com\/pl\/salone-del-mobile-milano-2025\/","og_site_name":"Karibian Descanso","article_published_time":"2025-04-16T10:18:47+00:00","article_modified_time":"2025-04-16T10:50:58+00:00","og_image":[{"width":1920,"height":1087,"url":"https:\/\/karibiandescanso.com\/wp-content\/uploads\/2025\/04\/MILAN-PORTADA.jpg","type":"image\/jpeg"}],"author":"Karibian Descanso","twitter_card":"summary_large_image","twitter_misc":{"\u041d\u0430\u043f\u0438\u0441\u0430\u043d\u043e \u0430\u0432\u0442\u043e\u0440\u043e\u043c":"Karibian Descanso","\u041f\u0440\u0438\u043c\u0435\u0440\u043d\u043e\u0435 \u0432\u0440\u0435\u043c\u044f \u0434\u043b\u044f \u0447\u0442\u0435\u043d\u0438\u044f":"2 \u043c\u0438\u043d\u0443\u0442\u044b"},"schema":{"@context":"https:\/\/schema.org","@graph":[{"@type":"Article","@id":"https:\/\/karibiandescanso.com\/pl\/salone-del-mobile-milano-2025\/#article","isPartOf":{"@id":"https:\/\/karibiandescanso.com\/pl\/salone-del-mobile-milano-2025\/"},"author":{"name":"Karibian Descanso","@id":"https:\/\/karibiandescanso.com\/#\/schema\/person\/23be63b9b19bd8da8980c8eecdd69d30"},"headline":"SALONE DEL MOBILE.MILANO 2025","datePublished":"2025-04-16T10:18:47+00:00","dateModified":"2025-04-16T10:50:58+00:00","mainEntityOfPage":{"@id":"https:\/\/karibiandescanso.com\/pl\/salone-del-mobile-milano-2025\/"},"wordCount":1774,"commentCount":0,"image":{"@id":"https:\/\/karibiandescanso.com\/pl\/salone-del-mobile-milano-2025\/#primaryimage"},"thumbnailUrl":"https:\/\/karibiandescanso.com\/wp-content\/uploads\/2025\/04\/MILAN-PORTADA.jpg","keywords":["MilanoDesignWeek","karibian descanso","Colchon","Mattress","Europe","Furniture","Mueble de Espa\u00f1a","Spain Furniture","Italy","ISaloni","Feria Mueble","FuoriSalone","Milan"],"articleSection":["noticias","Ferias"],"inLanguage":"ru-RU","potentialAction":[{"@type":"CommentAction","name":"Comment","target":["https:\/\/karibiandescanso.com\/pl\/salone-del-mobile-milano-2025\/#respond"]}]},{"@type":"WebPage","@id":"https:\/\/karibiandescanso.com\/pl\/salone-del-mobile-milano-2025\/","url":"https:\/\/karibiandescanso.com\/pl\/salone-del-mobile-milano-2025\/","name":"SALONE DEL MOBILE.MILANO 2025 - Karibian Descanso","isPartOf":{"@id":"https:\/\/karibiandescanso.com\/#website"},"primaryImageOfPage":{"@id":"https:\/\/karibiandescanso.com\/pl\/salone-del-mobile-milano-2025\/#primaryimage"},"image":{"@id":"https:\/\/karibiandescanso.com\/pl\/salone-del-mobile-milano-2025\/#primaryimage"},"thumbnailUrl":"https:\/\/karibiandescanso.com\/wp-content\/uploads\/2025\/04\/MILAN-PORTADA.jpg","datePublished":"2025-04-16T10:18:47+00:00","dateModified":"2025-04-16T10:50:58+00:00","author":{"@id":"https:\/\/karibiandescanso.com\/#\/schema\/person\/23be63b9b19bd8da8980c8eecdd69d30"},"breadcrumb":{"@id":"https:\/\/karibiandescanso.com\/pl\/salone-del-mobile-milano-2025\/#breadcrumb"},"inLanguage":"ru-RU","potentialAction":[{"@type":"ReadAction","target":["https:\/\/karibiandescanso.com\/pl\/salone-del-mobile-milano-2025\/"]}]},{"@type":"ImageObject","inLanguage":"ru-RU","@id":"https:\/\/karibiandescanso.com\/pl\/salone-del-mobile-milano-2025\/#primaryimage","url":"https:\/\/karibiandescanso.com\/wp-content\/uploads\/2025\/04\/MILAN-PORTADA.jpg","contentUrl":"https:\/\/karibiandescanso.com\/wp-content\/uploads\/2025\/04\/MILAN-PORTADA.jpg","width":1920,"height":1087},{"@type":"BreadcrumbList","@id":"https:\/\/karibiandescanso.com\/pl\/salone-del-mobile-milano-2025\/#breadcrumb","itemListElement":[{"@type":"ListItem","position":1,"name":"Portada","item":"https:\/\/karibiandescanso.com\/"},{"@type":"ListItem","position":2,"name":"SALONE DEL MOBILE.MILANO 2025"}]},{"@type":"WebSite","@id":"https:\/\/karibiandescanso.com\/#website","url":"https:\/\/karibiandescanso.com\/","name":"Karibian Descanso","description":"\u0433\u0434\u0435 \u043e\u0442\u0434\u044b\u0445","potentialAction":[{"@type":"SearchAction","target":{"@type":"EntryPoint","urlTemplate":"https:\/\/karibiandescanso.com\/?s={search_term_string}"},"query-input":{"@type":"PropertyValueSpecification","valueRequired":true,"valueName":"search_term_string"}}],"inLanguage":"ru-RU"},{"@type":"Person","@id":"https:\/\/karibiandescanso.com\/#\/schema\/person\/23be63b9b19bd8da8980c8eecdd69d30","name":"Karibian Descanso","image":{"@type":"ImageObject","inLanguage":"ru-RU","@id":"https:\/\/karibiandescanso.com\/#\/schema\/person\/image\/","url":"https:\/\/secure.gravatar.com\/avatar\/2f55039d31e0c8cf55d2c2b6e3bb49113343c35fd46d6d11806620d3c9641ba7?s=96&d=mm&r=g","contentUrl":"https:\/\/secure.gravatar.com\/avatar\/2f55039d31e0c8cf55d2c2b6e3bb49113343c35fd46d6d11806620d3c9641ba7?s=96&d=mm&r=g","caption":"Karibian Descanso"},"url":"https:\/\/karibiandescanso.com\/ru\/author\/karibian-descanso\/"}]}},"_links":{"self":[{"href":"https:\/\/karibiandescanso.com\/ru\/wp-json\/wp\/v2\/posts\/18130","targetHints":{"allow":["GET"]}}],"collection":[{"href":"https:\/\/karibiandescanso.com\/ru\/wp-json\/wp\/v2\/posts"}],"about":[{"href":"https:\/\/karibiandescanso.com\/ru\/wp-json\/wp\/v2\/types\/post"}],"author":[{"embeddable":true,"href":"https:\/\/karibiandescanso.com\/ru\/wp-json\/wp\/v2\/users\/2"}],"replies":[{"embeddable":true,"href":"https:\/\/karibiandescanso.com\/ru\/wp-json\/wp\/v2\/comments?post=18130"}],"version-history":[{"count":0,"href":"https:\/\/karibiandescanso.com\/ru\/wp-json\/wp\/v2\/posts\/18130\/revisions"}],"wp:featuredmedia":[{"embeddable":true,"href":"https:\/\/karibiandescanso.com\/ru\/wp-json\/wp\/v2\/media\/18141"}],"wp:attachment":[{"href":"https:\/\/karibiandescanso.com\/ru\/wp-json\/wp\/v2\/media?parent=18130"}],"wp:term":[{"taxonomy":"category","embeddable":true,"href":"https:\/\/karibiandescanso.com\/ru\/wp-json\/wp\/v2\/categories?post=18130"},{"taxonomy":"post_tag","embeddable":true,"href":"https:\/\/karibiandescanso.com\/ru\/wp-json\/wp\/v2\/tags?post=18130"}],"curies":[{"name":"wp","href":"https:\/\/api.w.org\/{rel}","templated":true}]}}